{"id":92439,"date":"2022-05-23T13:49:28","date_gmt":"2022-05-23T13:49:28","guid":{"rendered":"https:\/\/quehacerpolitico.mx\/?p=92439"},"modified":"2022-05-23T13:49:29","modified_gmt":"2022-05-23T13:49:29","slug":"internacionales-carolina-alonso-romei-un-tribunal-de-ucrania-impuso-la-cadena-perpetua-a-vadim-shishimarin-el-primer-soldado-ruso-juzgado-por-crimenes-de-guerra","status":"publish","type":"post","link":"https:\/\/quehacerpolitico.mx\/?p=92439","title":{"rendered":"Internacionales\/\/\/Carolina Alonso Romei\/\/\/Un tribunal de Ucrania impuso la cadena perpetua a Vadim Shishimarin, el primer soldado ruso juzgado por cr\u00edmenes de guerra"},"content":{"rendered":"\n<p>Por Carolina Alonso Romei<\/p>\n\n\n\n<p>Internacionalista <\/p>\n\n\n\n<p>Un tribunal de Ucrania impuso la cadena perpetua a Vadim Shishimarin, el primer soldado ruso juzgado por cr\u00edmenes de guerra, tras el asesinato de un civil<\/p>\n\n\n\n<p><strong>Vadim Shishimarin<\/strong>, el primer\u00a0<strong>soldado ruso<\/strong>\u00a0procesado en\u00a0<strong>Ucrania<\/strong>\u00a0por\u00a0<strong>cr\u00edmenes de guerra<\/strong>, fue condenado a\u00a0<strong>cadena perpetua<\/strong>\u00a0por el\u00a0<strong>asesinato<\/strong>\u00a0de un\u00a0<strong>civil<\/strong>\u00a0en la regi\u00f3n de Sumy, en el norte del pa\u00eds, informa el portal ucraniano\u00a0Ukrinform<\/p>\n\n\n\n<p>Shishimarin, de 21 a\u00f1os, se hab\u00eda\u00a0declarado culpable en la apertura de su juicio, la semana pasada, por la\u00a0<strong>muerte<\/strong>\u00a0de un\u00a0<strong>civil<\/strong>, desarmado y en bicicleta, que iba hablando por tel\u00e9fono. La muerte ocurri\u00f3 el pasado 28 de febrero, cuatro d\u00edas despu\u00e9s del inicio de la\u00a0invasi\u00f3n rusa<\/p>\n\n\n\n<figure class=\"wp-block-embed is-type-video is-provider-youtube wp-block-embed-youtube wp-embed-aspect-16-9 wp-has-aspect-ratio\"><div class=\"wp-block-embed__wrapper\">\n<iframe loading=\"lazy\" title=\"Condenado a cadena perpetua un soldado ruso acusado de cr\u00edmenes de guerra en Ucrania\" width=\"640\" height=\"360\" src=\"https:\/\/www.youtube.com\/embed\/RyPr30J63SE?feature=oembed\" frameborder=\"0\" allow=\"accelerometer; autoplay; clipboard-write; encrypted-media; gyroscope; picture-in-picture; web-share\" referrerpolicy=\"strict-origin-when-cross-origin\" allowfullscreen><\/iframe>\n<\/div><\/figure>\n\n\n\n<p>El Tribunal del Distrito de Solomianski, en Kiev, declar\u00f3&nbsp;<strong>culpable<\/strong>al procesado de acuerdo al art\u00edculo 438 del C\u00f3digo Penal de Ucrania, relativo al maltrato o muerte de prisioneros de guerra o civiles.<\/p>\n\n\n\n<p>Consider\u00f3, adem\u00e1s, que el soldado hab\u00eda incurrido en&nbsp;<strong>homicidio premeditado<\/strong>&nbsp;y le aplic\u00f3 la m\u00e1xima pena prevista para este cargo, la de cadena perpetua.<\/p>\n\n\n\n<p>El abogado hab\u00eda pedido para su defendido la libre absoluci\u00f3n y alegado una serie de atenuantes debidas a las circunstancias de la intervenci\u00f3n armada. Asegur\u00f3 que su defendido hab\u00eda actuado cumpliendo \u00f3rdenes, aunque admiti\u00f3 que estas implicaban incurrir en \u201cdelito\u201d.<\/p>\n\n\n\n<p>Seg\u00fan su relato de lo ocurrido, el&nbsp;<strong>soldado ruso dispar\u00f3<\/strong>&nbsp;sobre un&nbsp;<strong>civil<\/strong>&nbsp;tras recibir la orden de hacerlo, y bajo amenazas, de un superior.<\/p>\n\n\n\n<p>La fiscal\u00eda, por su parte, argument\u00f3 que el soldado actu\u00f3 en plena consciencia de sus actos y solicit\u00f3 para \u00e9l la m\u00e1xima pena prevista.<\/p>\n\n\n\n<p>El militar, comandante de la unidad 32010 de la cuarta divisi\u00f3n acorazada de la Guardia Kantemirovskaya de la regi\u00f3n de Mosc\u00fa, ofreci\u00f3 en el juicio una declaraci\u00f3n completa de lo ocurrido, incluido c\u00f3mo dispar\u00f3 a su v\u00edctima, un hombre de 62 a\u00f1os.<\/p>\n\n\n\n<p>La fiscal\u00eda argument\u00f3 en su imputaci\u00f3n que el procesado hab\u00eda matado a un hombre desarmado que iba en bicicleta por la carretera en la localidad de Chupajivka.<\/p>\n\n\n\n<p>Tras un ataque del Ej\u00e9rcito ucraniano, la columna de la que formaba parte el comandante se hab\u00eda desbandado y el acusado, en compa\u00f1\u00eda de otros cuatro soldados, se dio a la fuga en un veh\u00edculo civil confiscado.<\/p>\n\n\n\n<p>Al llegar a Chupajivka, se encontraron con la v\u00edctima, que iba hablando por tel\u00e9fono, y&nbsp;<strong>Shishimarin<\/strong>&nbsp;le&nbsp;<strong>dispar\u00f3<\/strong>&nbsp;a la&nbsp;<strong>cabeza<\/strong>&nbsp;con una&nbsp;<strong>ametralladora<\/strong>&nbsp;para evitar que los delatara con las tropas ucranianas, seg\u00fan la fiscal\u00eda.<\/p>\n\n\n\n<p>M\u00e1s tarde, el comandante fue capturado por las fuerzas de Kiev, y el pasado 4 de mayo el Servicio de Seguridad de Ucrania (SBU) public\u00f3 un video en el que confesaba haber disparado contra un civil.<\/p>\n\n\n\n<p>\u201cLo lamento. Lo lamento mucho. No me negu\u00e9 a cumplir la orden y estoy dispuesto a acatar la pena que se me imponga\u201d, hab\u00eda declarado el soldado durante el juicio.<\/p>\n\n\n\n<p>Afirm\u00f3 asimismo que primero se neg\u00f3 a disparar sobre el civil, pero luego termin\u00f3 acatando la orden. El grupo, integrado por cinco militares, tem\u00eda que el civil fuera a delatar su posici\u00f3n por tel\u00e9fono.<\/p>\n\n\n\n<p>Desde Mosc\u00fa se ha criticado que el militar no haya contado con la defensa de un abogado ruso.<\/p>\n\n\n\n<p>Tras escuchar la sentencia, el abogado de Shishimarin declar\u00f3 que presentar\u00e1 recurso contra la pena impuesta.<\/p>\n\n\n\n<p>Con informaci\u00f3n de EFE<\/p>\n","protected":false},"excerpt":{"rendered":"<p>Por Carolina Alonso Romei Internacionalista Un tribunal de Ucrania impuso la cadena perpetua a Vadim&#8230;<\/p>\n","protected":false},"author":2,"featured_media":92440,"comment_status":"open","ping_status":"open","sticky":false,"template":"","format":"standard","meta":{"_monsterinsights_skip_tracking":false,"_monsterinsights_sitenote_active":false,"_monsterinsights_sitenote_note":"","_monsterinsights_sitenote_category":0,"footnotes":""},"categories":[1],"tags":[],"class_list":["post-92439","post","type-post","status-publish","format-standard","has-post-thumbnail","hentry","category-sin-categoria"],"yoast_head":"<!-- This site is optimized with the Yoast SEO plugin v27.3 - https:\/\/yoast.com\/product\/yoast-seo-wordpress\/ -->\n<title>Internacionales\/\/\/Carolina Alonso Romei\/\/\/Un tribunal de Ucrania impuso la cadena perpetua a Vadim Shishimarin, el primer soldado ruso juzgado por cr\u00edmenes de guerra -<\/title>\n<meta name=\"robots\" content=\"index, follow, max-snippet:-1, max-image-preview:large, max-video-preview:-1\" \/>\n<link rel=\"canonical\" href=\"https:\/\/quehacerpolitico.mx\/?p=92439\" \/>\n<meta property=\"og:locale\" content=\"es_MX\" \/>\n<meta property=\"og:type\" content=\"article\" \/>\n<meta property=\"og:title\" content=\"Internacionales\/\/\/Carolina Alonso Romei\/\/\/Un tribunal de Ucrania impuso la cadena perpetua a Vadim Shishimarin, el primer soldado ruso juzgado por cr\u00edmenes de guerra -\" \/>\n<meta property=\"og:description\" content=\"Por Carolina Alonso Romei Internacionalista Un tribunal de Ucrania impuso la cadena perpetua a Vadim...\" \/>\n<meta property=\"og:url\" content=\"https:\/\/quehacerpolitico.mx\/?p=92439\" \/>\n<meta property=\"article:published_time\" content=\"2022-05-23T13:49:28+00:00\" \/>\n<meta property=\"article:modified_time\" content=\"2022-05-23T13:49:29+00:00\" \/>\n<meta property=\"og:image\" content=\"https:\/\/quehacerpolitico.mx\/wp-content\/uploads\/2022\/05\/3759672A-D87E-4FBE-A1E8-05CBBC3B0B1D.jpeg\" \/>\n\t<meta property=\"og:image:width\" content=\"739\" \/>\n\t<meta property=\"og:image:height\" content=\"415\" \/>\n\t<meta property=\"og:image:type\" content=\"image\/jpeg\" \/>\n<meta name=\"author\" content=\"Redacci\u00f3n QP\" \/>\n<meta name=\"twitter:card\" content=\"summary_large_image\" \/>\n<meta name=\"twitter:label1\" content=\"Escrito por\" \/>\n\t<meta name=\"twitter:data1\" content=\"Redacci\u00f3n QP\" \/>\n\t<meta name=\"twitter:label2\" content=\"Tiempo de lectura\" \/>\n\t<meta name=\"twitter:data2\" content=\"3 minutos\" \/>\n<script type=\"application\/ld+json\" class=\"yoast-schema-graph\">{\"@context\":\"https:\\\/\\\/schema.org\",\"@graph\":[{\"@type\":\"Article\",\"@id\":\"https:\\\/\\\/quehacerpolitico.mx\\\/?p=92439#article\",\"isPartOf\":{\"@id\":\"https:\\\/\\\/quehacerpolitico.mx\\\/?p=92439\"},\"author\":{\"name\":\"Redacci\u00f3n QP\",\"@id\":\"https:\\\/\\\/quehacerpolitico.mx\\\/#\\\/schema\\\/person\\\/496d8ad2d1d3f8036101dca7ee39e585\"},\"headline\":\"Internacionales\\\/\\\/\\\/Carolina Alonso Romei\\\/\\\/\\\/Un tribunal de Ucrania impuso la cadena perpetua a Vadim Shishimarin, el primer soldado ruso juzgado por cr\u00edmenes de guerra\",\"datePublished\":\"2022-05-23T13:49:28+00:00\",\"dateModified\":\"2022-05-23T13:49:29+00:00\",\"mainEntityOfPage\":{\"@id\":\"https:\\\/\\\/quehacerpolitico.mx\\\/?p=92439\"},\"wordCount\":629,\"commentCount\":0,\"image\":{\"@id\":\"https:\\\/\\\/quehacerpolitico.mx\\\/?p=92439#primaryimage\"},\"thumbnailUrl\":\"https:\\\/\\\/quehacerpolitico.mx\\\/wp-content\\\/uploads\\\/2022\\\/05\\\/3759672A-D87E-4FBE-A1E8-05CBBC3B0B1D.jpeg\",\"articleSection\":[\"Internacionales\"],\"inLanguage\":\"es\",\"potentialAction\":[{\"@type\":\"CommentAction\",\"name\":\"Comment\",\"target\":[\"https:\\\/\\\/quehacerpolitico.mx\\\/?p=92439#respond\"]}]},{\"@type\":\"WebPage\",\"@id\":\"https:\\\/\\\/quehacerpolitico.mx\\\/?p=92439\",\"url\":\"https:\\\/\\\/quehacerpolitico.mx\\\/?p=92439\",\"name\":\"Internacionales\\\/\\\/\\\/Carolina Alonso Romei\\\/\\\/\\\/Un tribunal de Ucrania impuso la cadena perpetua a Vadim Shishimarin, el primer soldado ruso juzgado por cr\u00edmenes de guerra -\",\"isPartOf\":{\"@id\":\"https:\\\/\\\/quehacerpolitico.mx\\\/#website\"},\"primaryImageOfPage\":{\"@id\":\"https:\\\/\\\/quehacerpolitico.mx\\\/?p=92439#primaryimage\"},\"image\":{\"@id\":\"https:\\\/\\\/quehacerpolitico.mx\\\/?p=92439#primaryimage\"},\"thumbnailUrl\":\"https:\\\/\\\/quehacerpolitico.mx\\\/wp-content\\\/uploads\\\/2022\\\/05\\\/3759672A-D87E-4FBE-A1E8-05CBBC3B0B1D.jpeg\",\"datePublished\":\"2022-05-23T13:49:28+00:00\",\"dateModified\":\"2022-05-23T13:49:29+00:00\",\"author\":{\"@id\":\"https:\\\/\\\/quehacerpolitico.mx\\\/#\\\/schema\\\/person\\\/496d8ad2d1d3f8036101dca7ee39e585\"},\"breadcrumb\":{\"@id\":\"https:\\\/\\\/quehacerpolitico.mx\\\/?p=92439#breadcrumb\"},\"inLanguage\":\"es\",\"potentialAction\":[{\"@type\":\"ReadAction\",\"target\":[\"https:\\\/\\\/quehacerpolitico.mx\\\/?p=92439\"]}]},{\"@type\":\"ImageObject\",\"inLanguage\":\"es\",\"@id\":\"https:\\\/\\\/quehacerpolitico.mx\\\/?p=92439#primaryimage\",\"url\":\"https:\\\/\\\/quehacerpolitico.mx\\\/wp-content\\\/uploads\\\/2022\\\/05\\\/3759672A-D87E-4FBE-A1E8-05CBBC3B0B1D.jpeg\",\"contentUrl\":\"https:\\\/\\\/quehacerpolitico.mx\\\/wp-content\\\/uploads\\\/2022\\\/05\\\/3759672A-D87E-4FBE-A1E8-05CBBC3B0B1D.jpeg\",\"width\":739,\"height\":415},{\"@type\":\"BreadcrumbList\",\"@id\":\"https:\\\/\\\/quehacerpolitico.mx\\\/?p=92439#breadcrumb\",\"itemListElement\":[{\"@type\":\"ListItem\",\"position\":1,\"name\":\"Inicio\",\"item\":\"https:\\\/\\\/quehacerpolitico.mx\\\/\"},{\"@type\":\"ListItem\",\"position\":2,\"name\":\"Internacionales\\\/\\\/\\\/Carolina Alonso Romei\\\/\\\/\\\/Un tribunal de Ucrania impuso la cadena perpetua a Vadim Shishimarin, el primer soldado ruso juzgado por cr\u00edmenes de guerra\"}]},{\"@type\":\"WebSite\",\"@id\":\"https:\\\/\\\/quehacerpolitico.mx\\\/#website\",\"url\":\"https:\\\/\\\/quehacerpolitico.mx\\\/\",\"name\":\"\",\"description\":\"\",\"potentialAction\":[{\"@type\":\"SearchAction\",\"target\":{\"@type\":\"EntryPoint\",\"urlTemplate\":\"https:\\\/\\\/quehacerpolitico.mx\\\/?s={search_term_string}\"},\"query-input\":{\"@type\":\"PropertyValueSpecification\",\"valueRequired\":true,\"valueName\":\"search_term_string\"}}],\"inLanguage\":\"es\"},{\"@type\":\"Person\",\"@id\":\"https:\\\/\\\/quehacerpolitico.mx\\\/#\\\/schema\\\/person\\\/496d8ad2d1d3f8036101dca7ee39e585\",\"name\":\"Redacci\u00f3n QP\",\"image\":{\"@type\":\"ImageObject\",\"inLanguage\":\"es\",\"@id\":\"https:\\\/\\\/secure.gravatar.com\\\/avatar\\\/c7164ed6fdec453195284ad24a5ae5b6e1eed2b848477fa2a4787ba9adf39a41?s=96&d=mm&r=g\",\"url\":\"https:\\\/\\\/secure.gravatar.com\\\/avatar\\\/c7164ed6fdec453195284ad24a5ae5b6e1eed2b848477fa2a4787ba9adf39a41?s=96&d=mm&r=g\",\"contentUrl\":\"https:\\\/\\\/secure.gravatar.com\\\/avatar\\\/c7164ed6fdec453195284ad24a5ae5b6e1eed2b848477fa2a4787ba9adf39a41?s=96&d=mm&r=g\",\"caption\":\"Redacci\u00f3n QP\"},\"url\":\"https:\\\/\\\/quehacerpolitico.mx\\\/?author=2\"}]}<\/script>\n<!-- \/ Yoast SEO plugin. -->","yoast_head_json":{"title":"Internacionales\/\/\/Carolina Alonso Romei\/\/\/Un tribunal de Ucrania impuso la cadena perpetua a Vadim Shishimarin, el primer soldado ruso juzgado por cr\u00edmenes de guerra -","robots":{"index":"index","follow":"follow","max-snippet":"max-snippet:-1","max-image-preview":"max-image-preview:large","max-video-preview":"max-video-preview:-1"},"canonical":"https:\/\/quehacerpolitico.mx\/?p=92439","og_locale":"es_MX","og_type":"article","og_title":"Internacionales\/\/\/Carolina Alonso Romei\/\/\/Un tribunal de Ucrania impuso la cadena perpetua a Vadim Shishimarin, el primer soldado ruso juzgado por cr\u00edmenes de guerra -","og_description":"Por Carolina Alonso Romei Internacionalista Un tribunal de Ucrania impuso la cadena perpetua a Vadim...","og_url":"https:\/\/quehacerpolitico.mx\/?p=92439","article_published_time":"2022-05-23T13:49:28+00:00","article_modified_time":"2022-05-23T13:49:29+00:00","og_image":[{"width":739,"height":415,"url":"https:\/\/quehacerpolitico.mx\/wp-content\/uploads\/2022\/05\/3759672A-D87E-4FBE-A1E8-05CBBC3B0B1D.jpeg","type":"image\/jpeg"}],"author":"Redacci\u00f3n QP","twitter_card":"summary_large_image","twitter_misc":{"Escrito por":"Redacci\u00f3n QP","Tiempo de lectura":"3 minutos"},"schema":{"@context":"https:\/\/schema.org","@graph":[{"@type":"Article","@id":"https:\/\/quehacerpolitico.mx\/?p=92439#article","isPartOf":{"@id":"https:\/\/quehacerpolitico.mx\/?p=92439"},"author":{"name":"Redacci\u00f3n QP","@id":"https:\/\/quehacerpolitico.mx\/#\/schema\/person\/496d8ad2d1d3f8036101dca7ee39e585"},"headline":"Internacionales\/\/\/Carolina Alonso Romei\/\/\/Un tribunal de Ucrania impuso la cadena perpetua a Vadim Shishimarin, el primer soldado ruso juzgado por cr\u00edmenes de guerra","datePublished":"2022-05-23T13:49:28+00:00","dateModified":"2022-05-23T13:49:29+00:00","mainEntityOfPage":{"@id":"https:\/\/quehacerpolitico.mx\/?p=92439"},"wordCount":629,"commentCount":0,"image":{"@id":"https:\/\/quehacerpolitico.mx\/?p=92439#primaryimage"},"thumbnailUrl":"https:\/\/quehacerpolitico.mx\/wp-content\/uploads\/2022\/05\/3759672A-D87E-4FBE-A1E8-05CBBC3B0B1D.jpeg","articleSection":["Internacionales"],"inLanguage":"es","potentialAction":[{"@type":"CommentAction","name":"Comment","target":["https:\/\/quehacerpolitico.mx\/?p=92439#respond"]}]},{"@type":"WebPage","@id":"https:\/\/quehacerpolitico.mx\/?p=92439","url":"https:\/\/quehacerpolitico.mx\/?p=92439","name":"Internacionales\/\/\/Carolina Alonso Romei\/\/\/Un tribunal de Ucrania impuso la cadena perpetua a Vadim Shishimarin, el primer soldado ruso juzgado por cr\u00edmenes de guerra -","isPartOf":{"@id":"https:\/\/quehacerpolitico.mx\/#website"},"primaryImageOfPage":{"@id":"https:\/\/quehacerpolitico.mx\/?p=92439#primaryimage"},"image":{"@id":"https:\/\/quehacerpolitico.mx\/?p=92439#primaryimage"},"thumbnailUrl":"https:\/\/quehacerpolitico.mx\/wp-content\/uploads\/2022\/05\/3759672A-D87E-4FBE-A1E8-05CBBC3B0B1D.jpeg","datePublished":"2022-05-23T13:49:28+00:00","dateModified":"2022-05-23T13:49:29+00:00","author":{"@id":"https:\/\/quehacerpolitico.mx\/#\/schema\/person\/496d8ad2d1d3f8036101dca7ee39e585"},"breadcrumb":{"@id":"https:\/\/quehacerpolitico.mx\/?p=92439#breadcrumb"},"inLanguage":"es","potentialAction":[{"@type":"ReadAction","target":["https:\/\/quehacerpolitico.mx\/?p=92439"]}]},{"@type":"ImageObject","inLanguage":"es","@id":"https:\/\/quehacerpolitico.mx\/?p=92439#primaryimage","url":"https:\/\/quehacerpolitico.mx\/wp-content\/uploads\/2022\/05\/3759672A-D87E-4FBE-A1E8-05CBBC3B0B1D.jpeg","contentUrl":"https:\/\/quehacerpolitico.mx\/wp-content\/uploads\/2022\/05\/3759672A-D87E-4FBE-A1E8-05CBBC3B0B1D.jpeg","width":739,"height":415},{"@type":"BreadcrumbList","@id":"https:\/\/quehacerpolitico.mx\/?p=92439#breadcrumb","itemListElement":[{"@type":"ListItem","position":1,"name":"Inicio","item":"https:\/\/quehacerpolitico.mx\/"},{"@type":"ListItem","position":2,"name":"Internacionales\/\/\/Carolina Alonso Romei\/\/\/Un tribunal de Ucrania impuso la cadena perpetua a Vadim Shishimarin, el primer soldado ruso juzgado por cr\u00edmenes de guerra"}]},{"@type":"WebSite","@id":"https:\/\/quehacerpolitico.mx\/#website","url":"https:\/\/quehacerpolitico.mx\/","name":"","description":"","potentialAction":[{"@type":"SearchAction","target":{"@type":"EntryPoint","urlTemplate":"https:\/\/quehacerpolitico.mx\/?s={search_term_string}"},"query-input":{"@type":"PropertyValueSpecification","valueRequired":true,"valueName":"search_term_string"}}],"inLanguage":"es"},{"@type":"Person","@id":"https:\/\/quehacerpolitico.mx\/#\/schema\/person\/496d8ad2d1d3f8036101dca7ee39e585","name":"Redacci\u00f3n QP","image":{"@type":"ImageObject","inLanguage":"es","@id":"https:\/\/secure.gravatar.com\/avatar\/c7164ed6fdec453195284ad24a5ae5b6e1eed2b848477fa2a4787ba9adf39a41?s=96&d=mm&r=g","url":"https:\/\/secure.gravatar.com\/avatar\/c7164ed6fdec453195284ad24a5ae5b6e1eed2b848477fa2a4787ba9adf39a41?s=96&d=mm&r=g","contentUrl":"https:\/\/secure.gravatar.com\/avatar\/c7164ed6fdec453195284ad24a5ae5b6e1eed2b848477fa2a4787ba9adf39a41?s=96&d=mm&r=g","caption":"Redacci\u00f3n QP"},"url":"https:\/\/quehacerpolitico.mx\/?author=2"}]}},"featured_image_urls":{"full":["https:\/\/quehacerpolitico.mx\/wp-content\/uploads\/2022\/05\/3759672A-D87E-4FBE-A1E8-05CBBC3B0B1D.jpeg",739,415,false],"thumbnail":["https:\/\/quehacerpolitico.mx\/wp-content\/uploads\/2022\/05\/3759672A-D87E-4FBE-A1E8-05CBBC3B0B1D-150x150.jpeg",150,150,true],"medium":["https:\/\/quehacerpolitico.mx\/wp-content\/uploads\/2022\/05\/3759672A-D87E-4FBE-A1E8-05CBBC3B0B1D-300x168.jpeg",300,168,true],"medium_large":["https:\/\/quehacerpolitico.mx\/wp-content\/uploads\/2022\/05\/3759672A-D87E-4FBE-A1E8-05CBBC3B0B1D.jpeg",640,359,false],"large":["https:\/\/quehacerpolitico.mx\/wp-content\/uploads\/2022\/05\/3759672A-D87E-4FBE-A1E8-05CBBC3B0B1D.jpeg",640,359,false],"1536x1536":["https:\/\/quehacerpolitico.mx\/wp-content\/uploads\/2022\/05\/3759672A-D87E-4FBE-A1E8-05CBBC3B0B1D.jpeg",739,415,false],"2048x2048":["https:\/\/quehacerpolitico.mx\/wp-content\/uploads\/2022\/05\/3759672A-D87E-4FBE-A1E8-05CBBC3B0B1D.jpeg",739,415,false],"covernews-featured":["https:\/\/quehacerpolitico.mx\/wp-content\/uploads\/2022\/05\/3759672A-D87E-4FBE-A1E8-05CBBC3B0B1D.jpeg",739,415,false],"covernews-medium":["https:\/\/quehacerpolitico.mx\/wp-content\/uploads\/2022\/05\/3759672A-D87E-4FBE-A1E8-05CBBC3B0B1D.jpeg",540,303,false]},"author_info":{"display_name":"Redacci\u00f3n QP","author_link":"https:\/\/quehacerpolitico.mx\/?author=2"},"category_info":"<a href=\"https:\/\/quehacerpolitico.mx\/?cat=1\" rel=\"category\">Internacionales<\/a>","tag_info":"Internacionales","comment_count":"0","_links":{"self":[{"href":"https:\/\/quehacerpolitico.mx\/index.php?rest_route=\/wp\/v2\/posts\/92439","targetHints":{"allow":["GET"]}}],"collection":[{"href":"https:\/\/quehacerpolitico.mx\/index.php?rest_route=\/wp\/v2\/posts"}],"about":[{"href":"https:\/\/quehacerpolitico.mx\/index.php?rest_route=\/wp\/v2\/types\/post"}],"author":[{"embeddable":true,"href":"https:\/\/quehacerpolitico.mx\/index.php?rest_route=\/wp\/v2\/users\/2"}],"replies":[{"embeddable":true,"href":"https:\/\/quehacerpolitico.mx\/index.php?rest_route=%2Fwp%2Fv2%2Fcomments&post=92439"}],"version-history":[{"count":1,"href":"https:\/\/quehacerpolitico.mx\/index.php?rest_route=\/wp\/v2\/posts\/92439\/revisions"}],"predecessor-version":[{"id":92441,"href":"https:\/\/quehacerpolitico.mx\/index.php?rest_route=\/wp\/v2\/posts\/92439\/revisions\/92441"}],"wp:featuredmedia":[{"embeddable":true,"href":"https:\/\/quehacerpolitico.mx\/index.php?rest_route=\/wp\/v2\/media\/92440"}],"wp:attachment":[{"href":"https:\/\/quehacerpolitico.mx\/index.php?rest_route=%2Fwp%2Fv2%2Fmedia&parent=92439"}],"wp:term":[{"taxonomy":"category","embeddable":true,"href":"https:\/\/quehacerpolitico.mx\/index.php?rest_route=%2Fwp%2Fv2%2Fcategories&post=92439"},{"taxonomy":"post_tag","embeddable":true,"href":"https:\/\/quehacerpolitico.mx\/index.php?rest_route=%2Fwp%2Fv2%2Ftags&post=92439"}],"curies":[{"name":"wp","href":"https:\/\/api.w.org\/{rel}","templated":true}]}}