{"id":92426,"date":"2022-05-22T01:28:45","date_gmt":"2022-05-22T01:28:45","guid":{"rendered":"https:\/\/quehacerpolitico.mx\/?p=92426"},"modified":"2022-05-22T01:28:48","modified_gmt":"2022-05-22T01:28:48","slug":"matan-a-la-activista-y-abogada-cecilia-monzon-en-puebla","status":"publish","type":"post","link":"https:\/\/quehacerpolitico.mx\/?p=92426","title":{"rendered":"Matan a la activista y abogada Cecilia Monz\u00f3n en Puebla\u00a0"},"content":{"rendered":"\n<p>Por Redacci\u00f3n QP<\/p>\n\n\n\n<p>Sujetos a bordo de moticicletas dispararon en varias ocasiones contra Cecilia Monz\u00f3n, quien circulaba en su camioneta<\/p>\n\n\n\n<p>La abogada y activista Cecilia Monz\u00f3n muri\u00f3 a tiros dentro de su camioneta cuando circulaba a la altura de Camino Real a Momoxpan y Perif\u00e9rico, en el municipio conurbado de San Pedro Cholula, Puebla.<\/p>\n\n\n\n<figure class=\"wp-block-image size-full\"><img loading=\"lazy\" decoding=\"async\" width=\"720\" height=\"720\" src=\"https:\/\/quehacerpolitico.mx\/wp-content\/uploads\/2022\/05\/image-48.jpeg\" alt=\"\" class=\"wp-image-92427\" srcset=\"https:\/\/quehacerpolitico.mx\/wp-content\/uploads\/2022\/05\/image-48.jpeg 720w, https:\/\/quehacerpolitico.mx\/wp-content\/uploads\/2022\/05\/image-48-300x300.jpeg 300w, https:\/\/quehacerpolitico.mx\/wp-content\/uploads\/2022\/05\/image-48-150x150.jpeg 150w, https:\/\/quehacerpolitico.mx\/wp-content\/uploads\/2022\/05\/image-48-146x146.jpeg 146w, https:\/\/quehacerpolitico.mx\/wp-content\/uploads\/2022\/05\/image-48-50x50.jpeg 50w, https:\/\/quehacerpolitico.mx\/wp-content\/uploads\/2022\/05\/image-48-75x75.jpeg 75w, https:\/\/quehacerpolitico.mx\/wp-content\/uploads\/2022\/05\/image-48-85x85.jpeg 85w, https:\/\/quehacerpolitico.mx\/wp-content\/uploads\/2022\/05\/image-48-80x80.jpeg 80w\" sizes=\"auto, (max-width: 720px) 100vw, 720px\" \/><\/figure>\n\n\n\n<p><strong>De acuerdo con las primeras versiones, se trat\u00f3 de un ataque directo,\u00a0<\/strong>ya que dos sujetos a bordo de una motocicleta la segu\u00edan desde que conduc\u00eda su camioneta tipo SUV sobre Perif\u00e9rico hasta que le dieron alcance en Camino Real. Los delincuentes accionaron sus armas y al menos tres disparos impactaron en la activista, quien muri\u00f3 al instante.<\/p>\n\n\n\n<p>Los hechos fueron confirmados por\u00a0<strong>Paola Ang\u00f3n<\/strong>, presidenta municipal de San Pedro Cholula, quien se\u00f1al\u00f3 que la autoridad local trabajar\u00e1 con la Fiscal\u00eda General de Justicia del Estado de Puebla \u201cy con las instancias que sean necesarias\u201d<\/p>\n\n\n\n<figure class=\"wp-block-embed is-type-rich is-provider-twitter wp-block-embed-twitter\"><div class=\"wp-block-embed__wrapper\">\n<blockquote class=\"twitter-tweet\" data-width=\"550\" data-dnt=\"true\"><p lang=\"es\" dir=\"ltr\">Condeno en\u00e9rgicamente el ataque artero que le arrebat\u00f3 la vida a Cecilia Monz\u00f3n. <br><br>Mi gobierno trabajar\u00e1 en estrecha coordinaci\u00f3n con la <a href=\"https:\/\/twitter.com\/FiscaliaPuebla?ref_src=twsrc%5Etfw\">@FiscaliaPuebla<\/a> y con las instancias que sean necesarias, para dar con los autores intelectuales y materiales de este atentado.<\/p>&mdash; Paola Angon (@Paola_Angon) <a href=\"https:\/\/twitter.com\/Paola_Angon\/status\/1528118407421378560?ref_src=twsrc%5Etfw\">May 21, 2022<\/a><\/blockquote><script async src=\"https:\/\/platform.twitter.com\/widgets.js\" charset=\"utf-8\"><\/script>\n<\/div><\/figure>\n\n\n\n<p>Elementos de la Secretar\u00eda de Seguridad Ciudadana del municipio de San Pedro Cholula acordonaron la zona, en tanto se dio aviso a personal de la Fiscal\u00eda General del Estado para que inicie las investigaciones correspondientes.<\/p>\n\n\n\n<p><strong>Cecilia Monz\u00f3n era muy conocida en el \u00e1mbito p\u00fablico por su actividad pol\u00edtica. F<\/strong>ue simpatizante del Partido Revolucionario Institucional (PRI) y tambi\u00e9n candidata a la presidencia municipal de San Pedro Cholula bajo las siglas del Verde Ecologista (PVEM).<\/p>\n\n\n\n<p>Posteriormente se desempe\u00f1\u00f3 como funcionaria p\u00fablica en la administraci\u00f3n del morenista Luis Alberto Arriaga a quien acus\u00f3 de violencia pol\u00edtica de g\u00e9nero.<\/p>\n\n\n\n<p>En los \u00faltimos a\u00f1os se concentr\u00f3 en la defensa de mujeres en situaciones de divorcio, demanda de pensiones alimenticias y v\u00edctimas de violencia. Sobre el hecho, la presidenta municipal de San Pedro Cholula, Paola Ang\u00f3n, conden\u00f3 el homicidio en redes sociales.<\/p>\n\n\n\n<p>La Secretar\u00eda de Seguridad Ciudadana de Cholula inform\u00f3 en redes sociales que motociclistas atacaron a Monz\u00f3n, quien se trasladaba en un veh\u00edculo marca Kia, color gris, con placas RDM-548-O del estado de Puebla.<\/p>\n\n\n\n<p>\u201cSeg\u00fan versiones, dos hombres en una moto la segu\u00edan desde Perif\u00e9rico. La\u00a0Fiscal\u00eda General del Estado de Puebla\u00a0investigar\u00e1 el ataque\u201d, se apunt\u00f3 en un comunicado difundido esta ma\u00f1ana.<\/p>\n\n\n\n<figure class=\"wp-block-embed is-type-rich is-provider-twitter wp-block-embed-twitter\"><div class=\"wp-block-embed__wrapper\">\n<blockquote class=\"twitter-tweet\" data-width=\"550\" data-dnt=\"true\"><p lang=\"es\" dir=\"ltr\"><a href=\"https:\/\/twitter.com\/hashtag\/AlMomento?src=hash&amp;ref_src=twsrc%5Etfw\">#AlMomento<\/a> | Por ataque directo en contra de una mujer en Camino Real a Momoxpan y Perif\u00e9rico, elementos de <a href=\"https:\/\/twitter.com\/SSC_Cholula?ref_src=twsrc%5Etfw\">@SSC_Cholula<\/a> acordonaron el lugar para asegurar los indicios.<br><br>Seg\u00fan versiones, 2 hombres en una moto la segu\u00edan desde Perif\u00e9rico. La <a href=\"https:\/\/twitter.com\/FiscaliaPuebla?ref_src=twsrc%5Etfw\">@FiscaliaPuebla<\/a> investigar\u00e1 el ataque. <a href=\"https:\/\/t.co\/J7vrSHwlZk\">pic.twitter.com\/J7vrSHwlZk<\/a><\/p>&mdash; Secretar\u00eda de Seguridad Ciudadana (@SSC_Cholula) <a href=\"https:\/\/twitter.com\/SSC_Cholula\/status\/1528048646377197568?ref_src=twsrc%5Etfw\">May 21, 2022<\/a><\/blockquote><script async src=\"https:\/\/platform.twitter.com\/widgets.js\" charset=\"utf-8\"><\/script>\n<\/div><\/figure>\n\n\n\n<p>Un d\u00eda antes de su asesinato, public\u00f3 en redes que acudi\u00f3 a la Fiscal\u00eda del Estado para preguntar por un caso personal que llevaba un mes sin ser judicializado.<\/p>\n\n\n\n<p>\u201cHoy estren\u00e9 mi pulserita, solo fue entrar a @FiscaliaPuebla de g\u00e9nero a preguntar por qu\u00e9 lleva un mes sin judicializarse \u201cmi carpeta m\u00eda de mi\u201d cuando ya cuenta con todos los elementos y que se me cae San Beni\u201d, escribi\u00f3.<\/p>\n\n\n\n<figure class=\"wp-block-embed is-type-rich is-provider-twitter wp-block-embed-twitter\"><div class=\"wp-block-embed__wrapper\">\n<blockquote class=\"twitter-tweet\" data-width=\"550\" data-dnt=\"true\"><p lang=\"es\" dir=\"ltr\">Hoy estren\u00e9 mi pulserita, solo fue entrar a <a href=\"https:\/\/twitter.com\/FiscaliaPuebla?ref_src=twsrc%5Etfw\">@FiscaliaPuebla<\/a> de g\u00e9nero a preguntar por qu\u00e9 lleva un mes sin judicializarse \u201cmi carpeta m\u00eda de mi\u201dcuando ya cuenta con todos los elementos y que se me cae San Beni <a href=\"https:\/\/t.co\/UT7Fq17GEW\">pic.twitter.com\/UT7Fq17GEW<\/a><\/p>&mdash; Cecilia Monz\u00f3n (@monzon_cecilia) <a href=\"https:\/\/twitter.com\/monzon_cecilia\/status\/1527749299991461888?ref_src=twsrc%5Etfw\">May 20, 2022<\/a><\/blockquote><script async src=\"https:\/\/platform.twitter.com\/widgets.js\" charset=\"utf-8\"><\/script>\n<\/div><\/figure>\n\n\n\n<p>Con informaci\u00f3n de SUN<\/p>\n","protected":false},"excerpt":{"rendered":"<p>Por Redacci\u00f3n QP Sujetos a bordo de moticicletas dispararon en varias ocasiones contra Cecilia Monz\u00f3n,&#8230;<\/p>\n","protected":false},"author":2,"featured_media":92428,"comment_status":"open","ping_status":"open","sticky":false,"template":"","format":"standard","meta":{"_monsterinsights_skip_tracking":false,"_monsterinsights_sitenote_active":false,"_monsterinsights_sitenote_note":"","_monsterinsights_sitenote_category":0,"footnotes":""},"categories":[2],"tags":[],"class_list":["post-92426","post","type-post","status-publish","format-standard","has-post-thumbnail","hentry","category-noticias"],"yoast_head":"<!-- This site is optimized with the Yoast SEO plugin v27.3 - https:\/\/yoast.com\/product\/yoast-seo-wordpress\/ -->\n<title>Matan a la activista y abogada Cecilia Monz\u00f3n en Puebla\u00a0 -<\/title>\n<meta name=\"robots\" content=\"index, follow, max-snippet:-1, max-image-preview:large, max-video-preview:-1\" \/>\n<link rel=\"canonical\" href=\"https:\/\/quehacerpolitico.mx\/?p=92426\" \/>\n<meta property=\"og:locale\" content=\"es_MX\" \/>\n<meta property=\"og:type\" content=\"article\" \/>\n<meta property=\"og:title\" content=\"Matan a la activista y abogada Cecilia Monz\u00f3n en Puebla\u00a0 -\" \/>\n<meta property=\"og:description\" content=\"Por Redacci\u00f3n QP Sujetos a bordo de moticicletas dispararon en varias ocasiones contra Cecilia Monz\u00f3n,...\" \/>\n<meta property=\"og:url\" content=\"https:\/\/quehacerpolitico.mx\/?p=92426\" \/>\n<meta property=\"article:published_time\" content=\"2022-05-22T01:28:45+00:00\" \/>\n<meta property=\"article:modified_time\" content=\"2022-05-22T01:28:48+00:00\" \/>\n<meta property=\"og:image\" content=\"https:\/\/quehacerpolitico.mx\/wp-content\/uploads\/2022\/05\/2C867ACD-BFBF-4930-A223-8E7CB0841FAC.webp\" \/>\n\t<meta property=\"og:image:width\" content=\"1920\" \/>\n\t<meta property=\"og:image:height\" content=\"1280\" \/>\n\t<meta property=\"og:image:type\" content=\"image\/webp\" \/>\n<meta name=\"author\" content=\"Redacci\u00f3n QP\" \/>\n<meta name=\"twitter:card\" content=\"summary_large_image\" \/>\n<meta name=\"twitter:label1\" content=\"Escrito por\" \/>\n\t<meta name=\"twitter:data1\" content=\"Redacci\u00f3n QP\" \/>\n\t<meta name=\"twitter:label2\" content=\"Tiempo de lectura\" \/>\n\t<meta name=\"twitter:data2\" content=\"2 minutos\" \/>\n<script type=\"application\/ld+json\" class=\"yoast-schema-graph\">{\"@context\":\"https:\\\/\\\/schema.org\",\"@graph\":[{\"@type\":\"Article\",\"@id\":\"https:\\\/\\\/quehacerpolitico.mx\\\/?p=92426#article\",\"isPartOf\":{\"@id\":\"https:\\\/\\\/quehacerpolitico.mx\\\/?p=92426\"},\"author\":{\"name\":\"Redacci\u00f3n QP\",\"@id\":\"https:\\\/\\\/quehacerpolitico.mx\\\/#\\\/schema\\\/person\\\/496d8ad2d1d3f8036101dca7ee39e585\"},\"headline\":\"Matan a la activista y abogada Cecilia Monz\u00f3n en Puebla\u00a0\",\"datePublished\":\"2022-05-22T01:28:45+00:00\",\"dateModified\":\"2022-05-22T01:28:48+00:00\",\"mainEntityOfPage\":{\"@id\":\"https:\\\/\\\/quehacerpolitico.mx\\\/?p=92426\"},\"wordCount\":503,\"commentCount\":0,\"image\":{\"@id\":\"https:\\\/\\\/quehacerpolitico.mx\\\/?p=92426#primaryimage\"},\"thumbnailUrl\":\"https:\\\/\\\/quehacerpolitico.mx\\\/wp-content\\\/uploads\\\/2022\\\/05\\\/2C867ACD-BFBF-4930-A223-8E7CB0841FAC.webp\",\"articleSection\":[\"Noticias\"],\"inLanguage\":\"es\",\"potentialAction\":[{\"@type\":\"CommentAction\",\"name\":\"Comment\",\"target\":[\"https:\\\/\\\/quehacerpolitico.mx\\\/?p=92426#respond\"]}]},{\"@type\":\"WebPage\",\"@id\":\"https:\\\/\\\/quehacerpolitico.mx\\\/?p=92426\",\"url\":\"https:\\\/\\\/quehacerpolitico.mx\\\/?p=92426\",\"name\":\"Matan a la activista y abogada Cecilia Monz\u00f3n en Puebla\u00a0 -\",\"isPartOf\":{\"@id\":\"https:\\\/\\\/quehacerpolitico.mx\\\/#website\"},\"primaryImageOfPage\":{\"@id\":\"https:\\\/\\\/quehacerpolitico.mx\\\/?p=92426#primaryimage\"},\"image\":{\"@id\":\"https:\\\/\\\/quehacerpolitico.mx\\\/?p=92426#primaryimage\"},\"thumbnailUrl\":\"https:\\\/\\\/quehacerpolitico.mx\\\/wp-content\\\/uploads\\\/2022\\\/05\\\/2C867ACD-BFBF-4930-A223-8E7CB0841FAC.webp\",\"datePublished\":\"2022-05-22T01:28:45+00:00\",\"dateModified\":\"2022-05-22T01:28:48+00:00\",\"author\":{\"@id\":\"https:\\\/\\\/quehacerpolitico.mx\\\/#\\\/schema\\\/person\\\/496d8ad2d1d3f8036101dca7ee39e585\"},\"breadcrumb\":{\"@id\":\"https:\\\/\\\/quehacerpolitico.mx\\\/?p=92426#breadcrumb\"},\"inLanguage\":\"es\",\"potentialAction\":[{\"@type\":\"ReadAction\",\"target\":[\"https:\\\/\\\/quehacerpolitico.mx\\\/?p=92426\"]}]},{\"@type\":\"ImageObject\",\"inLanguage\":\"es\",\"@id\":\"https:\\\/\\\/quehacerpolitico.mx\\\/?p=92426#primaryimage\",\"url\":\"https:\\\/\\\/quehacerpolitico.mx\\\/wp-content\\\/uploads\\\/2022\\\/05\\\/2C867ACD-BFBF-4930-A223-8E7CB0841FAC.webp\",\"contentUrl\":\"https:\\\/\\\/quehacerpolitico.mx\\\/wp-content\\\/uploads\\\/2022\\\/05\\\/2C867ACD-BFBF-4930-A223-8E7CB0841FAC.webp\",\"width\":1920,\"height\":1280},{\"@type\":\"BreadcrumbList\",\"@id\":\"https:\\\/\\\/quehacerpolitico.mx\\\/?p=92426#breadcrumb\",\"itemListElement\":[{\"@type\":\"ListItem\",\"position\":1,\"name\":\"Inicio\",\"item\":\"https:\\\/\\\/quehacerpolitico.mx\\\/\"},{\"@type\":\"ListItem\",\"position\":2,\"name\":\"Matan a la activista y abogada Cecilia Monz\u00f3n en Puebla\u00a0\"}]},{\"@type\":\"WebSite\",\"@id\":\"https:\\\/\\\/quehacerpolitico.mx\\\/#website\",\"url\":\"https:\\\/\\\/quehacerpolitico.mx\\\/\",\"name\":\"\",\"description\":\"\",\"potentialAction\":[{\"@type\":\"SearchAction\",\"target\":{\"@type\":\"EntryPoint\",\"urlTemplate\":\"https:\\\/\\\/quehacerpolitico.mx\\\/?s={search_term_string}\"},\"query-input\":{\"@type\":\"PropertyValueSpecification\",\"valueRequired\":true,\"valueName\":\"search_term_string\"}}],\"inLanguage\":\"es\"},{\"@type\":\"Person\",\"@id\":\"https:\\\/\\\/quehacerpolitico.mx\\\/#\\\/schema\\\/person\\\/496d8ad2d1d3f8036101dca7ee39e585\",\"name\":\"Redacci\u00f3n QP\",\"image\":{\"@type\":\"ImageObject\",\"inLanguage\":\"es\",\"@id\":\"https:\\\/\\\/secure.gravatar.com\\\/avatar\\\/c7164ed6fdec453195284ad24a5ae5b6e1eed2b848477fa2a4787ba9adf39a41?s=96&d=mm&r=g\",\"url\":\"https:\\\/\\\/secure.gravatar.com\\\/avatar\\\/c7164ed6fdec453195284ad24a5ae5b6e1eed2b848477fa2a4787ba9adf39a41?s=96&d=mm&r=g\",\"contentUrl\":\"https:\\\/\\\/secure.gravatar.com\\\/avatar\\\/c7164ed6fdec453195284ad24a5ae5b6e1eed2b848477fa2a4787ba9adf39a41?s=96&d=mm&r=g\",\"caption\":\"Redacci\u00f3n QP\"},\"url\":\"https:\\\/\\\/quehacerpolitico.mx\\\/?author=2\"}]}<\/script>\n<!-- \/ Yoast SEO plugin. -->","yoast_head_json":{"title":"Matan a la activista y abogada Cecilia Monz\u00f3n en Puebla\u00a0 -","robots":{"index":"index","follow":"follow","max-snippet":"max-snippet:-1","max-image-preview":"max-image-preview:large","max-video-preview":"max-video-preview:-1"},"canonical":"https:\/\/quehacerpolitico.mx\/?p=92426","og_locale":"es_MX","og_type":"article","og_title":"Matan a la activista y abogada Cecilia Monz\u00f3n en Puebla\u00a0 -","og_description":"Por Redacci\u00f3n QP Sujetos a bordo de moticicletas dispararon en varias ocasiones contra Cecilia Monz\u00f3n,...","og_url":"https:\/\/quehacerpolitico.mx\/?p=92426","article_published_time":"2022-05-22T01:28:45+00:00","article_modified_time":"2022-05-22T01:28:48+00:00","og_image":[{"width":1920,"height":1280,"url":"https:\/\/quehacerpolitico.mx\/wp-content\/uploads\/2022\/05\/2C867ACD-BFBF-4930-A223-8E7CB0841FAC.webp","type":"image\/webp"}],"author":"Redacci\u00f3n QP","twitter_card":"summary_large_image","twitter_misc":{"Escrito por":"Redacci\u00f3n QP","Tiempo de lectura":"2 minutos"},"schema":{"@context":"https:\/\/schema.org","@graph":[{"@type":"Article","@id":"https:\/\/quehacerpolitico.mx\/?p=92426#article","isPartOf":{"@id":"https:\/\/quehacerpolitico.mx\/?p=92426"},"author":{"name":"Redacci\u00f3n QP","@id":"https:\/\/quehacerpolitico.mx\/#\/schema\/person\/496d8ad2d1d3f8036101dca7ee39e585"},"headline":"Matan a la activista y abogada Cecilia Monz\u00f3n en Puebla\u00a0","datePublished":"2022-05-22T01:28:45+00:00","dateModified":"2022-05-22T01:28:48+00:00","mainEntityOfPage":{"@id":"https:\/\/quehacerpolitico.mx\/?p=92426"},"wordCount":503,"commentCount":0,"image":{"@id":"https:\/\/quehacerpolitico.mx\/?p=92426#primaryimage"},"thumbnailUrl":"https:\/\/quehacerpolitico.mx\/wp-content\/uploads\/2022\/05\/2C867ACD-BFBF-4930-A223-8E7CB0841FAC.webp","articleSection":["Noticias"],"inLanguage":"es","potentialAction":[{"@type":"CommentAction","name":"Comment","target":["https:\/\/quehacerpolitico.mx\/?p=92426#respond"]}]},{"@type":"WebPage","@id":"https:\/\/quehacerpolitico.mx\/?p=92426","url":"https:\/\/quehacerpolitico.mx\/?p=92426","name":"Matan a la activista y abogada Cecilia Monz\u00f3n en Puebla\u00a0 -","isPartOf":{"@id":"https:\/\/quehacerpolitico.mx\/#website"},"primaryImageOfPage":{"@id":"https:\/\/quehacerpolitico.mx\/?p=92426#primaryimage"},"image":{"@id":"https:\/\/quehacerpolitico.mx\/?p=92426#primaryimage"},"thumbnailUrl":"https:\/\/quehacerpolitico.mx\/wp-content\/uploads\/2022\/05\/2C867ACD-BFBF-4930-A223-8E7CB0841FAC.webp","datePublished":"2022-05-22T01:28:45+00:00","dateModified":"2022-05-22T01:28:48+00:00","author":{"@id":"https:\/\/quehacerpolitico.mx\/#\/schema\/person\/496d8ad2d1d3f8036101dca7ee39e585"},"breadcrumb":{"@id":"https:\/\/quehacerpolitico.mx\/?p=92426#breadcrumb"},"inLanguage":"es","potentialAction":[{"@type":"ReadAction","target":["https:\/\/quehacerpolitico.mx\/?p=92426"]}]},{"@type":"ImageObject","inLanguage":"es","@id":"https:\/\/quehacerpolitico.mx\/?p=92426#primaryimage","url":"https:\/\/quehacerpolitico.mx\/wp-content\/uploads\/2022\/05\/2C867ACD-BFBF-4930-A223-8E7CB0841FAC.webp","contentUrl":"https:\/\/quehacerpolitico.mx\/wp-content\/uploads\/2022\/05\/2C867ACD-BFBF-4930-A223-8E7CB0841FAC.webp","width":1920,"height":1280},{"@type":"BreadcrumbList","@id":"https:\/\/quehacerpolitico.mx\/?p=92426#breadcrumb","itemListElement":[{"@type":"ListItem","position":1,"name":"Inicio","item":"https:\/\/quehacerpolitico.mx\/"},{"@type":"ListItem","position":2,"name":"Matan a la activista y abogada Cecilia Monz\u00f3n en Puebla\u00a0"}]},{"@type":"WebSite","@id":"https:\/\/quehacerpolitico.mx\/#website","url":"https:\/\/quehacerpolitico.mx\/","name":"","description":"","potentialAction":[{"@type":"SearchAction","target":{"@type":"EntryPoint","urlTemplate":"https:\/\/quehacerpolitico.mx\/?s={search_term_string}"},"query-input":{"@type":"PropertyValueSpecification","valueRequired":true,"valueName":"search_term_string"}}],"inLanguage":"es"},{"@type":"Person","@id":"https:\/\/quehacerpolitico.mx\/#\/schema\/person\/496d8ad2d1d3f8036101dca7ee39e585","name":"Redacci\u00f3n QP","image":{"@type":"ImageObject","inLanguage":"es","@id":"https:\/\/secure.gravatar.com\/avatar\/c7164ed6fdec453195284ad24a5ae5b6e1eed2b848477fa2a4787ba9adf39a41?s=96&d=mm&r=g","url":"https:\/\/secure.gravatar.com\/avatar\/c7164ed6fdec453195284ad24a5ae5b6e1eed2b848477fa2a4787ba9adf39a41?s=96&d=mm&r=g","contentUrl":"https:\/\/secure.gravatar.com\/avatar\/c7164ed6fdec453195284ad24a5ae5b6e1eed2b848477fa2a4787ba9adf39a41?s=96&d=mm&r=g","caption":"Redacci\u00f3n QP"},"url":"https:\/\/quehacerpolitico.mx\/?author=2"}]}},"featured_image_urls":{"full":["https:\/\/quehacerpolitico.mx\/wp-content\/uploads\/2022\/05\/2C867ACD-BFBF-4930-A223-8E7CB0841FAC.webp",1920,1280,false],"thumbnail":["https:\/\/quehacerpolitico.mx\/wp-content\/uploads\/2022\/05\/2C867ACD-BFBF-4930-A223-8E7CB0841FAC-150x150.webp",150,150,true],"medium":["https:\/\/quehacerpolitico.mx\/wp-content\/uploads\/2022\/05\/2C867ACD-BFBF-4930-A223-8E7CB0841FAC-300x200.webp",300,200,true],"medium_large":["https:\/\/quehacerpolitico.mx\/wp-content\/uploads\/2022\/05\/2C867ACD-BFBF-4930-A223-8E7CB0841FAC-768x512.webp",640,427,true],"large":["https:\/\/quehacerpolitico.mx\/wp-content\/uploads\/2022\/05\/2C867ACD-BFBF-4930-A223-8E7CB0841FAC-1024x683.webp",640,427,true],"1536x1536":["https:\/\/quehacerpolitico.mx\/wp-content\/uploads\/2022\/05\/2C867ACD-BFBF-4930-A223-8E7CB0841FAC-1536x1024.webp",1536,1024,true],"2048x2048":["https:\/\/quehacerpolitico.mx\/wp-content\/uploads\/2022\/05\/2C867ACD-BFBF-4930-A223-8E7CB0841FAC.webp",1920,1280,false],"covernews-featured":["https:\/\/quehacerpolitico.mx\/wp-content\/uploads\/2022\/05\/2C867ACD-BFBF-4930-A223-8E7CB0841FAC.webp",1024,683,false],"covernews-medium":["https:\/\/quehacerpolitico.mx\/wp-content\/uploads\/2022\/05\/2C867ACD-BFBF-4930-A223-8E7CB0841FAC.webp",510,340,false]},"author_info":{"display_name":"Redacci\u00f3n QP","author_link":"https:\/\/quehacerpolitico.mx\/?author=2"},"category_info":"<a href=\"https:\/\/quehacerpolitico.mx\/?cat=2\" rel=\"category\">Noticias<\/a>","tag_info":"Noticias","comment_count":"0","_links":{"self":[{"href":"https:\/\/quehacerpolitico.mx\/index.php?rest_route=\/wp\/v2\/posts\/92426","targetHints":{"allow":["GET"]}}],"collection":[{"href":"https:\/\/quehacerpolitico.mx\/index.php?rest_route=\/wp\/v2\/posts"}],"about":[{"href":"https:\/\/quehacerpolitico.mx\/index.php?rest_route=\/wp\/v2\/types\/post"}],"author":[{"embeddable":true,"href":"https:\/\/quehacerpolitico.mx\/index.php?rest_route=\/wp\/v2\/users\/2"}],"replies":[{"embeddable":true,"href":"https:\/\/quehacerpolitico.mx\/index.php?rest_route=%2Fwp%2Fv2%2Fcomments&post=92426"}],"version-history":[{"count":1,"href":"https:\/\/quehacerpolitico.mx\/index.php?rest_route=\/wp\/v2\/posts\/92426\/revisions"}],"predecessor-version":[{"id":92429,"href":"https:\/\/quehacerpolitico.mx\/index.php?rest_route=\/wp\/v2\/posts\/92426\/revisions\/92429"}],"wp:featuredmedia":[{"embeddable":true,"href":"https:\/\/quehacerpolitico.mx\/index.php?rest_route=\/wp\/v2\/media\/92428"}],"wp:attachment":[{"href":"https:\/\/quehacerpolitico.mx\/index.php?rest_route=%2Fwp%2Fv2%2Fmedia&parent=92426"}],"wp:term":[{"taxonomy":"category","embeddable":true,"href":"https:\/\/quehacerpolitico.mx\/index.php?rest_route=%2Fwp%2Fv2%2Fcategories&post=92426"},{"taxonomy":"post_tag","embeddable":true,"href":"https:\/\/quehacerpolitico.mx\/index.php?rest_route=%2Fwp%2Fv2%2Ftags&post=92426"}],"curies":[{"name":"wp","href":"https:\/\/api.w.org\/{rel}","templated":true}]}}