{"id":92423,"date":"2022-05-21T23:25:12","date_gmt":"2022-05-21T23:25:12","guid":{"rendered":"https:\/\/quehacerpolitico.mx\/?p=92423"},"modified":"2022-05-21T23:25:15","modified_gmt":"2022-05-21T23:25:15","slug":"alumnas-hallan-camaras-ocultas-en-banos-de-colegio-en-monterrey-video","status":"publish","type":"post","link":"https:\/\/quehacerpolitico.mx\/?p=92423","title":{"rendered":"Alumnas hallan c\u00e1maras ocultas en ba\u00f1os de colegio en Monterrey (VIDEO)\u00a0"},"content":{"rendered":"\n<p>Por Redacci\u00f3n QP<\/p>\n\n\n\n<p>En el video se escucha c\u00f3mo padres de familia le reclaman al hombre por colocar c\u00e1maras dentro de los ba\u00f1os<\/p>\n\n\n\n<p>Alumnas y padres de familia acusaron al due\u00f1o de un colegio&nbsp;<strong>en la colonia Las Brisas<\/strong>, en Monterrey, de presuntamente haber instalado c\u00e1maras ocultas en los ba\u00f1os de mujeres de la instituci\u00f3n.<\/p>\n\n\n\n<p>De acuerdo con dos videos del usuario de Twitter @zenky345,\u00a0<strong>se escucha c\u00f3mo padres de familia le reclaman al hombre por colocar c\u00e1maras dentro de los ba\u00f1os<\/strong>.<\/p>\n\n\n\n<figure class=\"wp-block-embed is-type-rich is-provider-twitter wp-block-embed-twitter\"><div class=\"wp-block-embed__wrapper\">\nhttps:\/\/twitter.com\/zenky345\/status\/1527817019621376000?s=20&#038;t=eJPuV1hDsBaW_QbfgceyhQ\n<\/div><\/figure>\n\n\n\n<figure class=\"wp-block-embed is-type-rich is-provider-twitter wp-block-embed-twitter\"><div class=\"wp-block-embed__wrapper\">\nhttps:\/\/twitter.com\/zenky345\/status\/1527817644321124353?s=21&#038;t=fj7BmpDCx5M6hdbkPv_v0Q\n<\/div><\/figure>\n\n\n\n<p>Las c\u00e1maras\u00a0<strong>fueron descubiertas por las alumnas de secundaria y primaria<\/strong>\u00a0del colegio Las Brisas, ubicado sobre la calle Puerto Marina 4409, al sur de Monterrey, quienes se encontraban disfrutando de un convivio con motivo del D\u00eda del Estudiante.<\/p>\n\n\n\n<p><strong>Las j\u00f3venes notificaron sobre el hallazgo a sus padres, mediante mensajes de WhatsApp<\/strong>, por lo que estos acudieron al colegio durante la tarde del pasado viernes.<\/p>\n\n\n\n<h2 class=\"wp-block-heading\"><strong>Detienen a due\u00f1o de colegio<\/strong><\/h2>\n\n\n\n<p>Acusado de pornograf\u00eda infantil por colocar c\u00e1maras de video en el interior de los ba\u00f1os para ni\u00f1as,\u00a0<strong>fue detenido el due\u00f1o del colegio privado Instituto Las Brisas, Jorge &#8220;C&#8221;<\/strong>, quien luego de ser descubierto en su acci\u00f3n, fue encarado por los padres de familia que lo denunciaron ante las autoridades y fue detenido en flagrancia por elementos de Fuerza Civil.<\/p>\n\n\n\n<p><strong>El sujeto fue puesto a disposici\u00f3n del Ministerio P\u00fablico por su probable responsabilidad en el delito de pornograf\u00eda infantil<\/strong>, y actualmente permanece detenido dentro del t\u00e9rmino constitucional para que se determine su situaci\u00f3n jur\u00eddica, informaron fuentes de la Fiscal\u00eda General de Justicia.<\/p>\n\n\n\n<p>Jorge &#8220;C&#8221; coment\u00f3 a padres de familia que<strong>&nbsp;era &#8220;por razones de seguridad&#8221; que se hab\u00edan colocado c\u00e1maras &#8220;<\/strong>por todas partes&#8221;, con las que se grababa todo el tiempo lo que pasaba en los salones y otras sitios de la escuela.<\/p>\n\n\n\n<p>Argument\u00f3 que &#8220;todos tenemos c\u00e1maras&#8221; de vigilancia y en cuanto a las que hab\u00eda en el interior de los ba\u00f1os,\u00a0<strong>se\u00f1al\u00f3 que no pasaba nada, pues bastaba con &#8220;resetear&#8221; para borrar todo.<\/strong><\/p>\n\n\n\n<p>Con informaci\u00f3n de SUN<\/p>\n","protected":false},"excerpt":{"rendered":"<p>Por Redacci\u00f3n QP En el video se escucha c\u00f3mo padres de familia le reclaman al&#8230;<\/p>\n","protected":false},"author":2,"featured_media":92424,"comment_status":"open","ping_status":"open","sticky":false,"template":"","format":"standard","meta":{"_monsterinsights_skip_tracking":false,"_monsterinsights_sitenote_active":false,"_monsterinsights_sitenote_note":"","_monsterinsights_sitenote_category":0,"footnotes":""},"categories":[2],"tags":[],"class_list":["post-92423","post","type-post","status-publish","format-standard","has-post-thumbnail","hentry","category-noticias"],"yoast_head":"<!-- This site is optimized with the Yoast SEO plugin v27.3 - https:\/\/yoast.com\/product\/yoast-seo-wordpress\/ -->\n<title>Alumnas hallan c\u00e1maras ocultas en ba\u00f1os de colegio en Monterrey (VIDEO)\u00a0 -<\/title>\n<meta name=\"robots\" content=\"index, follow, max-snippet:-1, max-image-preview:large, max-video-preview:-1\" \/>\n<link rel=\"canonical\" href=\"https:\/\/quehacerpolitico.mx\/?p=92423\" \/>\n<meta property=\"og:locale\" content=\"es_MX\" \/>\n<meta property=\"og:type\" content=\"article\" \/>\n<meta property=\"og:title\" content=\"Alumnas hallan c\u00e1maras ocultas en ba\u00f1os de colegio en Monterrey (VIDEO)\u00a0 -\" \/>\n<meta property=\"og:description\" content=\"Por Redacci\u00f3n QP En el video se escucha c\u00f3mo padres de familia le reclaman al...\" \/>\n<meta property=\"og:url\" content=\"https:\/\/quehacerpolitico.mx\/?p=92423\" \/>\n<meta property=\"article:published_time\" content=\"2022-05-21T23:25:12+00:00\" \/>\n<meta property=\"article:modified_time\" content=\"2022-05-21T23:25:15+00:00\" \/>\n<meta property=\"og:image\" content=\"https:\/\/quehacerpolitico.mx\/wp-content\/uploads\/2022\/05\/B8A3C989-53CC-4516-A11D-440FC8515530.jpeg\" \/>\n\t<meta property=\"og:image:width\" content=\"780\" \/>\n\t<meta property=\"og:image:height\" content=\"561\" \/>\n\t<meta property=\"og:image:type\" content=\"image\/jpeg\" \/>\n<meta name=\"author\" content=\"Redacci\u00f3n QP\" \/>\n<meta name=\"twitter:card\" content=\"summary_large_image\" \/>\n<meta name=\"twitter:label1\" content=\"Escrito por\" \/>\n\t<meta name=\"twitter:data1\" content=\"Redacci\u00f3n QP\" \/>\n\t<meta name=\"twitter:label2\" content=\"Tiempo de lectura\" \/>\n\t<meta name=\"twitter:data2\" content=\"2 minutos\" \/>\n<script type=\"application\/ld+json\" class=\"yoast-schema-graph\">{\"@context\":\"https:\\\/\\\/schema.org\",\"@graph\":[{\"@type\":\"Article\",\"@id\":\"https:\\\/\\\/quehacerpolitico.mx\\\/?p=92423#article\",\"isPartOf\":{\"@id\":\"https:\\\/\\\/quehacerpolitico.mx\\\/?p=92423\"},\"author\":{\"name\":\"Redacci\u00f3n QP\",\"@id\":\"https:\\\/\\\/quehacerpolitico.mx\\\/#\\\/schema\\\/person\\\/496d8ad2d1d3f8036101dca7ee39e585\"},\"headline\":\"Alumnas hallan c\u00e1maras ocultas en ba\u00f1os de colegio en Monterrey (VIDEO)\u00a0\",\"datePublished\":\"2022-05-21T23:25:12+00:00\",\"dateModified\":\"2022-05-21T23:25:15+00:00\",\"mainEntityOfPage\":{\"@id\":\"https:\\\/\\\/quehacerpolitico.mx\\\/?p=92423\"},\"wordCount\":405,\"commentCount\":0,\"image\":{\"@id\":\"https:\\\/\\\/quehacerpolitico.mx\\\/?p=92423#primaryimage\"},\"thumbnailUrl\":\"https:\\\/\\\/quehacerpolitico.mx\\\/wp-content\\\/uploads\\\/2022\\\/05\\\/B8A3C989-53CC-4516-A11D-440FC8515530.jpeg\",\"articleSection\":[\"Noticias\"],\"inLanguage\":\"es\",\"potentialAction\":[{\"@type\":\"CommentAction\",\"name\":\"Comment\",\"target\":[\"https:\\\/\\\/quehacerpolitico.mx\\\/?p=92423#respond\"]}]},{\"@type\":\"WebPage\",\"@id\":\"https:\\\/\\\/quehacerpolitico.mx\\\/?p=92423\",\"url\":\"https:\\\/\\\/quehacerpolitico.mx\\\/?p=92423\",\"name\":\"Alumnas hallan c\u00e1maras ocultas en ba\u00f1os de colegio en Monterrey (VIDEO)\u00a0 -\",\"isPartOf\":{\"@id\":\"https:\\\/\\\/quehacerpolitico.mx\\\/#website\"},\"primaryImageOfPage\":{\"@id\":\"https:\\\/\\\/quehacerpolitico.mx\\\/?p=92423#primaryimage\"},\"image\":{\"@id\":\"https:\\\/\\\/quehacerpolitico.mx\\\/?p=92423#primaryimage\"},\"thumbnailUrl\":\"https:\\\/\\\/quehacerpolitico.mx\\\/wp-content\\\/uploads\\\/2022\\\/05\\\/B8A3C989-53CC-4516-A11D-440FC8515530.jpeg\",\"datePublished\":\"2022-05-21T23:25:12+00:00\",\"dateModified\":\"2022-05-21T23:25:15+00:00\",\"author\":{\"@id\":\"https:\\\/\\\/quehacerpolitico.mx\\\/#\\\/schema\\\/person\\\/496d8ad2d1d3f8036101dca7ee39e585\"},\"breadcrumb\":{\"@id\":\"https:\\\/\\\/quehacerpolitico.mx\\\/?p=92423#breadcrumb\"},\"inLanguage\":\"es\",\"potentialAction\":[{\"@type\":\"ReadAction\",\"target\":[\"https:\\\/\\\/quehacerpolitico.mx\\\/?p=92423\"]}]},{\"@type\":\"ImageObject\",\"inLanguage\":\"es\",\"@id\":\"https:\\\/\\\/quehacerpolitico.mx\\\/?p=92423#primaryimage\",\"url\":\"https:\\\/\\\/quehacerpolitico.mx\\\/wp-content\\\/uploads\\\/2022\\\/05\\\/B8A3C989-53CC-4516-A11D-440FC8515530.jpeg\",\"contentUrl\":\"https:\\\/\\\/quehacerpolitico.mx\\\/wp-content\\\/uploads\\\/2022\\\/05\\\/B8A3C989-53CC-4516-A11D-440FC8515530.jpeg\",\"width\":780,\"height\":561},{\"@type\":\"BreadcrumbList\",\"@id\":\"https:\\\/\\\/quehacerpolitico.mx\\\/?p=92423#breadcrumb\",\"itemListElement\":[{\"@type\":\"ListItem\",\"position\":1,\"name\":\"Inicio\",\"item\":\"https:\\\/\\\/quehacerpolitico.mx\\\/\"},{\"@type\":\"ListItem\",\"position\":2,\"name\":\"Alumnas hallan c\u00e1maras ocultas en ba\u00f1os de colegio en Monterrey (VIDEO)\u00a0\"}]},{\"@type\":\"WebSite\",\"@id\":\"https:\\\/\\\/quehacerpolitico.mx\\\/#website\",\"url\":\"https:\\\/\\\/quehacerpolitico.mx\\\/\",\"name\":\"\",\"description\":\"\",\"potentialAction\":[{\"@type\":\"SearchAction\",\"target\":{\"@type\":\"EntryPoint\",\"urlTemplate\":\"https:\\\/\\\/quehacerpolitico.mx\\\/?s={search_term_string}\"},\"query-input\":{\"@type\":\"PropertyValueSpecification\",\"valueRequired\":true,\"valueName\":\"search_term_string\"}}],\"inLanguage\":\"es\"},{\"@type\":\"Person\",\"@id\":\"https:\\\/\\\/quehacerpolitico.mx\\\/#\\\/schema\\\/person\\\/496d8ad2d1d3f8036101dca7ee39e585\",\"name\":\"Redacci\u00f3n QP\",\"image\":{\"@type\":\"ImageObject\",\"inLanguage\":\"es\",\"@id\":\"https:\\\/\\\/secure.gravatar.com\\\/avatar\\\/c7164ed6fdec453195284ad24a5ae5b6e1eed2b848477fa2a4787ba9adf39a41?s=96&d=mm&r=g\",\"url\":\"https:\\\/\\\/secure.gravatar.com\\\/avatar\\\/c7164ed6fdec453195284ad24a5ae5b6e1eed2b848477fa2a4787ba9adf39a41?s=96&d=mm&r=g\",\"contentUrl\":\"https:\\\/\\\/secure.gravatar.com\\\/avatar\\\/c7164ed6fdec453195284ad24a5ae5b6e1eed2b848477fa2a4787ba9adf39a41?s=96&d=mm&r=g\",\"caption\":\"Redacci\u00f3n QP\"},\"url\":\"https:\\\/\\\/quehacerpolitico.mx\\\/?author=2\"}]}<\/script>\n<!-- \/ Yoast SEO plugin. -->","yoast_head_json":{"title":"Alumnas hallan c\u00e1maras ocultas en ba\u00f1os de colegio en Monterrey (VIDEO)\u00a0 -","robots":{"index":"index","follow":"follow","max-snippet":"max-snippet:-1","max-image-preview":"max-image-preview:large","max-video-preview":"max-video-preview:-1"},"canonical":"https:\/\/quehacerpolitico.mx\/?p=92423","og_locale":"es_MX","og_type":"article","og_title":"Alumnas hallan c\u00e1maras ocultas en ba\u00f1os de colegio en Monterrey (VIDEO)\u00a0 -","og_description":"Por Redacci\u00f3n QP En el video se escucha c\u00f3mo padres de familia le reclaman al...","og_url":"https:\/\/quehacerpolitico.mx\/?p=92423","article_published_time":"2022-05-21T23:25:12+00:00","article_modified_time":"2022-05-21T23:25:15+00:00","og_image":[{"width":780,"height":561,"url":"https:\/\/quehacerpolitico.mx\/wp-content\/uploads\/2022\/05\/B8A3C989-53CC-4516-A11D-440FC8515530.jpeg","type":"image\/jpeg"}],"author":"Redacci\u00f3n QP","twitter_card":"summary_large_image","twitter_misc":{"Escrito por":"Redacci\u00f3n QP","Tiempo de lectura":"2 minutos"},"schema":{"@context":"https:\/\/schema.org","@graph":[{"@type":"Article","@id":"https:\/\/quehacerpolitico.mx\/?p=92423#article","isPartOf":{"@id":"https:\/\/quehacerpolitico.mx\/?p=92423"},"author":{"name":"Redacci\u00f3n QP","@id":"https:\/\/quehacerpolitico.mx\/#\/schema\/person\/496d8ad2d1d3f8036101dca7ee39e585"},"headline":"Alumnas hallan c\u00e1maras ocultas en ba\u00f1os de colegio en Monterrey (VIDEO)\u00a0","datePublished":"2022-05-21T23:25:12+00:00","dateModified":"2022-05-21T23:25:15+00:00","mainEntityOfPage":{"@id":"https:\/\/quehacerpolitico.mx\/?p=92423"},"wordCount":405,"commentCount":0,"image":{"@id":"https:\/\/quehacerpolitico.mx\/?p=92423#primaryimage"},"thumbnailUrl":"https:\/\/quehacerpolitico.mx\/wp-content\/uploads\/2022\/05\/B8A3C989-53CC-4516-A11D-440FC8515530.jpeg","articleSection":["Noticias"],"inLanguage":"es","potentialAction":[{"@type":"CommentAction","name":"Comment","target":["https:\/\/quehacerpolitico.mx\/?p=92423#respond"]}]},{"@type":"WebPage","@id":"https:\/\/quehacerpolitico.mx\/?p=92423","url":"https:\/\/quehacerpolitico.mx\/?p=92423","name":"Alumnas hallan c\u00e1maras ocultas en ba\u00f1os de colegio en Monterrey (VIDEO)\u00a0 -","isPartOf":{"@id":"https:\/\/quehacerpolitico.mx\/#website"},"primaryImageOfPage":{"@id":"https:\/\/quehacerpolitico.mx\/?p=92423#primaryimage"},"image":{"@id":"https:\/\/quehacerpolitico.mx\/?p=92423#primaryimage"},"thumbnailUrl":"https:\/\/quehacerpolitico.mx\/wp-content\/uploads\/2022\/05\/B8A3C989-53CC-4516-A11D-440FC8515530.jpeg","datePublished":"2022-05-21T23:25:12+00:00","dateModified":"2022-05-21T23:25:15+00:00","author":{"@id":"https:\/\/quehacerpolitico.mx\/#\/schema\/person\/496d8ad2d1d3f8036101dca7ee39e585"},"breadcrumb":{"@id":"https:\/\/quehacerpolitico.mx\/?p=92423#breadcrumb"},"inLanguage":"es","potentialAction":[{"@type":"ReadAction","target":["https:\/\/quehacerpolitico.mx\/?p=92423"]}]},{"@type":"ImageObject","inLanguage":"es","@id":"https:\/\/quehacerpolitico.mx\/?p=92423#primaryimage","url":"https:\/\/quehacerpolitico.mx\/wp-content\/uploads\/2022\/05\/B8A3C989-53CC-4516-A11D-440FC8515530.jpeg","contentUrl":"https:\/\/quehacerpolitico.mx\/wp-content\/uploads\/2022\/05\/B8A3C989-53CC-4516-A11D-440FC8515530.jpeg","width":780,"height":561},{"@type":"BreadcrumbList","@id":"https:\/\/quehacerpolitico.mx\/?p=92423#breadcrumb","itemListElement":[{"@type":"ListItem","position":1,"name":"Inicio","item":"https:\/\/quehacerpolitico.mx\/"},{"@type":"ListItem","position":2,"name":"Alumnas hallan c\u00e1maras ocultas en ba\u00f1os de colegio en Monterrey (VIDEO)\u00a0"}]},{"@type":"WebSite","@id":"https:\/\/quehacerpolitico.mx\/#website","url":"https:\/\/quehacerpolitico.mx\/","name":"","description":"","potentialAction":[{"@type":"SearchAction","target":{"@type":"EntryPoint","urlTemplate":"https:\/\/quehacerpolitico.mx\/?s={search_term_string}"},"query-input":{"@type":"PropertyValueSpecification","valueRequired":true,"valueName":"search_term_string"}}],"inLanguage":"es"},{"@type":"Person","@id":"https:\/\/quehacerpolitico.mx\/#\/schema\/person\/496d8ad2d1d3f8036101dca7ee39e585","name":"Redacci\u00f3n QP","image":{"@type":"ImageObject","inLanguage":"es","@id":"https:\/\/secure.gravatar.com\/avatar\/c7164ed6fdec453195284ad24a5ae5b6e1eed2b848477fa2a4787ba9adf39a41?s=96&d=mm&r=g","url":"https:\/\/secure.gravatar.com\/avatar\/c7164ed6fdec453195284ad24a5ae5b6e1eed2b848477fa2a4787ba9adf39a41?s=96&d=mm&r=g","contentUrl":"https:\/\/secure.gravatar.com\/avatar\/c7164ed6fdec453195284ad24a5ae5b6e1eed2b848477fa2a4787ba9adf39a41?s=96&d=mm&r=g","caption":"Redacci\u00f3n QP"},"url":"https:\/\/quehacerpolitico.mx\/?author=2"}]}},"featured_image_urls":{"full":["https:\/\/quehacerpolitico.mx\/wp-content\/uploads\/2022\/05\/B8A3C989-53CC-4516-A11D-440FC8515530.jpeg",780,561,false],"thumbnail":["https:\/\/quehacerpolitico.mx\/wp-content\/uploads\/2022\/05\/B8A3C989-53CC-4516-A11D-440FC8515530-150x150.jpeg",150,150,true],"medium":["https:\/\/quehacerpolitico.mx\/wp-content\/uploads\/2022\/05\/B8A3C989-53CC-4516-A11D-440FC8515530-300x216.jpeg",300,216,true],"medium_large":["https:\/\/quehacerpolitico.mx\/wp-content\/uploads\/2022\/05\/B8A3C989-53CC-4516-A11D-440FC8515530-768x552.jpeg",640,460,true],"large":["https:\/\/quehacerpolitico.mx\/wp-content\/uploads\/2022\/05\/B8A3C989-53CC-4516-A11D-440FC8515530.jpeg",640,460,false],"1536x1536":["https:\/\/quehacerpolitico.mx\/wp-content\/uploads\/2022\/05\/B8A3C989-53CC-4516-A11D-440FC8515530.jpeg",780,561,false],"2048x2048":["https:\/\/quehacerpolitico.mx\/wp-content\/uploads\/2022\/05\/B8A3C989-53CC-4516-A11D-440FC8515530.jpeg",780,561,false],"covernews-featured":["https:\/\/quehacerpolitico.mx\/wp-content\/uploads\/2022\/05\/B8A3C989-53CC-4516-A11D-440FC8515530.jpeg",780,561,false],"covernews-medium":["https:\/\/quehacerpolitico.mx\/wp-content\/uploads\/2022\/05\/B8A3C989-53CC-4516-A11D-440FC8515530.jpeg",473,340,false]},"author_info":{"display_name":"Redacci\u00f3n QP","author_link":"https:\/\/quehacerpolitico.mx\/?author=2"},"category_info":"<a href=\"https:\/\/quehacerpolitico.mx\/?cat=2\" rel=\"category\">Noticias<\/a>","tag_info":"Noticias","comment_count":"0","_links":{"self":[{"href":"https:\/\/quehacerpolitico.mx\/index.php?rest_route=\/wp\/v2\/posts\/92423","targetHints":{"allow":["GET"]}}],"collection":[{"href":"https:\/\/quehacerpolitico.mx\/index.php?rest_route=\/wp\/v2\/posts"}],"about":[{"href":"https:\/\/quehacerpolitico.mx\/index.php?rest_route=\/wp\/v2\/types\/post"}],"author":[{"embeddable":true,"href":"https:\/\/quehacerpolitico.mx\/index.php?rest_route=\/wp\/v2\/users\/2"}],"replies":[{"embeddable":true,"href":"https:\/\/quehacerpolitico.mx\/index.php?rest_route=%2Fwp%2Fv2%2Fcomments&post=92423"}],"version-history":[{"count":1,"href":"https:\/\/quehacerpolitico.mx\/index.php?rest_route=\/wp\/v2\/posts\/92423\/revisions"}],"predecessor-version":[{"id":92425,"href":"https:\/\/quehacerpolitico.mx\/index.php?rest_route=\/wp\/v2\/posts\/92423\/revisions\/92425"}],"wp:featuredmedia":[{"embeddable":true,"href":"https:\/\/quehacerpolitico.mx\/index.php?rest_route=\/wp\/v2\/media\/92424"}],"wp:attachment":[{"href":"https:\/\/quehacerpolitico.mx\/index.php?rest_route=%2Fwp%2Fv2%2Fmedia&parent=92423"}],"wp:term":[{"taxonomy":"category","embeddable":true,"href":"https:\/\/quehacerpolitico.mx\/index.php?rest_route=%2Fwp%2Fv2%2Fcategories&post=92423"},{"taxonomy":"post_tag","embeddable":true,"href":"https:\/\/quehacerpolitico.mx\/index.php?rest_route=%2Fwp%2Fv2%2Ftags&post=92423"}],"curies":[{"name":"wp","href":"https:\/\/api.w.org\/{rel}","templated":true}]}}