{"id":92417,"date":"2022-05-21T22:46:47","date_gmt":"2022-05-21T22:46:47","guid":{"rendered":"https:\/\/quehacerpolitico.mx\/?p=92417"},"modified":"2022-05-21T22:46:50","modified_gmt":"2022-05-21T22:46:50","slug":"internacionales-carolina-alonso-romei-casa-blanca-critica-pero-acata-fallo-que-mantiene-politica-de-deportaciones","status":"publish","type":"post","link":"https:\/\/quehacerpolitico.mx\/?p=92417","title":{"rendered":"Internacionales\/\/\/Carolina Alonso Romei\/\/\/Casa Blanca critica pero acata fallo que mantiene pol\u00edtica de deportaciones"},"content":{"rendered":"\n<p>Por Carolina Alonso Romei<\/p>\n\n\n\n<p>Internacionalista <\/p>\n\n\n\n<p>La portavoz de Biden afirm\u00f3 que, a la espera de que se resuelva la apelaci\u00f3n del Departamento de Justicia, el gobierno sigue &#8220;planificando&#8221; el levantamiento del T\u00edtulo 42<\/p>\n\n\n\n<p>La Casa Blanca critic\u00f3 pero acat\u00f3 este viernes el fallo de un juez que obliga a mantener el T\u00edtulo 42, la pol\u00edtica utilizada por Estados Unidos para expulsar a los migrantes indocumentados con el pretexto de la pandemia de la covid-19.<\/p>\n\n\n\n<figure class=\"wp-block-embed is-type-video is-provider-youtube wp-block-embed-youtube wp-embed-aspect-16-9 wp-has-aspect-ratio\"><div class=\"wp-block-embed__wrapper\">\n<iframe loading=\"lazy\" title=\"Juez decide que deportaci\u00f3n expr\u00e9s por T\u00edtulo 42 debe mantenerse en la frontera de EU con M\u00e9xico\" width=\"640\" height=\"360\" src=\"https:\/\/www.youtube.com\/embed\/xWHK8GLOq0I?feature=oembed\" frameborder=\"0\" allow=\"accelerometer; autoplay; clipboard-write; encrypted-media; gyroscope; picture-in-picture; web-share\" referrerpolicy=\"strict-origin-when-cross-origin\" allowfullscreen><\/iframe>\n<\/div><\/figure>\n\n\n\n<p>La Administraci\u00f3n no est\u00e1 de acuerdo con el fallo y el Departamento de Justicia ha anunciado que apelar\u00e1 esta decisi\u00f3n\u00bb, expres\u00f3 en un comunicado la portavoz de la Casa Blanca, Karine Jean-Pierre.<\/p>\n\n\n\n<p>La secretaria de Prensa reivindic\u00f3 adem\u00e1s que la pol\u00edtica sanitaria deben decidirla los Centros para el Control y Prevenci\u00f3n de Enfermedades (CDC) en lugar de un juez.<\/p>\n\n\n\n<p>No obstante, afirm\u00f3 que el gobierno de Joe Biden acatar\u00e1 el fallo mientras no se resuelve la apelaci\u00f3n, por lo que \u00ablos inmigrantes que intenten ingresar ilegalmente a los Estados Unidos estar\u00e1n sujetos a expulsi\u00f3n seg\u00fan el T\u00edtulo 42<\/p>\n\n\n\n<p>El T\u00edtulo 42 es una medida de deportaci\u00f3n r\u00e1pida de indocumentados, amparada en la pandemia, que impusieron los CDC en 2020, durante el mandato de Donald Trump (2017-2021), y que permaneci\u00f3 en vigor bajo la Administraci\u00f3n de Biden.<\/p>\n\n\n\n<p>Esa medida implica que Estados Unidos deporta autom\u00e1ticamente a la mayor\u00eda de los migrantes indocumentados que llegan a su frontera sur, sin darles la oportunidad de solicitar asilo.<\/p>\n\n\n\n<p>A principios del mes pasado, los CDC anunciaron que el 23 de mayo levantar\u00edan esa norma al no existir un riesgo sanitario en la frontera, pero Robert Summerhays, juez de Luisiana, suspendi\u00f3 este viernes la decisi\u00f3n en respuesta a una demanda de varios estados gobernados por republicanos.<\/p>\n\n\n\n<p>La portavoz de Biden afirm\u00f3 que, a la espera de que se resuelva la apelaci\u00f3n del Departamento de Justicia, el gobierno sigue planificando el levantamiento del T\u00edtulo 42.<\/p>\n\n\n\n<p>Explic\u00f3 que el plan consiste en utilizar en su lugar el proceso de deportaci\u00f3n del T\u00edtulo 8, que obliga a las autoridades a trasladar a los indocumentados a centros de detenci\u00f3n donde pueden pedir asilo antes de ser expulsados.<\/p>\n\n\n\n<p>El Titulo 42 ha sido muy criticado por organizaciones defensoras de derechos humanos, mientras que los republicanos pronostican un aumento de cruces fronterizos si se levanta.<\/p>\n\n\n\n<p>Con informaci\u00f3n de EFE<\/p>\n","protected":false},"excerpt":{"rendered":"<p>Por Carolina Alonso Romei Internacionalista La portavoz de Biden afirm\u00f3 que, a la espera de&#8230;<\/p>\n","protected":false},"author":2,"featured_media":92418,"comment_status":"open","ping_status":"open","sticky":false,"template":"","format":"standard","meta":{"_monsterinsights_skip_tracking":false,"_monsterinsights_sitenote_active":false,"_monsterinsights_sitenote_note":"","_monsterinsights_sitenote_category":0,"footnotes":""},"categories":[1],"tags":[],"class_list":["post-92417","post","type-post","status-publish","format-standard","has-post-thumbnail","hentry","category-sin-categoria"],"yoast_head":"<!-- This site is optimized with the Yoast SEO plugin v27.3 - https:\/\/yoast.com\/product\/yoast-seo-wordpress\/ -->\n<title>Internacionales\/\/\/Carolina Alonso Romei\/\/\/Casa Blanca critica pero acata fallo que mantiene pol\u00edtica de deportaciones -<\/title>\n<meta name=\"robots\" content=\"index, follow, max-snippet:-1, max-image-preview:large, max-video-preview:-1\" \/>\n<link rel=\"canonical\" href=\"https:\/\/quehacerpolitico.mx\/?p=92417\" \/>\n<meta property=\"og:locale\" content=\"es_MX\" \/>\n<meta property=\"og:type\" content=\"article\" \/>\n<meta property=\"og:title\" content=\"Internacionales\/\/\/Carolina Alonso Romei\/\/\/Casa Blanca critica pero acata fallo que mantiene pol\u00edtica de deportaciones -\" \/>\n<meta property=\"og:description\" content=\"Por Carolina Alonso Romei Internacionalista La portavoz de Biden afirm\u00f3 que, a la espera de...\" \/>\n<meta property=\"og:url\" content=\"https:\/\/quehacerpolitico.mx\/?p=92417\" \/>\n<meta property=\"article:published_time\" content=\"2022-05-21T22:46:47+00:00\" \/>\n<meta property=\"article:modified_time\" content=\"2022-05-21T22:46:50+00:00\" \/>\n<meta property=\"og:image\" content=\"https:\/\/quehacerpolitico.mx\/wp-content\/uploads\/2022\/05\/66704732-FEBB-47B1-99A5-0E3A31AE7810.jpeg\" \/>\n\t<meta property=\"og:image:width\" content=\"1113\" \/>\n\t<meta property=\"og:image:height\" content=\"709\" \/>\n\t<meta property=\"og:image:type\" content=\"image\/jpeg\" \/>\n<meta name=\"author\" content=\"Redacci\u00f3n QP\" \/>\n<meta name=\"twitter:card\" content=\"summary_large_image\" \/>\n<meta name=\"twitter:label1\" content=\"Escrito por\" \/>\n\t<meta name=\"twitter:data1\" content=\"Redacci\u00f3n QP\" \/>\n\t<meta name=\"twitter:label2\" content=\"Tiempo de lectura\" \/>\n\t<meta name=\"twitter:data2\" content=\"2 minutos\" \/>\n<script type=\"application\/ld+json\" class=\"yoast-schema-graph\">{\"@context\":\"https:\\\/\\\/schema.org\",\"@graph\":[{\"@type\":\"Article\",\"@id\":\"https:\\\/\\\/quehacerpolitico.mx\\\/?p=92417#article\",\"isPartOf\":{\"@id\":\"https:\\\/\\\/quehacerpolitico.mx\\\/?p=92417\"},\"author\":{\"name\":\"Redacci\u00f3n QP\",\"@id\":\"https:\\\/\\\/quehacerpolitico.mx\\\/#\\\/schema\\\/person\\\/496d8ad2d1d3f8036101dca7ee39e585\"},\"headline\":\"Internacionales\\\/\\\/\\\/Carolina Alonso Romei\\\/\\\/\\\/Casa Blanca critica pero acata fallo que mantiene pol\u00edtica de deportaciones\",\"datePublished\":\"2022-05-21T22:46:47+00:00\",\"dateModified\":\"2022-05-21T22:46:50+00:00\",\"mainEntityOfPage\":{\"@id\":\"https:\\\/\\\/quehacerpolitico.mx\\\/?p=92417\"},\"wordCount\":423,\"commentCount\":0,\"image\":{\"@id\":\"https:\\\/\\\/quehacerpolitico.mx\\\/?p=92417#primaryimage\"},\"thumbnailUrl\":\"https:\\\/\\\/quehacerpolitico.mx\\\/wp-content\\\/uploads\\\/2022\\\/05\\\/66704732-FEBB-47B1-99A5-0E3A31AE7810.jpeg\",\"articleSection\":[\"Internacionales\"],\"inLanguage\":\"es\",\"potentialAction\":[{\"@type\":\"CommentAction\",\"name\":\"Comment\",\"target\":[\"https:\\\/\\\/quehacerpolitico.mx\\\/?p=92417#respond\"]}]},{\"@type\":\"WebPage\",\"@id\":\"https:\\\/\\\/quehacerpolitico.mx\\\/?p=92417\",\"url\":\"https:\\\/\\\/quehacerpolitico.mx\\\/?p=92417\",\"name\":\"Internacionales\\\/\\\/\\\/Carolina Alonso Romei\\\/\\\/\\\/Casa Blanca critica pero acata fallo que mantiene pol\u00edtica de deportaciones -\",\"isPartOf\":{\"@id\":\"https:\\\/\\\/quehacerpolitico.mx\\\/#website\"},\"primaryImageOfPage\":{\"@id\":\"https:\\\/\\\/quehacerpolitico.mx\\\/?p=92417#primaryimage\"},\"image\":{\"@id\":\"https:\\\/\\\/quehacerpolitico.mx\\\/?p=92417#primaryimage\"},\"thumbnailUrl\":\"https:\\\/\\\/quehacerpolitico.mx\\\/wp-content\\\/uploads\\\/2022\\\/05\\\/66704732-FEBB-47B1-99A5-0E3A31AE7810.jpeg\",\"datePublished\":\"2022-05-21T22:46:47+00:00\",\"dateModified\":\"2022-05-21T22:46:50+00:00\",\"author\":{\"@id\":\"https:\\\/\\\/quehacerpolitico.mx\\\/#\\\/schema\\\/person\\\/496d8ad2d1d3f8036101dca7ee39e585\"},\"breadcrumb\":{\"@id\":\"https:\\\/\\\/quehacerpolitico.mx\\\/?p=92417#breadcrumb\"},\"inLanguage\":\"es\",\"potentialAction\":[{\"@type\":\"ReadAction\",\"target\":[\"https:\\\/\\\/quehacerpolitico.mx\\\/?p=92417\"]}]},{\"@type\":\"ImageObject\",\"inLanguage\":\"es\",\"@id\":\"https:\\\/\\\/quehacerpolitico.mx\\\/?p=92417#primaryimage\",\"url\":\"https:\\\/\\\/quehacerpolitico.mx\\\/wp-content\\\/uploads\\\/2022\\\/05\\\/66704732-FEBB-47B1-99A5-0E3A31AE7810.jpeg\",\"contentUrl\":\"https:\\\/\\\/quehacerpolitico.mx\\\/wp-content\\\/uploads\\\/2022\\\/05\\\/66704732-FEBB-47B1-99A5-0E3A31AE7810.jpeg\",\"width\":1113,\"height\":709},{\"@type\":\"BreadcrumbList\",\"@id\":\"https:\\\/\\\/quehacerpolitico.mx\\\/?p=92417#breadcrumb\",\"itemListElement\":[{\"@type\":\"ListItem\",\"position\":1,\"name\":\"Inicio\",\"item\":\"https:\\\/\\\/quehacerpolitico.mx\\\/\"},{\"@type\":\"ListItem\",\"position\":2,\"name\":\"Internacionales\\\/\\\/\\\/Carolina Alonso Romei\\\/\\\/\\\/Casa Blanca critica pero acata fallo que mantiene pol\u00edtica de deportaciones\"}]},{\"@type\":\"WebSite\",\"@id\":\"https:\\\/\\\/quehacerpolitico.mx\\\/#website\",\"url\":\"https:\\\/\\\/quehacerpolitico.mx\\\/\",\"name\":\"\",\"description\":\"\",\"potentialAction\":[{\"@type\":\"SearchAction\",\"target\":{\"@type\":\"EntryPoint\",\"urlTemplate\":\"https:\\\/\\\/quehacerpolitico.mx\\\/?s={search_term_string}\"},\"query-input\":{\"@type\":\"PropertyValueSpecification\",\"valueRequired\":true,\"valueName\":\"search_term_string\"}}],\"inLanguage\":\"es\"},{\"@type\":\"Person\",\"@id\":\"https:\\\/\\\/quehacerpolitico.mx\\\/#\\\/schema\\\/person\\\/496d8ad2d1d3f8036101dca7ee39e585\",\"name\":\"Redacci\u00f3n QP\",\"image\":{\"@type\":\"ImageObject\",\"inLanguage\":\"es\",\"@id\":\"https:\\\/\\\/secure.gravatar.com\\\/avatar\\\/c7164ed6fdec453195284ad24a5ae5b6e1eed2b848477fa2a4787ba9adf39a41?s=96&d=mm&r=g\",\"url\":\"https:\\\/\\\/secure.gravatar.com\\\/avatar\\\/c7164ed6fdec453195284ad24a5ae5b6e1eed2b848477fa2a4787ba9adf39a41?s=96&d=mm&r=g\",\"contentUrl\":\"https:\\\/\\\/secure.gravatar.com\\\/avatar\\\/c7164ed6fdec453195284ad24a5ae5b6e1eed2b848477fa2a4787ba9adf39a41?s=96&d=mm&r=g\",\"caption\":\"Redacci\u00f3n QP\"},\"url\":\"https:\\\/\\\/quehacerpolitico.mx\\\/?author=2\"}]}<\/script>\n<!-- \/ Yoast SEO plugin. -->","yoast_head_json":{"title":"Internacionales\/\/\/Carolina Alonso Romei\/\/\/Casa Blanca critica pero acata fallo que mantiene pol\u00edtica de deportaciones -","robots":{"index":"index","follow":"follow","max-snippet":"max-snippet:-1","max-image-preview":"max-image-preview:large","max-video-preview":"max-video-preview:-1"},"canonical":"https:\/\/quehacerpolitico.mx\/?p=92417","og_locale":"es_MX","og_type":"article","og_title":"Internacionales\/\/\/Carolina Alonso Romei\/\/\/Casa Blanca critica pero acata fallo que mantiene pol\u00edtica de deportaciones -","og_description":"Por Carolina Alonso Romei Internacionalista La portavoz de Biden afirm\u00f3 que, a la espera de...","og_url":"https:\/\/quehacerpolitico.mx\/?p=92417","article_published_time":"2022-05-21T22:46:47+00:00","article_modified_time":"2022-05-21T22:46:50+00:00","og_image":[{"width":1113,"height":709,"url":"https:\/\/quehacerpolitico.mx\/wp-content\/uploads\/2022\/05\/66704732-FEBB-47B1-99A5-0E3A31AE7810.jpeg","type":"image\/jpeg"}],"author":"Redacci\u00f3n QP","twitter_card":"summary_large_image","twitter_misc":{"Escrito por":"Redacci\u00f3n QP","Tiempo de lectura":"2 minutos"},"schema":{"@context":"https:\/\/schema.org","@graph":[{"@type":"Article","@id":"https:\/\/quehacerpolitico.mx\/?p=92417#article","isPartOf":{"@id":"https:\/\/quehacerpolitico.mx\/?p=92417"},"author":{"name":"Redacci\u00f3n QP","@id":"https:\/\/quehacerpolitico.mx\/#\/schema\/person\/496d8ad2d1d3f8036101dca7ee39e585"},"headline":"Internacionales\/\/\/Carolina Alonso Romei\/\/\/Casa Blanca critica pero acata fallo que mantiene pol\u00edtica de deportaciones","datePublished":"2022-05-21T22:46:47+00:00","dateModified":"2022-05-21T22:46:50+00:00","mainEntityOfPage":{"@id":"https:\/\/quehacerpolitico.mx\/?p=92417"},"wordCount":423,"commentCount":0,"image":{"@id":"https:\/\/quehacerpolitico.mx\/?p=92417#primaryimage"},"thumbnailUrl":"https:\/\/quehacerpolitico.mx\/wp-content\/uploads\/2022\/05\/66704732-FEBB-47B1-99A5-0E3A31AE7810.jpeg","articleSection":["Internacionales"],"inLanguage":"es","potentialAction":[{"@type":"CommentAction","name":"Comment","target":["https:\/\/quehacerpolitico.mx\/?p=92417#respond"]}]},{"@type":"WebPage","@id":"https:\/\/quehacerpolitico.mx\/?p=92417","url":"https:\/\/quehacerpolitico.mx\/?p=92417","name":"Internacionales\/\/\/Carolina Alonso Romei\/\/\/Casa Blanca critica pero acata fallo que mantiene pol\u00edtica de deportaciones -","isPartOf":{"@id":"https:\/\/quehacerpolitico.mx\/#website"},"primaryImageOfPage":{"@id":"https:\/\/quehacerpolitico.mx\/?p=92417#primaryimage"},"image":{"@id":"https:\/\/quehacerpolitico.mx\/?p=92417#primaryimage"},"thumbnailUrl":"https:\/\/quehacerpolitico.mx\/wp-content\/uploads\/2022\/05\/66704732-FEBB-47B1-99A5-0E3A31AE7810.jpeg","datePublished":"2022-05-21T22:46:47+00:00","dateModified":"2022-05-21T22:46:50+00:00","author":{"@id":"https:\/\/quehacerpolitico.mx\/#\/schema\/person\/496d8ad2d1d3f8036101dca7ee39e585"},"breadcrumb":{"@id":"https:\/\/quehacerpolitico.mx\/?p=92417#breadcrumb"},"inLanguage":"es","potentialAction":[{"@type":"ReadAction","target":["https:\/\/quehacerpolitico.mx\/?p=92417"]}]},{"@type":"ImageObject","inLanguage":"es","@id":"https:\/\/quehacerpolitico.mx\/?p=92417#primaryimage","url":"https:\/\/quehacerpolitico.mx\/wp-content\/uploads\/2022\/05\/66704732-FEBB-47B1-99A5-0E3A31AE7810.jpeg","contentUrl":"https:\/\/quehacerpolitico.mx\/wp-content\/uploads\/2022\/05\/66704732-FEBB-47B1-99A5-0E3A31AE7810.jpeg","width":1113,"height":709},{"@type":"BreadcrumbList","@id":"https:\/\/quehacerpolitico.mx\/?p=92417#breadcrumb","itemListElement":[{"@type":"ListItem","position":1,"name":"Inicio","item":"https:\/\/quehacerpolitico.mx\/"},{"@type":"ListItem","position":2,"name":"Internacionales\/\/\/Carolina Alonso Romei\/\/\/Casa Blanca critica pero acata fallo que mantiene pol\u00edtica de deportaciones"}]},{"@type":"WebSite","@id":"https:\/\/quehacerpolitico.mx\/#website","url":"https:\/\/quehacerpolitico.mx\/","name":"","description":"","potentialAction":[{"@type":"SearchAction","target":{"@type":"EntryPoint","urlTemplate":"https:\/\/quehacerpolitico.mx\/?s={search_term_string}"},"query-input":{"@type":"PropertyValueSpecification","valueRequired":true,"valueName":"search_term_string"}}],"inLanguage":"es"},{"@type":"Person","@id":"https:\/\/quehacerpolitico.mx\/#\/schema\/person\/496d8ad2d1d3f8036101dca7ee39e585","name":"Redacci\u00f3n QP","image":{"@type":"ImageObject","inLanguage":"es","@id":"https:\/\/secure.gravatar.com\/avatar\/c7164ed6fdec453195284ad24a5ae5b6e1eed2b848477fa2a4787ba9adf39a41?s=96&d=mm&r=g","url":"https:\/\/secure.gravatar.com\/avatar\/c7164ed6fdec453195284ad24a5ae5b6e1eed2b848477fa2a4787ba9adf39a41?s=96&d=mm&r=g","contentUrl":"https:\/\/secure.gravatar.com\/avatar\/c7164ed6fdec453195284ad24a5ae5b6e1eed2b848477fa2a4787ba9adf39a41?s=96&d=mm&r=g","caption":"Redacci\u00f3n QP"},"url":"https:\/\/quehacerpolitico.mx\/?author=2"}]}},"featured_image_urls":{"full":["https:\/\/quehacerpolitico.mx\/wp-content\/uploads\/2022\/05\/66704732-FEBB-47B1-99A5-0E3A31AE7810.jpeg",1113,709,false],"thumbnail":["https:\/\/quehacerpolitico.mx\/wp-content\/uploads\/2022\/05\/66704732-FEBB-47B1-99A5-0E3A31AE7810-150x150.jpeg",150,150,true],"medium":["https:\/\/quehacerpolitico.mx\/wp-content\/uploads\/2022\/05\/66704732-FEBB-47B1-99A5-0E3A31AE7810-300x191.jpeg",300,191,true],"medium_large":["https:\/\/quehacerpolitico.mx\/wp-content\/uploads\/2022\/05\/66704732-FEBB-47B1-99A5-0E3A31AE7810-768x489.jpeg",640,408,true],"large":["https:\/\/quehacerpolitico.mx\/wp-content\/uploads\/2022\/05\/66704732-FEBB-47B1-99A5-0E3A31AE7810-1024x652.jpeg",640,408,true],"1536x1536":["https:\/\/quehacerpolitico.mx\/wp-content\/uploads\/2022\/05\/66704732-FEBB-47B1-99A5-0E3A31AE7810.jpeg",1113,709,false],"2048x2048":["https:\/\/quehacerpolitico.mx\/wp-content\/uploads\/2022\/05\/66704732-FEBB-47B1-99A5-0E3A31AE7810.jpeg",1113,709,false],"covernews-featured":["https:\/\/quehacerpolitico.mx\/wp-content\/uploads\/2022\/05\/66704732-FEBB-47B1-99A5-0E3A31AE7810.jpeg",1024,652,false],"covernews-medium":["https:\/\/quehacerpolitico.mx\/wp-content\/uploads\/2022\/05\/66704732-FEBB-47B1-99A5-0E3A31AE7810.jpeg",534,340,false]},"author_info":{"display_name":"Redacci\u00f3n QP","author_link":"https:\/\/quehacerpolitico.mx\/?author=2"},"category_info":"<a href=\"https:\/\/quehacerpolitico.mx\/?cat=1\" rel=\"category\">Internacionales<\/a>","tag_info":"Internacionales","comment_count":"0","_links":{"self":[{"href":"https:\/\/quehacerpolitico.mx\/index.php?rest_route=\/wp\/v2\/posts\/92417","targetHints":{"allow":["GET"]}}],"collection":[{"href":"https:\/\/quehacerpolitico.mx\/index.php?rest_route=\/wp\/v2\/posts"}],"about":[{"href":"https:\/\/quehacerpolitico.mx\/index.php?rest_route=\/wp\/v2\/types\/post"}],"author":[{"embeddable":true,"href":"https:\/\/quehacerpolitico.mx\/index.php?rest_route=\/wp\/v2\/users\/2"}],"replies":[{"embeddable":true,"href":"https:\/\/quehacerpolitico.mx\/index.php?rest_route=%2Fwp%2Fv2%2Fcomments&post=92417"}],"version-history":[{"count":1,"href":"https:\/\/quehacerpolitico.mx\/index.php?rest_route=\/wp\/v2\/posts\/92417\/revisions"}],"predecessor-version":[{"id":92419,"href":"https:\/\/quehacerpolitico.mx\/index.php?rest_route=\/wp\/v2\/posts\/92417\/revisions\/92419"}],"wp:featuredmedia":[{"embeddable":true,"href":"https:\/\/quehacerpolitico.mx\/index.php?rest_route=\/wp\/v2\/media\/92418"}],"wp:attachment":[{"href":"https:\/\/quehacerpolitico.mx\/index.php?rest_route=%2Fwp%2Fv2%2Fmedia&parent=92417"}],"wp:term":[{"taxonomy":"category","embeddable":true,"href":"https:\/\/quehacerpolitico.mx\/index.php?rest_route=%2Fwp%2Fv2%2Fcategories&post=92417"},{"taxonomy":"post_tag","embeddable":true,"href":"https:\/\/quehacerpolitico.mx\/index.php?rest_route=%2Fwp%2Fv2%2Ftags&post=92417"}],"curies":[{"name":"wp","href":"https:\/\/api.w.org\/{rel}","templated":true}]}}