{"id":92397,"date":"2022-05-20T22:20:25","date_gmt":"2022-05-20T22:20:25","guid":{"rendered":"https:\/\/quehacerpolitico.mx\/?p=92397"},"modified":"2022-05-20T22:20:28","modified_gmt":"2022-05-20T22:20:28","slug":"toma-tus-precauciones-polvo-del-sahara-impactara-en-mexico-este-fin-te-decimos-donde","status":"publish","type":"post","link":"https:\/\/quehacerpolitico.mx\/?p=92397","title":{"rendered":"\u00a1Toma tus precauciones! Polvo del Sahara impactar\u00e1 en M\u00e9xico este fin; te decimos d\u00f3nde"},"content":{"rendered":"\n<p>Por Redacci\u00f3n QP<\/p>\n\n\n\n<p>Como cada a\u00f1o, M\u00e9xico se prepara para recibir el polvo del desierto africano; te decimos d\u00f3nde impactar\u00e1<\/p>\n\n\n\n<p><strong>Se prev\u00e9 que<\/strong>&nbsp;el fen\u00f3meno natural conocido como&nbsp;<strong>el polvo del Sahara llegue a M\u00e9xico para este fin de semana<\/strong>, informa la meteor\u00f3loga Melissa Nord.&nbsp;<\/p>\n\n\n\n<p>El polvo del Sahara que llegar\u00e1 a M\u00e9xico\u00a0<strong>afectar\u00e1 las zonas de la Pen\u00ednsula de Yucat\u00e1n y parte del Golfo de M\u00e9xico<\/strong>.<\/p>\n\n\n\n<figure class=\"wp-block-embed is-type-video is-provider-youtube wp-block-embed-youtube wp-embed-aspect-16-9 wp-has-aspect-ratio\"><div class=\"wp-block-embed__wrapper\">\nhttps:\/\/youtu.be\/dYtwoDrzhfU\n<\/div><\/figure>\n\n\n\n<h2 class=\"wp-block-heading\">\u00bfQu\u00e9 es el polvo del Sahara?<\/h2>\n\n\n\n<p>Este fen\u00f3meno se repite a\u00f1o con a\u00f1o, y se produce cuando fuertes vientos soplan en alguna direcci\u00f3n en espec\u00edfico.\u00a0<strong>En verano, en \u00c1frica el aire sopla en direcci\u00f3n al continente americano<\/strong>, por lo que, dependiendo de la \u00e9poca del a\u00f1o, recibimos el polvo del desierto del Sahara.<\/p>\n\n\n\n<p>Las part\u00edculas del desierto de \u00c1frica pueden alcanzar distancias remotas siempre y cuando tengan una altura que les favorezca, lo\u00a0cual\u00a0permite\u00a0su mayor permanencia en el aire.<\/p>\n\n\n\n<p>&#8220;Ellas [las part\u00edculas] son levantadas a una altura entre cinco y siete kil\u00f3metros, donde pueden transportarse de manera muy f\u00e1cil a grandes distancias, y su viaje se realiza con efectividad&#8221;, se\u00f1al\u00f3 el doctor Luis Antonio Ladino Moreno, especialista en ciencias ambientales de la UNAM.<\/p>\n\n\n\n<h2 class=\"wp-block-heading\">Riesgos del polvo del Sahara<\/h2>\n\n\n\n<p><strong>La radiaci\u00f3n solar provoca que la arena proveniente del desierto africano descienda, &nbsp;lo que ocasiona que las personas entren en contacto con \u00e9l.<\/strong>&nbsp;Aunque &nbsp;se recomienda el uso de cubrebocas, la interacci\u00f3n del polvo dif\u00edcilmente provocar\u00eda una enfermedad respiratoria cr\u00f3nica.&nbsp;<\/p>\n\n\n\n<p>&#8220;En el peor de los casos ser\u00eda una irritaci\u00f3n en las v\u00edas mucosas o en la garganta&#8221;, explic\u00f3 Ladina Moreno.<\/p>\n\n\n\n<p>&#8220;En todo caso, la poblaci\u00f3n mexicana que podr\u00eda correr mayores riesgos es aquella que habita en los estados costeros, pues el polvo entrar\u00e1 en contacto con la Pen\u00ednsula&#8221;, se\u00f1al\u00f3 el integrante del Centro de Ciencia de la Atm\u00f3sfera.<\/p>\n\n\n\n<p>&#8220;<strong>La idea es que eviten respirar estas part\u00edculas<\/strong>, y la manera m\u00e1s eficiente de conseguirlo ser\u00e1 con el uso de<strong>\u00a0cubrebocas<\/strong>, de tal manera que quedan atrapadas ah\u00ed y no llegan al sistema respiratorio&#8221;, finaliz\u00f3.<\/p>\n\n\n\n<p>Con informaci\u00f3n de SUN<\/p>\n","protected":false},"excerpt":{"rendered":"<p>Por Redacci\u00f3n QP Como cada a\u00f1o, M\u00e9xico se prepara para recibir el polvo del desierto&#8230;<\/p>\n","protected":false},"author":2,"featured_media":92398,"comment_status":"open","ping_status":"open","sticky":false,"template":"","format":"standard","meta":{"_monsterinsights_skip_tracking":false,"_monsterinsights_sitenote_active":false,"_monsterinsights_sitenote_note":"","_monsterinsights_sitenote_category":0,"footnotes":""},"categories":[2],"tags":[],"class_list":["post-92397","post","type-post","status-publish","format-standard","has-post-thumbnail","hentry","category-noticias"],"yoast_head":"<!-- This site is optimized with the Yoast SEO plugin v27.3 - https:\/\/yoast.com\/product\/yoast-seo-wordpress\/ -->\n<title>\u00a1Toma tus precauciones! Polvo del Sahara impactar\u00e1 en M\u00e9xico este fin; te decimos d\u00f3nde -<\/title>\n<meta name=\"robots\" content=\"index, follow, max-snippet:-1, max-image-preview:large, max-video-preview:-1\" \/>\n<link rel=\"canonical\" href=\"https:\/\/quehacerpolitico.mx\/?p=92397\" \/>\n<meta property=\"og:locale\" content=\"es_MX\" \/>\n<meta property=\"og:type\" content=\"article\" \/>\n<meta property=\"og:title\" content=\"\u00a1Toma tus precauciones! Polvo del Sahara impactar\u00e1 en M\u00e9xico este fin; te decimos d\u00f3nde -\" \/>\n<meta property=\"og:description\" content=\"Por Redacci\u00f3n QP Como cada a\u00f1o, M\u00e9xico se prepara para recibir el polvo del desierto...\" \/>\n<meta property=\"og:url\" content=\"https:\/\/quehacerpolitico.mx\/?p=92397\" \/>\n<meta property=\"article:published_time\" content=\"2022-05-20T22:20:25+00:00\" \/>\n<meta property=\"article:modified_time\" content=\"2022-05-20T22:20:28+00:00\" \/>\n<meta property=\"og:image\" content=\"https:\/\/quehacerpolitico.mx\/wp-content\/uploads\/2022\/05\/66DF92DD-AD10-4EC4-BF7E-0950D638B72F.jpeg\" \/>\n\t<meta property=\"og:image:width\" content=\"1282\" \/>\n\t<meta property=\"og:image:height\" content=\"643\" \/>\n\t<meta property=\"og:image:type\" content=\"image\/jpeg\" \/>\n<meta name=\"author\" content=\"Redacci\u00f3n QP\" \/>\n<meta name=\"twitter:card\" content=\"summary_large_image\" \/>\n<meta name=\"twitter:label1\" content=\"Escrito por\" \/>\n\t<meta name=\"twitter:data1\" content=\"Redacci\u00f3n QP\" \/>\n\t<meta name=\"twitter:label2\" content=\"Tiempo de lectura\" \/>\n\t<meta name=\"twitter:data2\" content=\"2 minutos\" \/>\n<script type=\"application\/ld+json\" class=\"yoast-schema-graph\">{\"@context\":\"https:\\\/\\\/schema.org\",\"@graph\":[{\"@type\":\"Article\",\"@id\":\"https:\\\/\\\/quehacerpolitico.mx\\\/?p=92397#article\",\"isPartOf\":{\"@id\":\"https:\\\/\\\/quehacerpolitico.mx\\\/?p=92397\"},\"author\":{\"name\":\"Redacci\u00f3n QP\",\"@id\":\"https:\\\/\\\/quehacerpolitico.mx\\\/#\\\/schema\\\/person\\\/496d8ad2d1d3f8036101dca7ee39e585\"},\"headline\":\"\u00a1Toma tus precauciones! Polvo del Sahara impactar\u00e1 en M\u00e9xico este fin; te decimos d\u00f3nde\",\"datePublished\":\"2022-05-20T22:20:25+00:00\",\"dateModified\":\"2022-05-20T22:20:28+00:00\",\"mainEntityOfPage\":{\"@id\":\"https:\\\/\\\/quehacerpolitico.mx\\\/?p=92397\"},\"wordCount\":400,\"commentCount\":0,\"image\":{\"@id\":\"https:\\\/\\\/quehacerpolitico.mx\\\/?p=92397#primaryimage\"},\"thumbnailUrl\":\"https:\\\/\\\/quehacerpolitico.mx\\\/wp-content\\\/uploads\\\/2022\\\/05\\\/66DF92DD-AD10-4EC4-BF7E-0950D638B72F.jpeg\",\"articleSection\":[\"Noticias\"],\"inLanguage\":\"es\",\"potentialAction\":[{\"@type\":\"CommentAction\",\"name\":\"Comment\",\"target\":[\"https:\\\/\\\/quehacerpolitico.mx\\\/?p=92397#respond\"]}]},{\"@type\":\"WebPage\",\"@id\":\"https:\\\/\\\/quehacerpolitico.mx\\\/?p=92397\",\"url\":\"https:\\\/\\\/quehacerpolitico.mx\\\/?p=92397\",\"name\":\"\u00a1Toma tus precauciones! Polvo del Sahara impactar\u00e1 en M\u00e9xico este fin; te decimos d\u00f3nde -\",\"isPartOf\":{\"@id\":\"https:\\\/\\\/quehacerpolitico.mx\\\/#website\"},\"primaryImageOfPage\":{\"@id\":\"https:\\\/\\\/quehacerpolitico.mx\\\/?p=92397#primaryimage\"},\"image\":{\"@id\":\"https:\\\/\\\/quehacerpolitico.mx\\\/?p=92397#primaryimage\"},\"thumbnailUrl\":\"https:\\\/\\\/quehacerpolitico.mx\\\/wp-content\\\/uploads\\\/2022\\\/05\\\/66DF92DD-AD10-4EC4-BF7E-0950D638B72F.jpeg\",\"datePublished\":\"2022-05-20T22:20:25+00:00\",\"dateModified\":\"2022-05-20T22:20:28+00:00\",\"author\":{\"@id\":\"https:\\\/\\\/quehacerpolitico.mx\\\/#\\\/schema\\\/person\\\/496d8ad2d1d3f8036101dca7ee39e585\"},\"breadcrumb\":{\"@id\":\"https:\\\/\\\/quehacerpolitico.mx\\\/?p=92397#breadcrumb\"},\"inLanguage\":\"es\",\"potentialAction\":[{\"@type\":\"ReadAction\",\"target\":[\"https:\\\/\\\/quehacerpolitico.mx\\\/?p=92397\"]}]},{\"@type\":\"ImageObject\",\"inLanguage\":\"es\",\"@id\":\"https:\\\/\\\/quehacerpolitico.mx\\\/?p=92397#primaryimage\",\"url\":\"https:\\\/\\\/quehacerpolitico.mx\\\/wp-content\\\/uploads\\\/2022\\\/05\\\/66DF92DD-AD10-4EC4-BF7E-0950D638B72F.jpeg\",\"contentUrl\":\"https:\\\/\\\/quehacerpolitico.mx\\\/wp-content\\\/uploads\\\/2022\\\/05\\\/66DF92DD-AD10-4EC4-BF7E-0950D638B72F.jpeg\",\"width\":1282,\"height\":643},{\"@type\":\"BreadcrumbList\",\"@id\":\"https:\\\/\\\/quehacerpolitico.mx\\\/?p=92397#breadcrumb\",\"itemListElement\":[{\"@type\":\"ListItem\",\"position\":1,\"name\":\"Inicio\",\"item\":\"https:\\\/\\\/quehacerpolitico.mx\\\/\"},{\"@type\":\"ListItem\",\"position\":2,\"name\":\"\u00a1Toma tus precauciones! Polvo del Sahara impactar\u00e1 en M\u00e9xico este fin; te decimos d\u00f3nde\"}]},{\"@type\":\"WebSite\",\"@id\":\"https:\\\/\\\/quehacerpolitico.mx\\\/#website\",\"url\":\"https:\\\/\\\/quehacerpolitico.mx\\\/\",\"name\":\"\",\"description\":\"\",\"potentialAction\":[{\"@type\":\"SearchAction\",\"target\":{\"@type\":\"EntryPoint\",\"urlTemplate\":\"https:\\\/\\\/quehacerpolitico.mx\\\/?s={search_term_string}\"},\"query-input\":{\"@type\":\"PropertyValueSpecification\",\"valueRequired\":true,\"valueName\":\"search_term_string\"}}],\"inLanguage\":\"es\"},{\"@type\":\"Person\",\"@id\":\"https:\\\/\\\/quehacerpolitico.mx\\\/#\\\/schema\\\/person\\\/496d8ad2d1d3f8036101dca7ee39e585\",\"name\":\"Redacci\u00f3n QP\",\"image\":{\"@type\":\"ImageObject\",\"inLanguage\":\"es\",\"@id\":\"https:\\\/\\\/secure.gravatar.com\\\/avatar\\\/c7164ed6fdec453195284ad24a5ae5b6e1eed2b848477fa2a4787ba9adf39a41?s=96&d=mm&r=g\",\"url\":\"https:\\\/\\\/secure.gravatar.com\\\/avatar\\\/c7164ed6fdec453195284ad24a5ae5b6e1eed2b848477fa2a4787ba9adf39a41?s=96&d=mm&r=g\",\"contentUrl\":\"https:\\\/\\\/secure.gravatar.com\\\/avatar\\\/c7164ed6fdec453195284ad24a5ae5b6e1eed2b848477fa2a4787ba9adf39a41?s=96&d=mm&r=g\",\"caption\":\"Redacci\u00f3n QP\"},\"url\":\"https:\\\/\\\/quehacerpolitico.mx\\\/?author=2\"}]}<\/script>\n<!-- \/ Yoast SEO plugin. -->","yoast_head_json":{"title":"\u00a1Toma tus precauciones! Polvo del Sahara impactar\u00e1 en M\u00e9xico este fin; te decimos d\u00f3nde -","robots":{"index":"index","follow":"follow","max-snippet":"max-snippet:-1","max-image-preview":"max-image-preview:large","max-video-preview":"max-video-preview:-1"},"canonical":"https:\/\/quehacerpolitico.mx\/?p=92397","og_locale":"es_MX","og_type":"article","og_title":"\u00a1Toma tus precauciones! Polvo del Sahara impactar\u00e1 en M\u00e9xico este fin; te decimos d\u00f3nde -","og_description":"Por Redacci\u00f3n QP Como cada a\u00f1o, M\u00e9xico se prepara para recibir el polvo del desierto...","og_url":"https:\/\/quehacerpolitico.mx\/?p=92397","article_published_time":"2022-05-20T22:20:25+00:00","article_modified_time":"2022-05-20T22:20:28+00:00","og_image":[{"width":1282,"height":643,"url":"https:\/\/quehacerpolitico.mx\/wp-content\/uploads\/2022\/05\/66DF92DD-AD10-4EC4-BF7E-0950D638B72F.jpeg","type":"image\/jpeg"}],"author":"Redacci\u00f3n QP","twitter_card":"summary_large_image","twitter_misc":{"Escrito por":"Redacci\u00f3n QP","Tiempo de lectura":"2 minutos"},"schema":{"@context":"https:\/\/schema.org","@graph":[{"@type":"Article","@id":"https:\/\/quehacerpolitico.mx\/?p=92397#article","isPartOf":{"@id":"https:\/\/quehacerpolitico.mx\/?p=92397"},"author":{"name":"Redacci\u00f3n QP","@id":"https:\/\/quehacerpolitico.mx\/#\/schema\/person\/496d8ad2d1d3f8036101dca7ee39e585"},"headline":"\u00a1Toma tus precauciones! Polvo del Sahara impactar\u00e1 en M\u00e9xico este fin; te decimos d\u00f3nde","datePublished":"2022-05-20T22:20:25+00:00","dateModified":"2022-05-20T22:20:28+00:00","mainEntityOfPage":{"@id":"https:\/\/quehacerpolitico.mx\/?p=92397"},"wordCount":400,"commentCount":0,"image":{"@id":"https:\/\/quehacerpolitico.mx\/?p=92397#primaryimage"},"thumbnailUrl":"https:\/\/quehacerpolitico.mx\/wp-content\/uploads\/2022\/05\/66DF92DD-AD10-4EC4-BF7E-0950D638B72F.jpeg","articleSection":["Noticias"],"inLanguage":"es","potentialAction":[{"@type":"CommentAction","name":"Comment","target":["https:\/\/quehacerpolitico.mx\/?p=92397#respond"]}]},{"@type":"WebPage","@id":"https:\/\/quehacerpolitico.mx\/?p=92397","url":"https:\/\/quehacerpolitico.mx\/?p=92397","name":"\u00a1Toma tus precauciones! Polvo del Sahara impactar\u00e1 en M\u00e9xico este fin; te decimos d\u00f3nde -","isPartOf":{"@id":"https:\/\/quehacerpolitico.mx\/#website"},"primaryImageOfPage":{"@id":"https:\/\/quehacerpolitico.mx\/?p=92397#primaryimage"},"image":{"@id":"https:\/\/quehacerpolitico.mx\/?p=92397#primaryimage"},"thumbnailUrl":"https:\/\/quehacerpolitico.mx\/wp-content\/uploads\/2022\/05\/66DF92DD-AD10-4EC4-BF7E-0950D638B72F.jpeg","datePublished":"2022-05-20T22:20:25+00:00","dateModified":"2022-05-20T22:20:28+00:00","author":{"@id":"https:\/\/quehacerpolitico.mx\/#\/schema\/person\/496d8ad2d1d3f8036101dca7ee39e585"},"breadcrumb":{"@id":"https:\/\/quehacerpolitico.mx\/?p=92397#breadcrumb"},"inLanguage":"es","potentialAction":[{"@type":"ReadAction","target":["https:\/\/quehacerpolitico.mx\/?p=92397"]}]},{"@type":"ImageObject","inLanguage":"es","@id":"https:\/\/quehacerpolitico.mx\/?p=92397#primaryimage","url":"https:\/\/quehacerpolitico.mx\/wp-content\/uploads\/2022\/05\/66DF92DD-AD10-4EC4-BF7E-0950D638B72F.jpeg","contentUrl":"https:\/\/quehacerpolitico.mx\/wp-content\/uploads\/2022\/05\/66DF92DD-AD10-4EC4-BF7E-0950D638B72F.jpeg","width":1282,"height":643},{"@type":"BreadcrumbList","@id":"https:\/\/quehacerpolitico.mx\/?p=92397#breadcrumb","itemListElement":[{"@type":"ListItem","position":1,"name":"Inicio","item":"https:\/\/quehacerpolitico.mx\/"},{"@type":"ListItem","position":2,"name":"\u00a1Toma tus precauciones! Polvo del Sahara impactar\u00e1 en M\u00e9xico este fin; te decimos d\u00f3nde"}]},{"@type":"WebSite","@id":"https:\/\/quehacerpolitico.mx\/#website","url":"https:\/\/quehacerpolitico.mx\/","name":"","description":"","potentialAction":[{"@type":"SearchAction","target":{"@type":"EntryPoint","urlTemplate":"https:\/\/quehacerpolitico.mx\/?s={search_term_string}"},"query-input":{"@type":"PropertyValueSpecification","valueRequired":true,"valueName":"search_term_string"}}],"inLanguage":"es"},{"@type":"Person","@id":"https:\/\/quehacerpolitico.mx\/#\/schema\/person\/496d8ad2d1d3f8036101dca7ee39e585","name":"Redacci\u00f3n QP","image":{"@type":"ImageObject","inLanguage":"es","@id":"https:\/\/secure.gravatar.com\/avatar\/c7164ed6fdec453195284ad24a5ae5b6e1eed2b848477fa2a4787ba9adf39a41?s=96&d=mm&r=g","url":"https:\/\/secure.gravatar.com\/avatar\/c7164ed6fdec453195284ad24a5ae5b6e1eed2b848477fa2a4787ba9adf39a41?s=96&d=mm&r=g","contentUrl":"https:\/\/secure.gravatar.com\/avatar\/c7164ed6fdec453195284ad24a5ae5b6e1eed2b848477fa2a4787ba9adf39a41?s=96&d=mm&r=g","caption":"Redacci\u00f3n QP"},"url":"https:\/\/quehacerpolitico.mx\/?author=2"}]}},"featured_image_urls":{"full":["https:\/\/quehacerpolitico.mx\/wp-content\/uploads\/2022\/05\/66DF92DD-AD10-4EC4-BF7E-0950D638B72F.jpeg",1282,643,false],"thumbnail":["https:\/\/quehacerpolitico.mx\/wp-content\/uploads\/2022\/05\/66DF92DD-AD10-4EC4-BF7E-0950D638B72F-150x150.jpeg",150,150,true],"medium":["https:\/\/quehacerpolitico.mx\/wp-content\/uploads\/2022\/05\/66DF92DD-AD10-4EC4-BF7E-0950D638B72F-300x150.jpeg",300,150,true],"medium_large":["https:\/\/quehacerpolitico.mx\/wp-content\/uploads\/2022\/05\/66DF92DD-AD10-4EC4-BF7E-0950D638B72F-768x385.jpeg",640,321,true],"large":["https:\/\/quehacerpolitico.mx\/wp-content\/uploads\/2022\/05\/66DF92DD-AD10-4EC4-BF7E-0950D638B72F-1024x514.jpeg",640,321,true],"1536x1536":["https:\/\/quehacerpolitico.mx\/wp-content\/uploads\/2022\/05\/66DF92DD-AD10-4EC4-BF7E-0950D638B72F.jpeg",1282,643,false],"2048x2048":["https:\/\/quehacerpolitico.mx\/wp-content\/uploads\/2022\/05\/66DF92DD-AD10-4EC4-BF7E-0950D638B72F.jpeg",1282,643,false],"covernews-featured":["https:\/\/quehacerpolitico.mx\/wp-content\/uploads\/2022\/05\/66DF92DD-AD10-4EC4-BF7E-0950D638B72F.jpeg",1024,514,false],"covernews-medium":["https:\/\/quehacerpolitico.mx\/wp-content\/uploads\/2022\/05\/66DF92DD-AD10-4EC4-BF7E-0950D638B72F.jpeg",540,271,false]},"author_info":{"display_name":"Redacci\u00f3n QP","author_link":"https:\/\/quehacerpolitico.mx\/?author=2"},"category_info":"<a href=\"https:\/\/quehacerpolitico.mx\/?cat=2\" rel=\"category\">Noticias<\/a>","tag_info":"Noticias","comment_count":"0","_links":{"self":[{"href":"https:\/\/quehacerpolitico.mx\/index.php?rest_route=\/wp\/v2\/posts\/92397","targetHints":{"allow":["GET"]}}],"collection":[{"href":"https:\/\/quehacerpolitico.mx\/index.php?rest_route=\/wp\/v2\/posts"}],"about":[{"href":"https:\/\/quehacerpolitico.mx\/index.php?rest_route=\/wp\/v2\/types\/post"}],"author":[{"embeddable":true,"href":"https:\/\/quehacerpolitico.mx\/index.php?rest_route=\/wp\/v2\/users\/2"}],"replies":[{"embeddable":true,"href":"https:\/\/quehacerpolitico.mx\/index.php?rest_route=%2Fwp%2Fv2%2Fcomments&post=92397"}],"version-history":[{"count":1,"href":"https:\/\/quehacerpolitico.mx\/index.php?rest_route=\/wp\/v2\/posts\/92397\/revisions"}],"predecessor-version":[{"id":92399,"href":"https:\/\/quehacerpolitico.mx\/index.php?rest_route=\/wp\/v2\/posts\/92397\/revisions\/92399"}],"wp:featuredmedia":[{"embeddable":true,"href":"https:\/\/quehacerpolitico.mx\/index.php?rest_route=\/wp\/v2\/media\/92398"}],"wp:attachment":[{"href":"https:\/\/quehacerpolitico.mx\/index.php?rest_route=%2Fwp%2Fv2%2Fmedia&parent=92397"}],"wp:term":[{"taxonomy":"category","embeddable":true,"href":"https:\/\/quehacerpolitico.mx\/index.php?rest_route=%2Fwp%2Fv2%2Fcategories&post=92397"},{"taxonomy":"post_tag","embeddable":true,"href":"https:\/\/quehacerpolitico.mx\/index.php?rest_route=%2Fwp%2Fv2%2Ftags&post=92397"}],"curies":[{"name":"wp","href":"https:\/\/api.w.org\/{rel}","templated":true}]}}