{"id":92393,"date":"2022-05-20T22:02:41","date_gmt":"2022-05-20T22:02:41","guid":{"rendered":"https:\/\/quehacerpolitico.mx\/?p=92393"},"modified":"2022-05-20T22:02:44","modified_gmt":"2022-05-20T22:02:44","slug":"lopez-obrador-dice-que-casa-de-directora-de-pemex-en-houston-es-modesta","status":"publish","type":"post","link":"https:\/\/quehacerpolitico.mx\/?p=92393","title":{"rendered":"L\u00f3pez Obrador dice que casa de directora de Pemex en Houston es &#8220;modesta&#8221;"},"content":{"rendered":"\n<p>Por Redacci\u00f3n QP<\/p>\n\n\n\n<p>L\u00f3pez Obrador se\u00f1ala\u00a0que sus adversarios lo atacan todos los d\u00edas, pero no logran nada porque tiene el respaldo del pueblo de M\u00e9xico<\/p>\n\n\n\n<p>El Presidente\u00a0Andres Manuel Lopez Obrador aseguro que es &#8220;modesta&#8221; la casa en Houston, Texas, de la directora de Pemex Procurement International (PPI),\u00a0<strong>Carmelina Esquer Camacho, hija de su secretario particular, Alejandro Esquer<\/strong>, pero sus adversarios arman un gran esc\u00e1ndalo.<\/p>\n\n\n\n<figure class=\"wp-block-embed is-type-rich is-provider-twitter wp-block-embed-twitter\"><div class=\"wp-block-embed__wrapper\">\n<blockquote class=\"twitter-tweet\" data-width=\"550\" data-dnt=\"true\"><p lang=\"es\" dir=\"ltr\">HOUSTON, TENEMOS OTRO PROBLEMA \ud83d\udc41\ufe0f\ud83d\udc44\ud83d\udc41\ufe0f<br><br>Las casas de los allegados de AMLO siguen saliendo y esta vez fue el turno de Carmelina Esquer&#8230; S\u00ed, la hija de su secretario y \u00a1OPERADOR FINANCIERO! que tiene casa a 15 minutos de <a href=\"https:\/\/twitter.com\/hashtag\/JoseRamonLopezBeltran100?src=hash&amp;ref_src=twsrc%5Etfw\">#JoseRamonLopezBeltran100<\/a> <br><br>Hilo \ud83e\uddf5<br><br>\ud83c\udfa5<a href=\"https:\/\/twitter.com\/MXvsCORRUPCION?ref_src=twsrc%5Etfw\">@MXvsCORRUPCION<\/a> <a href=\"https:\/\/t.co\/1kAZ9BgIe9\">pic.twitter.com\/1kAZ9BgIe9<\/a><\/p>&mdash; Ruido en la Red (@RuidoEnLaRed) <a href=\"https:\/\/twitter.com\/RuidoEnLaRed\/status\/1527678335295299584?ref_src=twsrc%5Etfw\">May 20, 2022<\/a><\/blockquote><script async src=\"https:\/\/platform.twitter.com\/widgets.js\" charset=\"utf-8\"><\/script>\n<\/div><\/figure>\n\n\n\n<figure class=\"wp-block-embed is-type-rich is-provider-twitter wp-block-embed-twitter\"><div class=\"wp-block-embed__wrapper\">\n<blockquote class=\"twitter-tweet\" data-width=\"550\" data-dnt=\"true\"><p lang=\"es\" dir=\"ltr\">Pero bueno, si quieren leer la investigaci\u00f3n completa, aqu\u00ed te dejamos el trabajo de <a href=\"https:\/\/twitter.com\/vayalamty?ref_src=twsrc%5Etfw\">@vayalamty<\/a> en <a href=\"https:\/\/twitter.com\/MXvsCORRUPCION?ref_src=twsrc%5Etfw\">@MXvsCORRUPCION<\/a> <a href=\"https:\/\/t.co\/HbevT4iqv8\">https:\/\/t.co\/HbevT4iqv8<\/a><\/p>&mdash; Ruido en la Red (@RuidoEnLaRed) <a href=\"https:\/\/twitter.com\/RuidoEnLaRed\/status\/1527678403591151616?ref_src=twsrc%5Etfw\">May 20, 2022<\/a><\/blockquote><script async src=\"https:\/\/platform.twitter.com\/widgets.js\" charset=\"utf-8\"><\/script>\n<\/div><\/figure>\n\n\n\n<p><strong>&#8220;Acaba de salir que una hija de Alejandro Esquer, que es una gente de primera, es mi secretario particular, y su hija, pues estudi\u00f3 y tiene un trabajo en Houston, compr\u00f3 una casa, un departamento, pero modesto y un gran esc\u00e1ndalo&#8221;<\/strong>.<\/p>\n\n\n\n<figure class=\"wp-block-embed is-type-video is-provider-youtube wp-block-embed-youtube wp-embed-aspect-16-9 wp-has-aspect-ratio\"><div class=\"wp-block-embed__wrapper\">\n<iframe loading=\"lazy\" title=\"Asegura AMLO que casa de directora de Pemex en Houston es \u201cmodesta\u201d\" width=\"640\" height=\"360\" src=\"https:\/\/www.youtube.com\/embed\/V23HaeI8gOQ?feature=oembed\" frameborder=\"0\" allow=\"accelerometer; autoplay; clipboard-write; encrypted-media; gyroscope; picture-in-picture; web-share\" referrerpolicy=\"strict-origin-when-cross-origin\" allowfullscreen><\/iframe>\n<\/div><\/figure>\n\n\n\n<p>En conferencia en las instalaciones del 60 Batall\u00f3n de Infanter\u00eda de Cajeme, Sonora, el Presidente L\u00f3pez Obrador dijo que la informaci\u00f3n se parece a la investigaci\u00f3n que hizo el periodista Carlos Loret de Mola, cuando dio a conocer que su hijo mayor, Jos\u00e9 Ram\u00f3n L\u00f3pez Beltr\u00e1n y su esposa Carolyn Adams, rentaron una casa en Houston.<\/p>\n\n\n\n<p>&#8220;(Hicieron) un esc\u00e1ndalo tremendo, pero resulta que Loret tiene 12 departamentos, una residencia de cuatro hect\u00e1reas en Valle de Bravo, un departamento en Polanco en el edificio m\u00e1s lujoso de la Ciudad, estamos hablando de 40-50 millones de pesos&#8221;.<\/p>\n\n\n\n<p>En su alocuci\u00f3n, el Mandatario incluy\u00f3 al periodista Jorge Ramos, quien presuntamente \u2013dijo- gana 20 millones de pesos al mes.<\/p>\n\n\n\n<p><strong>Se\u00f1al\u00f3 que sus adversarios lo atacan todos los d\u00edas, pero no logran nada porque tiene el respaldo del pueblo de M\u00e9xico<\/strong>.<\/p>\n\n\n\n<p>La organizaci\u00f3n Mexicanos Unidos Contra la Corrupci\u00f3n revel\u00f3 que desde mediados de 2019 Carmelina Esquer Camacho dirige PPI y a un a\u00f1o de haberse mudado a Houston, la hija de Alejandro Esquer adquiri\u00f3 una residencia valuada en m\u00e1s de 400 mil d\u00f3lares a unos 15 minutos de la casa en la que reside Jos\u00e9 Ram\u00f3n L\u00f3pez Beltr\u00e1n, en la localidad de Cypress.<\/p>\n\n\n\n<p>Con informaci\u00f3n de SUN<\/p>\n","protected":false},"excerpt":{"rendered":"<p>Por Redacci\u00f3n QP L\u00f3pez Obrador se\u00f1ala\u00a0que sus adversarios lo atacan todos los d\u00edas, pero no&#8230;<\/p>\n","protected":false},"author":2,"featured_media":92395,"comment_status":"open","ping_status":"open","sticky":false,"template":"","format":"standard","meta":{"_monsterinsights_skip_tracking":false,"_monsterinsights_sitenote_active":false,"_monsterinsights_sitenote_note":"","_monsterinsights_sitenote_category":0,"footnotes":""},"categories":[2],"tags":[],"class_list":["post-92393","post","type-post","status-publish","format-standard","has-post-thumbnail","hentry","category-noticias"],"yoast_head":"<!-- This site is optimized with the Yoast SEO plugin v27.3 - https:\/\/yoast.com\/product\/yoast-seo-wordpress\/ -->\n<title>L\u00f3pez Obrador dice que casa de directora de Pemex en Houston es &quot;modesta&quot; -<\/title>\n<meta name=\"robots\" content=\"index, follow, max-snippet:-1, max-image-preview:large, max-video-preview:-1\" \/>\n<link rel=\"canonical\" href=\"https:\/\/quehacerpolitico.mx\/?p=92393\" \/>\n<meta property=\"og:locale\" content=\"es_MX\" \/>\n<meta property=\"og:type\" content=\"article\" \/>\n<meta property=\"og:title\" content=\"L\u00f3pez Obrador dice que casa de directora de Pemex en Houston es &quot;modesta&quot; -\" \/>\n<meta property=\"og:description\" content=\"Por Redacci\u00f3n QP L\u00f3pez Obrador se\u00f1ala\u00a0que sus adversarios lo atacan todos los d\u00edas, pero no...\" \/>\n<meta property=\"og:url\" content=\"https:\/\/quehacerpolitico.mx\/?p=92393\" \/>\n<meta property=\"article:published_time\" content=\"2022-05-20T22:02:41+00:00\" \/>\n<meta property=\"article:modified_time\" content=\"2022-05-20T22:02:44+00:00\" \/>\n<meta property=\"og:image\" content=\"https:\/\/quehacerpolitico.mx\/wp-content\/uploads\/2022\/05\/2CAECF98-D68B-442D-90A3-2C543C5403BF.jpeg\" \/>\n\t<meta property=\"og:image:width\" content=\"678\" \/>\n\t<meta property=\"og:image:height\" content=\"452\" \/>\n\t<meta property=\"og:image:type\" content=\"image\/jpeg\" \/>\n<meta name=\"author\" content=\"Redacci\u00f3n QP\" \/>\n<meta name=\"twitter:card\" content=\"summary_large_image\" \/>\n<meta name=\"twitter:label1\" content=\"Escrito por\" \/>\n\t<meta name=\"twitter:data1\" content=\"Redacci\u00f3n QP\" \/>\n\t<meta name=\"twitter:label2\" content=\"Tiempo de lectura\" \/>\n\t<meta name=\"twitter:data2\" content=\"2 minutos\" \/>\n<script type=\"application\/ld+json\" class=\"yoast-schema-graph\">{\"@context\":\"https:\\\/\\\/schema.org\",\"@graph\":[{\"@type\":\"Article\",\"@id\":\"https:\\\/\\\/quehacerpolitico.mx\\\/?p=92393#article\",\"isPartOf\":{\"@id\":\"https:\\\/\\\/quehacerpolitico.mx\\\/?p=92393\"},\"author\":{\"name\":\"Redacci\u00f3n QP\",\"@id\":\"https:\\\/\\\/quehacerpolitico.mx\\\/#\\\/schema\\\/person\\\/496d8ad2d1d3f8036101dca7ee39e585\"},\"headline\":\"L\u00f3pez Obrador dice que casa de directora de Pemex en Houston es &#8220;modesta&#8221;\",\"datePublished\":\"2022-05-20T22:02:41+00:00\",\"dateModified\":\"2022-05-20T22:02:44+00:00\",\"mainEntityOfPage\":{\"@id\":\"https:\\\/\\\/quehacerpolitico.mx\\\/?p=92393\"},\"wordCount\":378,\"commentCount\":0,\"image\":{\"@id\":\"https:\\\/\\\/quehacerpolitico.mx\\\/?p=92393#primaryimage\"},\"thumbnailUrl\":\"https:\\\/\\\/quehacerpolitico.mx\\\/wp-content\\\/uploads\\\/2022\\\/05\\\/2CAECF98-D68B-442D-90A3-2C543C5403BF.jpeg\",\"articleSection\":[\"Noticias\"],\"inLanguage\":\"es\",\"potentialAction\":[{\"@type\":\"CommentAction\",\"name\":\"Comment\",\"target\":[\"https:\\\/\\\/quehacerpolitico.mx\\\/?p=92393#respond\"]}]},{\"@type\":\"WebPage\",\"@id\":\"https:\\\/\\\/quehacerpolitico.mx\\\/?p=92393\",\"url\":\"https:\\\/\\\/quehacerpolitico.mx\\\/?p=92393\",\"name\":\"L\u00f3pez Obrador dice que casa de directora de Pemex en Houston es \\\"modesta\\\" -\",\"isPartOf\":{\"@id\":\"https:\\\/\\\/quehacerpolitico.mx\\\/#website\"},\"primaryImageOfPage\":{\"@id\":\"https:\\\/\\\/quehacerpolitico.mx\\\/?p=92393#primaryimage\"},\"image\":{\"@id\":\"https:\\\/\\\/quehacerpolitico.mx\\\/?p=92393#primaryimage\"},\"thumbnailUrl\":\"https:\\\/\\\/quehacerpolitico.mx\\\/wp-content\\\/uploads\\\/2022\\\/05\\\/2CAECF98-D68B-442D-90A3-2C543C5403BF.jpeg\",\"datePublished\":\"2022-05-20T22:02:41+00:00\",\"dateModified\":\"2022-05-20T22:02:44+00:00\",\"author\":{\"@id\":\"https:\\\/\\\/quehacerpolitico.mx\\\/#\\\/schema\\\/person\\\/496d8ad2d1d3f8036101dca7ee39e585\"},\"breadcrumb\":{\"@id\":\"https:\\\/\\\/quehacerpolitico.mx\\\/?p=92393#breadcrumb\"},\"inLanguage\":\"es\",\"potentialAction\":[{\"@type\":\"ReadAction\",\"target\":[\"https:\\\/\\\/quehacerpolitico.mx\\\/?p=92393\"]}]},{\"@type\":\"ImageObject\",\"inLanguage\":\"es\",\"@id\":\"https:\\\/\\\/quehacerpolitico.mx\\\/?p=92393#primaryimage\",\"url\":\"https:\\\/\\\/quehacerpolitico.mx\\\/wp-content\\\/uploads\\\/2022\\\/05\\\/2CAECF98-D68B-442D-90A3-2C543C5403BF.jpeg\",\"contentUrl\":\"https:\\\/\\\/quehacerpolitico.mx\\\/wp-content\\\/uploads\\\/2022\\\/05\\\/2CAECF98-D68B-442D-90A3-2C543C5403BF.jpeg\",\"width\":678,\"height\":452},{\"@type\":\"BreadcrumbList\",\"@id\":\"https:\\\/\\\/quehacerpolitico.mx\\\/?p=92393#breadcrumb\",\"itemListElement\":[{\"@type\":\"ListItem\",\"position\":1,\"name\":\"Inicio\",\"item\":\"https:\\\/\\\/quehacerpolitico.mx\\\/\"},{\"@type\":\"ListItem\",\"position\":2,\"name\":\"L\u00f3pez Obrador dice que casa de directora de Pemex en Houston es &#8220;modesta&#8221;\"}]},{\"@type\":\"WebSite\",\"@id\":\"https:\\\/\\\/quehacerpolitico.mx\\\/#website\",\"url\":\"https:\\\/\\\/quehacerpolitico.mx\\\/\",\"name\":\"\",\"description\":\"\",\"potentialAction\":[{\"@type\":\"SearchAction\",\"target\":{\"@type\":\"EntryPoint\",\"urlTemplate\":\"https:\\\/\\\/quehacerpolitico.mx\\\/?s={search_term_string}\"},\"query-input\":{\"@type\":\"PropertyValueSpecification\",\"valueRequired\":true,\"valueName\":\"search_term_string\"}}],\"inLanguage\":\"es\"},{\"@type\":\"Person\",\"@id\":\"https:\\\/\\\/quehacerpolitico.mx\\\/#\\\/schema\\\/person\\\/496d8ad2d1d3f8036101dca7ee39e585\",\"name\":\"Redacci\u00f3n QP\",\"image\":{\"@type\":\"ImageObject\",\"inLanguage\":\"es\",\"@id\":\"https:\\\/\\\/secure.gravatar.com\\\/avatar\\\/c7164ed6fdec453195284ad24a5ae5b6e1eed2b848477fa2a4787ba9adf39a41?s=96&d=mm&r=g\",\"url\":\"https:\\\/\\\/secure.gravatar.com\\\/avatar\\\/c7164ed6fdec453195284ad24a5ae5b6e1eed2b848477fa2a4787ba9adf39a41?s=96&d=mm&r=g\",\"contentUrl\":\"https:\\\/\\\/secure.gravatar.com\\\/avatar\\\/c7164ed6fdec453195284ad24a5ae5b6e1eed2b848477fa2a4787ba9adf39a41?s=96&d=mm&r=g\",\"caption\":\"Redacci\u00f3n QP\"},\"url\":\"https:\\\/\\\/quehacerpolitico.mx\\\/?author=2\"}]}<\/script>\n<!-- \/ Yoast SEO plugin. -->","yoast_head_json":{"title":"L\u00f3pez Obrador dice que casa de directora de Pemex en Houston es \"modesta\" -","robots":{"index":"index","follow":"follow","max-snippet":"max-snippet:-1","max-image-preview":"max-image-preview:large","max-video-preview":"max-video-preview:-1"},"canonical":"https:\/\/quehacerpolitico.mx\/?p=92393","og_locale":"es_MX","og_type":"article","og_title":"L\u00f3pez Obrador dice que casa de directora de Pemex en Houston es \"modesta\" -","og_description":"Por Redacci\u00f3n QP L\u00f3pez Obrador se\u00f1ala\u00a0que sus adversarios lo atacan todos los d\u00edas, pero no...","og_url":"https:\/\/quehacerpolitico.mx\/?p=92393","article_published_time":"2022-05-20T22:02:41+00:00","article_modified_time":"2022-05-20T22:02:44+00:00","og_image":[{"width":678,"height":452,"url":"https:\/\/quehacerpolitico.mx\/wp-content\/uploads\/2022\/05\/2CAECF98-D68B-442D-90A3-2C543C5403BF.jpeg","type":"image\/jpeg"}],"author":"Redacci\u00f3n QP","twitter_card":"summary_large_image","twitter_misc":{"Escrito por":"Redacci\u00f3n QP","Tiempo de lectura":"2 minutos"},"schema":{"@context":"https:\/\/schema.org","@graph":[{"@type":"Article","@id":"https:\/\/quehacerpolitico.mx\/?p=92393#article","isPartOf":{"@id":"https:\/\/quehacerpolitico.mx\/?p=92393"},"author":{"name":"Redacci\u00f3n QP","@id":"https:\/\/quehacerpolitico.mx\/#\/schema\/person\/496d8ad2d1d3f8036101dca7ee39e585"},"headline":"L\u00f3pez Obrador dice que casa de directora de Pemex en Houston es &#8220;modesta&#8221;","datePublished":"2022-05-20T22:02:41+00:00","dateModified":"2022-05-20T22:02:44+00:00","mainEntityOfPage":{"@id":"https:\/\/quehacerpolitico.mx\/?p=92393"},"wordCount":378,"commentCount":0,"image":{"@id":"https:\/\/quehacerpolitico.mx\/?p=92393#primaryimage"},"thumbnailUrl":"https:\/\/quehacerpolitico.mx\/wp-content\/uploads\/2022\/05\/2CAECF98-D68B-442D-90A3-2C543C5403BF.jpeg","articleSection":["Noticias"],"inLanguage":"es","potentialAction":[{"@type":"CommentAction","name":"Comment","target":["https:\/\/quehacerpolitico.mx\/?p=92393#respond"]}]},{"@type":"WebPage","@id":"https:\/\/quehacerpolitico.mx\/?p=92393","url":"https:\/\/quehacerpolitico.mx\/?p=92393","name":"L\u00f3pez Obrador dice que casa de directora de Pemex en Houston es \"modesta\" -","isPartOf":{"@id":"https:\/\/quehacerpolitico.mx\/#website"},"primaryImageOfPage":{"@id":"https:\/\/quehacerpolitico.mx\/?p=92393#primaryimage"},"image":{"@id":"https:\/\/quehacerpolitico.mx\/?p=92393#primaryimage"},"thumbnailUrl":"https:\/\/quehacerpolitico.mx\/wp-content\/uploads\/2022\/05\/2CAECF98-D68B-442D-90A3-2C543C5403BF.jpeg","datePublished":"2022-05-20T22:02:41+00:00","dateModified":"2022-05-20T22:02:44+00:00","author":{"@id":"https:\/\/quehacerpolitico.mx\/#\/schema\/person\/496d8ad2d1d3f8036101dca7ee39e585"},"breadcrumb":{"@id":"https:\/\/quehacerpolitico.mx\/?p=92393#breadcrumb"},"inLanguage":"es","potentialAction":[{"@type":"ReadAction","target":["https:\/\/quehacerpolitico.mx\/?p=92393"]}]},{"@type":"ImageObject","inLanguage":"es","@id":"https:\/\/quehacerpolitico.mx\/?p=92393#primaryimage","url":"https:\/\/quehacerpolitico.mx\/wp-content\/uploads\/2022\/05\/2CAECF98-D68B-442D-90A3-2C543C5403BF.jpeg","contentUrl":"https:\/\/quehacerpolitico.mx\/wp-content\/uploads\/2022\/05\/2CAECF98-D68B-442D-90A3-2C543C5403BF.jpeg","width":678,"height":452},{"@type":"BreadcrumbList","@id":"https:\/\/quehacerpolitico.mx\/?p=92393#breadcrumb","itemListElement":[{"@type":"ListItem","position":1,"name":"Inicio","item":"https:\/\/quehacerpolitico.mx\/"},{"@type":"ListItem","position":2,"name":"L\u00f3pez Obrador dice que casa de directora de Pemex en Houston es &#8220;modesta&#8221;"}]},{"@type":"WebSite","@id":"https:\/\/quehacerpolitico.mx\/#website","url":"https:\/\/quehacerpolitico.mx\/","name":"","description":"","potentialAction":[{"@type":"SearchAction","target":{"@type":"EntryPoint","urlTemplate":"https:\/\/quehacerpolitico.mx\/?s={search_term_string}"},"query-input":{"@type":"PropertyValueSpecification","valueRequired":true,"valueName":"search_term_string"}}],"inLanguage":"es"},{"@type":"Person","@id":"https:\/\/quehacerpolitico.mx\/#\/schema\/person\/496d8ad2d1d3f8036101dca7ee39e585","name":"Redacci\u00f3n QP","image":{"@type":"ImageObject","inLanguage":"es","@id":"https:\/\/secure.gravatar.com\/avatar\/c7164ed6fdec453195284ad24a5ae5b6e1eed2b848477fa2a4787ba9adf39a41?s=96&d=mm&r=g","url":"https:\/\/secure.gravatar.com\/avatar\/c7164ed6fdec453195284ad24a5ae5b6e1eed2b848477fa2a4787ba9adf39a41?s=96&d=mm&r=g","contentUrl":"https:\/\/secure.gravatar.com\/avatar\/c7164ed6fdec453195284ad24a5ae5b6e1eed2b848477fa2a4787ba9adf39a41?s=96&d=mm&r=g","caption":"Redacci\u00f3n QP"},"url":"https:\/\/quehacerpolitico.mx\/?author=2"}]}},"featured_image_urls":{"full":["https:\/\/quehacerpolitico.mx\/wp-content\/uploads\/2022\/05\/2CAECF98-D68B-442D-90A3-2C543C5403BF.jpeg",678,452,false],"thumbnail":["https:\/\/quehacerpolitico.mx\/wp-content\/uploads\/2022\/05\/2CAECF98-D68B-442D-90A3-2C543C5403BF-150x150.jpeg",150,150,true],"medium":["https:\/\/quehacerpolitico.mx\/wp-content\/uploads\/2022\/05\/2CAECF98-D68B-442D-90A3-2C543C5403BF-300x200.jpeg",300,200,true],"medium_large":["https:\/\/quehacerpolitico.mx\/wp-content\/uploads\/2022\/05\/2CAECF98-D68B-442D-90A3-2C543C5403BF.jpeg",640,427,false],"large":["https:\/\/quehacerpolitico.mx\/wp-content\/uploads\/2022\/05\/2CAECF98-D68B-442D-90A3-2C543C5403BF.jpeg",640,427,false],"1536x1536":["https:\/\/quehacerpolitico.mx\/wp-content\/uploads\/2022\/05\/2CAECF98-D68B-442D-90A3-2C543C5403BF.jpeg",678,452,false],"2048x2048":["https:\/\/quehacerpolitico.mx\/wp-content\/uploads\/2022\/05\/2CAECF98-D68B-442D-90A3-2C543C5403BF.jpeg",678,452,false],"covernews-featured":["https:\/\/quehacerpolitico.mx\/wp-content\/uploads\/2022\/05\/2CAECF98-D68B-442D-90A3-2C543C5403BF.jpeg",678,452,false],"covernews-medium":["https:\/\/quehacerpolitico.mx\/wp-content\/uploads\/2022\/05\/2CAECF98-D68B-442D-90A3-2C543C5403BF.jpeg",510,340,false]},"author_info":{"display_name":"Redacci\u00f3n QP","author_link":"https:\/\/quehacerpolitico.mx\/?author=2"},"category_info":"<a href=\"https:\/\/quehacerpolitico.mx\/?cat=2\" rel=\"category\">Noticias<\/a>","tag_info":"Noticias","comment_count":"0","_links":{"self":[{"href":"https:\/\/quehacerpolitico.mx\/index.php?rest_route=\/wp\/v2\/posts\/92393","targetHints":{"allow":["GET"]}}],"collection":[{"href":"https:\/\/quehacerpolitico.mx\/index.php?rest_route=\/wp\/v2\/posts"}],"about":[{"href":"https:\/\/quehacerpolitico.mx\/index.php?rest_route=\/wp\/v2\/types\/post"}],"author":[{"embeddable":true,"href":"https:\/\/quehacerpolitico.mx\/index.php?rest_route=\/wp\/v2\/users\/2"}],"replies":[{"embeddable":true,"href":"https:\/\/quehacerpolitico.mx\/index.php?rest_route=%2Fwp%2Fv2%2Fcomments&post=92393"}],"version-history":[{"count":1,"href":"https:\/\/quehacerpolitico.mx\/index.php?rest_route=\/wp\/v2\/posts\/92393\/revisions"}],"predecessor-version":[{"id":92396,"href":"https:\/\/quehacerpolitico.mx\/index.php?rest_route=\/wp\/v2\/posts\/92393\/revisions\/92396"}],"wp:featuredmedia":[{"embeddable":true,"href":"https:\/\/quehacerpolitico.mx\/index.php?rest_route=\/wp\/v2\/media\/92395"}],"wp:attachment":[{"href":"https:\/\/quehacerpolitico.mx\/index.php?rest_route=%2Fwp%2Fv2%2Fmedia&parent=92393"}],"wp:term":[{"taxonomy":"category","embeddable":true,"href":"https:\/\/quehacerpolitico.mx\/index.php?rest_route=%2Fwp%2Fv2%2Fcategories&post=92393"},{"taxonomy":"post_tag","embeddable":true,"href":"https:\/\/quehacerpolitico.mx\/index.php?rest_route=%2Fwp%2Fv2%2Ftags&post=92393"}],"curies":[{"name":"wp","href":"https:\/\/api.w.org\/{rel}","templated":true}]}}