{"id":92384,"date":"2022-05-20T13:12:17","date_gmt":"2022-05-20T13:12:17","guid":{"rendered":"https:\/\/quehacerpolitico.mx\/?p=92384"},"modified":"2022-05-20T13:12:21","modified_gmt":"2022-05-20T13:12:21","slug":"internacionales-carolina-alonso-romei-un-infierno-lo-que-se-vive-en-el-donbas-zelenski","status":"publish","type":"post","link":"https:\/\/quehacerpolitico.mx\/?p=92384","title":{"rendered":"Internacionales\/\/\/Carolina Alonso Romei\/\/\/Un infierno lo que se vive en el Donbas: Zelenski"},"content":{"rendered":"\n<p>Por Carolina Alonso Romei<\/p>\n\n\n\n<p>Internacionalista <\/p>\n\n\n\n<p>El presidente ucraniano, Volodimir Zelenski, calific\u00f3 de \u201cinfierno\u201d la situaci\u00f3n en el Donb\u00e1s, donde tropas rusas intentan aumentar presi\u00f3n<\/p>\n\n\n\n<p>Los\u00a0<strong>bombardeos<\/strong>\u00a0de las\u00a0<strong>tropas rusas<\/strong>\u00a0contra medio centenar de poblaciones en el\u00a0<strong>Donb\u00e1s<\/strong>\u00a0han causado una\u00a0<strong>veintena de muertos<\/strong>, en un contexto que el presidente ucraniano,\u00a0<strong>Volod\u00edmir Zelenski,<\/strong>\u00a0califica de \u201c<strong>infierno<\/strong>\u201c.<\/p>\n\n\n\n<figure class=\"wp-block-embed is-type-video is-provider-youtube wp-block-embed-youtube wp-embed-aspect-16-9 wp-has-aspect-ratio\"><div class=\"wp-block-embed__wrapper\">\n<iframe loading=\"lazy\" title=\"Zelenski: &quot;Rusia est\u00e1 provocando un infierno en el Donbass&quot;\" width=\"640\" height=\"360\" src=\"https:\/\/www.youtube.com\/embed\/SfWEaCo8PwE?feature=oembed\" frameborder=\"0\" allow=\"accelerometer; autoplay; clipboard-write; encrypted-media; gyroscope; picture-in-picture; web-share\" referrerpolicy=\"strict-origin-when-cross-origin\" allowfullscreen><\/iframe>\n<\/div><\/figure>\n\n\n\n<p>Hasta 54 localidades en las regiones de\u00a0<strong>Donetsk<\/strong>\u00a0y\u00a0<strong>Lugansk<\/strong>\u00a0han sido duramente\u00a0<strong>castigadas<\/strong>\u00a0por la artiller\u00eda rusa en las\u00a0<strong>\u00faltimas 24 horas<\/strong>, con la muerte de veinte civiles, inform\u00f3 hoy la gubernamental\u00a0<strong>Agrupaci\u00f3n de Fuerzas Unidas ucraniana<\/strong>.<\/p>\n\n\n\n<p>Seg\u00fan la informaci\u00f3n operativa, unos veinte civiles murieron bajo el fuego enemigo y al menos cincuenta personas resultaron heridas\u201d, precisa la organizaci\u00f3n en un mensaje en Facebook que recoge la agencia Ukrinform<\/p>\n\n\n\n<p>Las operaciones de rescate y b\u00fasqueda se ven obstaculizadas por los ataques a\u00e9reos, los intensos ataques con misiles y bombardeos de artiller\u00eda por parte de las tropas rusas, indica.<\/p>\n\n\n\n<p>La Agrupaci\u00f3n de Fuerzas Unidas se\u00f1ala que \u201clos criminales de guerra de Mosc\u00fa siguen destruyendo la infraestructura del Donb\u00e1s\u201d, con da\u00f1os a un hospital, un albergue, un complejo deportivo y un centro comercial, entre otros edificios.<\/p>\n\n\n\n<h3 class=\"wp-block-heading\">Zelenski habla de \u201cinfierno en el Donb\u00e1s<\/h3>\n\n\n\n<p>El presidente ucraniano, Volodimir Zelenski, calific\u00f3 de \u201c<strong>infierno<\/strong>\u201d la situaci\u00f3n en el Donb\u00e1s, donde las tropas rusas intentan aumentar la presi\u00f3n, y afirm\u00f3 que los ataques rusos no tienen ninguna explicaci\u00f3n militar.<\/p>\n\n\n\n<p>Las fuerzas armadas de Ucrania siguen avanzando en la liberaci\u00f3n de la regi\u00f3n de Jarkov. Pero en el Donb\u00e1s los ocupantes intentan aumentar a\u00fan m\u00e1s la presi\u00f3n. Es un infierno, y no es una exageraci\u00f3n\u201d, afirm\u00f3 Zelenski.<\/p>\n\n\n\n<p>Se refiri\u00f3 al \u201cbombardeo brutal y sinsentido\u201d de&nbsp;<strong>Severodonetsk<\/strong>, donde \u201cs\u00f3lo en un d\u00eda hubo doce muertos y decenas de heridos\u201d.<\/p>\n\n\n\n<p>Aludi\u00f3 asimismo a los ataques rusos en la regi\u00f3n de&nbsp;<strong>Chern\u00edgov<\/strong>, en particular al \u201cterrible\u201d ataque en&nbsp;<strong>Desna<\/strong>, donde contin\u00faan las tareas de desescombro y donde hay muchos muertos, a los constantes ataques en la regi\u00f3n de&nbsp;<strong>Odesa<\/strong>, en las ciudades del centro de Ucrania, y al Donb\u00e1s \u201ccompletamente destruido\u201d.<\/p>\n\n\n\n<h3 class=\"wp-block-heading\">Azovstal<\/h3>\n\n\n\n<p>El&nbsp;<strong>Ministerio de Defensa de Rusia<\/strong>&nbsp;cifr\u00f3 este viernes en&nbsp;<strong>mil 908 los militares ucranianos<\/strong>&nbsp;que se rindieron en la acer\u00eda de&nbsp;<strong>Azovstal<\/strong>, en&nbsp;<strong>Mari\u00fapol<\/strong>, en el sur de Ucrania, en los \u00faltimos d\u00edas.<\/p>\n\n\n\n<p>El ministro de Defensa,\u00a0<strong>Sergu\u00e9i Shoig\u00fa<\/strong>, dijo durante una reuni\u00f3n de la plana mayor del Ej\u00e9rcito, transmitida por la televisi\u00f3n rusa, que prosigue el bloqueo de la acer\u00eda por parte de sus fuerzas.<\/p>\n\n\n\n<figure class=\"wp-block-embed is-type-video is-provider-youtube wp-block-embed-youtube wp-embed-aspect-16-9 wp-has-aspect-ratio\"><div class=\"wp-block-embed__wrapper\">\n<iframe loading=\"lazy\" title=\"Legisladores de la l\u00ednea dura en Rusia piden la muerte de los soldados ucranianos capturados\" width=\"640\" height=\"360\" src=\"https:\/\/www.youtube.com\/embed\/Zg15mklC404?feature=oembed\" frameborder=\"0\" allow=\"accelerometer; autoplay; clipboard-write; encrypted-media; gyroscope; picture-in-picture; web-share\" referrerpolicy=\"strict-origin-when-cross-origin\" allowfullscreen><\/iframe>\n<\/div><\/figure>\n\n\n\n<p>Shoig\u00fa asegur\u00f3 que de la planta metal\u00fargica Azovstal han salido tambi\u00e9n \u201c177 civiles, entre ellos 85 mujeres y 47 ni\u00f1os\u201d.<\/p>\n\n\n\n<p>Dijo adem\u00e1s a los mandos militares que pronto las fuerzas de Mosc\u00fa tomar\u00e1n bajo su control todo el territorio de la regi\u00f3n de Lugansk.<\/p>\n\n\n\n<p>Se acerca la liberaci\u00f3n de la rep\u00fablica popular de Lugansk\u201d, agreg\u00f3 e indic\u00f3 que las milicias de las rep\u00fablicas autoproclamadas junto con las fuerzas rusas \u201ccontin\u00faan aumentando el control sobre territorios del Donb\u00e1s\u201d.<\/p>\n\n\n\n<h3 class=\"wp-block-heading\">Rusia y la OTAN<\/h3>\n\n\n\n<p>Rusia crear\u00e1 doce unidades militares en la frontera occidental antes de fin de a\u00f1o para responder a las amenazas de la\u00a0<strong>OTAN<\/strong>y la futura incorporaci\u00f3n de\u00a0<strong>Finlandia<\/strong>\u00a0y Suecia a la Alianza Atl\u00e1ntica, dijo tambi\u00e9n hoy\u00a0<strong>Sergu\u00e9i Shoig\u00fa<\/strong>.<\/p>\n\n\n\n<p>Nuestros vecinos m\u00e1s cercanos, Finlandia y Suecia, han solicitado unirse a la OTAN. Por lo tanto, la tensi\u00f3n contin\u00faa creciendo en el \u00e1rea de responsabilidad del Distrito Militar Occidental, dijo Shoig\u00fa en la reuni\u00f3n con militares.<\/p>\n\n\n\n<p>\u201cEstamos tomando las contramedidas adecuadas. Bajo estas condiciones, estamos mejorando activamente la composici\u00f3n de combate de las tropas. Para fin de a\u00f1o, se formar\u00e1n 12 unidades y subunidades militares en el Distrito Militar Occidental\u201d, afirm\u00f3.<\/p>\n\n\n\n<p>El titular de Defensa de Rusia indic\u00f3 que adem\u00e1s este a\u00f1o las tropas rusas recibir\u00e1n m\u00e1s de 2.000 armas modernas y equipos militares.<\/p>\n\n\n\n<p>Seg\u00fan Shoig\u00fa, en general, la situaci\u00f3n en el flanco estrat\u00e9gico occidental \u201cse caracteriza por un aumento de las amenazas militares cerca de las fronteras rusas\u201d.<\/p>\n\n\n\n<p>Con informaci\u00f3n de EFE<\/p>\n","protected":false},"excerpt":{"rendered":"<p>Por Carolina Alonso Romei Internacionalista El presidente ucraniano, Volodimir Zelenski, calific\u00f3 de \u201cinfierno\u201d la situaci\u00f3n&#8230;<\/p>\n","protected":false},"author":2,"featured_media":92385,"comment_status":"open","ping_status":"open","sticky":false,"template":"","format":"standard","meta":{"_monsterinsights_skip_tracking":false,"_monsterinsights_sitenote_active":false,"_monsterinsights_sitenote_note":"","_monsterinsights_sitenote_category":0,"footnotes":""},"categories":[1],"tags":[],"class_list":["post-92384","post","type-post","status-publish","format-standard","has-post-thumbnail","hentry","category-sin-categoria"],"yoast_head":"<!-- This site is optimized with the Yoast SEO plugin v27.3 - https:\/\/yoast.com\/product\/yoast-seo-wordpress\/ -->\n<title>Internacionales\/\/\/Carolina Alonso Romei\/\/\/Un infierno lo que se vive en el Donbas: Zelenski -<\/title>\n<meta name=\"robots\" content=\"index, follow, max-snippet:-1, max-image-preview:large, max-video-preview:-1\" \/>\n<link rel=\"canonical\" href=\"https:\/\/quehacerpolitico.mx\/?p=92384\" \/>\n<meta property=\"og:locale\" content=\"es_MX\" \/>\n<meta property=\"og:type\" content=\"article\" \/>\n<meta property=\"og:title\" content=\"Internacionales\/\/\/Carolina Alonso Romei\/\/\/Un infierno lo que se vive en el Donbas: Zelenski -\" \/>\n<meta property=\"og:description\" content=\"Por Carolina Alonso Romei Internacionalista El presidente ucraniano, Volodimir Zelenski, calific\u00f3 de \u201cinfierno\u201d la situaci\u00f3n...\" \/>\n<meta property=\"og:url\" content=\"https:\/\/quehacerpolitico.mx\/?p=92384\" \/>\n<meta property=\"article:published_time\" content=\"2022-05-20T13:12:17+00:00\" \/>\n<meta property=\"article:modified_time\" content=\"2022-05-20T13:12:21+00:00\" \/>\n<meta property=\"og:image\" content=\"https:\/\/quehacerpolitico.mx\/wp-content\/uploads\/2022\/05\/1BFB3C39-1368-4E8E-A58D-8C56798689F3.jpeg\" \/>\n\t<meta property=\"og:image:width\" content=\"1284\" \/>\n\t<meta property=\"og:image:height\" content=\"693\" \/>\n\t<meta property=\"og:image:type\" content=\"image\/jpeg\" \/>\n<meta name=\"author\" content=\"Redacci\u00f3n QP\" \/>\n<meta name=\"twitter:card\" content=\"summary_large_image\" \/>\n<meta name=\"twitter:label1\" content=\"Escrito por\" \/>\n\t<meta name=\"twitter:data1\" content=\"Redacci\u00f3n QP\" \/>\n\t<meta name=\"twitter:label2\" content=\"Tiempo de lectura\" \/>\n\t<meta name=\"twitter:data2\" content=\"4 minutos\" \/>\n<script type=\"application\/ld+json\" class=\"yoast-schema-graph\">{\"@context\":\"https:\\\/\\\/schema.org\",\"@graph\":[{\"@type\":\"Article\",\"@id\":\"https:\\\/\\\/quehacerpolitico.mx\\\/?p=92384#article\",\"isPartOf\":{\"@id\":\"https:\\\/\\\/quehacerpolitico.mx\\\/?p=92384\"},\"author\":{\"name\":\"Redacci\u00f3n QP\",\"@id\":\"https:\\\/\\\/quehacerpolitico.mx\\\/#\\\/schema\\\/person\\\/496d8ad2d1d3f8036101dca7ee39e585\"},\"headline\":\"Internacionales\\\/\\\/\\\/Carolina Alonso Romei\\\/\\\/\\\/Un infierno lo que se vive en el Donbas: Zelenski\",\"datePublished\":\"2022-05-20T13:12:17+00:00\",\"dateModified\":\"2022-05-20T13:12:21+00:00\",\"mainEntityOfPage\":{\"@id\":\"https:\\\/\\\/quehacerpolitico.mx\\\/?p=92384\"},\"wordCount\":749,\"commentCount\":0,\"image\":{\"@id\":\"https:\\\/\\\/quehacerpolitico.mx\\\/?p=92384#primaryimage\"},\"thumbnailUrl\":\"https:\\\/\\\/quehacerpolitico.mx\\\/wp-content\\\/uploads\\\/2022\\\/05\\\/1BFB3C39-1368-4E8E-A58D-8C56798689F3.jpeg\",\"articleSection\":[\"Internacionales\"],\"inLanguage\":\"es\",\"potentialAction\":[{\"@type\":\"CommentAction\",\"name\":\"Comment\",\"target\":[\"https:\\\/\\\/quehacerpolitico.mx\\\/?p=92384#respond\"]}]},{\"@type\":\"WebPage\",\"@id\":\"https:\\\/\\\/quehacerpolitico.mx\\\/?p=92384\",\"url\":\"https:\\\/\\\/quehacerpolitico.mx\\\/?p=92384\",\"name\":\"Internacionales\\\/\\\/\\\/Carolina Alonso Romei\\\/\\\/\\\/Un infierno lo que se vive en el Donbas: Zelenski -\",\"isPartOf\":{\"@id\":\"https:\\\/\\\/quehacerpolitico.mx\\\/#website\"},\"primaryImageOfPage\":{\"@id\":\"https:\\\/\\\/quehacerpolitico.mx\\\/?p=92384#primaryimage\"},\"image\":{\"@id\":\"https:\\\/\\\/quehacerpolitico.mx\\\/?p=92384#primaryimage\"},\"thumbnailUrl\":\"https:\\\/\\\/quehacerpolitico.mx\\\/wp-content\\\/uploads\\\/2022\\\/05\\\/1BFB3C39-1368-4E8E-A58D-8C56798689F3.jpeg\",\"datePublished\":\"2022-05-20T13:12:17+00:00\",\"dateModified\":\"2022-05-20T13:12:21+00:00\",\"author\":{\"@id\":\"https:\\\/\\\/quehacerpolitico.mx\\\/#\\\/schema\\\/person\\\/496d8ad2d1d3f8036101dca7ee39e585\"},\"breadcrumb\":{\"@id\":\"https:\\\/\\\/quehacerpolitico.mx\\\/?p=92384#breadcrumb\"},\"inLanguage\":\"es\",\"potentialAction\":[{\"@type\":\"ReadAction\",\"target\":[\"https:\\\/\\\/quehacerpolitico.mx\\\/?p=92384\"]}]},{\"@type\":\"ImageObject\",\"inLanguage\":\"es\",\"@id\":\"https:\\\/\\\/quehacerpolitico.mx\\\/?p=92384#primaryimage\",\"url\":\"https:\\\/\\\/quehacerpolitico.mx\\\/wp-content\\\/uploads\\\/2022\\\/05\\\/1BFB3C39-1368-4E8E-A58D-8C56798689F3.jpeg\",\"contentUrl\":\"https:\\\/\\\/quehacerpolitico.mx\\\/wp-content\\\/uploads\\\/2022\\\/05\\\/1BFB3C39-1368-4E8E-A58D-8C56798689F3.jpeg\",\"width\":1284,\"height\":693},{\"@type\":\"BreadcrumbList\",\"@id\":\"https:\\\/\\\/quehacerpolitico.mx\\\/?p=92384#breadcrumb\",\"itemListElement\":[{\"@type\":\"ListItem\",\"position\":1,\"name\":\"Inicio\",\"item\":\"https:\\\/\\\/quehacerpolitico.mx\\\/\"},{\"@type\":\"ListItem\",\"position\":2,\"name\":\"Internacionales\\\/\\\/\\\/Carolina Alonso Romei\\\/\\\/\\\/Un infierno lo que se vive en el Donbas: Zelenski\"}]},{\"@type\":\"WebSite\",\"@id\":\"https:\\\/\\\/quehacerpolitico.mx\\\/#website\",\"url\":\"https:\\\/\\\/quehacerpolitico.mx\\\/\",\"name\":\"\",\"description\":\"\",\"potentialAction\":[{\"@type\":\"SearchAction\",\"target\":{\"@type\":\"EntryPoint\",\"urlTemplate\":\"https:\\\/\\\/quehacerpolitico.mx\\\/?s={search_term_string}\"},\"query-input\":{\"@type\":\"PropertyValueSpecification\",\"valueRequired\":true,\"valueName\":\"search_term_string\"}}],\"inLanguage\":\"es\"},{\"@type\":\"Person\",\"@id\":\"https:\\\/\\\/quehacerpolitico.mx\\\/#\\\/schema\\\/person\\\/496d8ad2d1d3f8036101dca7ee39e585\",\"name\":\"Redacci\u00f3n QP\",\"image\":{\"@type\":\"ImageObject\",\"inLanguage\":\"es\",\"@id\":\"https:\\\/\\\/secure.gravatar.com\\\/avatar\\\/c7164ed6fdec453195284ad24a5ae5b6e1eed2b848477fa2a4787ba9adf39a41?s=96&d=mm&r=g\",\"url\":\"https:\\\/\\\/secure.gravatar.com\\\/avatar\\\/c7164ed6fdec453195284ad24a5ae5b6e1eed2b848477fa2a4787ba9adf39a41?s=96&d=mm&r=g\",\"contentUrl\":\"https:\\\/\\\/secure.gravatar.com\\\/avatar\\\/c7164ed6fdec453195284ad24a5ae5b6e1eed2b848477fa2a4787ba9adf39a41?s=96&d=mm&r=g\",\"caption\":\"Redacci\u00f3n QP\"},\"url\":\"https:\\\/\\\/quehacerpolitico.mx\\\/?author=2\"}]}<\/script>\n<!-- \/ Yoast SEO plugin. -->","yoast_head_json":{"title":"Internacionales\/\/\/Carolina Alonso Romei\/\/\/Un infierno lo que se vive en el Donbas: Zelenski -","robots":{"index":"index","follow":"follow","max-snippet":"max-snippet:-1","max-image-preview":"max-image-preview:large","max-video-preview":"max-video-preview:-1"},"canonical":"https:\/\/quehacerpolitico.mx\/?p=92384","og_locale":"es_MX","og_type":"article","og_title":"Internacionales\/\/\/Carolina Alonso Romei\/\/\/Un infierno lo que se vive en el Donbas: Zelenski -","og_description":"Por Carolina Alonso Romei Internacionalista El presidente ucraniano, Volodimir Zelenski, calific\u00f3 de \u201cinfierno\u201d la situaci\u00f3n...","og_url":"https:\/\/quehacerpolitico.mx\/?p=92384","article_published_time":"2022-05-20T13:12:17+00:00","article_modified_time":"2022-05-20T13:12:21+00:00","og_image":[{"width":1284,"height":693,"url":"https:\/\/quehacerpolitico.mx\/wp-content\/uploads\/2022\/05\/1BFB3C39-1368-4E8E-A58D-8C56798689F3.jpeg","type":"image\/jpeg"}],"author":"Redacci\u00f3n QP","twitter_card":"summary_large_image","twitter_misc":{"Escrito por":"Redacci\u00f3n QP","Tiempo de lectura":"4 minutos"},"schema":{"@context":"https:\/\/schema.org","@graph":[{"@type":"Article","@id":"https:\/\/quehacerpolitico.mx\/?p=92384#article","isPartOf":{"@id":"https:\/\/quehacerpolitico.mx\/?p=92384"},"author":{"name":"Redacci\u00f3n QP","@id":"https:\/\/quehacerpolitico.mx\/#\/schema\/person\/496d8ad2d1d3f8036101dca7ee39e585"},"headline":"Internacionales\/\/\/Carolina Alonso Romei\/\/\/Un infierno lo que se vive en el Donbas: Zelenski","datePublished":"2022-05-20T13:12:17+00:00","dateModified":"2022-05-20T13:12:21+00:00","mainEntityOfPage":{"@id":"https:\/\/quehacerpolitico.mx\/?p=92384"},"wordCount":749,"commentCount":0,"image":{"@id":"https:\/\/quehacerpolitico.mx\/?p=92384#primaryimage"},"thumbnailUrl":"https:\/\/quehacerpolitico.mx\/wp-content\/uploads\/2022\/05\/1BFB3C39-1368-4E8E-A58D-8C56798689F3.jpeg","articleSection":["Internacionales"],"inLanguage":"es","potentialAction":[{"@type":"CommentAction","name":"Comment","target":["https:\/\/quehacerpolitico.mx\/?p=92384#respond"]}]},{"@type":"WebPage","@id":"https:\/\/quehacerpolitico.mx\/?p=92384","url":"https:\/\/quehacerpolitico.mx\/?p=92384","name":"Internacionales\/\/\/Carolina Alonso Romei\/\/\/Un infierno lo que se vive en el Donbas: Zelenski -","isPartOf":{"@id":"https:\/\/quehacerpolitico.mx\/#website"},"primaryImageOfPage":{"@id":"https:\/\/quehacerpolitico.mx\/?p=92384#primaryimage"},"image":{"@id":"https:\/\/quehacerpolitico.mx\/?p=92384#primaryimage"},"thumbnailUrl":"https:\/\/quehacerpolitico.mx\/wp-content\/uploads\/2022\/05\/1BFB3C39-1368-4E8E-A58D-8C56798689F3.jpeg","datePublished":"2022-05-20T13:12:17+00:00","dateModified":"2022-05-20T13:12:21+00:00","author":{"@id":"https:\/\/quehacerpolitico.mx\/#\/schema\/person\/496d8ad2d1d3f8036101dca7ee39e585"},"breadcrumb":{"@id":"https:\/\/quehacerpolitico.mx\/?p=92384#breadcrumb"},"inLanguage":"es","potentialAction":[{"@type":"ReadAction","target":["https:\/\/quehacerpolitico.mx\/?p=92384"]}]},{"@type":"ImageObject","inLanguage":"es","@id":"https:\/\/quehacerpolitico.mx\/?p=92384#primaryimage","url":"https:\/\/quehacerpolitico.mx\/wp-content\/uploads\/2022\/05\/1BFB3C39-1368-4E8E-A58D-8C56798689F3.jpeg","contentUrl":"https:\/\/quehacerpolitico.mx\/wp-content\/uploads\/2022\/05\/1BFB3C39-1368-4E8E-A58D-8C56798689F3.jpeg","width":1284,"height":693},{"@type":"BreadcrumbList","@id":"https:\/\/quehacerpolitico.mx\/?p=92384#breadcrumb","itemListElement":[{"@type":"ListItem","position":1,"name":"Inicio","item":"https:\/\/quehacerpolitico.mx\/"},{"@type":"ListItem","position":2,"name":"Internacionales\/\/\/Carolina Alonso Romei\/\/\/Un infierno lo que se vive en el Donbas: Zelenski"}]},{"@type":"WebSite","@id":"https:\/\/quehacerpolitico.mx\/#website","url":"https:\/\/quehacerpolitico.mx\/","name":"","description":"","potentialAction":[{"@type":"SearchAction","target":{"@type":"EntryPoint","urlTemplate":"https:\/\/quehacerpolitico.mx\/?s={search_term_string}"},"query-input":{"@type":"PropertyValueSpecification","valueRequired":true,"valueName":"search_term_string"}}],"inLanguage":"es"},{"@type":"Person","@id":"https:\/\/quehacerpolitico.mx\/#\/schema\/person\/496d8ad2d1d3f8036101dca7ee39e585","name":"Redacci\u00f3n QP","image":{"@type":"ImageObject","inLanguage":"es","@id":"https:\/\/secure.gravatar.com\/avatar\/c7164ed6fdec453195284ad24a5ae5b6e1eed2b848477fa2a4787ba9adf39a41?s=96&d=mm&r=g","url":"https:\/\/secure.gravatar.com\/avatar\/c7164ed6fdec453195284ad24a5ae5b6e1eed2b848477fa2a4787ba9adf39a41?s=96&d=mm&r=g","contentUrl":"https:\/\/secure.gravatar.com\/avatar\/c7164ed6fdec453195284ad24a5ae5b6e1eed2b848477fa2a4787ba9adf39a41?s=96&d=mm&r=g","caption":"Redacci\u00f3n QP"},"url":"https:\/\/quehacerpolitico.mx\/?author=2"}]}},"featured_image_urls":{"full":["https:\/\/quehacerpolitico.mx\/wp-content\/uploads\/2022\/05\/1BFB3C39-1368-4E8E-A58D-8C56798689F3.jpeg",1284,693,false],"thumbnail":["https:\/\/quehacerpolitico.mx\/wp-content\/uploads\/2022\/05\/1BFB3C39-1368-4E8E-A58D-8C56798689F3-150x150.jpeg",150,150,true],"medium":["https:\/\/quehacerpolitico.mx\/wp-content\/uploads\/2022\/05\/1BFB3C39-1368-4E8E-A58D-8C56798689F3-300x162.jpeg",300,162,true],"medium_large":["https:\/\/quehacerpolitico.mx\/wp-content\/uploads\/2022\/05\/1BFB3C39-1368-4E8E-A58D-8C56798689F3-768x415.jpeg",640,346,true],"large":["https:\/\/quehacerpolitico.mx\/wp-content\/uploads\/2022\/05\/1BFB3C39-1368-4E8E-A58D-8C56798689F3-1024x553.jpeg",640,346,true],"1536x1536":["https:\/\/quehacerpolitico.mx\/wp-content\/uploads\/2022\/05\/1BFB3C39-1368-4E8E-A58D-8C56798689F3.jpeg",1284,693,false],"2048x2048":["https:\/\/quehacerpolitico.mx\/wp-content\/uploads\/2022\/05\/1BFB3C39-1368-4E8E-A58D-8C56798689F3.jpeg",1284,693,false],"covernews-featured":["https:\/\/quehacerpolitico.mx\/wp-content\/uploads\/2022\/05\/1BFB3C39-1368-4E8E-A58D-8C56798689F3.jpeg",1024,553,false],"covernews-medium":["https:\/\/quehacerpolitico.mx\/wp-content\/uploads\/2022\/05\/1BFB3C39-1368-4E8E-A58D-8C56798689F3.jpeg",540,291,false]},"author_info":{"display_name":"Redacci\u00f3n QP","author_link":"https:\/\/quehacerpolitico.mx\/?author=2"},"category_info":"<a href=\"https:\/\/quehacerpolitico.mx\/?cat=1\" rel=\"category\">Internacionales<\/a>","tag_info":"Internacionales","comment_count":"0","_links":{"self":[{"href":"https:\/\/quehacerpolitico.mx\/index.php?rest_route=\/wp\/v2\/posts\/92384","targetHints":{"allow":["GET"]}}],"collection":[{"href":"https:\/\/quehacerpolitico.mx\/index.php?rest_route=\/wp\/v2\/posts"}],"about":[{"href":"https:\/\/quehacerpolitico.mx\/index.php?rest_route=\/wp\/v2\/types\/post"}],"author":[{"embeddable":true,"href":"https:\/\/quehacerpolitico.mx\/index.php?rest_route=\/wp\/v2\/users\/2"}],"replies":[{"embeddable":true,"href":"https:\/\/quehacerpolitico.mx\/index.php?rest_route=%2Fwp%2Fv2%2Fcomments&post=92384"}],"version-history":[{"count":1,"href":"https:\/\/quehacerpolitico.mx\/index.php?rest_route=\/wp\/v2\/posts\/92384\/revisions"}],"predecessor-version":[{"id":92386,"href":"https:\/\/quehacerpolitico.mx\/index.php?rest_route=\/wp\/v2\/posts\/92384\/revisions\/92386"}],"wp:featuredmedia":[{"embeddable":true,"href":"https:\/\/quehacerpolitico.mx\/index.php?rest_route=\/wp\/v2\/media\/92385"}],"wp:attachment":[{"href":"https:\/\/quehacerpolitico.mx\/index.php?rest_route=%2Fwp%2Fv2%2Fmedia&parent=92384"}],"wp:term":[{"taxonomy":"category","embeddable":true,"href":"https:\/\/quehacerpolitico.mx\/index.php?rest_route=%2Fwp%2Fv2%2Fcategories&post=92384"},{"taxonomy":"post_tag","embeddable":true,"href":"https:\/\/quehacerpolitico.mx\/index.php?rest_route=%2Fwp%2Fv2%2Ftags&post=92384"}],"curies":[{"name":"wp","href":"https:\/\/api.w.org\/{rel}","templated":true}]}}