{"id":92375,"date":"2022-05-19T14:25:25","date_gmt":"2022-05-19T14:25:25","guid":{"rendered":"https:\/\/quehacerpolitico.mx\/?p=92375"},"modified":"2022-05-19T14:25:28","modified_gmt":"2022-05-19T14:25:28","slug":"aczino-y-amlo-lo-respalda-el-freestyler-defiende-a-lopez-obrador-de-eminem","status":"publish","type":"post","link":"https:\/\/quehacerpolitico.mx\/?p=92375","title":{"rendered":"Aczino y AMLO: \u00a1Lo respalda! El freestyler defiende a L\u00f3pez Obrador de Eminem\u00a0"},"content":{"rendered":"\n<p>Por Redacci\u00f3n QP<\/p>\n\n\n\n<p>Luego de la canci\u00f3n que se viraliz\u00f3 en redes sociales de Eminem\u00a0sobre L\u00f3pez Obrador, el rapero Aczino sali\u00f3 a su defensa; esto dice<\/p>\n\n\n\n<p>Hace unos d\u00edas se viraliz\u00f3 una canci\u00f3n del rapero<strong>&#8220;Eminem&#8221;<\/strong>, la cual supuestamente fue dedicada al Presidente de M\u00e9xico&nbsp;<strong>Andr\u00e9s Manuel L\u00f3pez Obrador<\/strong>, por lo que las redes sociales se encendieron con dicho tema.&nbsp;<\/p>\n\n\n\n<p>Ahora que la canci\u00f3n ha sido escuchada por millones de personas y muchos se alegraron por el tema, sin embargo el freestyler mexicano\u00a0<strong>Mauricio Hern\u00e1ndez<\/strong>, mejor conocido como\u00a0<strong>&#8220;Aczino&#8221;<\/strong>\u00a0sali\u00f3 a la defensa del mandatario.<\/p>\n\n\n\n<p>A trav\u00e9s de la cuenta de Twitter del rapero, escribi\u00f3 un mensaje mostrando su apoyo a L\u00f3pez Obrador y est\u00e1 dispuesto a ayudarlo en caso de necesitar ayuda, esto a manera de broma.<\/p>\n\n\n\n<p><strong>&#8220;Se\u00f1or presidente si quiere paro vs\u00a0Eminemnom\u00e1s\u00a0use el tel\u00e9fono rojo y ah\u00ed estar\u00e9&#8221;<\/strong>,\u00a0expres\u00f3 el rapero.<\/p>\n\n\n\n<figure class=\"wp-block-embed is-type-rich is-provider-twitter wp-block-embed-twitter\"><div class=\"wp-block-embed__wrapper\">\n<blockquote class=\"twitter-tweet\" data-width=\"550\" data-dnt=\"true\"><p lang=\"es\" dir=\"ltr\">Se\u00f1or presidente si quiere paro vs Eminem nom\u00e1s use el tel\u00e9fono rojo y ah\u00ed estar\u00e9 \ud83e\udd1f\ud83c\udffd<\/p>&mdash; The Only \ud83d\udc10 (@aczino) <a href=\"https:\/\/twitter.com\/aczino\/status\/1527011660099108866?ref_src=twsrc%5Etfw\">May 18, 2022<\/a><\/blockquote><script async src=\"https:\/\/platform.twitter.com\/widgets.js\" charset=\"utf-8\"><\/script>\n<\/div><\/figure>\n\n\n\n<p>&#8220;Aczino&#8221; es considerado el mejor freestyler de M\u00e9xico y del mundo, llegando a ganar competiciones como la\u00a0<strong>FMS\u00a0M\u00e9xico,\u00a0FMSInternacional,\u00a0 Red\u00a0Bull\u00a0Batalla de los Gallos,\u00a0God\u00a0Level, entre otras.<\/strong><\/p>\n\n\n\n<h2 class=\"wp-block-heading\">La supuesta canci\u00f3n de Eminem a L\u00f3pez Obrador<\/h2>\n\n\n\n<p>Supuesto rap para L\u00f3pez Obrador. El pasado 16 de mayo, se viraliz\u00f3 un video en el que supuestamente Eminem expone algunas inconsistencias durante la gesti\u00f3n del mandatario mexicano durante un rap de breve duraci\u00f3n, pero lo que parec\u00eda ser un aut\u00e9ntico &#8220;battle&#8221;, result\u00f3 no serlo, pues las y los adeptos del hip-hop aseguran que se trata de un montaje musical.<\/p>\n\n\n\n<p>Son muchos los indicios que sugieren que las rimas en las que se escucha a Eminem cuestionarse,\u00a0<strong>&#8220;\u00bfSabes lo que pasa en M\u00e9xico?&#8221;<\/strong>\u00a0no son reales.<\/p>\n\n\n\n<p>En principio, fans del rapero se dieron a la tarea de analizar de d\u00f3nde proven\u00eda el &#8220;beatjugglin&#8221;, el ritmo que daba pauta a la supuesta rima. Se trataba del programa &#8220;DistroKid&#8221;, distribuidora de m\u00fasica que habitualmente es utilizada por m\u00fasicos independientes para promocionar sus creaciones en las plataformas de streaming, servicio que el rapero no necesita, ya que en los \u00faltimos a\u00f1os ha concentrado su carrera en la producci\u00f3n musical.<\/p>\n\n\n\n<p>Con informaci\u00f3n de SUN<\/p>\n","protected":false},"excerpt":{"rendered":"<p>Por Redacci\u00f3n QP Luego de la canci\u00f3n que se viraliz\u00f3 en redes sociales de Eminem\u00a0sobre&#8230;<\/p>\n","protected":false},"author":2,"featured_media":92376,"comment_status":"open","ping_status":"open","sticky":false,"template":"","format":"standard","meta":{"_monsterinsights_skip_tracking":false,"_monsterinsights_sitenote_active":false,"_monsterinsights_sitenote_note":"","_monsterinsights_sitenote_category":0,"footnotes":""},"categories":[58],"tags":[],"class_list":["post-92375","post","type-post","status-publish","format-standard","has-post-thumbnail","hentry","category-cultura"],"yoast_head":"<!-- This site is optimized with the Yoast SEO plugin v27.3 - https:\/\/yoast.com\/product\/yoast-seo-wordpress\/ -->\n<title>Aczino y AMLO: \u00a1Lo respalda! El freestyler defiende a L\u00f3pez Obrador de Eminem\u00a0 -<\/title>\n<meta name=\"robots\" content=\"index, follow, max-snippet:-1, max-image-preview:large, max-video-preview:-1\" \/>\n<link rel=\"canonical\" href=\"https:\/\/quehacerpolitico.mx\/?p=92375\" \/>\n<meta property=\"og:locale\" content=\"es_MX\" \/>\n<meta property=\"og:type\" content=\"article\" \/>\n<meta property=\"og:title\" content=\"Aczino y AMLO: \u00a1Lo respalda! El freestyler defiende a L\u00f3pez Obrador de Eminem\u00a0 -\" \/>\n<meta property=\"og:description\" content=\"Por Redacci\u00f3n QP Luego de la canci\u00f3n que se viraliz\u00f3 en redes sociales de Eminem\u00a0sobre...\" \/>\n<meta property=\"og:url\" content=\"https:\/\/quehacerpolitico.mx\/?p=92375\" \/>\n<meta property=\"article:published_time\" content=\"2022-05-19T14:25:25+00:00\" \/>\n<meta property=\"article:modified_time\" content=\"2022-05-19T14:25:28+00:00\" \/>\n<meta property=\"og:image\" content=\"https:\/\/quehacerpolitico.mx\/wp-content\/uploads\/2022\/05\/DDE09EE8-C6BF-46CB-B2E8-F08CBC8204AC.jpeg\" \/>\n\t<meta property=\"og:image:width\" content=\"608\" \/>\n\t<meta property=\"og:image:height\" content=\"342\" \/>\n\t<meta property=\"og:image:type\" content=\"image\/jpeg\" \/>\n<meta name=\"author\" content=\"Redacci\u00f3n QP\" \/>\n<meta name=\"twitter:card\" content=\"summary_large_image\" \/>\n<meta name=\"twitter:label1\" content=\"Escrito por\" \/>\n\t<meta name=\"twitter:data1\" content=\"Redacci\u00f3n QP\" \/>\n\t<meta name=\"twitter:label2\" content=\"Tiempo de lectura\" \/>\n\t<meta name=\"twitter:data2\" content=\"2 minutos\" \/>\n<script type=\"application\/ld+json\" class=\"yoast-schema-graph\">{\"@context\":\"https:\\\/\\\/schema.org\",\"@graph\":[{\"@type\":\"Article\",\"@id\":\"https:\\\/\\\/quehacerpolitico.mx\\\/?p=92375#article\",\"isPartOf\":{\"@id\":\"https:\\\/\\\/quehacerpolitico.mx\\\/?p=92375\"},\"author\":{\"name\":\"Redacci\u00f3n QP\",\"@id\":\"https:\\\/\\\/quehacerpolitico.mx\\\/#\\\/schema\\\/person\\\/496d8ad2d1d3f8036101dca7ee39e585\"},\"headline\":\"Aczino y AMLO: \u00a1Lo respalda! El freestyler defiende a L\u00f3pez Obrador de Eminem\u00a0\",\"datePublished\":\"2022-05-19T14:25:25+00:00\",\"dateModified\":\"2022-05-19T14:25:28+00:00\",\"mainEntityOfPage\":{\"@id\":\"https:\\\/\\\/quehacerpolitico.mx\\\/?p=92375\"},\"wordCount\":404,\"commentCount\":0,\"image\":{\"@id\":\"https:\\\/\\\/quehacerpolitico.mx\\\/?p=92375#primaryimage\"},\"thumbnailUrl\":\"https:\\\/\\\/quehacerpolitico.mx\\\/wp-content\\\/uploads\\\/2022\\\/05\\\/DDE09EE8-C6BF-46CB-B2E8-F08CBC8204AC.jpeg\",\"articleSection\":[\"Cultura y Entretenimiento\"],\"inLanguage\":\"es\",\"potentialAction\":[{\"@type\":\"CommentAction\",\"name\":\"Comment\",\"target\":[\"https:\\\/\\\/quehacerpolitico.mx\\\/?p=92375#respond\"]}]},{\"@type\":\"WebPage\",\"@id\":\"https:\\\/\\\/quehacerpolitico.mx\\\/?p=92375\",\"url\":\"https:\\\/\\\/quehacerpolitico.mx\\\/?p=92375\",\"name\":\"Aczino y AMLO: \u00a1Lo respalda! El freestyler defiende a L\u00f3pez Obrador de Eminem\u00a0 -\",\"isPartOf\":{\"@id\":\"https:\\\/\\\/quehacerpolitico.mx\\\/#website\"},\"primaryImageOfPage\":{\"@id\":\"https:\\\/\\\/quehacerpolitico.mx\\\/?p=92375#primaryimage\"},\"image\":{\"@id\":\"https:\\\/\\\/quehacerpolitico.mx\\\/?p=92375#primaryimage\"},\"thumbnailUrl\":\"https:\\\/\\\/quehacerpolitico.mx\\\/wp-content\\\/uploads\\\/2022\\\/05\\\/DDE09EE8-C6BF-46CB-B2E8-F08CBC8204AC.jpeg\",\"datePublished\":\"2022-05-19T14:25:25+00:00\",\"dateModified\":\"2022-05-19T14:25:28+00:00\",\"author\":{\"@id\":\"https:\\\/\\\/quehacerpolitico.mx\\\/#\\\/schema\\\/person\\\/496d8ad2d1d3f8036101dca7ee39e585\"},\"breadcrumb\":{\"@id\":\"https:\\\/\\\/quehacerpolitico.mx\\\/?p=92375#breadcrumb\"},\"inLanguage\":\"es\",\"potentialAction\":[{\"@type\":\"ReadAction\",\"target\":[\"https:\\\/\\\/quehacerpolitico.mx\\\/?p=92375\"]}]},{\"@type\":\"ImageObject\",\"inLanguage\":\"es\",\"@id\":\"https:\\\/\\\/quehacerpolitico.mx\\\/?p=92375#primaryimage\",\"url\":\"https:\\\/\\\/quehacerpolitico.mx\\\/wp-content\\\/uploads\\\/2022\\\/05\\\/DDE09EE8-C6BF-46CB-B2E8-F08CBC8204AC.jpeg\",\"contentUrl\":\"https:\\\/\\\/quehacerpolitico.mx\\\/wp-content\\\/uploads\\\/2022\\\/05\\\/DDE09EE8-C6BF-46CB-B2E8-F08CBC8204AC.jpeg\",\"width\":608,\"height\":342},{\"@type\":\"BreadcrumbList\",\"@id\":\"https:\\\/\\\/quehacerpolitico.mx\\\/?p=92375#breadcrumb\",\"itemListElement\":[{\"@type\":\"ListItem\",\"position\":1,\"name\":\"Inicio\",\"item\":\"https:\\\/\\\/quehacerpolitico.mx\\\/\"},{\"@type\":\"ListItem\",\"position\":2,\"name\":\"Aczino y AMLO: \u00a1Lo respalda! El freestyler defiende a L\u00f3pez Obrador de Eminem\u00a0\"}]},{\"@type\":\"WebSite\",\"@id\":\"https:\\\/\\\/quehacerpolitico.mx\\\/#website\",\"url\":\"https:\\\/\\\/quehacerpolitico.mx\\\/\",\"name\":\"\",\"description\":\"\",\"potentialAction\":[{\"@type\":\"SearchAction\",\"target\":{\"@type\":\"EntryPoint\",\"urlTemplate\":\"https:\\\/\\\/quehacerpolitico.mx\\\/?s={search_term_string}\"},\"query-input\":{\"@type\":\"PropertyValueSpecification\",\"valueRequired\":true,\"valueName\":\"search_term_string\"}}],\"inLanguage\":\"es\"},{\"@type\":\"Person\",\"@id\":\"https:\\\/\\\/quehacerpolitico.mx\\\/#\\\/schema\\\/person\\\/496d8ad2d1d3f8036101dca7ee39e585\",\"name\":\"Redacci\u00f3n QP\",\"image\":{\"@type\":\"ImageObject\",\"inLanguage\":\"es\",\"@id\":\"https:\\\/\\\/secure.gravatar.com\\\/avatar\\\/c7164ed6fdec453195284ad24a5ae5b6e1eed2b848477fa2a4787ba9adf39a41?s=96&d=mm&r=g\",\"url\":\"https:\\\/\\\/secure.gravatar.com\\\/avatar\\\/c7164ed6fdec453195284ad24a5ae5b6e1eed2b848477fa2a4787ba9adf39a41?s=96&d=mm&r=g\",\"contentUrl\":\"https:\\\/\\\/secure.gravatar.com\\\/avatar\\\/c7164ed6fdec453195284ad24a5ae5b6e1eed2b848477fa2a4787ba9adf39a41?s=96&d=mm&r=g\",\"caption\":\"Redacci\u00f3n QP\"},\"url\":\"https:\\\/\\\/quehacerpolitico.mx\\\/?author=2\"}]}<\/script>\n<!-- \/ Yoast SEO plugin. -->","yoast_head_json":{"title":"Aczino y AMLO: \u00a1Lo respalda! El freestyler defiende a L\u00f3pez Obrador de Eminem\u00a0 -","robots":{"index":"index","follow":"follow","max-snippet":"max-snippet:-1","max-image-preview":"max-image-preview:large","max-video-preview":"max-video-preview:-1"},"canonical":"https:\/\/quehacerpolitico.mx\/?p=92375","og_locale":"es_MX","og_type":"article","og_title":"Aczino y AMLO: \u00a1Lo respalda! El freestyler defiende a L\u00f3pez Obrador de Eminem\u00a0 -","og_description":"Por Redacci\u00f3n QP Luego de la canci\u00f3n que se viraliz\u00f3 en redes sociales de Eminem\u00a0sobre...","og_url":"https:\/\/quehacerpolitico.mx\/?p=92375","article_published_time":"2022-05-19T14:25:25+00:00","article_modified_time":"2022-05-19T14:25:28+00:00","og_image":[{"width":608,"height":342,"url":"https:\/\/quehacerpolitico.mx\/wp-content\/uploads\/2022\/05\/DDE09EE8-C6BF-46CB-B2E8-F08CBC8204AC.jpeg","type":"image\/jpeg"}],"author":"Redacci\u00f3n QP","twitter_card":"summary_large_image","twitter_misc":{"Escrito por":"Redacci\u00f3n QP","Tiempo de lectura":"2 minutos"},"schema":{"@context":"https:\/\/schema.org","@graph":[{"@type":"Article","@id":"https:\/\/quehacerpolitico.mx\/?p=92375#article","isPartOf":{"@id":"https:\/\/quehacerpolitico.mx\/?p=92375"},"author":{"name":"Redacci\u00f3n QP","@id":"https:\/\/quehacerpolitico.mx\/#\/schema\/person\/496d8ad2d1d3f8036101dca7ee39e585"},"headline":"Aczino y AMLO: \u00a1Lo respalda! El freestyler defiende a L\u00f3pez Obrador de Eminem\u00a0","datePublished":"2022-05-19T14:25:25+00:00","dateModified":"2022-05-19T14:25:28+00:00","mainEntityOfPage":{"@id":"https:\/\/quehacerpolitico.mx\/?p=92375"},"wordCount":404,"commentCount":0,"image":{"@id":"https:\/\/quehacerpolitico.mx\/?p=92375#primaryimage"},"thumbnailUrl":"https:\/\/quehacerpolitico.mx\/wp-content\/uploads\/2022\/05\/DDE09EE8-C6BF-46CB-B2E8-F08CBC8204AC.jpeg","articleSection":["Cultura y Entretenimiento"],"inLanguage":"es","potentialAction":[{"@type":"CommentAction","name":"Comment","target":["https:\/\/quehacerpolitico.mx\/?p=92375#respond"]}]},{"@type":"WebPage","@id":"https:\/\/quehacerpolitico.mx\/?p=92375","url":"https:\/\/quehacerpolitico.mx\/?p=92375","name":"Aczino y AMLO: \u00a1Lo respalda! El freestyler defiende a L\u00f3pez Obrador de Eminem\u00a0 -","isPartOf":{"@id":"https:\/\/quehacerpolitico.mx\/#website"},"primaryImageOfPage":{"@id":"https:\/\/quehacerpolitico.mx\/?p=92375#primaryimage"},"image":{"@id":"https:\/\/quehacerpolitico.mx\/?p=92375#primaryimage"},"thumbnailUrl":"https:\/\/quehacerpolitico.mx\/wp-content\/uploads\/2022\/05\/DDE09EE8-C6BF-46CB-B2E8-F08CBC8204AC.jpeg","datePublished":"2022-05-19T14:25:25+00:00","dateModified":"2022-05-19T14:25:28+00:00","author":{"@id":"https:\/\/quehacerpolitico.mx\/#\/schema\/person\/496d8ad2d1d3f8036101dca7ee39e585"},"breadcrumb":{"@id":"https:\/\/quehacerpolitico.mx\/?p=92375#breadcrumb"},"inLanguage":"es","potentialAction":[{"@type":"ReadAction","target":["https:\/\/quehacerpolitico.mx\/?p=92375"]}]},{"@type":"ImageObject","inLanguage":"es","@id":"https:\/\/quehacerpolitico.mx\/?p=92375#primaryimage","url":"https:\/\/quehacerpolitico.mx\/wp-content\/uploads\/2022\/05\/DDE09EE8-C6BF-46CB-B2E8-F08CBC8204AC.jpeg","contentUrl":"https:\/\/quehacerpolitico.mx\/wp-content\/uploads\/2022\/05\/DDE09EE8-C6BF-46CB-B2E8-F08CBC8204AC.jpeg","width":608,"height":342},{"@type":"BreadcrumbList","@id":"https:\/\/quehacerpolitico.mx\/?p=92375#breadcrumb","itemListElement":[{"@type":"ListItem","position":1,"name":"Inicio","item":"https:\/\/quehacerpolitico.mx\/"},{"@type":"ListItem","position":2,"name":"Aczino y AMLO: \u00a1Lo respalda! El freestyler defiende a L\u00f3pez Obrador de Eminem\u00a0"}]},{"@type":"WebSite","@id":"https:\/\/quehacerpolitico.mx\/#website","url":"https:\/\/quehacerpolitico.mx\/","name":"","description":"","potentialAction":[{"@type":"SearchAction","target":{"@type":"EntryPoint","urlTemplate":"https:\/\/quehacerpolitico.mx\/?s={search_term_string}"},"query-input":{"@type":"PropertyValueSpecification","valueRequired":true,"valueName":"search_term_string"}}],"inLanguage":"es"},{"@type":"Person","@id":"https:\/\/quehacerpolitico.mx\/#\/schema\/person\/496d8ad2d1d3f8036101dca7ee39e585","name":"Redacci\u00f3n QP","image":{"@type":"ImageObject","inLanguage":"es","@id":"https:\/\/secure.gravatar.com\/avatar\/c7164ed6fdec453195284ad24a5ae5b6e1eed2b848477fa2a4787ba9adf39a41?s=96&d=mm&r=g","url":"https:\/\/secure.gravatar.com\/avatar\/c7164ed6fdec453195284ad24a5ae5b6e1eed2b848477fa2a4787ba9adf39a41?s=96&d=mm&r=g","contentUrl":"https:\/\/secure.gravatar.com\/avatar\/c7164ed6fdec453195284ad24a5ae5b6e1eed2b848477fa2a4787ba9adf39a41?s=96&d=mm&r=g","caption":"Redacci\u00f3n QP"},"url":"https:\/\/quehacerpolitico.mx\/?author=2"}]}},"featured_image_urls":{"full":["https:\/\/quehacerpolitico.mx\/wp-content\/uploads\/2022\/05\/DDE09EE8-C6BF-46CB-B2E8-F08CBC8204AC.jpeg",608,342,false],"thumbnail":["https:\/\/quehacerpolitico.mx\/wp-content\/uploads\/2022\/05\/DDE09EE8-C6BF-46CB-B2E8-F08CBC8204AC-150x150.jpeg",150,150,true],"medium":["https:\/\/quehacerpolitico.mx\/wp-content\/uploads\/2022\/05\/DDE09EE8-C6BF-46CB-B2E8-F08CBC8204AC-300x169.jpeg",300,169,true],"medium_large":["https:\/\/quehacerpolitico.mx\/wp-content\/uploads\/2022\/05\/DDE09EE8-C6BF-46CB-B2E8-F08CBC8204AC.jpeg",608,342,false],"large":["https:\/\/quehacerpolitico.mx\/wp-content\/uploads\/2022\/05\/DDE09EE8-C6BF-46CB-B2E8-F08CBC8204AC.jpeg",608,342,false],"1536x1536":["https:\/\/quehacerpolitico.mx\/wp-content\/uploads\/2022\/05\/DDE09EE8-C6BF-46CB-B2E8-F08CBC8204AC.jpeg",608,342,false],"2048x2048":["https:\/\/quehacerpolitico.mx\/wp-content\/uploads\/2022\/05\/DDE09EE8-C6BF-46CB-B2E8-F08CBC8204AC.jpeg",608,342,false],"covernews-featured":["https:\/\/quehacerpolitico.mx\/wp-content\/uploads\/2022\/05\/DDE09EE8-C6BF-46CB-B2E8-F08CBC8204AC.jpeg",608,342,false],"covernews-medium":["https:\/\/quehacerpolitico.mx\/wp-content\/uploads\/2022\/05\/DDE09EE8-C6BF-46CB-B2E8-F08CBC8204AC.jpeg",540,304,false]},"author_info":{"display_name":"Redacci\u00f3n QP","author_link":"https:\/\/quehacerpolitico.mx\/?author=2"},"category_info":"<a href=\"https:\/\/quehacerpolitico.mx\/?cat=58\" rel=\"category\">Cultura y Entretenimiento<\/a>","tag_info":"Cultura y Entretenimiento","comment_count":"0","_links":{"self":[{"href":"https:\/\/quehacerpolitico.mx\/index.php?rest_route=\/wp\/v2\/posts\/92375","targetHints":{"allow":["GET"]}}],"collection":[{"href":"https:\/\/quehacerpolitico.mx\/index.php?rest_route=\/wp\/v2\/posts"}],"about":[{"href":"https:\/\/quehacerpolitico.mx\/index.php?rest_route=\/wp\/v2\/types\/post"}],"author":[{"embeddable":true,"href":"https:\/\/quehacerpolitico.mx\/index.php?rest_route=\/wp\/v2\/users\/2"}],"replies":[{"embeddable":true,"href":"https:\/\/quehacerpolitico.mx\/index.php?rest_route=%2Fwp%2Fv2%2Fcomments&post=92375"}],"version-history":[{"count":1,"href":"https:\/\/quehacerpolitico.mx\/index.php?rest_route=\/wp\/v2\/posts\/92375\/revisions"}],"predecessor-version":[{"id":92377,"href":"https:\/\/quehacerpolitico.mx\/index.php?rest_route=\/wp\/v2\/posts\/92375\/revisions\/92377"}],"wp:featuredmedia":[{"embeddable":true,"href":"https:\/\/quehacerpolitico.mx\/index.php?rest_route=\/wp\/v2\/media\/92376"}],"wp:attachment":[{"href":"https:\/\/quehacerpolitico.mx\/index.php?rest_route=%2Fwp%2Fv2%2Fmedia&parent=92375"}],"wp:term":[{"taxonomy":"category","embeddable":true,"href":"https:\/\/quehacerpolitico.mx\/index.php?rest_route=%2Fwp%2Fv2%2Fcategories&post=92375"},{"taxonomy":"post_tag","embeddable":true,"href":"https:\/\/quehacerpolitico.mx\/index.php?rest_route=%2Fwp%2Fv2%2Ftags&post=92375"}],"curies":[{"name":"wp","href":"https:\/\/api.w.org\/{rel}","templated":true}]}}