{"id":92369,"date":"2022-05-19T14:09:08","date_gmt":"2022-05-19T14:09:08","guid":{"rendered":"https:\/\/quehacerpolitico.mx\/?p=92369"},"modified":"2022-05-19T14:09:11","modified_gmt":"2022-05-19T14:09:11","slug":"el-arqueologo-que-le-ha-mostrado-al-mundo-los-tesoros-de-mexico","status":"publish","type":"post","link":"https:\/\/quehacerpolitico.mx\/?p=92369","title":{"rendered":"El arque\u00f3logo que le ha mostrado al mundo los tesoros de M\u00e9xico\u00a0"},"content":{"rendered":"\n<p>Por Redacci\u00f3n QP<\/p>\n\n\n\n<p>El investigador Eduardo Matos Moctezuma ayer fue honrado por la corona espa\u00f1ola con un galard\u00f3n que reconoce su extraordinario rigor intelectual<\/p>\n\n\n\n<p>Erudito y promotor del mundo prehisp\u00e1nico mexicano,&nbsp;Eduardo Matos Moctezuma&nbsp;ha escrito, gracias a sus continuas e intensas investigaciones, p\u00e1ginas ejemplares del desarrollo cient\u00edfico de la arqueolog\u00eda y del di\u00e1logo fecundo con el pasado, entre culturas distintas y entre las ciencias sociales y humanas.<\/p>\n\n\n\n<p>Nacido en Ciudad de M\u00e9xico el 11 de diciembre de 1940, Eduardo Matos Moctezuma\u00a0fue distinguido ayer mi\u00e9rcoles con el Premio Princesa de Asturias de Ciencias Sociales 2022, un\u00a0<strong>galard\u00f3n que reconoce su extraordinario rigor intelectual para reconstruir las civilizaciones de M\u00e9xico y Mesoam\u00e9rica<\/strong>, y para hacer que dicha herencia se incorpore con objetividad y libre de cualquier mito, seg\u00fan el acta del jurado.<\/p>\n\n\n\n<p>Sus trabajos en\u00a0Tula, Teotihuac\u00e1n\u00a0y, muy especialmente, en el\u00a0Templo Mayor de Tenochtitlan\u00a0constituyen, por la intensidad y la continuidad de la\u00a0<strong>investigaci\u00f3n de campo<\/strong>, p\u00e1ginas ejemplares del<strong>\u00a0desarrollo cient\u00edfico de la arqueolog\u00eda y del di\u00e1logo fecundo con el pasado en nuestra regi\u00f3n.<\/strong><\/p>\n\n\n\n<figure class=\"wp-block-embed is-type-video is-provider-youtube wp-block-embed-youtube wp-embed-aspect-4-3 wp-has-aspect-ratio\"><div class=\"wp-block-embed__wrapper\">\n<iframe loading=\"lazy\" title=\"Eduardo Matos Moctezuma - Documental\" width=\"640\" height=\"480\" src=\"https:\/\/www.youtube.com\/embed\/uJjQW7ipKIA?feature=oembed\" frameborder=\"0\" allow=\"accelerometer; autoplay; clipboard-write; encrypted-media; gyroscope; picture-in-picture; web-share\" referrerpolicy=\"strict-origin-when-cross-origin\" allowfullscreen><\/iframe>\n<\/div><\/figure>\n\n\n\n<p>Eduardo Matos Moctezuma se gradu\u00f3 en Arqueolog\u00eda en la Escuela Nacional de Antropolog\u00eda e Historia (ENAH) y obtuvo el t\u00edtulo de maestro en Ciencias Antropol\u00f3gicas con especialidad en Arqueolog\u00eda en la Universidad Nacional Aut\u00f3noma de M\u00e9xico (UNAM), donde tambi\u00e9n se doctor\u00f3.<\/p>\n\n\n\n<p>Fue catedr\u00e1tico de la ENAH durante m\u00e1s de treinta a\u00f1os, donde\u00a0imparti\u00f3 Arqueolog\u00eda General, Desarrollo de las Sociedades, Mesoam\u00e9rica e Historia de la Arqueolog\u00eda, adem\u00e1s de dirigir el seminario regional mexica y el laboratorio de materiales e historia de M\u00e9xico.<\/p>\n\n\n\n<p>Ha sido director del Centro de Investigaciones y Estudios Superiores en Antropolog\u00eda Social, del Museo Nacional de Antropolog\u00eda y del Museo del Templo Mayor; ha impartido cursos y seminarios en instituciones de diversos pa\u00edses.<\/p>\n\n\n\n<p>Gran divulgador, Matos ha desarrollado su\u00a0trabajo de campo en sitios arqueol\u00f3gicos como Comalcalco, Tepeapulco, Bonampak, Teotihuac\u00e1n, Cholula, Tula, Tlatelolco y Tenochtitl\u00e1n, entre otros.<\/p>\n\n\n\n<p>Entre los proyectos m\u00e1s relevantes que ha dirigido se encuentran la\u00a0<strong>investigaci\u00f3n integral de la Tula prehisp\u00e1nica, colonial y moderna, que dirigi\u00f3 en la d\u00e9cada de los setenta.<\/strong><\/p>\n\n\n\n<figure class=\"wp-block-image size-full\"><img loading=\"lazy\" decoding=\"async\" width=\"714\" height=\"430\" src=\"https:\/\/quehacerpolitico.mx\/wp-content\/uploads\/2022\/05\/image-40.jpeg\" alt=\"\" class=\"wp-image-92370\" srcset=\"https:\/\/quehacerpolitico.mx\/wp-content\/uploads\/2022\/05\/image-40.jpeg 714w, https:\/\/quehacerpolitico.mx\/wp-content\/uploads\/2022\/05\/image-40-300x181.jpeg 300w, https:\/\/quehacerpolitico.mx\/wp-content\/uploads\/2022\/05\/image-40-242x146.jpeg 242w, https:\/\/quehacerpolitico.mx\/wp-content\/uploads\/2022\/05\/image-40-50x30.jpeg 50w, https:\/\/quehacerpolitico.mx\/wp-content\/uploads\/2022\/05\/image-40-125x75.jpeg 125w\" sizes=\"auto, (max-width: 714px) 100vw, 714px\" \/><\/figure>\n\n\n\n<p>Asimismo, Teotihuac\u00e1n, donde excav\u00f3 la Pir\u00e1mide del Sol y fund\u00f3 el Museo de la Cultura Teotihuacana y el Centro de Estudios Teotihuacanos, y la ciudad de Tenochtitl\u00e1n, su recinto sagrado y el Templo Mayor, cuyo&nbsp;<strong>descubrimiento y proyecto coordin\u00f3 desde sus inicios en 1978.<\/strong><\/p>\n\n\n\n<p>Con m\u00e1s de\u00a0quinientas publicaciones, entre art\u00edculos, rese\u00f1as, cat\u00e1logos, gu\u00edas y semblanzas, tambi\u00e9n ha escrito varios libros, entre los que destacan \u201cMuerte a filo de obsidiana\u201d (1975, con doce ediciones), \u201cVida y muerte en el Templo Mayor\u201d (1986), \u201cLos aztecas\u201d (1989) y \u201cLa metr\u00f3poli de los dioses\u201d (1990) y \u201cTeotihuac\u00e1n\u201d (1994), entre otras.<\/p>\n\n\n\n<h4 class=\"wp-block-heading\"><strong>La reacci\u00f3n del investigador&nbsp;<\/strong><\/h4>\n\n\n\n<p>Eduardo Matos ensalz\u00f3 \u201clos lazos indisolubles\u201d de M\u00e9xico y Espa\u00f1a, \u201cpa\u00edses hermanos\u201d que \u201cdeber\u00e1n estrechar a\u00fan m\u00e1s sus relaciones\u201d.<\/p>\n\n\n\n<p>Matos Moctezuma se expres\u00f3 as\u00ed en unas declaraciones difundidas por la Fundaci\u00f3n Princesa de Asturias tras conocer que ha tenido el \u201calt\u00edsimo honor\u201d de ser reconocido con un premio que le llena de \u201corgullo\u201d y que tambi\u00e9n le ha hecho recordar a los maestros que le formaron en el campo de la antropolog\u00eda y, especialmente, en el de la arqueolog\u00eda.<\/p>\n\n\n\n<figure class=\"wp-block-image size-full\"><img loading=\"lazy\" decoding=\"async\" width=\"680\" height=\"451\" src=\"https:\/\/quehacerpolitico.mx\/wp-content\/uploads\/2022\/05\/image-41.jpeg\" alt=\"\" class=\"wp-image-92371\" srcset=\"https:\/\/quehacerpolitico.mx\/wp-content\/uploads\/2022\/05\/image-41.jpeg 680w, https:\/\/quehacerpolitico.mx\/wp-content\/uploads\/2022\/05\/image-41-300x199.jpeg 300w, https:\/\/quehacerpolitico.mx\/wp-content\/uploads\/2022\/05\/image-41-220x146.jpeg 220w, https:\/\/quehacerpolitico.mx\/wp-content\/uploads\/2022\/05\/image-41-50x33.jpeg 50w, https:\/\/quehacerpolitico.mx\/wp-content\/uploads\/2022\/05\/image-41-113x75.jpeg 113w\" sizes=\"auto, (max-width: 680px) 100vw, 680px\" \/><\/figure>\n\n\n\n<p>\u201cPenetrar en el pasado para traerlo al presente ha sido la labor que de manera constante he desempe\u00f1ado a lo largo de mi vida y el d\u00eda de hoy veo con enorme satisfacci\u00f3n los frutos de esa tarea, que me permiti\u00f3 conocer nuestra propia historia y c\u00f3mo esta se un\u00eda con la historia de otros pa\u00edses como Espa\u00f1a\u201d, manifest\u00f3 el arque\u00f3logo.<\/p>\n\n\n\n<p>Matos expres\u00f3 su agradecimiento a los promotores de su candidatura, Adolfo Casta\u00f1\u00f3n, secretario de la Academia Mexicana de la Lengua&nbsp;(Premio Pr\u00edncipe de Asturias de la Concordia 2000), y por&nbsp;Enrique Graue Wiechers, rector de la UNAM, (Premio Pr\u00edncipe de Asturias de Comunicaci\u00f3n y Humanidades 2009).<\/p>\n\n\n\n<h4 class=\"wp-block-heading\"><strong>Crea puentes con el p\u00fablico<\/strong><\/h4>\n\n\n\n<p>Matos ha realizado una importante labor de difusi\u00f3n a trav\u00e9s de varios programas en los museos mexicanos, destinados a acercar los contenidos a los menores o a personas con discapacidad f\u00edsica o intelectual.<\/p>\n\n\n\n<figure class=\"wp-block-image size-full\"><img loading=\"lazy\" decoding=\"async\" width=\"678\" height=\"452\" src=\"https:\/\/quehacerpolitico.mx\/wp-content\/uploads\/2022\/05\/image-42.jpeg\" alt=\"\" class=\"wp-image-92372\" srcset=\"https:\/\/quehacerpolitico.mx\/wp-content\/uploads\/2022\/05\/image-42.jpeg 678w, https:\/\/quehacerpolitico.mx\/wp-content\/uploads\/2022\/05\/image-42-300x200.jpeg 300w, https:\/\/quehacerpolitico.mx\/wp-content\/uploads\/2022\/05\/image-42-219x146.jpeg 219w, https:\/\/quehacerpolitico.mx\/wp-content\/uploads\/2022\/05\/image-42-50x33.jpeg 50w, https:\/\/quehacerpolitico.mx\/wp-content\/uploads\/2022\/05\/image-42-113x75.jpeg 113w\" sizes=\"auto, (max-width: 678px) 100vw, 678px\" \/><\/figure>\n\n\n\n<p>Dirigi\u00f3 exposiciones como \u201cAztecs\u201d para la Royal Academy of Arts de Londres, \u201cIsis y Quetzalc\u00f3atl\u201d en el F\u00f3rum de las Culturas de Monterrey o \u201cTenochtitl\u00e1n y Tlatelolco. A 500 a\u00f1os de su ca\u00edda\u201d en el Museo del Templo Mayor.<\/p>\n\n\n\n<p><strong>Doctor honoris<\/strong>\u00a0causa por la Universidad de Colorado y la UNAM, Matos es Caballero de la Orden Nacional al M\u00e9rito, de la Orden de las Palmas Acad\u00e9micas y Oficial de la Orden de las Artes y las Letras de Francia. Ha recibido la Medalla Henry B. Nicholson de la Universidad de Harvard (Estados Unidos., 2002), el Premio Nacional de Ciencias y Artes de M\u00e9xico (2007), la Orden Andr\u00e9s Bello de Venezuela y la Medalla Museo de Antropolog\u00eda de Xalapa de la Universidad Veracruzana (M\u00e9xico, 2021), entre otros reconocimientos.<\/p>\n\n\n\n<p>Con informaci\u00f3n de EFE<\/p>\n","protected":false},"excerpt":{"rendered":"<p>Por Redacci\u00f3n QP El investigador Eduardo Matos Moctezuma ayer fue honrado por la corona espa\u00f1ola&#8230;<\/p>\n","protected":false},"author":2,"featured_media":92373,"comment_status":"open","ping_status":"open","sticky":false,"template":"","format":"standard","meta":{"_monsterinsights_skip_tracking":false,"_monsterinsights_sitenote_active":false,"_monsterinsights_sitenote_note":"","_monsterinsights_sitenote_category":0,"footnotes":""},"categories":[58],"tags":[],"class_list":["post-92369","post","type-post","status-publish","format-standard","has-post-thumbnail","hentry","category-cultura"],"yoast_head":"<!-- This site is optimized with the Yoast SEO plugin v27.3 - https:\/\/yoast.com\/product\/yoast-seo-wordpress\/ -->\n<title>El arque\u00f3logo que le ha mostrado al mundo los tesoros de M\u00e9xico\u00a0 -<\/title>\n<meta name=\"robots\" content=\"index, follow, max-snippet:-1, max-image-preview:large, max-video-preview:-1\" \/>\n<link rel=\"canonical\" href=\"https:\/\/quehacerpolitico.mx\/?p=92369\" \/>\n<meta property=\"og:locale\" content=\"es_MX\" \/>\n<meta property=\"og:type\" content=\"article\" \/>\n<meta property=\"og:title\" content=\"El arque\u00f3logo que le ha mostrado al mundo los tesoros de M\u00e9xico\u00a0 -\" \/>\n<meta property=\"og:description\" content=\"Por Redacci\u00f3n QP El investigador Eduardo Matos Moctezuma ayer fue honrado por la corona espa\u00f1ola...\" \/>\n<meta property=\"og:url\" content=\"https:\/\/quehacerpolitico.mx\/?p=92369\" \/>\n<meta property=\"article:published_time\" content=\"2022-05-19T14:09:08+00:00\" \/>\n<meta property=\"article:modified_time\" content=\"2022-05-19T14:09:11+00:00\" \/>\n<meta property=\"og:image\" content=\"https:\/\/quehacerpolitico.mx\/wp-content\/uploads\/2022\/05\/5A6ADE16-83AB-4544-A68A-AD6634BBE182.jpeg\" \/>\n\t<meta property=\"og:image:width\" content=\"592\" \/>\n\t<meta property=\"og:image:height\" content=\"337\" \/>\n\t<meta property=\"og:image:type\" content=\"image\/jpeg\" \/>\n<meta name=\"author\" content=\"Redacci\u00f3n QP\" \/>\n<meta name=\"twitter:card\" content=\"summary_large_image\" \/>\n<meta name=\"twitter:label1\" content=\"Escrito por\" \/>\n\t<meta name=\"twitter:data1\" content=\"Redacci\u00f3n QP\" \/>\n\t<meta name=\"twitter:label2\" content=\"Tiempo de lectura\" \/>\n\t<meta name=\"twitter:data2\" content=\"4 minutos\" \/>\n<script type=\"application\/ld+json\" class=\"yoast-schema-graph\">{\"@context\":\"https:\\\/\\\/schema.org\",\"@graph\":[{\"@type\":\"Article\",\"@id\":\"https:\\\/\\\/quehacerpolitico.mx\\\/?p=92369#article\",\"isPartOf\":{\"@id\":\"https:\\\/\\\/quehacerpolitico.mx\\\/?p=92369\"},\"author\":{\"name\":\"Redacci\u00f3n QP\",\"@id\":\"https:\\\/\\\/quehacerpolitico.mx\\\/#\\\/schema\\\/person\\\/496d8ad2d1d3f8036101dca7ee39e585\"},\"headline\":\"El arque\u00f3logo que le ha mostrado al mundo los tesoros de M\u00e9xico\u00a0\",\"datePublished\":\"2022-05-19T14:09:08+00:00\",\"dateModified\":\"2022-05-19T14:09:11+00:00\",\"mainEntityOfPage\":{\"@id\":\"https:\\\/\\\/quehacerpolitico.mx\\\/?p=92369\"},\"wordCount\":907,\"commentCount\":0,\"image\":{\"@id\":\"https:\\\/\\\/quehacerpolitico.mx\\\/?p=92369#primaryimage\"},\"thumbnailUrl\":\"https:\\\/\\\/quehacerpolitico.mx\\\/wp-content\\\/uploads\\\/2022\\\/05\\\/5A6ADE16-83AB-4544-A68A-AD6634BBE182.jpeg\",\"articleSection\":[\"Cultura y Entretenimiento\"],\"inLanguage\":\"es\",\"potentialAction\":[{\"@type\":\"CommentAction\",\"name\":\"Comment\",\"target\":[\"https:\\\/\\\/quehacerpolitico.mx\\\/?p=92369#respond\"]}]},{\"@type\":\"WebPage\",\"@id\":\"https:\\\/\\\/quehacerpolitico.mx\\\/?p=92369\",\"url\":\"https:\\\/\\\/quehacerpolitico.mx\\\/?p=92369\",\"name\":\"El arque\u00f3logo que le ha mostrado al mundo los tesoros de M\u00e9xico\u00a0 -\",\"isPartOf\":{\"@id\":\"https:\\\/\\\/quehacerpolitico.mx\\\/#website\"},\"primaryImageOfPage\":{\"@id\":\"https:\\\/\\\/quehacerpolitico.mx\\\/?p=92369#primaryimage\"},\"image\":{\"@id\":\"https:\\\/\\\/quehacerpolitico.mx\\\/?p=92369#primaryimage\"},\"thumbnailUrl\":\"https:\\\/\\\/quehacerpolitico.mx\\\/wp-content\\\/uploads\\\/2022\\\/05\\\/5A6ADE16-83AB-4544-A68A-AD6634BBE182.jpeg\",\"datePublished\":\"2022-05-19T14:09:08+00:00\",\"dateModified\":\"2022-05-19T14:09:11+00:00\",\"author\":{\"@id\":\"https:\\\/\\\/quehacerpolitico.mx\\\/#\\\/schema\\\/person\\\/496d8ad2d1d3f8036101dca7ee39e585\"},\"breadcrumb\":{\"@id\":\"https:\\\/\\\/quehacerpolitico.mx\\\/?p=92369#breadcrumb\"},\"inLanguage\":\"es\",\"potentialAction\":[{\"@type\":\"ReadAction\",\"target\":[\"https:\\\/\\\/quehacerpolitico.mx\\\/?p=92369\"]}]},{\"@type\":\"ImageObject\",\"inLanguage\":\"es\",\"@id\":\"https:\\\/\\\/quehacerpolitico.mx\\\/?p=92369#primaryimage\",\"url\":\"https:\\\/\\\/quehacerpolitico.mx\\\/wp-content\\\/uploads\\\/2022\\\/05\\\/5A6ADE16-83AB-4544-A68A-AD6634BBE182.jpeg\",\"contentUrl\":\"https:\\\/\\\/quehacerpolitico.mx\\\/wp-content\\\/uploads\\\/2022\\\/05\\\/5A6ADE16-83AB-4544-A68A-AD6634BBE182.jpeg\",\"width\":592,\"height\":337},{\"@type\":\"BreadcrumbList\",\"@id\":\"https:\\\/\\\/quehacerpolitico.mx\\\/?p=92369#breadcrumb\",\"itemListElement\":[{\"@type\":\"ListItem\",\"position\":1,\"name\":\"Inicio\",\"item\":\"https:\\\/\\\/quehacerpolitico.mx\\\/\"},{\"@type\":\"ListItem\",\"position\":2,\"name\":\"El arque\u00f3logo que le ha mostrado al mundo los tesoros de M\u00e9xico\u00a0\"}]},{\"@type\":\"WebSite\",\"@id\":\"https:\\\/\\\/quehacerpolitico.mx\\\/#website\",\"url\":\"https:\\\/\\\/quehacerpolitico.mx\\\/\",\"name\":\"\",\"description\":\"\",\"potentialAction\":[{\"@type\":\"SearchAction\",\"target\":{\"@type\":\"EntryPoint\",\"urlTemplate\":\"https:\\\/\\\/quehacerpolitico.mx\\\/?s={search_term_string}\"},\"query-input\":{\"@type\":\"PropertyValueSpecification\",\"valueRequired\":true,\"valueName\":\"search_term_string\"}}],\"inLanguage\":\"es\"},{\"@type\":\"Person\",\"@id\":\"https:\\\/\\\/quehacerpolitico.mx\\\/#\\\/schema\\\/person\\\/496d8ad2d1d3f8036101dca7ee39e585\",\"name\":\"Redacci\u00f3n QP\",\"image\":{\"@type\":\"ImageObject\",\"inLanguage\":\"es\",\"@id\":\"https:\\\/\\\/secure.gravatar.com\\\/avatar\\\/c7164ed6fdec453195284ad24a5ae5b6e1eed2b848477fa2a4787ba9adf39a41?s=96&d=mm&r=g\",\"url\":\"https:\\\/\\\/secure.gravatar.com\\\/avatar\\\/c7164ed6fdec453195284ad24a5ae5b6e1eed2b848477fa2a4787ba9adf39a41?s=96&d=mm&r=g\",\"contentUrl\":\"https:\\\/\\\/secure.gravatar.com\\\/avatar\\\/c7164ed6fdec453195284ad24a5ae5b6e1eed2b848477fa2a4787ba9adf39a41?s=96&d=mm&r=g\",\"caption\":\"Redacci\u00f3n QP\"},\"url\":\"https:\\\/\\\/quehacerpolitico.mx\\\/?author=2\"}]}<\/script>\n<!-- \/ Yoast SEO plugin. -->","yoast_head_json":{"title":"El arque\u00f3logo que le ha mostrado al mundo los tesoros de M\u00e9xico\u00a0 -","robots":{"index":"index","follow":"follow","max-snippet":"max-snippet:-1","max-image-preview":"max-image-preview:large","max-video-preview":"max-video-preview:-1"},"canonical":"https:\/\/quehacerpolitico.mx\/?p=92369","og_locale":"es_MX","og_type":"article","og_title":"El arque\u00f3logo que le ha mostrado al mundo los tesoros de M\u00e9xico\u00a0 -","og_description":"Por Redacci\u00f3n QP El investigador Eduardo Matos Moctezuma ayer fue honrado por la corona espa\u00f1ola...","og_url":"https:\/\/quehacerpolitico.mx\/?p=92369","article_published_time":"2022-05-19T14:09:08+00:00","article_modified_time":"2022-05-19T14:09:11+00:00","og_image":[{"width":592,"height":337,"url":"https:\/\/quehacerpolitico.mx\/wp-content\/uploads\/2022\/05\/5A6ADE16-83AB-4544-A68A-AD6634BBE182.jpeg","type":"image\/jpeg"}],"author":"Redacci\u00f3n QP","twitter_card":"summary_large_image","twitter_misc":{"Escrito por":"Redacci\u00f3n QP","Tiempo de lectura":"4 minutos"},"schema":{"@context":"https:\/\/schema.org","@graph":[{"@type":"Article","@id":"https:\/\/quehacerpolitico.mx\/?p=92369#article","isPartOf":{"@id":"https:\/\/quehacerpolitico.mx\/?p=92369"},"author":{"name":"Redacci\u00f3n QP","@id":"https:\/\/quehacerpolitico.mx\/#\/schema\/person\/496d8ad2d1d3f8036101dca7ee39e585"},"headline":"El arque\u00f3logo que le ha mostrado al mundo los tesoros de M\u00e9xico\u00a0","datePublished":"2022-05-19T14:09:08+00:00","dateModified":"2022-05-19T14:09:11+00:00","mainEntityOfPage":{"@id":"https:\/\/quehacerpolitico.mx\/?p=92369"},"wordCount":907,"commentCount":0,"image":{"@id":"https:\/\/quehacerpolitico.mx\/?p=92369#primaryimage"},"thumbnailUrl":"https:\/\/quehacerpolitico.mx\/wp-content\/uploads\/2022\/05\/5A6ADE16-83AB-4544-A68A-AD6634BBE182.jpeg","articleSection":["Cultura y Entretenimiento"],"inLanguage":"es","potentialAction":[{"@type":"CommentAction","name":"Comment","target":["https:\/\/quehacerpolitico.mx\/?p=92369#respond"]}]},{"@type":"WebPage","@id":"https:\/\/quehacerpolitico.mx\/?p=92369","url":"https:\/\/quehacerpolitico.mx\/?p=92369","name":"El arque\u00f3logo que le ha mostrado al mundo los tesoros de M\u00e9xico\u00a0 -","isPartOf":{"@id":"https:\/\/quehacerpolitico.mx\/#website"},"primaryImageOfPage":{"@id":"https:\/\/quehacerpolitico.mx\/?p=92369#primaryimage"},"image":{"@id":"https:\/\/quehacerpolitico.mx\/?p=92369#primaryimage"},"thumbnailUrl":"https:\/\/quehacerpolitico.mx\/wp-content\/uploads\/2022\/05\/5A6ADE16-83AB-4544-A68A-AD6634BBE182.jpeg","datePublished":"2022-05-19T14:09:08+00:00","dateModified":"2022-05-19T14:09:11+00:00","author":{"@id":"https:\/\/quehacerpolitico.mx\/#\/schema\/person\/496d8ad2d1d3f8036101dca7ee39e585"},"breadcrumb":{"@id":"https:\/\/quehacerpolitico.mx\/?p=92369#breadcrumb"},"inLanguage":"es","potentialAction":[{"@type":"ReadAction","target":["https:\/\/quehacerpolitico.mx\/?p=92369"]}]},{"@type":"ImageObject","inLanguage":"es","@id":"https:\/\/quehacerpolitico.mx\/?p=92369#primaryimage","url":"https:\/\/quehacerpolitico.mx\/wp-content\/uploads\/2022\/05\/5A6ADE16-83AB-4544-A68A-AD6634BBE182.jpeg","contentUrl":"https:\/\/quehacerpolitico.mx\/wp-content\/uploads\/2022\/05\/5A6ADE16-83AB-4544-A68A-AD6634BBE182.jpeg","width":592,"height":337},{"@type":"BreadcrumbList","@id":"https:\/\/quehacerpolitico.mx\/?p=92369#breadcrumb","itemListElement":[{"@type":"ListItem","position":1,"name":"Inicio","item":"https:\/\/quehacerpolitico.mx\/"},{"@type":"ListItem","position":2,"name":"El arque\u00f3logo que le ha mostrado al mundo los tesoros de M\u00e9xico\u00a0"}]},{"@type":"WebSite","@id":"https:\/\/quehacerpolitico.mx\/#website","url":"https:\/\/quehacerpolitico.mx\/","name":"","description":"","potentialAction":[{"@type":"SearchAction","target":{"@type":"EntryPoint","urlTemplate":"https:\/\/quehacerpolitico.mx\/?s={search_term_string}"},"query-input":{"@type":"PropertyValueSpecification","valueRequired":true,"valueName":"search_term_string"}}],"inLanguage":"es"},{"@type":"Person","@id":"https:\/\/quehacerpolitico.mx\/#\/schema\/person\/496d8ad2d1d3f8036101dca7ee39e585","name":"Redacci\u00f3n QP","image":{"@type":"ImageObject","inLanguage":"es","@id":"https:\/\/secure.gravatar.com\/avatar\/c7164ed6fdec453195284ad24a5ae5b6e1eed2b848477fa2a4787ba9adf39a41?s=96&d=mm&r=g","url":"https:\/\/secure.gravatar.com\/avatar\/c7164ed6fdec453195284ad24a5ae5b6e1eed2b848477fa2a4787ba9adf39a41?s=96&d=mm&r=g","contentUrl":"https:\/\/secure.gravatar.com\/avatar\/c7164ed6fdec453195284ad24a5ae5b6e1eed2b848477fa2a4787ba9adf39a41?s=96&d=mm&r=g","caption":"Redacci\u00f3n QP"},"url":"https:\/\/quehacerpolitico.mx\/?author=2"}]}},"featured_image_urls":{"full":["https:\/\/quehacerpolitico.mx\/wp-content\/uploads\/2022\/05\/5A6ADE16-83AB-4544-A68A-AD6634BBE182.jpeg",592,337,false],"thumbnail":["https:\/\/quehacerpolitico.mx\/wp-content\/uploads\/2022\/05\/5A6ADE16-83AB-4544-A68A-AD6634BBE182-150x150.jpeg",150,150,true],"medium":["https:\/\/quehacerpolitico.mx\/wp-content\/uploads\/2022\/05\/5A6ADE16-83AB-4544-A68A-AD6634BBE182-300x171.jpeg",300,171,true],"medium_large":["https:\/\/quehacerpolitico.mx\/wp-content\/uploads\/2022\/05\/5A6ADE16-83AB-4544-A68A-AD6634BBE182.jpeg",592,337,false],"large":["https:\/\/quehacerpolitico.mx\/wp-content\/uploads\/2022\/05\/5A6ADE16-83AB-4544-A68A-AD6634BBE182.jpeg",592,337,false],"1536x1536":["https:\/\/quehacerpolitico.mx\/wp-content\/uploads\/2022\/05\/5A6ADE16-83AB-4544-A68A-AD6634BBE182.jpeg",592,337,false],"2048x2048":["https:\/\/quehacerpolitico.mx\/wp-content\/uploads\/2022\/05\/5A6ADE16-83AB-4544-A68A-AD6634BBE182.jpeg",592,337,false],"covernews-featured":["https:\/\/quehacerpolitico.mx\/wp-content\/uploads\/2022\/05\/5A6ADE16-83AB-4544-A68A-AD6634BBE182.jpeg",592,337,false],"covernews-medium":["https:\/\/quehacerpolitico.mx\/wp-content\/uploads\/2022\/05\/5A6ADE16-83AB-4544-A68A-AD6634BBE182.jpeg",540,307,false]},"author_info":{"display_name":"Redacci\u00f3n QP","author_link":"https:\/\/quehacerpolitico.mx\/?author=2"},"category_info":"<a href=\"https:\/\/quehacerpolitico.mx\/?cat=58\" rel=\"category\">Cultura y Entretenimiento<\/a>","tag_info":"Cultura y Entretenimiento","comment_count":"0","_links":{"self":[{"href":"https:\/\/quehacerpolitico.mx\/index.php?rest_route=\/wp\/v2\/posts\/92369","targetHints":{"allow":["GET"]}}],"collection":[{"href":"https:\/\/quehacerpolitico.mx\/index.php?rest_route=\/wp\/v2\/posts"}],"about":[{"href":"https:\/\/quehacerpolitico.mx\/index.php?rest_route=\/wp\/v2\/types\/post"}],"author":[{"embeddable":true,"href":"https:\/\/quehacerpolitico.mx\/index.php?rest_route=\/wp\/v2\/users\/2"}],"replies":[{"embeddable":true,"href":"https:\/\/quehacerpolitico.mx\/index.php?rest_route=%2Fwp%2Fv2%2Fcomments&post=92369"}],"version-history":[{"count":1,"href":"https:\/\/quehacerpolitico.mx\/index.php?rest_route=\/wp\/v2\/posts\/92369\/revisions"}],"predecessor-version":[{"id":92374,"href":"https:\/\/quehacerpolitico.mx\/index.php?rest_route=\/wp\/v2\/posts\/92369\/revisions\/92374"}],"wp:featuredmedia":[{"embeddable":true,"href":"https:\/\/quehacerpolitico.mx\/index.php?rest_route=\/wp\/v2\/media\/92373"}],"wp:attachment":[{"href":"https:\/\/quehacerpolitico.mx\/index.php?rest_route=%2Fwp%2Fv2%2Fmedia&parent=92369"}],"wp:term":[{"taxonomy":"category","embeddable":true,"href":"https:\/\/quehacerpolitico.mx\/index.php?rest_route=%2Fwp%2Fv2%2Fcategories&post=92369"},{"taxonomy":"post_tag","embeddable":true,"href":"https:\/\/quehacerpolitico.mx\/index.php?rest_route=%2Fwp%2Fv2%2Ftags&post=92369"}],"curies":[{"name":"wp","href":"https:\/\/api.w.org\/{rel}","templated":true}]}}