{"id":92366,"date":"2022-05-19T13:53:07","date_gmt":"2022-05-19T13:53:07","guid":{"rendered":"https:\/\/quehacerpolitico.mx\/?p=92366"},"modified":"2022-05-19T13:53:10","modified_gmt":"2022-05-19T13:53:10","slug":"karen-diaz-es-historica-sera-la-primera-arbitra-mexicana-en-una-copa-del-mundo","status":"publish","type":"post","link":"https:\/\/quehacerpolitico.mx\/?p=92366","title":{"rendered":"\u00a1Karen D\u00edaz es hist\u00f3rica! Ser\u00e1 la primera \u00e1rbitra mexicana en una Copa del Mundo\u00a0"},"content":{"rendered":"\n<p>Por Redacci\u00f3n QP<\/p>\n\n\n\n<p>La abanderada fue citada para el Mundial de Qatar 2022; tambi\u00e9n van C\u00e9sar Ramos, Miguel Hern\u00e1ndez, Alberto Mor\u00edn y Fernando Guerrero.<\/p>\n\n\n\n<p>El Mundial de Qatar 2022 no solo ser\u00e1 hist\u00f3rico por celebrarse entre los meses de noviembre y diciembre, sino tambi\u00e9n ser\u00e1 recordado porque ser\u00e1 la primera vez que una mujer \u00e1rbitra dirija un partido de una Copa del Mundo. Y es que este jueves la FIFA dio a conocer a los 129 silbantes que asistir\u00e1n a Qatar 2022, donde se incluyen \u00e1rbitros centrales (36), \u00e1rbitros asistentes (69) y \u00e1rbitros para el VAR (24). Destaca que entre los \u00e1rbitros centrales figura la silbante francesa St\u00e9phanie Frappart, quien ser\u00e1 la encargada de ser la primer mujer en pitar un partido de Copa del Mundo en la historia y ello suceder\u00e1 en Qatar 2022. Su experiencia es comprobada, ya que ha dirigido partidos clasificatorios para el Mundial de la UEFA y duelos de la Champions League; asimismo, figur\u00f3 en al Final del Mundial femenil de 2019. Por su parte, Karen D\u00edaz Medina, fue elegida para figurar como \u00e1rbitra asistente en Qatar 2022, por lo que har\u00e1 historia al ser la primera mexicana que tendr\u00e1 presencia en un partido de Copa del Mundo. &#8220;Como siempre, el criterio que hemos utilizado es &#8216;la calidad ante todo&#8217; y los oficiales de partido seleccionados representan el m\u00e1s alto nivel de arbitraje en todo el mundo. De esta manera, enfatizamos claramente que es la calidad lo que cuenta para nosotros y no el g\u00e9nero\u201d, indic\u00f3 el presidente del Comit\u00e9 de \u00c1rbitros de la FIFA, Pierluigi Collina. Los silbantes mexicanos En la n\u00f3mina de silbantes mexicanos que han sido convocados para participar en el Mundial de Qatar 2022, destaca que C\u00e9sar Ramos fue citado como \u00e1rbitro central; Miguel Hern\u00e1ndez y Alberto Mor\u00edn fungir\u00e1 como \u00e1rbitros asistentes. Mientras que el quinto elemento azteca es Fernando Guerrero, quien estar\u00e1 en el VAR<\/p>\n\n\n\n<p>Con informaci\u00f3n de Medio Tiempo<\/p>\n","protected":false},"excerpt":{"rendered":"<p>Por Redacci\u00f3n QP La abanderada fue citada para el Mundial de Qatar 2022; tambi\u00e9n van&#8230;<\/p>\n","protected":false},"author":2,"featured_media":92367,"comment_status":"open","ping_status":"open","sticky":false,"template":"","format":"standard","meta":{"_monsterinsights_skip_tracking":false,"_monsterinsights_sitenote_active":false,"_monsterinsights_sitenote_note":"","_monsterinsights_sitenote_category":0,"footnotes":""},"categories":[54],"tags":[],"class_list":["post-92366","post","type-post","status-publish","format-standard","has-post-thumbnail","hentry","category-deportes"],"yoast_head":"<!-- This site is optimized with the Yoast SEO plugin v27.3 - https:\/\/yoast.com\/product\/yoast-seo-wordpress\/ -->\n<title>\u00a1Karen D\u00edaz es hist\u00f3rica! Ser\u00e1 la primera \u00e1rbitra mexicana en una Copa del Mundo\u00a0 -<\/title>\n<meta name=\"robots\" content=\"index, follow, max-snippet:-1, max-image-preview:large, max-video-preview:-1\" \/>\n<link rel=\"canonical\" href=\"https:\/\/quehacerpolitico.mx\/?p=92366\" \/>\n<meta property=\"og:locale\" content=\"es_MX\" \/>\n<meta property=\"og:type\" content=\"article\" \/>\n<meta property=\"og:title\" content=\"\u00a1Karen D\u00edaz es hist\u00f3rica! Ser\u00e1 la primera \u00e1rbitra mexicana en una Copa del Mundo\u00a0 -\" \/>\n<meta property=\"og:description\" content=\"Por Redacci\u00f3n QP La abanderada fue citada para el Mundial de Qatar 2022; tambi\u00e9n van...\" \/>\n<meta property=\"og:url\" content=\"https:\/\/quehacerpolitico.mx\/?p=92366\" \/>\n<meta property=\"article:published_time\" content=\"2022-05-19T13:53:07+00:00\" \/>\n<meta property=\"article:modified_time\" content=\"2022-05-19T13:53:10+00:00\" \/>\n<meta property=\"og:image\" content=\"https:\/\/quehacerpolitico.mx\/wp-content\/uploads\/2022\/05\/541ED16E-6DB8-4B55-B828-64A16D97B32D.jpeg\" \/>\n\t<meta property=\"og:image:width\" content=\"739\" \/>\n\t<meta property=\"og:image:height\" content=\"415\" \/>\n\t<meta property=\"og:image:type\" content=\"image\/jpeg\" \/>\n<meta name=\"author\" content=\"Redacci\u00f3n QP\" \/>\n<meta name=\"twitter:card\" content=\"summary_large_image\" \/>\n<meta name=\"twitter:label1\" content=\"Escrito por\" \/>\n\t<meta name=\"twitter:data1\" content=\"Redacci\u00f3n QP\" \/>\n\t<meta name=\"twitter:label2\" content=\"Tiempo de lectura\" \/>\n\t<meta name=\"twitter:data2\" content=\"2 minutos\" \/>\n<script type=\"application\/ld+json\" class=\"yoast-schema-graph\">{\"@context\":\"https:\\\/\\\/schema.org\",\"@graph\":[{\"@type\":\"Article\",\"@id\":\"https:\\\/\\\/quehacerpolitico.mx\\\/?p=92366#article\",\"isPartOf\":{\"@id\":\"https:\\\/\\\/quehacerpolitico.mx\\\/?p=92366\"},\"author\":{\"name\":\"Redacci\u00f3n QP\",\"@id\":\"https:\\\/\\\/quehacerpolitico.mx\\\/#\\\/schema\\\/person\\\/496d8ad2d1d3f8036101dca7ee39e585\"},\"headline\":\"\u00a1Karen D\u00edaz es hist\u00f3rica! Ser\u00e1 la primera \u00e1rbitra mexicana en una Copa del Mundo\u00a0\",\"datePublished\":\"2022-05-19T13:53:07+00:00\",\"dateModified\":\"2022-05-19T13:53:10+00:00\",\"mainEntityOfPage\":{\"@id\":\"https:\\\/\\\/quehacerpolitico.mx\\\/?p=92366\"},\"wordCount\":342,\"commentCount\":0,\"image\":{\"@id\":\"https:\\\/\\\/quehacerpolitico.mx\\\/?p=92366#primaryimage\"},\"thumbnailUrl\":\"https:\\\/\\\/quehacerpolitico.mx\\\/wp-content\\\/uploads\\\/2022\\\/05\\\/541ED16E-6DB8-4B55-B828-64A16D97B32D.jpeg\",\"articleSection\":[\"Deportes\"],\"inLanguage\":\"es\",\"potentialAction\":[{\"@type\":\"CommentAction\",\"name\":\"Comment\",\"target\":[\"https:\\\/\\\/quehacerpolitico.mx\\\/?p=92366#respond\"]}]},{\"@type\":\"WebPage\",\"@id\":\"https:\\\/\\\/quehacerpolitico.mx\\\/?p=92366\",\"url\":\"https:\\\/\\\/quehacerpolitico.mx\\\/?p=92366\",\"name\":\"\u00a1Karen D\u00edaz es hist\u00f3rica! Ser\u00e1 la primera \u00e1rbitra mexicana en una Copa del Mundo\u00a0 -\",\"isPartOf\":{\"@id\":\"https:\\\/\\\/quehacerpolitico.mx\\\/#website\"},\"primaryImageOfPage\":{\"@id\":\"https:\\\/\\\/quehacerpolitico.mx\\\/?p=92366#primaryimage\"},\"image\":{\"@id\":\"https:\\\/\\\/quehacerpolitico.mx\\\/?p=92366#primaryimage\"},\"thumbnailUrl\":\"https:\\\/\\\/quehacerpolitico.mx\\\/wp-content\\\/uploads\\\/2022\\\/05\\\/541ED16E-6DB8-4B55-B828-64A16D97B32D.jpeg\",\"datePublished\":\"2022-05-19T13:53:07+00:00\",\"dateModified\":\"2022-05-19T13:53:10+00:00\",\"author\":{\"@id\":\"https:\\\/\\\/quehacerpolitico.mx\\\/#\\\/schema\\\/person\\\/496d8ad2d1d3f8036101dca7ee39e585\"},\"breadcrumb\":{\"@id\":\"https:\\\/\\\/quehacerpolitico.mx\\\/?p=92366#breadcrumb\"},\"inLanguage\":\"es\",\"potentialAction\":[{\"@type\":\"ReadAction\",\"target\":[\"https:\\\/\\\/quehacerpolitico.mx\\\/?p=92366\"]}]},{\"@type\":\"ImageObject\",\"inLanguage\":\"es\",\"@id\":\"https:\\\/\\\/quehacerpolitico.mx\\\/?p=92366#primaryimage\",\"url\":\"https:\\\/\\\/quehacerpolitico.mx\\\/wp-content\\\/uploads\\\/2022\\\/05\\\/541ED16E-6DB8-4B55-B828-64A16D97B32D.jpeg\",\"contentUrl\":\"https:\\\/\\\/quehacerpolitico.mx\\\/wp-content\\\/uploads\\\/2022\\\/05\\\/541ED16E-6DB8-4B55-B828-64A16D97B32D.jpeg\",\"width\":739,\"height\":415},{\"@type\":\"BreadcrumbList\",\"@id\":\"https:\\\/\\\/quehacerpolitico.mx\\\/?p=92366#breadcrumb\",\"itemListElement\":[{\"@type\":\"ListItem\",\"position\":1,\"name\":\"Inicio\",\"item\":\"https:\\\/\\\/quehacerpolitico.mx\\\/\"},{\"@type\":\"ListItem\",\"position\":2,\"name\":\"\u00a1Karen D\u00edaz es hist\u00f3rica! Ser\u00e1 la primera \u00e1rbitra mexicana en una Copa del Mundo\u00a0\"}]},{\"@type\":\"WebSite\",\"@id\":\"https:\\\/\\\/quehacerpolitico.mx\\\/#website\",\"url\":\"https:\\\/\\\/quehacerpolitico.mx\\\/\",\"name\":\"\",\"description\":\"\",\"potentialAction\":[{\"@type\":\"SearchAction\",\"target\":{\"@type\":\"EntryPoint\",\"urlTemplate\":\"https:\\\/\\\/quehacerpolitico.mx\\\/?s={search_term_string}\"},\"query-input\":{\"@type\":\"PropertyValueSpecification\",\"valueRequired\":true,\"valueName\":\"search_term_string\"}}],\"inLanguage\":\"es\"},{\"@type\":\"Person\",\"@id\":\"https:\\\/\\\/quehacerpolitico.mx\\\/#\\\/schema\\\/person\\\/496d8ad2d1d3f8036101dca7ee39e585\",\"name\":\"Redacci\u00f3n QP\",\"image\":{\"@type\":\"ImageObject\",\"inLanguage\":\"es\",\"@id\":\"https:\\\/\\\/secure.gravatar.com\\\/avatar\\\/c7164ed6fdec453195284ad24a5ae5b6e1eed2b848477fa2a4787ba9adf39a41?s=96&d=mm&r=g\",\"url\":\"https:\\\/\\\/secure.gravatar.com\\\/avatar\\\/c7164ed6fdec453195284ad24a5ae5b6e1eed2b848477fa2a4787ba9adf39a41?s=96&d=mm&r=g\",\"contentUrl\":\"https:\\\/\\\/secure.gravatar.com\\\/avatar\\\/c7164ed6fdec453195284ad24a5ae5b6e1eed2b848477fa2a4787ba9adf39a41?s=96&d=mm&r=g\",\"caption\":\"Redacci\u00f3n QP\"},\"url\":\"https:\\\/\\\/quehacerpolitico.mx\\\/?author=2\"}]}<\/script>\n<!-- \/ Yoast SEO plugin. -->","yoast_head_json":{"title":"\u00a1Karen D\u00edaz es hist\u00f3rica! Ser\u00e1 la primera \u00e1rbitra mexicana en una Copa del Mundo\u00a0 -","robots":{"index":"index","follow":"follow","max-snippet":"max-snippet:-1","max-image-preview":"max-image-preview:large","max-video-preview":"max-video-preview:-1"},"canonical":"https:\/\/quehacerpolitico.mx\/?p=92366","og_locale":"es_MX","og_type":"article","og_title":"\u00a1Karen D\u00edaz es hist\u00f3rica! Ser\u00e1 la primera \u00e1rbitra mexicana en una Copa del Mundo\u00a0 -","og_description":"Por Redacci\u00f3n QP La abanderada fue citada para el Mundial de Qatar 2022; tambi\u00e9n van...","og_url":"https:\/\/quehacerpolitico.mx\/?p=92366","article_published_time":"2022-05-19T13:53:07+00:00","article_modified_time":"2022-05-19T13:53:10+00:00","og_image":[{"width":739,"height":415,"url":"https:\/\/quehacerpolitico.mx\/wp-content\/uploads\/2022\/05\/541ED16E-6DB8-4B55-B828-64A16D97B32D.jpeg","type":"image\/jpeg"}],"author":"Redacci\u00f3n QP","twitter_card":"summary_large_image","twitter_misc":{"Escrito por":"Redacci\u00f3n QP","Tiempo de lectura":"2 minutos"},"schema":{"@context":"https:\/\/schema.org","@graph":[{"@type":"Article","@id":"https:\/\/quehacerpolitico.mx\/?p=92366#article","isPartOf":{"@id":"https:\/\/quehacerpolitico.mx\/?p=92366"},"author":{"name":"Redacci\u00f3n QP","@id":"https:\/\/quehacerpolitico.mx\/#\/schema\/person\/496d8ad2d1d3f8036101dca7ee39e585"},"headline":"\u00a1Karen D\u00edaz es hist\u00f3rica! Ser\u00e1 la primera \u00e1rbitra mexicana en una Copa del Mundo\u00a0","datePublished":"2022-05-19T13:53:07+00:00","dateModified":"2022-05-19T13:53:10+00:00","mainEntityOfPage":{"@id":"https:\/\/quehacerpolitico.mx\/?p=92366"},"wordCount":342,"commentCount":0,"image":{"@id":"https:\/\/quehacerpolitico.mx\/?p=92366#primaryimage"},"thumbnailUrl":"https:\/\/quehacerpolitico.mx\/wp-content\/uploads\/2022\/05\/541ED16E-6DB8-4B55-B828-64A16D97B32D.jpeg","articleSection":["Deportes"],"inLanguage":"es","potentialAction":[{"@type":"CommentAction","name":"Comment","target":["https:\/\/quehacerpolitico.mx\/?p=92366#respond"]}]},{"@type":"WebPage","@id":"https:\/\/quehacerpolitico.mx\/?p=92366","url":"https:\/\/quehacerpolitico.mx\/?p=92366","name":"\u00a1Karen D\u00edaz es hist\u00f3rica! Ser\u00e1 la primera \u00e1rbitra mexicana en una Copa del Mundo\u00a0 -","isPartOf":{"@id":"https:\/\/quehacerpolitico.mx\/#website"},"primaryImageOfPage":{"@id":"https:\/\/quehacerpolitico.mx\/?p=92366#primaryimage"},"image":{"@id":"https:\/\/quehacerpolitico.mx\/?p=92366#primaryimage"},"thumbnailUrl":"https:\/\/quehacerpolitico.mx\/wp-content\/uploads\/2022\/05\/541ED16E-6DB8-4B55-B828-64A16D97B32D.jpeg","datePublished":"2022-05-19T13:53:07+00:00","dateModified":"2022-05-19T13:53:10+00:00","author":{"@id":"https:\/\/quehacerpolitico.mx\/#\/schema\/person\/496d8ad2d1d3f8036101dca7ee39e585"},"breadcrumb":{"@id":"https:\/\/quehacerpolitico.mx\/?p=92366#breadcrumb"},"inLanguage":"es","potentialAction":[{"@type":"ReadAction","target":["https:\/\/quehacerpolitico.mx\/?p=92366"]}]},{"@type":"ImageObject","inLanguage":"es","@id":"https:\/\/quehacerpolitico.mx\/?p=92366#primaryimage","url":"https:\/\/quehacerpolitico.mx\/wp-content\/uploads\/2022\/05\/541ED16E-6DB8-4B55-B828-64A16D97B32D.jpeg","contentUrl":"https:\/\/quehacerpolitico.mx\/wp-content\/uploads\/2022\/05\/541ED16E-6DB8-4B55-B828-64A16D97B32D.jpeg","width":739,"height":415},{"@type":"BreadcrumbList","@id":"https:\/\/quehacerpolitico.mx\/?p=92366#breadcrumb","itemListElement":[{"@type":"ListItem","position":1,"name":"Inicio","item":"https:\/\/quehacerpolitico.mx\/"},{"@type":"ListItem","position":2,"name":"\u00a1Karen D\u00edaz es hist\u00f3rica! Ser\u00e1 la primera \u00e1rbitra mexicana en una Copa del Mundo\u00a0"}]},{"@type":"WebSite","@id":"https:\/\/quehacerpolitico.mx\/#website","url":"https:\/\/quehacerpolitico.mx\/","name":"","description":"","potentialAction":[{"@type":"SearchAction","target":{"@type":"EntryPoint","urlTemplate":"https:\/\/quehacerpolitico.mx\/?s={search_term_string}"},"query-input":{"@type":"PropertyValueSpecification","valueRequired":true,"valueName":"search_term_string"}}],"inLanguage":"es"},{"@type":"Person","@id":"https:\/\/quehacerpolitico.mx\/#\/schema\/person\/496d8ad2d1d3f8036101dca7ee39e585","name":"Redacci\u00f3n QP","image":{"@type":"ImageObject","inLanguage":"es","@id":"https:\/\/secure.gravatar.com\/avatar\/c7164ed6fdec453195284ad24a5ae5b6e1eed2b848477fa2a4787ba9adf39a41?s=96&d=mm&r=g","url":"https:\/\/secure.gravatar.com\/avatar\/c7164ed6fdec453195284ad24a5ae5b6e1eed2b848477fa2a4787ba9adf39a41?s=96&d=mm&r=g","contentUrl":"https:\/\/secure.gravatar.com\/avatar\/c7164ed6fdec453195284ad24a5ae5b6e1eed2b848477fa2a4787ba9adf39a41?s=96&d=mm&r=g","caption":"Redacci\u00f3n QP"},"url":"https:\/\/quehacerpolitico.mx\/?author=2"}]}},"featured_image_urls":{"full":["https:\/\/quehacerpolitico.mx\/wp-content\/uploads\/2022\/05\/541ED16E-6DB8-4B55-B828-64A16D97B32D.jpeg",739,415,false],"thumbnail":["https:\/\/quehacerpolitico.mx\/wp-content\/uploads\/2022\/05\/541ED16E-6DB8-4B55-B828-64A16D97B32D-150x150.jpeg",150,150,true],"medium":["https:\/\/quehacerpolitico.mx\/wp-content\/uploads\/2022\/05\/541ED16E-6DB8-4B55-B828-64A16D97B32D-300x168.jpeg",300,168,true],"medium_large":["https:\/\/quehacerpolitico.mx\/wp-content\/uploads\/2022\/05\/541ED16E-6DB8-4B55-B828-64A16D97B32D.jpeg",640,359,false],"large":["https:\/\/quehacerpolitico.mx\/wp-content\/uploads\/2022\/05\/541ED16E-6DB8-4B55-B828-64A16D97B32D.jpeg",640,359,false],"1536x1536":["https:\/\/quehacerpolitico.mx\/wp-content\/uploads\/2022\/05\/541ED16E-6DB8-4B55-B828-64A16D97B32D.jpeg",739,415,false],"2048x2048":["https:\/\/quehacerpolitico.mx\/wp-content\/uploads\/2022\/05\/541ED16E-6DB8-4B55-B828-64A16D97B32D.jpeg",739,415,false],"covernews-featured":["https:\/\/quehacerpolitico.mx\/wp-content\/uploads\/2022\/05\/541ED16E-6DB8-4B55-B828-64A16D97B32D.jpeg",739,415,false],"covernews-medium":["https:\/\/quehacerpolitico.mx\/wp-content\/uploads\/2022\/05\/541ED16E-6DB8-4B55-B828-64A16D97B32D.jpeg",540,303,false]},"author_info":{"display_name":"Redacci\u00f3n QP","author_link":"https:\/\/quehacerpolitico.mx\/?author=2"},"category_info":"<a href=\"https:\/\/quehacerpolitico.mx\/?cat=54\" rel=\"category\">Deportes<\/a>","tag_info":"Deportes","comment_count":"0","_links":{"self":[{"href":"https:\/\/quehacerpolitico.mx\/index.php?rest_route=\/wp\/v2\/posts\/92366","targetHints":{"allow":["GET"]}}],"collection":[{"href":"https:\/\/quehacerpolitico.mx\/index.php?rest_route=\/wp\/v2\/posts"}],"about":[{"href":"https:\/\/quehacerpolitico.mx\/index.php?rest_route=\/wp\/v2\/types\/post"}],"author":[{"embeddable":true,"href":"https:\/\/quehacerpolitico.mx\/index.php?rest_route=\/wp\/v2\/users\/2"}],"replies":[{"embeddable":true,"href":"https:\/\/quehacerpolitico.mx\/index.php?rest_route=%2Fwp%2Fv2%2Fcomments&post=92366"}],"version-history":[{"count":1,"href":"https:\/\/quehacerpolitico.mx\/index.php?rest_route=\/wp\/v2\/posts\/92366\/revisions"}],"predecessor-version":[{"id":92368,"href":"https:\/\/quehacerpolitico.mx\/index.php?rest_route=\/wp\/v2\/posts\/92366\/revisions\/92368"}],"wp:featuredmedia":[{"embeddable":true,"href":"https:\/\/quehacerpolitico.mx\/index.php?rest_route=\/wp\/v2\/media\/92367"}],"wp:attachment":[{"href":"https:\/\/quehacerpolitico.mx\/index.php?rest_route=%2Fwp%2Fv2%2Fmedia&parent=92366"}],"wp:term":[{"taxonomy":"category","embeddable":true,"href":"https:\/\/quehacerpolitico.mx\/index.php?rest_route=%2Fwp%2Fv2%2Fcategories&post=92366"},{"taxonomy":"post_tag","embeddable":true,"href":"https:\/\/quehacerpolitico.mx\/index.php?rest_route=%2Fwp%2Fv2%2Ftags&post=92366"}],"curies":[{"name":"wp","href":"https:\/\/api.w.org\/{rel}","templated":true}]}}