{"id":92359,"date":"2022-05-19T12:50:12","date_gmt":"2022-05-19T12:50:12","guid":{"rendered":"https:\/\/quehacerpolitico.mx\/?p=92359"},"modified":"2022-05-19T12:50:16","modified_gmt":"2022-05-19T12:50:16","slug":"checo-perez-quiere-darle-la-bienvenida-a-su-hijo-recien-nacido-ganando-el-gran-premio-de-espana","status":"publish","type":"post","link":"https:\/\/quehacerpolitico.mx\/?p=92359","title":{"rendered":"&#8216;Checo&#8217; P\u00e9rez quiere darle la bienvenida a su hijo reci\u00e9n nacido ganando el Gran Premio de Espa\u00f1a"},"content":{"rendered":"\n<p>Por Redacci\u00f3n QP<\/p>\n\n\n\n<p>El mexicano Sergio P\u00e9rez quiere dar la bienvenida al mundo a su reci\u00e9n nacido tercer hijo, Emilio, con un gran resultado en el circuito de Barcelona.<\/p>\n\n\n\n<p>El mexicano\u00a0<strong>Sergio P\u00e9rez<\/strong>\u00a0(Red Bull), ha afirmado, en la semana del Gran Premio de Espa\u00f1a de\u00a0<strong>Formula Uno<\/strong>, que quiere dar la bienvenida al mundo su reci\u00e9n nacido tercer hijo,\u00a0<strong>Emilio<\/strong>, &#8220;con un gran resultado&#8221; en el circuito de Barcelona-Catalu\u00f1a.<\/p>\n\n\n\n<figure class=\"wp-block-image size-full\"><img loading=\"lazy\" decoding=\"async\" width=\"556\" height=\"551\" src=\"https:\/\/quehacerpolitico.mx\/wp-content\/uploads\/2022\/05\/image-39.jpeg\" alt=\"\" class=\"wp-image-92360\" srcset=\"https:\/\/quehacerpolitico.mx\/wp-content\/uploads\/2022\/05\/image-39.jpeg 556w, https:\/\/quehacerpolitico.mx\/wp-content\/uploads\/2022\/05\/image-39-300x297.jpeg 300w, https:\/\/quehacerpolitico.mx\/wp-content\/uploads\/2022\/05\/image-39-150x150.jpeg 150w, https:\/\/quehacerpolitico.mx\/wp-content\/uploads\/2022\/05\/image-39-147x146.jpeg 147w, https:\/\/quehacerpolitico.mx\/wp-content\/uploads\/2022\/05\/image-39-50x50.jpeg 50w, https:\/\/quehacerpolitico.mx\/wp-content\/uploads\/2022\/05\/image-39-76x75.jpeg 76w, https:\/\/quehacerpolitico.mx\/wp-content\/uploads\/2022\/05\/image-39-85x85.jpeg 85w, https:\/\/quehacerpolitico.mx\/wp-content\/uploads\/2022\/05\/image-39-80x80.jpeg 80w\" sizes=\"auto, (max-width: 556px) 100vw, 556px\" \/><\/figure>\n\n\n\n<p>El pasado&nbsp;<strong>15 de mayo<\/strong>&nbsp;naci\u00f3 el tercer hijo de&nbsp;<strong>Checo P\u00e9rez&nbsp;<\/strong>y su esposa,&nbsp;<strong>Carola Mart\u00ednez<\/strong>. &#8220;Ser\u00eda incre\u00edble darle la bienvenida al mundo con un gran resultado&#8221;, dice el mexicano.<\/p>\n\n\n\n<blockquote class=\"wp-block-quote is-layout-flow wp-block-quote-is-layout-flow\"><p>&#8220;Conocemos muy bien la pista de&nbsp;<strong>Barcelona<\/strong>&nbsp;gracias a los test de&nbsp;<strong>pretemporada<\/strong>, as\u00ed que sabemos qu\u00e9 esperar, pero el coche que probamos en febrero es muy diferente del que conducimos ahora, en el buen sentido, y ser\u00e1 interesante ver los&nbsp;<strong>avances<\/strong>que hemos hecho desde entonces&#8221;, se\u00f1ala en declaraciones que difunde su equipo.<\/p><\/blockquote>\n\n\n\n<p>Al recordar el&nbsp;<strong>Gran Premio de Miami,<\/strong>P\u00e9rez se\u00f1ala que esa semana fue &#8220;loca para todos&#8221;. &#8220;Aunque (el neerland\u00e9s)&nbsp;<strong>Max<\/strong>&nbsp;(Verstappen, su compa\u00f1ero y actual campe\u00f3n) consigui\u00f3 la&nbsp;<strong>victoria<\/strong>y yo recog\u00ed puntos importantes, no me fui satisfecho&#8221;, narra el mexicano.<\/p>\n\n\n\n<blockquote class=\"wp-block-quote is-layout-flow wp-block-quote-is-layout-flow\"><p>&#8220;Siempre quiero estar en el&nbsp;<strong>podio<\/strong>&nbsp;y sab\u00eda que ten\u00eda el ritmo para batir a los&nbsp;<strong>Ferrari<\/strong>, as\u00ed que estaba frustrado&#8221;, precisa.<\/p><\/blockquote>\n\n\n\n<p>&#8220;Si soy capaz de tener un fin de semana consistente en el&nbsp;<strong>coche<\/strong>, s\u00e9 que puedo estar ah\u00ed arriba y&nbsp;<strong>Max&nbsp;<\/strong>y yo vamos a luchar por repetir lo de<strong>Imola<\/strong>&#8220;, recuerda P\u00e9rez sobre el Gran Premio de la&nbsp;<strong>Emilia Roma\u00f1a<\/strong>, en el que&nbsp;<strong>Verstappen<\/strong>&nbsp;fue primero y \u00e9l, segundo.<\/p>\n\n\n\n<p>Max Verstappen se\u00f1ala: &#8220;Tuvimos una semana incre\u00edble en\u00a0<strong>Miami<\/strong>. He tenido algo de tiempo para descansar con mi familia desde entonces y ahora estoy deseando volver a conducir en\u00a0<strong>Barcelona<\/strong>&#8220;.<\/p>\n\n\n\n<blockquote class=\"wp-block-quote is-layout-flow wp-block-quote-is-layout-flow\"><p>&#8220;Tengo muchos buenos recuerdos en la&nbsp;<strong>pista<\/strong>, desde mi primera victoria en la&nbsp;<strong>F\u00f3rmula 1<\/strong>&nbsp;en 2016, cuando ten\u00eda&nbsp;<strong>18 a\u00f1os<\/strong>&#8220;, a\u00f1ade.<\/p><\/blockquote>\n\n\n\n<p>&#8220;El Circuito de\u00a0<strong>Barcelona-Catalu\u00f1a<\/strong>\u00a0es una pista que todos conocemos muy bien como equipo debido a la cantidad de pruebas que hemos hecho all\u00ed a lo largo de los a\u00f1os, as\u00ed que, a diferencia de\u00a0<strong>Miami<\/strong>, tenemos una cantidad sustancial de datos para utilizar antes de la carrera. Espero que podamos mantener el impulso de las\u00a0<strong>\u00faltimas carreras\u00a0<\/strong>con una salida limpia a partir del viernes&#8221;, comenta el\u00a0<strong>neerland\u00e9s<\/strong>.<\/p>\n\n\n\n<p>Con informaci\u00f3n de EFE<\/p>\n","protected":false},"excerpt":{"rendered":"<p>Por Redacci\u00f3n QP El mexicano Sergio P\u00e9rez quiere dar la bienvenida al mundo a su&#8230;<\/p>\n","protected":false},"author":2,"featured_media":92361,"comment_status":"open","ping_status":"open","sticky":false,"template":"","format":"standard","meta":{"_monsterinsights_skip_tracking":false,"_monsterinsights_sitenote_active":false,"_monsterinsights_sitenote_note":"","_monsterinsights_sitenote_category":0,"footnotes":""},"categories":[54],"tags":[],"class_list":["post-92359","post","type-post","status-publish","format-standard","has-post-thumbnail","hentry","category-deportes"],"yoast_head":"<!-- This site is optimized with the Yoast SEO plugin v27.3 - https:\/\/yoast.com\/product\/yoast-seo-wordpress\/ -->\n<title>&#039;Checo&#039; P\u00e9rez quiere darle la bienvenida a su hijo reci\u00e9n nacido ganando el Gran Premio de Espa\u00f1a -<\/title>\n<meta name=\"robots\" content=\"index, follow, max-snippet:-1, max-image-preview:large, max-video-preview:-1\" \/>\n<link rel=\"canonical\" href=\"https:\/\/quehacerpolitico.mx\/?p=92359\" \/>\n<meta property=\"og:locale\" content=\"es_MX\" \/>\n<meta property=\"og:type\" content=\"article\" \/>\n<meta property=\"og:title\" content=\"&#039;Checo&#039; P\u00e9rez quiere darle la bienvenida a su hijo reci\u00e9n nacido ganando el Gran Premio de Espa\u00f1a -\" \/>\n<meta property=\"og:description\" content=\"Por Redacci\u00f3n QP El mexicano Sergio P\u00e9rez quiere dar la bienvenida al mundo a su...\" \/>\n<meta property=\"og:url\" content=\"https:\/\/quehacerpolitico.mx\/?p=92359\" \/>\n<meta property=\"article:published_time\" content=\"2022-05-19T12:50:12+00:00\" \/>\n<meta property=\"article:modified_time\" content=\"2022-05-19T12:50:16+00:00\" \/>\n<meta property=\"og:image\" content=\"https:\/\/quehacerpolitico.mx\/wp-content\/uploads\/2022\/05\/58DEC3CA-45F8-4B0A-A3B0-725B46FEF62E.jpeg\" \/>\n\t<meta property=\"og:image:width\" content=\"1200\" \/>\n\t<meta property=\"og:image:height\" content=\"630\" \/>\n\t<meta property=\"og:image:type\" content=\"image\/jpeg\" \/>\n<meta name=\"author\" content=\"Redacci\u00f3n QP\" \/>\n<meta name=\"twitter:card\" content=\"summary_large_image\" \/>\n<meta name=\"twitter:label1\" content=\"Escrito por\" \/>\n\t<meta name=\"twitter:data1\" content=\"Redacci\u00f3n QP\" \/>\n\t<meta name=\"twitter:label2\" content=\"Tiempo de lectura\" \/>\n\t<meta name=\"twitter:data2\" content=\"2 minutos\" \/>\n<script type=\"application\/ld+json\" class=\"yoast-schema-graph\">{\"@context\":\"https:\\\/\\\/schema.org\",\"@graph\":[{\"@type\":\"Article\",\"@id\":\"https:\\\/\\\/quehacerpolitico.mx\\\/?p=92359#article\",\"isPartOf\":{\"@id\":\"https:\\\/\\\/quehacerpolitico.mx\\\/?p=92359\"},\"author\":{\"name\":\"Redacci\u00f3n QP\",\"@id\":\"https:\\\/\\\/quehacerpolitico.mx\\\/#\\\/schema\\\/person\\\/496d8ad2d1d3f8036101dca7ee39e585\"},\"headline\":\"&#8216;Checo&#8217; P\u00e9rez quiere darle la bienvenida a su hijo reci\u00e9n nacido ganando el Gran Premio de Espa\u00f1a\",\"datePublished\":\"2022-05-19T12:50:12+00:00\",\"dateModified\":\"2022-05-19T12:50:16+00:00\",\"mainEntityOfPage\":{\"@id\":\"https:\\\/\\\/quehacerpolitico.mx\\\/?p=92359\"},\"wordCount\":463,\"commentCount\":0,\"image\":{\"@id\":\"https:\\\/\\\/quehacerpolitico.mx\\\/?p=92359#primaryimage\"},\"thumbnailUrl\":\"https:\\\/\\\/quehacerpolitico.mx\\\/wp-content\\\/uploads\\\/2022\\\/05\\\/58DEC3CA-45F8-4B0A-A3B0-725B46FEF62E.jpeg\",\"articleSection\":[\"Deportes\"],\"inLanguage\":\"es\",\"potentialAction\":[{\"@type\":\"CommentAction\",\"name\":\"Comment\",\"target\":[\"https:\\\/\\\/quehacerpolitico.mx\\\/?p=92359#respond\"]}]},{\"@type\":\"WebPage\",\"@id\":\"https:\\\/\\\/quehacerpolitico.mx\\\/?p=92359\",\"url\":\"https:\\\/\\\/quehacerpolitico.mx\\\/?p=92359\",\"name\":\"'Checo' P\u00e9rez quiere darle la bienvenida a su hijo reci\u00e9n nacido ganando el Gran Premio de Espa\u00f1a -\",\"isPartOf\":{\"@id\":\"https:\\\/\\\/quehacerpolitico.mx\\\/#website\"},\"primaryImageOfPage\":{\"@id\":\"https:\\\/\\\/quehacerpolitico.mx\\\/?p=92359#primaryimage\"},\"image\":{\"@id\":\"https:\\\/\\\/quehacerpolitico.mx\\\/?p=92359#primaryimage\"},\"thumbnailUrl\":\"https:\\\/\\\/quehacerpolitico.mx\\\/wp-content\\\/uploads\\\/2022\\\/05\\\/58DEC3CA-45F8-4B0A-A3B0-725B46FEF62E.jpeg\",\"datePublished\":\"2022-05-19T12:50:12+00:00\",\"dateModified\":\"2022-05-19T12:50:16+00:00\",\"author\":{\"@id\":\"https:\\\/\\\/quehacerpolitico.mx\\\/#\\\/schema\\\/person\\\/496d8ad2d1d3f8036101dca7ee39e585\"},\"breadcrumb\":{\"@id\":\"https:\\\/\\\/quehacerpolitico.mx\\\/?p=92359#breadcrumb\"},\"inLanguage\":\"es\",\"potentialAction\":[{\"@type\":\"ReadAction\",\"target\":[\"https:\\\/\\\/quehacerpolitico.mx\\\/?p=92359\"]}]},{\"@type\":\"ImageObject\",\"inLanguage\":\"es\",\"@id\":\"https:\\\/\\\/quehacerpolitico.mx\\\/?p=92359#primaryimage\",\"url\":\"https:\\\/\\\/quehacerpolitico.mx\\\/wp-content\\\/uploads\\\/2022\\\/05\\\/58DEC3CA-45F8-4B0A-A3B0-725B46FEF62E.jpeg\",\"contentUrl\":\"https:\\\/\\\/quehacerpolitico.mx\\\/wp-content\\\/uploads\\\/2022\\\/05\\\/58DEC3CA-45F8-4B0A-A3B0-725B46FEF62E.jpeg\",\"width\":1200,\"height\":630},{\"@type\":\"BreadcrumbList\",\"@id\":\"https:\\\/\\\/quehacerpolitico.mx\\\/?p=92359#breadcrumb\",\"itemListElement\":[{\"@type\":\"ListItem\",\"position\":1,\"name\":\"Inicio\",\"item\":\"https:\\\/\\\/quehacerpolitico.mx\\\/\"},{\"@type\":\"ListItem\",\"position\":2,\"name\":\"&#8216;Checo&#8217; P\u00e9rez quiere darle la bienvenida a su hijo reci\u00e9n nacido ganando el Gran Premio de Espa\u00f1a\"}]},{\"@type\":\"WebSite\",\"@id\":\"https:\\\/\\\/quehacerpolitico.mx\\\/#website\",\"url\":\"https:\\\/\\\/quehacerpolitico.mx\\\/\",\"name\":\"\",\"description\":\"\",\"potentialAction\":[{\"@type\":\"SearchAction\",\"target\":{\"@type\":\"EntryPoint\",\"urlTemplate\":\"https:\\\/\\\/quehacerpolitico.mx\\\/?s={search_term_string}\"},\"query-input\":{\"@type\":\"PropertyValueSpecification\",\"valueRequired\":true,\"valueName\":\"search_term_string\"}}],\"inLanguage\":\"es\"},{\"@type\":\"Person\",\"@id\":\"https:\\\/\\\/quehacerpolitico.mx\\\/#\\\/schema\\\/person\\\/496d8ad2d1d3f8036101dca7ee39e585\",\"name\":\"Redacci\u00f3n QP\",\"image\":{\"@type\":\"ImageObject\",\"inLanguage\":\"es\",\"@id\":\"https:\\\/\\\/secure.gravatar.com\\\/avatar\\\/c7164ed6fdec453195284ad24a5ae5b6e1eed2b848477fa2a4787ba9adf39a41?s=96&d=mm&r=g\",\"url\":\"https:\\\/\\\/secure.gravatar.com\\\/avatar\\\/c7164ed6fdec453195284ad24a5ae5b6e1eed2b848477fa2a4787ba9adf39a41?s=96&d=mm&r=g\",\"contentUrl\":\"https:\\\/\\\/secure.gravatar.com\\\/avatar\\\/c7164ed6fdec453195284ad24a5ae5b6e1eed2b848477fa2a4787ba9adf39a41?s=96&d=mm&r=g\",\"caption\":\"Redacci\u00f3n QP\"},\"url\":\"https:\\\/\\\/quehacerpolitico.mx\\\/?author=2\"}]}<\/script>\n<!-- \/ Yoast SEO plugin. -->","yoast_head_json":{"title":"'Checo' P\u00e9rez quiere darle la bienvenida a su hijo reci\u00e9n nacido ganando el Gran Premio de Espa\u00f1a -","robots":{"index":"index","follow":"follow","max-snippet":"max-snippet:-1","max-image-preview":"max-image-preview:large","max-video-preview":"max-video-preview:-1"},"canonical":"https:\/\/quehacerpolitico.mx\/?p=92359","og_locale":"es_MX","og_type":"article","og_title":"'Checo' P\u00e9rez quiere darle la bienvenida a su hijo reci\u00e9n nacido ganando el Gran Premio de Espa\u00f1a -","og_description":"Por Redacci\u00f3n QP El mexicano Sergio P\u00e9rez quiere dar la bienvenida al mundo a su...","og_url":"https:\/\/quehacerpolitico.mx\/?p=92359","article_published_time":"2022-05-19T12:50:12+00:00","article_modified_time":"2022-05-19T12:50:16+00:00","og_image":[{"width":1200,"height":630,"url":"https:\/\/quehacerpolitico.mx\/wp-content\/uploads\/2022\/05\/58DEC3CA-45F8-4B0A-A3B0-725B46FEF62E.jpeg","type":"image\/jpeg"}],"author":"Redacci\u00f3n QP","twitter_card":"summary_large_image","twitter_misc":{"Escrito por":"Redacci\u00f3n QP","Tiempo de lectura":"2 minutos"},"schema":{"@context":"https:\/\/schema.org","@graph":[{"@type":"Article","@id":"https:\/\/quehacerpolitico.mx\/?p=92359#article","isPartOf":{"@id":"https:\/\/quehacerpolitico.mx\/?p=92359"},"author":{"name":"Redacci\u00f3n QP","@id":"https:\/\/quehacerpolitico.mx\/#\/schema\/person\/496d8ad2d1d3f8036101dca7ee39e585"},"headline":"&#8216;Checo&#8217; P\u00e9rez quiere darle la bienvenida a su hijo reci\u00e9n nacido ganando el Gran Premio de Espa\u00f1a","datePublished":"2022-05-19T12:50:12+00:00","dateModified":"2022-05-19T12:50:16+00:00","mainEntityOfPage":{"@id":"https:\/\/quehacerpolitico.mx\/?p=92359"},"wordCount":463,"commentCount":0,"image":{"@id":"https:\/\/quehacerpolitico.mx\/?p=92359#primaryimage"},"thumbnailUrl":"https:\/\/quehacerpolitico.mx\/wp-content\/uploads\/2022\/05\/58DEC3CA-45F8-4B0A-A3B0-725B46FEF62E.jpeg","articleSection":["Deportes"],"inLanguage":"es","potentialAction":[{"@type":"CommentAction","name":"Comment","target":["https:\/\/quehacerpolitico.mx\/?p=92359#respond"]}]},{"@type":"WebPage","@id":"https:\/\/quehacerpolitico.mx\/?p=92359","url":"https:\/\/quehacerpolitico.mx\/?p=92359","name":"'Checo' P\u00e9rez quiere darle la bienvenida a su hijo reci\u00e9n nacido ganando el Gran Premio de Espa\u00f1a -","isPartOf":{"@id":"https:\/\/quehacerpolitico.mx\/#website"},"primaryImageOfPage":{"@id":"https:\/\/quehacerpolitico.mx\/?p=92359#primaryimage"},"image":{"@id":"https:\/\/quehacerpolitico.mx\/?p=92359#primaryimage"},"thumbnailUrl":"https:\/\/quehacerpolitico.mx\/wp-content\/uploads\/2022\/05\/58DEC3CA-45F8-4B0A-A3B0-725B46FEF62E.jpeg","datePublished":"2022-05-19T12:50:12+00:00","dateModified":"2022-05-19T12:50:16+00:00","author":{"@id":"https:\/\/quehacerpolitico.mx\/#\/schema\/person\/496d8ad2d1d3f8036101dca7ee39e585"},"breadcrumb":{"@id":"https:\/\/quehacerpolitico.mx\/?p=92359#breadcrumb"},"inLanguage":"es","potentialAction":[{"@type":"ReadAction","target":["https:\/\/quehacerpolitico.mx\/?p=92359"]}]},{"@type":"ImageObject","inLanguage":"es","@id":"https:\/\/quehacerpolitico.mx\/?p=92359#primaryimage","url":"https:\/\/quehacerpolitico.mx\/wp-content\/uploads\/2022\/05\/58DEC3CA-45F8-4B0A-A3B0-725B46FEF62E.jpeg","contentUrl":"https:\/\/quehacerpolitico.mx\/wp-content\/uploads\/2022\/05\/58DEC3CA-45F8-4B0A-A3B0-725B46FEF62E.jpeg","width":1200,"height":630},{"@type":"BreadcrumbList","@id":"https:\/\/quehacerpolitico.mx\/?p=92359#breadcrumb","itemListElement":[{"@type":"ListItem","position":1,"name":"Inicio","item":"https:\/\/quehacerpolitico.mx\/"},{"@type":"ListItem","position":2,"name":"&#8216;Checo&#8217; P\u00e9rez quiere darle la bienvenida a su hijo reci\u00e9n nacido ganando el Gran Premio de Espa\u00f1a"}]},{"@type":"WebSite","@id":"https:\/\/quehacerpolitico.mx\/#website","url":"https:\/\/quehacerpolitico.mx\/","name":"","description":"","potentialAction":[{"@type":"SearchAction","target":{"@type":"EntryPoint","urlTemplate":"https:\/\/quehacerpolitico.mx\/?s={search_term_string}"},"query-input":{"@type":"PropertyValueSpecification","valueRequired":true,"valueName":"search_term_string"}}],"inLanguage":"es"},{"@type":"Person","@id":"https:\/\/quehacerpolitico.mx\/#\/schema\/person\/496d8ad2d1d3f8036101dca7ee39e585","name":"Redacci\u00f3n QP","image":{"@type":"ImageObject","inLanguage":"es","@id":"https:\/\/secure.gravatar.com\/avatar\/c7164ed6fdec453195284ad24a5ae5b6e1eed2b848477fa2a4787ba9adf39a41?s=96&d=mm&r=g","url":"https:\/\/secure.gravatar.com\/avatar\/c7164ed6fdec453195284ad24a5ae5b6e1eed2b848477fa2a4787ba9adf39a41?s=96&d=mm&r=g","contentUrl":"https:\/\/secure.gravatar.com\/avatar\/c7164ed6fdec453195284ad24a5ae5b6e1eed2b848477fa2a4787ba9adf39a41?s=96&d=mm&r=g","caption":"Redacci\u00f3n QP"},"url":"https:\/\/quehacerpolitico.mx\/?author=2"}]}},"featured_image_urls":{"full":["https:\/\/quehacerpolitico.mx\/wp-content\/uploads\/2022\/05\/58DEC3CA-45F8-4B0A-A3B0-725B46FEF62E.jpeg",1200,630,false],"thumbnail":["https:\/\/quehacerpolitico.mx\/wp-content\/uploads\/2022\/05\/58DEC3CA-45F8-4B0A-A3B0-725B46FEF62E-150x150.jpeg",150,150,true],"medium":["https:\/\/quehacerpolitico.mx\/wp-content\/uploads\/2022\/05\/58DEC3CA-45F8-4B0A-A3B0-725B46FEF62E-300x158.jpeg",300,158,true],"medium_large":["https:\/\/quehacerpolitico.mx\/wp-content\/uploads\/2022\/05\/58DEC3CA-45F8-4B0A-A3B0-725B46FEF62E-768x403.jpeg",640,336,true],"large":["https:\/\/quehacerpolitico.mx\/wp-content\/uploads\/2022\/05\/58DEC3CA-45F8-4B0A-A3B0-725B46FEF62E-1024x538.jpeg",640,336,true],"1536x1536":["https:\/\/quehacerpolitico.mx\/wp-content\/uploads\/2022\/05\/58DEC3CA-45F8-4B0A-A3B0-725B46FEF62E.jpeg",1200,630,false],"2048x2048":["https:\/\/quehacerpolitico.mx\/wp-content\/uploads\/2022\/05\/58DEC3CA-45F8-4B0A-A3B0-725B46FEF62E.jpeg",1200,630,false],"covernews-featured":["https:\/\/quehacerpolitico.mx\/wp-content\/uploads\/2022\/05\/58DEC3CA-45F8-4B0A-A3B0-725B46FEF62E.jpeg",1024,538,false],"covernews-medium":["https:\/\/quehacerpolitico.mx\/wp-content\/uploads\/2022\/05\/58DEC3CA-45F8-4B0A-A3B0-725B46FEF62E.jpeg",540,284,false]},"author_info":{"display_name":"Redacci\u00f3n QP","author_link":"https:\/\/quehacerpolitico.mx\/?author=2"},"category_info":"<a href=\"https:\/\/quehacerpolitico.mx\/?cat=54\" rel=\"category\">Deportes<\/a>","tag_info":"Deportes","comment_count":"0","_links":{"self":[{"href":"https:\/\/quehacerpolitico.mx\/index.php?rest_route=\/wp\/v2\/posts\/92359","targetHints":{"allow":["GET"]}}],"collection":[{"href":"https:\/\/quehacerpolitico.mx\/index.php?rest_route=\/wp\/v2\/posts"}],"about":[{"href":"https:\/\/quehacerpolitico.mx\/index.php?rest_route=\/wp\/v2\/types\/post"}],"author":[{"embeddable":true,"href":"https:\/\/quehacerpolitico.mx\/index.php?rest_route=\/wp\/v2\/users\/2"}],"replies":[{"embeddable":true,"href":"https:\/\/quehacerpolitico.mx\/index.php?rest_route=%2Fwp%2Fv2%2Fcomments&post=92359"}],"version-history":[{"count":1,"href":"https:\/\/quehacerpolitico.mx\/index.php?rest_route=\/wp\/v2\/posts\/92359\/revisions"}],"predecessor-version":[{"id":92362,"href":"https:\/\/quehacerpolitico.mx\/index.php?rest_route=\/wp\/v2\/posts\/92359\/revisions\/92362"}],"wp:featuredmedia":[{"embeddable":true,"href":"https:\/\/quehacerpolitico.mx\/index.php?rest_route=\/wp\/v2\/media\/92361"}],"wp:attachment":[{"href":"https:\/\/quehacerpolitico.mx\/index.php?rest_route=%2Fwp%2Fv2%2Fmedia&parent=92359"}],"wp:term":[{"taxonomy":"category","embeddable":true,"href":"https:\/\/quehacerpolitico.mx\/index.php?rest_route=%2Fwp%2Fv2%2Fcategories&post=92359"},{"taxonomy":"post_tag","embeddable":true,"href":"https:\/\/quehacerpolitico.mx\/index.php?rest_route=%2Fwp%2Fv2%2Ftags&post=92359"}],"curies":[{"name":"wp","href":"https:\/\/api.w.org\/{rel}","templated":true}]}}