{"id":92354,"date":"2022-05-19T00:00:25","date_gmt":"2022-05-19T00:00:25","guid":{"rendered":"https:\/\/quehacerpolitico.mx\/?p=92354"},"modified":"2022-05-19T00:00:29","modified_gmt":"2022-05-19T00:00:29","slug":"cumbre-de-las-americas-dialogo-con-estados-unidos-fue-en-buenos-terminos-dice-ebrard","status":"publish","type":"post","link":"https:\/\/quehacerpolitico.mx\/?p=92354","title":{"rendered":"Cumbre de las Am\u00e9ricas: Di\u00e1logo con Estados Unidos fue en &#8220;buenos t\u00e9rminos&#8221;, dice Ebrard\u00a0"},"content":{"rendered":"\n<p>Por Redacci\u00f3n QP<\/p>\n\n\n\n<p>Durante la reuni\u00f3n, el senador Dodd y el Presidente L\u00f3pez Obrador externaron sus posiciones sobre la importancia de la no exclusi\u00f3n en la Cumbre en las Am\u00e9ricas<\/p>\n\n\n\n<p>El secretario de Relaciones Exteriores, Marcelo Ebrard, destac\u00f3 que la reuni\u00f3n con el senador Christopher Dodd, asesor especial del presidente de Estados Unidos, Joe Biden, para la Cumbre de las Am\u00e9ricas,&nbsp;<strong>se llev\u00f3 a cabo &#8220;en buenos t\u00e9rminos&#8221;.<\/strong><\/p>\n\n\n\n<p>En un breve video al culminar el encuentro virtual debido al contagio de COVID del legislador estadounidense,\u00a0<strong>el canciller detall\u00f3 los puntos sobre los que se desarroll\u00f3 el encuentro.<\/strong><\/p>\n\n\n\n<figure class=\"wp-block-embed is-type-rich is-provider-twitter wp-block-embed-twitter\"><div class=\"wp-block-embed__wrapper\">\n<blockquote class=\"twitter-tweet\" data-width=\"550\" data-dnt=\"true\"><p lang=\"es\" dir=\"ltr\">Saliendo de la conversaci\u00f3n con Chris Dodd y el Presidente L\u00f3pez Obrador <a href=\"https:\/\/t.co\/vTMWKmsx4C\">pic.twitter.com\/vTMWKmsx4C<\/a><\/p>&mdash; Marcelo Ebrard C. (@m_ebrard) <a href=\"https:\/\/twitter.com\/m_ebrard\/status\/1526997193827266560?ref_src=twsrc%5Etfw\">May 18, 2022<\/a><\/blockquote><script async src=\"https:\/\/platform.twitter.com\/widgets.js\" charset=\"utf-8\"><\/script>\n<\/div><\/figure>\n\n\n\n<p>Al destacar que la conversaci\u00f3n se dio en espa\u00f1ol, Ebrard explic\u00f3 que las delegaciones abordaron en primer lugar<strong>\u00a0las oportunidades que representa la novena Cumbre de las Am\u00e9ricas para el continente<\/strong>, as\u00ed como algunos de los contenidos m\u00e1s destacados del encuentro, tales como la movilidad laboral, el plan de acci\u00f3n de Salud y la recuperaci\u00f3n econ\u00f3mica.<\/p>\n\n\n\n<p>En segundo lugar, dijo, el senador Dodd y el presidente L\u00f3pez Obrador&nbsp;<strong>externaron sus posiciones sobre la importancia de no excluir a nadie de la Cumbre.<\/strong><\/p>\n\n\n\n<p>&#8220;El Presidente L\u00f3pez Obrador explic\u00f3 cu\u00e1les son sus conceptos, idea de por qu\u00e9 esto debe de ser as\u00ed, (de por qu\u00e9) no debe haber exclusiones, que debemos entrar a una nueva etapa hist\u00f3rica y sentar las bases de una nueva relaci\u00f3n&#8221;, expuso.<\/p>\n\n\n\n<p>Mientras, agreg\u00f3, el senador estadounidense, agreg\u00f3, explic\u00f3 los puntos de vista del presidente Biden y la importancia del evento para \u00e9l.<\/p>\n\n\n\n<p>Luego del encuentro virtual ambos pa\u00edses mantendr\u00e1n un di\u00e1logo constante en &#8220;en las pr\u00f3ximas horas y d\u00edas&#8221; que, dijo, desde su punto de vista &#8220;ha sido muy constructivo y en muy buenos t\u00e9rminos&#8221;.<\/p>\n\n\n\n<h2 class=\"wp-block-heading\">Biden responder\u00e1 a L\u00f3pez Obrador sobre Cumbre: Ebrard<\/h2>\n\n\n\n<p>Marcelo Ebrard, titular de Relaciones Exteriores (SRE), asegur\u00f3 que en las pr\u00f3ximas horas Joe Biden, presidente de Estados Unidos, responder\u00e1 a la propuesta que le hizo el Presidente Andr\u00e9s Manuel L\u00f3pez Obrador de no excluir a ning\u00fan pa\u00eds en la pr\u00f3xima Cumbre de las Am\u00e9ricas.<\/p>\n\n\n\n<p>Afuera de Palacio Nacional, tras la reuni\u00f3n virtual de m\u00e1s de una hora con 40 minutos entre el Presidente L\u00f3pez Obrador y el exsenador Christopher J. Dodd, asesor especial del presidente Biden para la Cumbre de las Am\u00e9ricas, el canciller detall\u00f3 que el Mandatario mexicano reiter\u00f3 que su propuesta de que ser\u00eda un &#8220;hecho hist\u00f3rico&#8221; que en la Cumbre no se excluya a ninguna naci\u00f3n.<\/p>\n\n\n\n<p>&#8220;Fue una conversaci\u00f3n de una hora con 40 minutos, muy buena conversaci\u00f3n con el senador Chris Dodd, el asesor especial del presidente Biden para la Cumbre de las Am\u00e9ricas, y habl\u00f3 en espa\u00f1ol -eso cay\u00f3 muy bien- \u00e9l habl\u00f3 v\u00eda Zoom desde su casa, habl\u00f3 en espa\u00f1ol, fue una cortes\u00eda importante fue bastante friendly, amigable, cordial, la conversaci\u00f3n.<\/p>\n\n\n\n<p>El titular de la pol\u00edtica exterior de M\u00e9xico asegur\u00f3 que tanto el Presidente L\u00f3pez Obrador como con Biden tienen muy buena relaci\u00f3n y hay mucha afinidad ideol\u00f3gica en muchos temas.<\/p>\n\n\n\n<p>Con informaci\u00f3n de SUN<\/p>\n","protected":false},"excerpt":{"rendered":"<p>Por Redacci\u00f3n QP Durante la reuni\u00f3n, el senador Dodd y el Presidente L\u00f3pez Obrador externaron&#8230;<\/p>\n","protected":false},"author":2,"featured_media":92355,"comment_status":"open","ping_status":"open","sticky":false,"template":"","format":"standard","meta":{"_monsterinsights_skip_tracking":false,"_monsterinsights_sitenote_active":false,"_monsterinsights_sitenote_note":"","_monsterinsights_sitenote_category":0,"footnotes":""},"categories":[2],"tags":[],"class_list":["post-92354","post","type-post","status-publish","format-standard","has-post-thumbnail","hentry","category-noticias"],"yoast_head":"<!-- This site is optimized with the Yoast SEO plugin v27.3 - https:\/\/yoast.com\/product\/yoast-seo-wordpress\/ -->\n<title>Cumbre de las Am\u00e9ricas: Di\u00e1logo con Estados Unidos fue en &quot;buenos t\u00e9rminos&quot;, dice Ebrard\u00a0 -<\/title>\n<meta name=\"robots\" content=\"index, follow, max-snippet:-1, max-image-preview:large, max-video-preview:-1\" \/>\n<link rel=\"canonical\" href=\"https:\/\/quehacerpolitico.mx\/?p=92354\" \/>\n<meta property=\"og:locale\" content=\"es_MX\" \/>\n<meta property=\"og:type\" content=\"article\" \/>\n<meta property=\"og:title\" content=\"Cumbre de las Am\u00e9ricas: Di\u00e1logo con Estados Unidos fue en &quot;buenos t\u00e9rminos&quot;, dice Ebrard\u00a0 -\" \/>\n<meta property=\"og:description\" content=\"Por Redacci\u00f3n QP Durante la reuni\u00f3n, el senador Dodd y el Presidente L\u00f3pez Obrador externaron...\" \/>\n<meta property=\"og:url\" content=\"https:\/\/quehacerpolitico.mx\/?p=92354\" \/>\n<meta property=\"article:published_time\" content=\"2022-05-19T00:00:25+00:00\" \/>\n<meta property=\"article:modified_time\" content=\"2022-05-19T00:00:29+00:00\" \/>\n<meta property=\"og:image\" content=\"https:\/\/quehacerpolitico.mx\/wp-content\/uploads\/2022\/05\/AF63459F-0E57-4399-A5A9-1752AF56E30B.jpeg\" \/>\n\t<meta property=\"og:image:width\" content=\"735\" \/>\n\t<meta property=\"og:image:height\" content=\"417\" \/>\n\t<meta property=\"og:image:type\" content=\"image\/jpeg\" \/>\n<meta name=\"author\" content=\"Redacci\u00f3n QP\" \/>\n<meta name=\"twitter:card\" content=\"summary_large_image\" \/>\n<meta name=\"twitter:label1\" content=\"Escrito por\" \/>\n\t<meta name=\"twitter:data1\" content=\"Redacci\u00f3n QP\" \/>\n\t<meta name=\"twitter:label2\" content=\"Tiempo de lectura\" \/>\n\t<meta name=\"twitter:data2\" content=\"3 minutos\" \/>\n<script type=\"application\/ld+json\" class=\"yoast-schema-graph\">{\"@context\":\"https:\\\/\\\/schema.org\",\"@graph\":[{\"@type\":\"Article\",\"@id\":\"https:\\\/\\\/quehacerpolitico.mx\\\/?p=92354#article\",\"isPartOf\":{\"@id\":\"https:\\\/\\\/quehacerpolitico.mx\\\/?p=92354\"},\"author\":{\"name\":\"Redacci\u00f3n QP\",\"@id\":\"https:\\\/\\\/quehacerpolitico.mx\\\/#\\\/schema\\\/person\\\/496d8ad2d1d3f8036101dca7ee39e585\"},\"headline\":\"Cumbre de las Am\u00e9ricas: Di\u00e1logo con Estados Unidos fue en &#8220;buenos t\u00e9rminos&#8221;, dice Ebrard\u00a0\",\"datePublished\":\"2022-05-19T00:00:25+00:00\",\"dateModified\":\"2022-05-19T00:00:29+00:00\",\"mainEntityOfPage\":{\"@id\":\"https:\\\/\\\/quehacerpolitico.mx\\\/?p=92354\"},\"wordCount\":570,\"commentCount\":0,\"image\":{\"@id\":\"https:\\\/\\\/quehacerpolitico.mx\\\/?p=92354#primaryimage\"},\"thumbnailUrl\":\"https:\\\/\\\/quehacerpolitico.mx\\\/wp-content\\\/uploads\\\/2022\\\/05\\\/AF63459F-0E57-4399-A5A9-1752AF56E30B.jpeg\",\"articleSection\":[\"Noticias\"],\"inLanguage\":\"es\",\"potentialAction\":[{\"@type\":\"CommentAction\",\"name\":\"Comment\",\"target\":[\"https:\\\/\\\/quehacerpolitico.mx\\\/?p=92354#respond\"]}]},{\"@type\":\"WebPage\",\"@id\":\"https:\\\/\\\/quehacerpolitico.mx\\\/?p=92354\",\"url\":\"https:\\\/\\\/quehacerpolitico.mx\\\/?p=92354\",\"name\":\"Cumbre de las Am\u00e9ricas: Di\u00e1logo con Estados Unidos fue en \\\"buenos t\u00e9rminos\\\", dice Ebrard\u00a0 -\",\"isPartOf\":{\"@id\":\"https:\\\/\\\/quehacerpolitico.mx\\\/#website\"},\"primaryImageOfPage\":{\"@id\":\"https:\\\/\\\/quehacerpolitico.mx\\\/?p=92354#primaryimage\"},\"image\":{\"@id\":\"https:\\\/\\\/quehacerpolitico.mx\\\/?p=92354#primaryimage\"},\"thumbnailUrl\":\"https:\\\/\\\/quehacerpolitico.mx\\\/wp-content\\\/uploads\\\/2022\\\/05\\\/AF63459F-0E57-4399-A5A9-1752AF56E30B.jpeg\",\"datePublished\":\"2022-05-19T00:00:25+00:00\",\"dateModified\":\"2022-05-19T00:00:29+00:00\",\"author\":{\"@id\":\"https:\\\/\\\/quehacerpolitico.mx\\\/#\\\/schema\\\/person\\\/496d8ad2d1d3f8036101dca7ee39e585\"},\"breadcrumb\":{\"@id\":\"https:\\\/\\\/quehacerpolitico.mx\\\/?p=92354#breadcrumb\"},\"inLanguage\":\"es\",\"potentialAction\":[{\"@type\":\"ReadAction\",\"target\":[\"https:\\\/\\\/quehacerpolitico.mx\\\/?p=92354\"]}]},{\"@type\":\"ImageObject\",\"inLanguage\":\"es\",\"@id\":\"https:\\\/\\\/quehacerpolitico.mx\\\/?p=92354#primaryimage\",\"url\":\"https:\\\/\\\/quehacerpolitico.mx\\\/wp-content\\\/uploads\\\/2022\\\/05\\\/AF63459F-0E57-4399-A5A9-1752AF56E30B.jpeg\",\"contentUrl\":\"https:\\\/\\\/quehacerpolitico.mx\\\/wp-content\\\/uploads\\\/2022\\\/05\\\/AF63459F-0E57-4399-A5A9-1752AF56E30B.jpeg\",\"width\":735,\"height\":417},{\"@type\":\"BreadcrumbList\",\"@id\":\"https:\\\/\\\/quehacerpolitico.mx\\\/?p=92354#breadcrumb\",\"itemListElement\":[{\"@type\":\"ListItem\",\"position\":1,\"name\":\"Inicio\",\"item\":\"https:\\\/\\\/quehacerpolitico.mx\\\/\"},{\"@type\":\"ListItem\",\"position\":2,\"name\":\"Cumbre de las Am\u00e9ricas: Di\u00e1logo con Estados Unidos fue en &#8220;buenos t\u00e9rminos&#8221;, dice Ebrard\u00a0\"}]},{\"@type\":\"WebSite\",\"@id\":\"https:\\\/\\\/quehacerpolitico.mx\\\/#website\",\"url\":\"https:\\\/\\\/quehacerpolitico.mx\\\/\",\"name\":\"\",\"description\":\"\",\"potentialAction\":[{\"@type\":\"SearchAction\",\"target\":{\"@type\":\"EntryPoint\",\"urlTemplate\":\"https:\\\/\\\/quehacerpolitico.mx\\\/?s={search_term_string}\"},\"query-input\":{\"@type\":\"PropertyValueSpecification\",\"valueRequired\":true,\"valueName\":\"search_term_string\"}}],\"inLanguage\":\"es\"},{\"@type\":\"Person\",\"@id\":\"https:\\\/\\\/quehacerpolitico.mx\\\/#\\\/schema\\\/person\\\/496d8ad2d1d3f8036101dca7ee39e585\",\"name\":\"Redacci\u00f3n QP\",\"image\":{\"@type\":\"ImageObject\",\"inLanguage\":\"es\",\"@id\":\"https:\\\/\\\/secure.gravatar.com\\\/avatar\\\/c7164ed6fdec453195284ad24a5ae5b6e1eed2b848477fa2a4787ba9adf39a41?s=96&d=mm&r=g\",\"url\":\"https:\\\/\\\/secure.gravatar.com\\\/avatar\\\/c7164ed6fdec453195284ad24a5ae5b6e1eed2b848477fa2a4787ba9adf39a41?s=96&d=mm&r=g\",\"contentUrl\":\"https:\\\/\\\/secure.gravatar.com\\\/avatar\\\/c7164ed6fdec453195284ad24a5ae5b6e1eed2b848477fa2a4787ba9adf39a41?s=96&d=mm&r=g\",\"caption\":\"Redacci\u00f3n QP\"},\"url\":\"https:\\\/\\\/quehacerpolitico.mx\\\/?author=2\"}]}<\/script>\n<!-- \/ Yoast SEO plugin. -->","yoast_head_json":{"title":"Cumbre de las Am\u00e9ricas: Di\u00e1logo con Estados Unidos fue en \"buenos t\u00e9rminos\", dice Ebrard\u00a0 -","robots":{"index":"index","follow":"follow","max-snippet":"max-snippet:-1","max-image-preview":"max-image-preview:large","max-video-preview":"max-video-preview:-1"},"canonical":"https:\/\/quehacerpolitico.mx\/?p=92354","og_locale":"es_MX","og_type":"article","og_title":"Cumbre de las Am\u00e9ricas: Di\u00e1logo con Estados Unidos fue en \"buenos t\u00e9rminos\", dice Ebrard\u00a0 -","og_description":"Por Redacci\u00f3n QP Durante la reuni\u00f3n, el senador Dodd y el Presidente L\u00f3pez Obrador externaron...","og_url":"https:\/\/quehacerpolitico.mx\/?p=92354","article_published_time":"2022-05-19T00:00:25+00:00","article_modified_time":"2022-05-19T00:00:29+00:00","og_image":[{"width":735,"height":417,"url":"https:\/\/quehacerpolitico.mx\/wp-content\/uploads\/2022\/05\/AF63459F-0E57-4399-A5A9-1752AF56E30B.jpeg","type":"image\/jpeg"}],"author":"Redacci\u00f3n QP","twitter_card":"summary_large_image","twitter_misc":{"Escrito por":"Redacci\u00f3n QP","Tiempo de lectura":"3 minutos"},"schema":{"@context":"https:\/\/schema.org","@graph":[{"@type":"Article","@id":"https:\/\/quehacerpolitico.mx\/?p=92354#article","isPartOf":{"@id":"https:\/\/quehacerpolitico.mx\/?p=92354"},"author":{"name":"Redacci\u00f3n QP","@id":"https:\/\/quehacerpolitico.mx\/#\/schema\/person\/496d8ad2d1d3f8036101dca7ee39e585"},"headline":"Cumbre de las Am\u00e9ricas: Di\u00e1logo con Estados Unidos fue en &#8220;buenos t\u00e9rminos&#8221;, dice Ebrard\u00a0","datePublished":"2022-05-19T00:00:25+00:00","dateModified":"2022-05-19T00:00:29+00:00","mainEntityOfPage":{"@id":"https:\/\/quehacerpolitico.mx\/?p=92354"},"wordCount":570,"commentCount":0,"image":{"@id":"https:\/\/quehacerpolitico.mx\/?p=92354#primaryimage"},"thumbnailUrl":"https:\/\/quehacerpolitico.mx\/wp-content\/uploads\/2022\/05\/AF63459F-0E57-4399-A5A9-1752AF56E30B.jpeg","articleSection":["Noticias"],"inLanguage":"es","potentialAction":[{"@type":"CommentAction","name":"Comment","target":["https:\/\/quehacerpolitico.mx\/?p=92354#respond"]}]},{"@type":"WebPage","@id":"https:\/\/quehacerpolitico.mx\/?p=92354","url":"https:\/\/quehacerpolitico.mx\/?p=92354","name":"Cumbre de las Am\u00e9ricas: Di\u00e1logo con Estados Unidos fue en \"buenos t\u00e9rminos\", dice Ebrard\u00a0 -","isPartOf":{"@id":"https:\/\/quehacerpolitico.mx\/#website"},"primaryImageOfPage":{"@id":"https:\/\/quehacerpolitico.mx\/?p=92354#primaryimage"},"image":{"@id":"https:\/\/quehacerpolitico.mx\/?p=92354#primaryimage"},"thumbnailUrl":"https:\/\/quehacerpolitico.mx\/wp-content\/uploads\/2022\/05\/AF63459F-0E57-4399-A5A9-1752AF56E30B.jpeg","datePublished":"2022-05-19T00:00:25+00:00","dateModified":"2022-05-19T00:00:29+00:00","author":{"@id":"https:\/\/quehacerpolitico.mx\/#\/schema\/person\/496d8ad2d1d3f8036101dca7ee39e585"},"breadcrumb":{"@id":"https:\/\/quehacerpolitico.mx\/?p=92354#breadcrumb"},"inLanguage":"es","potentialAction":[{"@type":"ReadAction","target":["https:\/\/quehacerpolitico.mx\/?p=92354"]}]},{"@type":"ImageObject","inLanguage":"es","@id":"https:\/\/quehacerpolitico.mx\/?p=92354#primaryimage","url":"https:\/\/quehacerpolitico.mx\/wp-content\/uploads\/2022\/05\/AF63459F-0E57-4399-A5A9-1752AF56E30B.jpeg","contentUrl":"https:\/\/quehacerpolitico.mx\/wp-content\/uploads\/2022\/05\/AF63459F-0E57-4399-A5A9-1752AF56E30B.jpeg","width":735,"height":417},{"@type":"BreadcrumbList","@id":"https:\/\/quehacerpolitico.mx\/?p=92354#breadcrumb","itemListElement":[{"@type":"ListItem","position":1,"name":"Inicio","item":"https:\/\/quehacerpolitico.mx\/"},{"@type":"ListItem","position":2,"name":"Cumbre de las Am\u00e9ricas: Di\u00e1logo con Estados Unidos fue en &#8220;buenos t\u00e9rminos&#8221;, dice Ebrard\u00a0"}]},{"@type":"WebSite","@id":"https:\/\/quehacerpolitico.mx\/#website","url":"https:\/\/quehacerpolitico.mx\/","name":"","description":"","potentialAction":[{"@type":"SearchAction","target":{"@type":"EntryPoint","urlTemplate":"https:\/\/quehacerpolitico.mx\/?s={search_term_string}"},"query-input":{"@type":"PropertyValueSpecification","valueRequired":true,"valueName":"search_term_string"}}],"inLanguage":"es"},{"@type":"Person","@id":"https:\/\/quehacerpolitico.mx\/#\/schema\/person\/496d8ad2d1d3f8036101dca7ee39e585","name":"Redacci\u00f3n QP","image":{"@type":"ImageObject","inLanguage":"es","@id":"https:\/\/secure.gravatar.com\/avatar\/c7164ed6fdec453195284ad24a5ae5b6e1eed2b848477fa2a4787ba9adf39a41?s=96&d=mm&r=g","url":"https:\/\/secure.gravatar.com\/avatar\/c7164ed6fdec453195284ad24a5ae5b6e1eed2b848477fa2a4787ba9adf39a41?s=96&d=mm&r=g","contentUrl":"https:\/\/secure.gravatar.com\/avatar\/c7164ed6fdec453195284ad24a5ae5b6e1eed2b848477fa2a4787ba9adf39a41?s=96&d=mm&r=g","caption":"Redacci\u00f3n QP"},"url":"https:\/\/quehacerpolitico.mx\/?author=2"}]}},"featured_image_urls":{"full":["https:\/\/quehacerpolitico.mx\/wp-content\/uploads\/2022\/05\/AF63459F-0E57-4399-A5A9-1752AF56E30B.jpeg",735,417,false],"thumbnail":["https:\/\/quehacerpolitico.mx\/wp-content\/uploads\/2022\/05\/AF63459F-0E57-4399-A5A9-1752AF56E30B-150x150.jpeg",150,150,true],"medium":["https:\/\/quehacerpolitico.mx\/wp-content\/uploads\/2022\/05\/AF63459F-0E57-4399-A5A9-1752AF56E30B-300x170.jpeg",300,170,true],"medium_large":["https:\/\/quehacerpolitico.mx\/wp-content\/uploads\/2022\/05\/AF63459F-0E57-4399-A5A9-1752AF56E30B.jpeg",640,363,false],"large":["https:\/\/quehacerpolitico.mx\/wp-content\/uploads\/2022\/05\/AF63459F-0E57-4399-A5A9-1752AF56E30B.jpeg",640,363,false],"1536x1536":["https:\/\/quehacerpolitico.mx\/wp-content\/uploads\/2022\/05\/AF63459F-0E57-4399-A5A9-1752AF56E30B.jpeg",735,417,false],"2048x2048":["https:\/\/quehacerpolitico.mx\/wp-content\/uploads\/2022\/05\/AF63459F-0E57-4399-A5A9-1752AF56E30B.jpeg",735,417,false],"covernews-featured":["https:\/\/quehacerpolitico.mx\/wp-content\/uploads\/2022\/05\/AF63459F-0E57-4399-A5A9-1752AF56E30B.jpeg",735,417,false],"covernews-medium":["https:\/\/quehacerpolitico.mx\/wp-content\/uploads\/2022\/05\/AF63459F-0E57-4399-A5A9-1752AF56E30B.jpeg",540,306,false]},"author_info":{"display_name":"Redacci\u00f3n QP","author_link":"https:\/\/quehacerpolitico.mx\/?author=2"},"category_info":"<a href=\"https:\/\/quehacerpolitico.mx\/?cat=2\" rel=\"category\">Noticias<\/a>","tag_info":"Noticias","comment_count":"0","_links":{"self":[{"href":"https:\/\/quehacerpolitico.mx\/index.php?rest_route=\/wp\/v2\/posts\/92354","targetHints":{"allow":["GET"]}}],"collection":[{"href":"https:\/\/quehacerpolitico.mx\/index.php?rest_route=\/wp\/v2\/posts"}],"about":[{"href":"https:\/\/quehacerpolitico.mx\/index.php?rest_route=\/wp\/v2\/types\/post"}],"author":[{"embeddable":true,"href":"https:\/\/quehacerpolitico.mx\/index.php?rest_route=\/wp\/v2\/users\/2"}],"replies":[{"embeddable":true,"href":"https:\/\/quehacerpolitico.mx\/index.php?rest_route=%2Fwp%2Fv2%2Fcomments&post=92354"}],"version-history":[{"count":1,"href":"https:\/\/quehacerpolitico.mx\/index.php?rest_route=\/wp\/v2\/posts\/92354\/revisions"}],"predecessor-version":[{"id":92356,"href":"https:\/\/quehacerpolitico.mx\/index.php?rest_route=\/wp\/v2\/posts\/92354\/revisions\/92356"}],"wp:featuredmedia":[{"embeddable":true,"href":"https:\/\/quehacerpolitico.mx\/index.php?rest_route=\/wp\/v2\/media\/92355"}],"wp:attachment":[{"href":"https:\/\/quehacerpolitico.mx\/index.php?rest_route=%2Fwp%2Fv2%2Fmedia&parent=92354"}],"wp:term":[{"taxonomy":"category","embeddable":true,"href":"https:\/\/quehacerpolitico.mx\/index.php?rest_route=%2Fwp%2Fv2%2Fcategories&post=92354"},{"taxonomy":"post_tag","embeddable":true,"href":"https:\/\/quehacerpolitico.mx\/index.php?rest_route=%2Fwp%2Fv2%2Ftags&post=92354"}],"curies":[{"name":"wp","href":"https:\/\/api.w.org\/{rel}","templated":true}]}}