{"id":92345,"date":"2022-05-17T16:42:16","date_gmt":"2022-05-17T16:42:16","guid":{"rendered":"https:\/\/quehacerpolitico.mx\/?p=92345"},"modified":"2022-05-17T16:42:19","modified_gmt":"2022-05-17T16:42:19","slug":"mexicano-jan-salvatierra-sufre-brutal-ko-que-lo-mando-fuera-del-ring","status":"publish","type":"post","link":"https:\/\/quehacerpolitico.mx\/?p=92345","title":{"rendered":"Mexicano Jan Salvatierra sufre brutal KO que lo mand\u00f3 \u00a1fuera del ring!\u00a0"},"content":{"rendered":"\n<p>Por Redacci\u00f3n QP<\/p>\n\n\n\n<p>El estadounidense John &#8220;Scrappy&#8221; Ram\u00edrez se llev\u00f3 una contundente victoria sobre el pugilista azteca.<\/p>\n\n\n\n<p>El boxeador mexicano Jan Salvatierra sufri\u00f3 un duro castigo este fin de semana en sui pelea contra el estadounidense John &#8220;Scrappy&#8221; Ram\u00edrez. Y es que el pugilista azteca recibi\u00f3 un brutal KO que lo mand\u00f3 fuera del ring en el primer round. La contienda entre Salvatierra y Ram\u00edrez ten\u00eda en juego el t\u00edtulo de peso s\u00faper pluma de la Asociaci\u00f3n Norteamericana de Boxeo (NABA), as\u00ed que el estadounidense no dud\u00f3 en salir a &#8216;comerse&#8217; a su rival. Por ello, desde el primer asalto el Scrappy hizo presi\u00f3n con sus potentes golpes sobre el mexicano, hasta que en un descuido, \u00e9ste baj\u00f3 la guardia y recibi\u00f3 un duro castigo: Ram\u00edrez lanz\u00f3 un potente golpe de derecha que dio directo en la barbilla del mexicano y lo hizo salir entre las cuerdas del cuadril\u00e1tero. El impacto pudo tener consecuencias mayores para Jan Salvatierra, pero para su fortuna, un fot\u00f3grafo que estaba abajo del ring logr\u00f3 sostenerle la cabeza, para que \u00e9sta no se impactara en el piso y se hiciera m\u00e1s da\u00f1o.<\/p>\n\n\n\n<figure class=\"wp-block-embed is-type-rich is-provider-twitter wp-block-embed-twitter\"><div class=\"wp-block-embed__wrapper\">\n<blockquote class=\"twitter-tweet\" data-width=\"550\" data-dnt=\"true\"><p lang=\"en\" dir=\"ltr\">That deserves another \ud83d\udc40look\ud83d\udc40 <a href=\"https:\/\/twitter.com\/Scrappyboxin?ref_src=twsrc%5Etfw\">@scrappyboxin<\/a><a href=\"https:\/\/twitter.com\/hashtag\/ZurdoBoesel?src=hash&amp;ref_src=twsrc%5Etfw\">#ZurdoBoesel<\/a> | on <a href=\"https:\/\/twitter.com\/DAZNBoxing?ref_src=twsrc%5Etfw\">@DAZNboxing<\/a> <a href=\"https:\/\/t.co\/v4YncoHUMg\">pic.twitter.com\/v4YncoHUMg<\/a><\/p>&mdash; Golden Boy (@GoldenBoyBoxing) <a href=\"https:\/\/twitter.com\/GoldenBoyBoxing\/status\/1525639059099357185?ref_src=twsrc%5Etfw\">May 15, 2022<\/a><\/blockquote><script async src=\"https:\/\/platform.twitter.com\/widgets.js\" charset=\"utf-8\"><\/script>\n<\/div><\/figure>\n\n\n\n<p>Regres\u00f3 al ring Tras el brutal impacto y la aparatosa imagen, el mexicano apel\u00f3 a su orgullo y regres\u00f3 al ring; sin embargo, el r\u00e9feri determin\u00f3 que Salvatierra no pod\u00eda seguir en la pelea y la dio por terminada en el primer asalto. John &#8216;Scrappy&#8217; Ram\u00edrez se llev\u00f3 el cetro a casa y logr\u00f3 mantener su r\u00e9cord invicto (10-0).<\/p>\n\n\n\n<p>Con informaci\u00f3n de Medio Tiempo<\/p>\n","protected":false},"excerpt":{"rendered":"<p>Por Redacci\u00f3n QP El estadounidense John &#8220;Scrappy&#8221; Ram\u00edrez se llev\u00f3 una contundente victoria sobre el&#8230;<\/p>\n","protected":false},"author":2,"featured_media":92346,"comment_status":"open","ping_status":"open","sticky":false,"template":"","format":"standard","meta":{"_monsterinsights_skip_tracking":false,"_monsterinsights_sitenote_active":false,"_monsterinsights_sitenote_note":"","_monsterinsights_sitenote_category":0,"footnotes":""},"categories":[54],"tags":[],"class_list":["post-92345","post","type-post","status-publish","format-standard","has-post-thumbnail","hentry","category-deportes"],"yoast_head":"<!-- This site is optimized with the Yoast SEO plugin v27.3 - https:\/\/yoast.com\/product\/yoast-seo-wordpress\/ -->\n<title>Mexicano Jan Salvatierra sufre brutal KO que lo mand\u00f3 \u00a1fuera del ring!\u00a0 -<\/title>\n<meta name=\"robots\" content=\"index, follow, max-snippet:-1, max-image-preview:large, max-video-preview:-1\" \/>\n<link rel=\"canonical\" href=\"https:\/\/quehacerpolitico.mx\/?p=92345\" \/>\n<meta property=\"og:locale\" content=\"es_MX\" \/>\n<meta property=\"og:type\" content=\"article\" \/>\n<meta property=\"og:title\" content=\"Mexicano Jan Salvatierra sufre brutal KO que lo mand\u00f3 \u00a1fuera del ring!\u00a0 -\" \/>\n<meta property=\"og:description\" content=\"Por Redacci\u00f3n QP El estadounidense John &#8220;Scrappy&#8221; Ram\u00edrez se llev\u00f3 una contundente victoria sobre el...\" \/>\n<meta property=\"og:url\" content=\"https:\/\/quehacerpolitico.mx\/?p=92345\" \/>\n<meta property=\"article:published_time\" content=\"2022-05-17T16:42:16+00:00\" \/>\n<meta property=\"article:modified_time\" content=\"2022-05-17T16:42:19+00:00\" \/>\n<meta property=\"og:image\" content=\"https:\/\/quehacerpolitico.mx\/wp-content\/uploads\/2022\/05\/A003E5A0-4CFA-438D-A818-5B950E970CE1.jpeg\" \/>\n\t<meta property=\"og:image:width\" content=\"1284\" \/>\n\t<meta property=\"og:image:height\" content=\"692\" \/>\n\t<meta property=\"og:image:type\" content=\"image\/jpeg\" \/>\n<meta name=\"author\" content=\"Redacci\u00f3n QP\" \/>\n<meta name=\"twitter:card\" content=\"summary_large_image\" \/>\n<meta name=\"twitter:label1\" content=\"Escrito por\" \/>\n\t<meta name=\"twitter:data1\" content=\"Redacci\u00f3n QP\" \/>\n\t<meta name=\"twitter:label2\" content=\"Tiempo de lectura\" \/>\n\t<meta name=\"twitter:data2\" content=\"1 minuto\" \/>\n<script type=\"application\/ld+json\" class=\"yoast-schema-graph\">{\"@context\":\"https:\\\/\\\/schema.org\",\"@graph\":[{\"@type\":\"Article\",\"@id\":\"https:\\\/\\\/quehacerpolitico.mx\\\/?p=92345#article\",\"isPartOf\":{\"@id\":\"https:\\\/\\\/quehacerpolitico.mx\\\/?p=92345\"},\"author\":{\"name\":\"Redacci\u00f3n QP\",\"@id\":\"https:\\\/\\\/quehacerpolitico.mx\\\/#\\\/schema\\\/person\\\/496d8ad2d1d3f8036101dca7ee39e585\"},\"headline\":\"Mexicano Jan Salvatierra sufre brutal KO que lo mand\u00f3 \u00a1fuera del ring!\u00a0\",\"datePublished\":\"2022-05-17T16:42:16+00:00\",\"dateModified\":\"2022-05-17T16:42:19+00:00\",\"mainEntityOfPage\":{\"@id\":\"https:\\\/\\\/quehacerpolitico.mx\\\/?p=92345\"},\"wordCount\":293,\"commentCount\":0,\"image\":{\"@id\":\"https:\\\/\\\/quehacerpolitico.mx\\\/?p=92345#primaryimage\"},\"thumbnailUrl\":\"https:\\\/\\\/quehacerpolitico.mx\\\/wp-content\\\/uploads\\\/2022\\\/05\\\/A003E5A0-4CFA-438D-A818-5B950E970CE1.jpeg\",\"articleSection\":[\"Deportes\"],\"inLanguage\":\"es\",\"potentialAction\":[{\"@type\":\"CommentAction\",\"name\":\"Comment\",\"target\":[\"https:\\\/\\\/quehacerpolitico.mx\\\/?p=92345#respond\"]}]},{\"@type\":\"WebPage\",\"@id\":\"https:\\\/\\\/quehacerpolitico.mx\\\/?p=92345\",\"url\":\"https:\\\/\\\/quehacerpolitico.mx\\\/?p=92345\",\"name\":\"Mexicano Jan Salvatierra sufre brutal KO que lo mand\u00f3 \u00a1fuera del ring!\u00a0 -\",\"isPartOf\":{\"@id\":\"https:\\\/\\\/quehacerpolitico.mx\\\/#website\"},\"primaryImageOfPage\":{\"@id\":\"https:\\\/\\\/quehacerpolitico.mx\\\/?p=92345#primaryimage\"},\"image\":{\"@id\":\"https:\\\/\\\/quehacerpolitico.mx\\\/?p=92345#primaryimage\"},\"thumbnailUrl\":\"https:\\\/\\\/quehacerpolitico.mx\\\/wp-content\\\/uploads\\\/2022\\\/05\\\/A003E5A0-4CFA-438D-A818-5B950E970CE1.jpeg\",\"datePublished\":\"2022-05-17T16:42:16+00:00\",\"dateModified\":\"2022-05-17T16:42:19+00:00\",\"author\":{\"@id\":\"https:\\\/\\\/quehacerpolitico.mx\\\/#\\\/schema\\\/person\\\/496d8ad2d1d3f8036101dca7ee39e585\"},\"breadcrumb\":{\"@id\":\"https:\\\/\\\/quehacerpolitico.mx\\\/?p=92345#breadcrumb\"},\"inLanguage\":\"es\",\"potentialAction\":[{\"@type\":\"ReadAction\",\"target\":[\"https:\\\/\\\/quehacerpolitico.mx\\\/?p=92345\"]}]},{\"@type\":\"ImageObject\",\"inLanguage\":\"es\",\"@id\":\"https:\\\/\\\/quehacerpolitico.mx\\\/?p=92345#primaryimage\",\"url\":\"https:\\\/\\\/quehacerpolitico.mx\\\/wp-content\\\/uploads\\\/2022\\\/05\\\/A003E5A0-4CFA-438D-A818-5B950E970CE1.jpeg\",\"contentUrl\":\"https:\\\/\\\/quehacerpolitico.mx\\\/wp-content\\\/uploads\\\/2022\\\/05\\\/A003E5A0-4CFA-438D-A818-5B950E970CE1.jpeg\",\"width\":1284,\"height\":692},{\"@type\":\"BreadcrumbList\",\"@id\":\"https:\\\/\\\/quehacerpolitico.mx\\\/?p=92345#breadcrumb\",\"itemListElement\":[{\"@type\":\"ListItem\",\"position\":1,\"name\":\"Inicio\",\"item\":\"https:\\\/\\\/quehacerpolitico.mx\\\/\"},{\"@type\":\"ListItem\",\"position\":2,\"name\":\"Mexicano Jan Salvatierra sufre brutal KO que lo mand\u00f3 \u00a1fuera del ring!\u00a0\"}]},{\"@type\":\"WebSite\",\"@id\":\"https:\\\/\\\/quehacerpolitico.mx\\\/#website\",\"url\":\"https:\\\/\\\/quehacerpolitico.mx\\\/\",\"name\":\"\",\"description\":\"\",\"potentialAction\":[{\"@type\":\"SearchAction\",\"target\":{\"@type\":\"EntryPoint\",\"urlTemplate\":\"https:\\\/\\\/quehacerpolitico.mx\\\/?s={search_term_string}\"},\"query-input\":{\"@type\":\"PropertyValueSpecification\",\"valueRequired\":true,\"valueName\":\"search_term_string\"}}],\"inLanguage\":\"es\"},{\"@type\":\"Person\",\"@id\":\"https:\\\/\\\/quehacerpolitico.mx\\\/#\\\/schema\\\/person\\\/496d8ad2d1d3f8036101dca7ee39e585\",\"name\":\"Redacci\u00f3n QP\",\"image\":{\"@type\":\"ImageObject\",\"inLanguage\":\"es\",\"@id\":\"https:\\\/\\\/secure.gravatar.com\\\/avatar\\\/c7164ed6fdec453195284ad24a5ae5b6e1eed2b848477fa2a4787ba9adf39a41?s=96&d=mm&r=g\",\"url\":\"https:\\\/\\\/secure.gravatar.com\\\/avatar\\\/c7164ed6fdec453195284ad24a5ae5b6e1eed2b848477fa2a4787ba9adf39a41?s=96&d=mm&r=g\",\"contentUrl\":\"https:\\\/\\\/secure.gravatar.com\\\/avatar\\\/c7164ed6fdec453195284ad24a5ae5b6e1eed2b848477fa2a4787ba9adf39a41?s=96&d=mm&r=g\",\"caption\":\"Redacci\u00f3n QP\"},\"url\":\"https:\\\/\\\/quehacerpolitico.mx\\\/?author=2\"}]}<\/script>\n<!-- \/ Yoast SEO plugin. -->","yoast_head_json":{"title":"Mexicano Jan Salvatierra sufre brutal KO que lo mand\u00f3 \u00a1fuera del ring!\u00a0 -","robots":{"index":"index","follow":"follow","max-snippet":"max-snippet:-1","max-image-preview":"max-image-preview:large","max-video-preview":"max-video-preview:-1"},"canonical":"https:\/\/quehacerpolitico.mx\/?p=92345","og_locale":"es_MX","og_type":"article","og_title":"Mexicano Jan Salvatierra sufre brutal KO que lo mand\u00f3 \u00a1fuera del ring!\u00a0 -","og_description":"Por Redacci\u00f3n QP El estadounidense John &#8220;Scrappy&#8221; Ram\u00edrez se llev\u00f3 una contundente victoria sobre el...","og_url":"https:\/\/quehacerpolitico.mx\/?p=92345","article_published_time":"2022-05-17T16:42:16+00:00","article_modified_time":"2022-05-17T16:42:19+00:00","og_image":[{"width":1284,"height":692,"url":"https:\/\/quehacerpolitico.mx\/wp-content\/uploads\/2022\/05\/A003E5A0-4CFA-438D-A818-5B950E970CE1.jpeg","type":"image\/jpeg"}],"author":"Redacci\u00f3n QP","twitter_card":"summary_large_image","twitter_misc":{"Escrito por":"Redacci\u00f3n QP","Tiempo de lectura":"1 minuto"},"schema":{"@context":"https:\/\/schema.org","@graph":[{"@type":"Article","@id":"https:\/\/quehacerpolitico.mx\/?p=92345#article","isPartOf":{"@id":"https:\/\/quehacerpolitico.mx\/?p=92345"},"author":{"name":"Redacci\u00f3n QP","@id":"https:\/\/quehacerpolitico.mx\/#\/schema\/person\/496d8ad2d1d3f8036101dca7ee39e585"},"headline":"Mexicano Jan Salvatierra sufre brutal KO que lo mand\u00f3 \u00a1fuera del ring!\u00a0","datePublished":"2022-05-17T16:42:16+00:00","dateModified":"2022-05-17T16:42:19+00:00","mainEntityOfPage":{"@id":"https:\/\/quehacerpolitico.mx\/?p=92345"},"wordCount":293,"commentCount":0,"image":{"@id":"https:\/\/quehacerpolitico.mx\/?p=92345#primaryimage"},"thumbnailUrl":"https:\/\/quehacerpolitico.mx\/wp-content\/uploads\/2022\/05\/A003E5A0-4CFA-438D-A818-5B950E970CE1.jpeg","articleSection":["Deportes"],"inLanguage":"es","potentialAction":[{"@type":"CommentAction","name":"Comment","target":["https:\/\/quehacerpolitico.mx\/?p=92345#respond"]}]},{"@type":"WebPage","@id":"https:\/\/quehacerpolitico.mx\/?p=92345","url":"https:\/\/quehacerpolitico.mx\/?p=92345","name":"Mexicano Jan Salvatierra sufre brutal KO que lo mand\u00f3 \u00a1fuera del ring!\u00a0 -","isPartOf":{"@id":"https:\/\/quehacerpolitico.mx\/#website"},"primaryImageOfPage":{"@id":"https:\/\/quehacerpolitico.mx\/?p=92345#primaryimage"},"image":{"@id":"https:\/\/quehacerpolitico.mx\/?p=92345#primaryimage"},"thumbnailUrl":"https:\/\/quehacerpolitico.mx\/wp-content\/uploads\/2022\/05\/A003E5A0-4CFA-438D-A818-5B950E970CE1.jpeg","datePublished":"2022-05-17T16:42:16+00:00","dateModified":"2022-05-17T16:42:19+00:00","author":{"@id":"https:\/\/quehacerpolitico.mx\/#\/schema\/person\/496d8ad2d1d3f8036101dca7ee39e585"},"breadcrumb":{"@id":"https:\/\/quehacerpolitico.mx\/?p=92345#breadcrumb"},"inLanguage":"es","potentialAction":[{"@type":"ReadAction","target":["https:\/\/quehacerpolitico.mx\/?p=92345"]}]},{"@type":"ImageObject","inLanguage":"es","@id":"https:\/\/quehacerpolitico.mx\/?p=92345#primaryimage","url":"https:\/\/quehacerpolitico.mx\/wp-content\/uploads\/2022\/05\/A003E5A0-4CFA-438D-A818-5B950E970CE1.jpeg","contentUrl":"https:\/\/quehacerpolitico.mx\/wp-content\/uploads\/2022\/05\/A003E5A0-4CFA-438D-A818-5B950E970CE1.jpeg","width":1284,"height":692},{"@type":"BreadcrumbList","@id":"https:\/\/quehacerpolitico.mx\/?p=92345#breadcrumb","itemListElement":[{"@type":"ListItem","position":1,"name":"Inicio","item":"https:\/\/quehacerpolitico.mx\/"},{"@type":"ListItem","position":2,"name":"Mexicano Jan Salvatierra sufre brutal KO que lo mand\u00f3 \u00a1fuera del ring!\u00a0"}]},{"@type":"WebSite","@id":"https:\/\/quehacerpolitico.mx\/#website","url":"https:\/\/quehacerpolitico.mx\/","name":"","description":"","potentialAction":[{"@type":"SearchAction","target":{"@type":"EntryPoint","urlTemplate":"https:\/\/quehacerpolitico.mx\/?s={search_term_string}"},"query-input":{"@type":"PropertyValueSpecification","valueRequired":true,"valueName":"search_term_string"}}],"inLanguage":"es"},{"@type":"Person","@id":"https:\/\/quehacerpolitico.mx\/#\/schema\/person\/496d8ad2d1d3f8036101dca7ee39e585","name":"Redacci\u00f3n QP","image":{"@type":"ImageObject","inLanguage":"es","@id":"https:\/\/secure.gravatar.com\/avatar\/c7164ed6fdec453195284ad24a5ae5b6e1eed2b848477fa2a4787ba9adf39a41?s=96&d=mm&r=g","url":"https:\/\/secure.gravatar.com\/avatar\/c7164ed6fdec453195284ad24a5ae5b6e1eed2b848477fa2a4787ba9adf39a41?s=96&d=mm&r=g","contentUrl":"https:\/\/secure.gravatar.com\/avatar\/c7164ed6fdec453195284ad24a5ae5b6e1eed2b848477fa2a4787ba9adf39a41?s=96&d=mm&r=g","caption":"Redacci\u00f3n QP"},"url":"https:\/\/quehacerpolitico.mx\/?author=2"}]}},"featured_image_urls":{"full":["https:\/\/quehacerpolitico.mx\/wp-content\/uploads\/2022\/05\/A003E5A0-4CFA-438D-A818-5B950E970CE1.jpeg",1284,692,false],"thumbnail":["https:\/\/quehacerpolitico.mx\/wp-content\/uploads\/2022\/05\/A003E5A0-4CFA-438D-A818-5B950E970CE1-150x150.jpeg",150,150,true],"medium":["https:\/\/quehacerpolitico.mx\/wp-content\/uploads\/2022\/05\/A003E5A0-4CFA-438D-A818-5B950E970CE1-300x162.jpeg",300,162,true],"medium_large":["https:\/\/quehacerpolitico.mx\/wp-content\/uploads\/2022\/05\/A003E5A0-4CFA-438D-A818-5B950E970CE1-768x414.jpeg",640,345,true],"large":["https:\/\/quehacerpolitico.mx\/wp-content\/uploads\/2022\/05\/A003E5A0-4CFA-438D-A818-5B950E970CE1-1024x552.jpeg",640,345,true],"1536x1536":["https:\/\/quehacerpolitico.mx\/wp-content\/uploads\/2022\/05\/A003E5A0-4CFA-438D-A818-5B950E970CE1.jpeg",1284,692,false],"2048x2048":["https:\/\/quehacerpolitico.mx\/wp-content\/uploads\/2022\/05\/A003E5A0-4CFA-438D-A818-5B950E970CE1.jpeg",1284,692,false],"covernews-featured":["https:\/\/quehacerpolitico.mx\/wp-content\/uploads\/2022\/05\/A003E5A0-4CFA-438D-A818-5B950E970CE1.jpeg",1024,552,false],"covernews-medium":["https:\/\/quehacerpolitico.mx\/wp-content\/uploads\/2022\/05\/A003E5A0-4CFA-438D-A818-5B950E970CE1.jpeg",540,291,false]},"author_info":{"display_name":"Redacci\u00f3n QP","author_link":"https:\/\/quehacerpolitico.mx\/?author=2"},"category_info":"<a href=\"https:\/\/quehacerpolitico.mx\/?cat=54\" rel=\"category\">Deportes<\/a>","tag_info":"Deportes","comment_count":"0","_links":{"self":[{"href":"https:\/\/quehacerpolitico.mx\/index.php?rest_route=\/wp\/v2\/posts\/92345","targetHints":{"allow":["GET"]}}],"collection":[{"href":"https:\/\/quehacerpolitico.mx\/index.php?rest_route=\/wp\/v2\/posts"}],"about":[{"href":"https:\/\/quehacerpolitico.mx\/index.php?rest_route=\/wp\/v2\/types\/post"}],"author":[{"embeddable":true,"href":"https:\/\/quehacerpolitico.mx\/index.php?rest_route=\/wp\/v2\/users\/2"}],"replies":[{"embeddable":true,"href":"https:\/\/quehacerpolitico.mx\/index.php?rest_route=%2Fwp%2Fv2%2Fcomments&post=92345"}],"version-history":[{"count":1,"href":"https:\/\/quehacerpolitico.mx\/index.php?rest_route=\/wp\/v2\/posts\/92345\/revisions"}],"predecessor-version":[{"id":92347,"href":"https:\/\/quehacerpolitico.mx\/index.php?rest_route=\/wp\/v2\/posts\/92345\/revisions\/92347"}],"wp:featuredmedia":[{"embeddable":true,"href":"https:\/\/quehacerpolitico.mx\/index.php?rest_route=\/wp\/v2\/media\/92346"}],"wp:attachment":[{"href":"https:\/\/quehacerpolitico.mx\/index.php?rest_route=%2Fwp%2Fv2%2Fmedia&parent=92345"}],"wp:term":[{"taxonomy":"category","embeddable":true,"href":"https:\/\/quehacerpolitico.mx\/index.php?rest_route=%2Fwp%2Fv2%2Fcategories&post=92345"},{"taxonomy":"post_tag","embeddable":true,"href":"https:\/\/quehacerpolitico.mx\/index.php?rest_route=%2Fwp%2Fv2%2Ftags&post=92345"}],"curies":[{"name":"wp","href":"https:\/\/api.w.org\/{rel}","templated":true}]}}