{"id":92342,"date":"2022-05-17T16:29:41","date_gmt":"2022-05-17T16:29:41","guid":{"rendered":"https:\/\/quehacerpolitico.mx\/?p=92342"},"modified":"2022-05-17T16:29:45","modified_gmt":"2022-05-17T16:29:45","slug":"lopez-obrador-celebra-decision-de-eu-sobre-politica-hacia-cuba","status":"publish","type":"post","link":"https:\/\/quehacerpolitico.mx\/?p=92342","title":{"rendered":"L\u00f3pez Obrador celebra decisi\u00f3n de EU sobre pol\u00edtica hacia Cuba\u00a0"},"content":{"rendered":"\n<p>Por Redacci\u00f3n QP<\/p>\n\n\n\n<p>L\u00f3pez Obrador reconoce\u00a0que la decisi\u00f3n del gobierno estadounidense es un avance &#8220;aunque sea limitado&#8221;<\/p>\n\n\n\n<p>El Presidente\u00a0Andres Manuel Lopez Obrador celebr\u00f3 este martes que su hom\u00f3logo estadounidense, Joe Biden, suavizara su pol\u00edtica hacia Cuba,\u00a0<strong>aunque a\u00fan calific\u00f3 al embargo como &#8220;genocida&#8221;<\/strong>.<\/p>\n\n\n\n<p><strong>&#8220;Celebramos que se avance en ese sentido, es un paso, aunque yo quisiera que no hubiera bloqueo, porque eso es violatorio de los derechos humanos, esa es una pol\u00edtica medieval<\/strong>, no tiene nada que ver con nuestro tiempo y hermandad que debe haber en nuestros pueblos ni con la fraternidad universal&#8221;, manifest\u00f3 L\u00f3pez Obrador durante su rueda de prensa \u201dma\u00f1anera\u201d<\/p>\n\n\n\n<p>El jefe de Estado mexicano reconoci\u00f3 que\u00a0<strong>la decisi\u00f3n del gobierno estadounidense es un avance &#8220;aunque sea limitado&#8221;<\/strong>. Sin embargo, dijo que no deber\u00eda existir una pol\u00edtica de bloqueo porque se perjudica a mucha gente.<\/p>\n\n\n\n<p><strong>&#8220;Imag\u00ednense que no se puedan comprar alimentos, que la gente no pueda adquirir lo b\u00e1sico porque la empresa que venda es sancionada por ese aislamiento. Es una pol\u00edtica genocida&#8221;<\/strong>, critic\u00f3.<\/p>\n\n\n\n<p>Aludiendo al lenguaje del b\u00e9isbol, deporte que practica y que es muy popular en Estados Unidos, dijo que\u00a0<strong>esas pol\u00edticas de bloqueo &#8220;lucen mal&#8221;<\/strong>.<\/p>\n\n\n\n<p>&#8220;As\u00ed se dice en el b\u00e9isbol cuando alguien no hace bien las cosas, luci\u00f3 mal. Eso no se debe de hacer. Por lo otro, que es parte tambi\u00e9n de lo mismo, es el derecho soberano de los pueblos a tener la forma de su gobierno y a&nbsp;<strong>que ninguna naci\u00f3n por poderosa que sea intervenga en asuntos internos&#8221;<\/strong>, acot\u00f3.<\/p>\n\n\n\n<p>El lunes, Joe Biden suavizo su politica hacia Cuba al restablecer los vuelos comerciales m\u00e1s all\u00e1 de La Habana, suspender los l\u00edmites a las remesas y autorizar ciertos tipos de viajes, aunque el turismo a la isla seguir\u00e1 prohibido.<\/p>\n\n\n\n<p>El anuncio de Biden supone una marcha atr\u00e1s en algunas de las pol\u00edticas que implement\u00f3 su antecesor, el republicano Donald Trump (2017-2021), y que supusieron el fin de la era del &#8220;deshielo&#8221;, orquestada por el estadounidense Barack Obama (2009-2017) y su hom\u00f3logo cubano, Ra\u00fal Castro.<\/p>\n\n\n\n<p><strong>El giro en la pol\u00edtica hacia Cuba se produce despu\u00e9s de una revisi\u00f3n interna dentro de la Administraci\u00f3n de Biden<\/strong>&nbsp;que ha llevado meses.<\/p>\n\n\n\n<p><strong>Las medidas anunciadas entrar\u00e1n en vigor en las pr\u00f3ximas semanas<\/strong>, seg\u00fan dijo a la prensa un alto funcionario que habl\u00f3 bajo condici\u00f3n de anonimato.<\/p>\n\n\n\n<h2 class=\"wp-block-heading\">Respetar\u00e1n decisi\u00f3n sobre cumbre<\/h2>\n\n\n\n<p>L\u00f3pez Obrador asegur\u00f3 que la reuni\u00f3n que sostendr\u00e1n este mi\u00e9rcoles con encargados de la organizaci\u00f3n de la Cumbre de las Am\u00e9ricas en California ser\u00e1 con un senador estadounidense y dijo que hasta\u00a0<strong>ahora han actuado con prudencia y tolerancia<\/strong>.<\/p>\n\n\n\n<p>&#8220;Nosotros, independientemente de lo que se resuelva, siempre vamos a tener una relaci\u00f3n de amistad y respeto con el gobierno de Estados Unidos y m\u00e1s, mucho m\u00e1s, con el pueblo de Estados Unidos&#8221;, dijo.<\/p>\n\n\n\n<p>Y\u00a0<strong>descart\u00f3 que pueda producirse una ruptura con el gobierno estadounidense en caso de que no se acepte su petici\u00f3n<\/strong>\u00a0de invitar a &#8220;todos los pa\u00edses&#8221;, en referencia a Nicaragua, Venezuela y Cuba, a la Cumbre que se celebrar\u00e1 en junio pr\u00f3ximo en Los \u00c1ngeles, California.<\/p>\n\n\n\n<p>Con informaci\u00f3n de EFE<\/p>\n","protected":false},"excerpt":{"rendered":"<p>Por Redacci\u00f3n QP L\u00f3pez Obrador reconoce\u00a0que la decisi\u00f3n del gobierno estadounidense es un avance &#8220;aunque&#8230;<\/p>\n","protected":false},"author":2,"featured_media":92343,"comment_status":"open","ping_status":"open","sticky":false,"template":"","format":"standard","meta":{"_monsterinsights_skip_tracking":false,"_monsterinsights_sitenote_active":false,"_monsterinsights_sitenote_note":"","_monsterinsights_sitenote_category":0,"footnotes":""},"categories":[2],"tags":[],"class_list":["post-92342","post","type-post","status-publish","format-standard","has-post-thumbnail","hentry","category-noticias"],"yoast_head":"<!-- This site is optimized with the Yoast SEO plugin v27.3 - https:\/\/yoast.com\/product\/yoast-seo-wordpress\/ -->\n<title>L\u00f3pez Obrador celebra decisi\u00f3n de EU sobre pol\u00edtica hacia Cuba\u00a0 -<\/title>\n<meta name=\"robots\" content=\"index, follow, max-snippet:-1, max-image-preview:large, max-video-preview:-1\" \/>\n<link rel=\"canonical\" href=\"https:\/\/quehacerpolitico.mx\/?p=92342\" \/>\n<meta property=\"og:locale\" content=\"es_MX\" \/>\n<meta property=\"og:type\" content=\"article\" \/>\n<meta property=\"og:title\" content=\"L\u00f3pez Obrador celebra decisi\u00f3n de EU sobre pol\u00edtica hacia Cuba\u00a0 -\" \/>\n<meta property=\"og:description\" content=\"Por Redacci\u00f3n QP L\u00f3pez Obrador reconoce\u00a0que la decisi\u00f3n del gobierno estadounidense es un avance &#8220;aunque...\" \/>\n<meta property=\"og:url\" content=\"https:\/\/quehacerpolitico.mx\/?p=92342\" \/>\n<meta property=\"article:published_time\" content=\"2022-05-17T16:29:41+00:00\" \/>\n<meta property=\"article:modified_time\" content=\"2022-05-17T16:29:45+00:00\" \/>\n<meta property=\"og:image\" content=\"https:\/\/quehacerpolitico.mx\/wp-content\/uploads\/2022\/05\/51D0F131-3770-4C5B-B6E3-19D6C6C1C548.jpeg\" \/>\n\t<meta property=\"og:image:width\" content=\"1284\" \/>\n\t<meta property=\"og:image:height\" content=\"714\" \/>\n\t<meta property=\"og:image:type\" content=\"image\/jpeg\" \/>\n<meta name=\"author\" content=\"Redacci\u00f3n QP\" \/>\n<meta name=\"twitter:card\" content=\"summary_large_image\" \/>\n<meta name=\"twitter:label1\" content=\"Escrito por\" \/>\n\t<meta name=\"twitter:data1\" content=\"Redacci\u00f3n QP\" \/>\n\t<meta name=\"twitter:label2\" content=\"Tiempo de lectura\" \/>\n\t<meta name=\"twitter:data2\" content=\"3 minutos\" \/>\n<script type=\"application\/ld+json\" class=\"yoast-schema-graph\">{\"@context\":\"https:\\\/\\\/schema.org\",\"@graph\":[{\"@type\":\"Article\",\"@id\":\"https:\\\/\\\/quehacerpolitico.mx\\\/?p=92342#article\",\"isPartOf\":{\"@id\":\"https:\\\/\\\/quehacerpolitico.mx\\\/?p=92342\"},\"author\":{\"name\":\"Redacci\u00f3n QP\",\"@id\":\"https:\\\/\\\/quehacerpolitico.mx\\\/#\\\/schema\\\/person\\\/496d8ad2d1d3f8036101dca7ee39e585\"},\"headline\":\"L\u00f3pez Obrador celebra decisi\u00f3n de EU sobre pol\u00edtica hacia Cuba\u00a0\",\"datePublished\":\"2022-05-17T16:29:41+00:00\",\"dateModified\":\"2022-05-17T16:29:45+00:00\",\"mainEntityOfPage\":{\"@id\":\"https:\\\/\\\/quehacerpolitico.mx\\\/?p=92342\"},\"wordCount\":576,\"commentCount\":0,\"image\":{\"@id\":\"https:\\\/\\\/quehacerpolitico.mx\\\/?p=92342#primaryimage\"},\"thumbnailUrl\":\"https:\\\/\\\/quehacerpolitico.mx\\\/wp-content\\\/uploads\\\/2022\\\/05\\\/51D0F131-3770-4C5B-B6E3-19D6C6C1C548.jpeg\",\"articleSection\":[\"Noticias\"],\"inLanguage\":\"es\",\"potentialAction\":[{\"@type\":\"CommentAction\",\"name\":\"Comment\",\"target\":[\"https:\\\/\\\/quehacerpolitico.mx\\\/?p=92342#respond\"]}]},{\"@type\":\"WebPage\",\"@id\":\"https:\\\/\\\/quehacerpolitico.mx\\\/?p=92342\",\"url\":\"https:\\\/\\\/quehacerpolitico.mx\\\/?p=92342\",\"name\":\"L\u00f3pez Obrador celebra decisi\u00f3n de EU sobre pol\u00edtica hacia Cuba\u00a0 -\",\"isPartOf\":{\"@id\":\"https:\\\/\\\/quehacerpolitico.mx\\\/#website\"},\"primaryImageOfPage\":{\"@id\":\"https:\\\/\\\/quehacerpolitico.mx\\\/?p=92342#primaryimage\"},\"image\":{\"@id\":\"https:\\\/\\\/quehacerpolitico.mx\\\/?p=92342#primaryimage\"},\"thumbnailUrl\":\"https:\\\/\\\/quehacerpolitico.mx\\\/wp-content\\\/uploads\\\/2022\\\/05\\\/51D0F131-3770-4C5B-B6E3-19D6C6C1C548.jpeg\",\"datePublished\":\"2022-05-17T16:29:41+00:00\",\"dateModified\":\"2022-05-17T16:29:45+00:00\",\"author\":{\"@id\":\"https:\\\/\\\/quehacerpolitico.mx\\\/#\\\/schema\\\/person\\\/496d8ad2d1d3f8036101dca7ee39e585\"},\"breadcrumb\":{\"@id\":\"https:\\\/\\\/quehacerpolitico.mx\\\/?p=92342#breadcrumb\"},\"inLanguage\":\"es\",\"potentialAction\":[{\"@type\":\"ReadAction\",\"target\":[\"https:\\\/\\\/quehacerpolitico.mx\\\/?p=92342\"]}]},{\"@type\":\"ImageObject\",\"inLanguage\":\"es\",\"@id\":\"https:\\\/\\\/quehacerpolitico.mx\\\/?p=92342#primaryimage\",\"url\":\"https:\\\/\\\/quehacerpolitico.mx\\\/wp-content\\\/uploads\\\/2022\\\/05\\\/51D0F131-3770-4C5B-B6E3-19D6C6C1C548.jpeg\",\"contentUrl\":\"https:\\\/\\\/quehacerpolitico.mx\\\/wp-content\\\/uploads\\\/2022\\\/05\\\/51D0F131-3770-4C5B-B6E3-19D6C6C1C548.jpeg\",\"width\":1284,\"height\":714},{\"@type\":\"BreadcrumbList\",\"@id\":\"https:\\\/\\\/quehacerpolitico.mx\\\/?p=92342#breadcrumb\",\"itemListElement\":[{\"@type\":\"ListItem\",\"position\":1,\"name\":\"Inicio\",\"item\":\"https:\\\/\\\/quehacerpolitico.mx\\\/\"},{\"@type\":\"ListItem\",\"position\":2,\"name\":\"L\u00f3pez Obrador celebra decisi\u00f3n de EU sobre pol\u00edtica hacia Cuba\u00a0\"}]},{\"@type\":\"WebSite\",\"@id\":\"https:\\\/\\\/quehacerpolitico.mx\\\/#website\",\"url\":\"https:\\\/\\\/quehacerpolitico.mx\\\/\",\"name\":\"\",\"description\":\"\",\"potentialAction\":[{\"@type\":\"SearchAction\",\"target\":{\"@type\":\"EntryPoint\",\"urlTemplate\":\"https:\\\/\\\/quehacerpolitico.mx\\\/?s={search_term_string}\"},\"query-input\":{\"@type\":\"PropertyValueSpecification\",\"valueRequired\":true,\"valueName\":\"search_term_string\"}}],\"inLanguage\":\"es\"},{\"@type\":\"Person\",\"@id\":\"https:\\\/\\\/quehacerpolitico.mx\\\/#\\\/schema\\\/person\\\/496d8ad2d1d3f8036101dca7ee39e585\",\"name\":\"Redacci\u00f3n QP\",\"image\":{\"@type\":\"ImageObject\",\"inLanguage\":\"es\",\"@id\":\"https:\\\/\\\/secure.gravatar.com\\\/avatar\\\/c7164ed6fdec453195284ad24a5ae5b6e1eed2b848477fa2a4787ba9adf39a41?s=96&d=mm&r=g\",\"url\":\"https:\\\/\\\/secure.gravatar.com\\\/avatar\\\/c7164ed6fdec453195284ad24a5ae5b6e1eed2b848477fa2a4787ba9adf39a41?s=96&d=mm&r=g\",\"contentUrl\":\"https:\\\/\\\/secure.gravatar.com\\\/avatar\\\/c7164ed6fdec453195284ad24a5ae5b6e1eed2b848477fa2a4787ba9adf39a41?s=96&d=mm&r=g\",\"caption\":\"Redacci\u00f3n QP\"},\"url\":\"https:\\\/\\\/quehacerpolitico.mx\\\/?author=2\"}]}<\/script>\n<!-- \/ Yoast SEO plugin. -->","yoast_head_json":{"title":"L\u00f3pez Obrador celebra decisi\u00f3n de EU sobre pol\u00edtica hacia Cuba\u00a0 -","robots":{"index":"index","follow":"follow","max-snippet":"max-snippet:-1","max-image-preview":"max-image-preview:large","max-video-preview":"max-video-preview:-1"},"canonical":"https:\/\/quehacerpolitico.mx\/?p=92342","og_locale":"es_MX","og_type":"article","og_title":"L\u00f3pez Obrador celebra decisi\u00f3n de EU sobre pol\u00edtica hacia Cuba\u00a0 -","og_description":"Por Redacci\u00f3n QP L\u00f3pez Obrador reconoce\u00a0que la decisi\u00f3n del gobierno estadounidense es un avance &#8220;aunque...","og_url":"https:\/\/quehacerpolitico.mx\/?p=92342","article_published_time":"2022-05-17T16:29:41+00:00","article_modified_time":"2022-05-17T16:29:45+00:00","og_image":[{"width":1284,"height":714,"url":"https:\/\/quehacerpolitico.mx\/wp-content\/uploads\/2022\/05\/51D0F131-3770-4C5B-B6E3-19D6C6C1C548.jpeg","type":"image\/jpeg"}],"author":"Redacci\u00f3n QP","twitter_card":"summary_large_image","twitter_misc":{"Escrito por":"Redacci\u00f3n QP","Tiempo de lectura":"3 minutos"},"schema":{"@context":"https:\/\/schema.org","@graph":[{"@type":"Article","@id":"https:\/\/quehacerpolitico.mx\/?p=92342#article","isPartOf":{"@id":"https:\/\/quehacerpolitico.mx\/?p=92342"},"author":{"name":"Redacci\u00f3n QP","@id":"https:\/\/quehacerpolitico.mx\/#\/schema\/person\/496d8ad2d1d3f8036101dca7ee39e585"},"headline":"L\u00f3pez Obrador celebra decisi\u00f3n de EU sobre pol\u00edtica hacia Cuba\u00a0","datePublished":"2022-05-17T16:29:41+00:00","dateModified":"2022-05-17T16:29:45+00:00","mainEntityOfPage":{"@id":"https:\/\/quehacerpolitico.mx\/?p=92342"},"wordCount":576,"commentCount":0,"image":{"@id":"https:\/\/quehacerpolitico.mx\/?p=92342#primaryimage"},"thumbnailUrl":"https:\/\/quehacerpolitico.mx\/wp-content\/uploads\/2022\/05\/51D0F131-3770-4C5B-B6E3-19D6C6C1C548.jpeg","articleSection":["Noticias"],"inLanguage":"es","potentialAction":[{"@type":"CommentAction","name":"Comment","target":["https:\/\/quehacerpolitico.mx\/?p=92342#respond"]}]},{"@type":"WebPage","@id":"https:\/\/quehacerpolitico.mx\/?p=92342","url":"https:\/\/quehacerpolitico.mx\/?p=92342","name":"L\u00f3pez Obrador celebra decisi\u00f3n de EU sobre pol\u00edtica hacia Cuba\u00a0 -","isPartOf":{"@id":"https:\/\/quehacerpolitico.mx\/#website"},"primaryImageOfPage":{"@id":"https:\/\/quehacerpolitico.mx\/?p=92342#primaryimage"},"image":{"@id":"https:\/\/quehacerpolitico.mx\/?p=92342#primaryimage"},"thumbnailUrl":"https:\/\/quehacerpolitico.mx\/wp-content\/uploads\/2022\/05\/51D0F131-3770-4C5B-B6E3-19D6C6C1C548.jpeg","datePublished":"2022-05-17T16:29:41+00:00","dateModified":"2022-05-17T16:29:45+00:00","author":{"@id":"https:\/\/quehacerpolitico.mx\/#\/schema\/person\/496d8ad2d1d3f8036101dca7ee39e585"},"breadcrumb":{"@id":"https:\/\/quehacerpolitico.mx\/?p=92342#breadcrumb"},"inLanguage":"es","potentialAction":[{"@type":"ReadAction","target":["https:\/\/quehacerpolitico.mx\/?p=92342"]}]},{"@type":"ImageObject","inLanguage":"es","@id":"https:\/\/quehacerpolitico.mx\/?p=92342#primaryimage","url":"https:\/\/quehacerpolitico.mx\/wp-content\/uploads\/2022\/05\/51D0F131-3770-4C5B-B6E3-19D6C6C1C548.jpeg","contentUrl":"https:\/\/quehacerpolitico.mx\/wp-content\/uploads\/2022\/05\/51D0F131-3770-4C5B-B6E3-19D6C6C1C548.jpeg","width":1284,"height":714},{"@type":"BreadcrumbList","@id":"https:\/\/quehacerpolitico.mx\/?p=92342#breadcrumb","itemListElement":[{"@type":"ListItem","position":1,"name":"Inicio","item":"https:\/\/quehacerpolitico.mx\/"},{"@type":"ListItem","position":2,"name":"L\u00f3pez Obrador celebra decisi\u00f3n de EU sobre pol\u00edtica hacia Cuba\u00a0"}]},{"@type":"WebSite","@id":"https:\/\/quehacerpolitico.mx\/#website","url":"https:\/\/quehacerpolitico.mx\/","name":"","description":"","potentialAction":[{"@type":"SearchAction","target":{"@type":"EntryPoint","urlTemplate":"https:\/\/quehacerpolitico.mx\/?s={search_term_string}"},"query-input":{"@type":"PropertyValueSpecification","valueRequired":true,"valueName":"search_term_string"}}],"inLanguage":"es"},{"@type":"Person","@id":"https:\/\/quehacerpolitico.mx\/#\/schema\/person\/496d8ad2d1d3f8036101dca7ee39e585","name":"Redacci\u00f3n QP","image":{"@type":"ImageObject","inLanguage":"es","@id":"https:\/\/secure.gravatar.com\/avatar\/c7164ed6fdec453195284ad24a5ae5b6e1eed2b848477fa2a4787ba9adf39a41?s=96&d=mm&r=g","url":"https:\/\/secure.gravatar.com\/avatar\/c7164ed6fdec453195284ad24a5ae5b6e1eed2b848477fa2a4787ba9adf39a41?s=96&d=mm&r=g","contentUrl":"https:\/\/secure.gravatar.com\/avatar\/c7164ed6fdec453195284ad24a5ae5b6e1eed2b848477fa2a4787ba9adf39a41?s=96&d=mm&r=g","caption":"Redacci\u00f3n QP"},"url":"https:\/\/quehacerpolitico.mx\/?author=2"}]}},"featured_image_urls":{"full":["https:\/\/quehacerpolitico.mx\/wp-content\/uploads\/2022\/05\/51D0F131-3770-4C5B-B6E3-19D6C6C1C548.jpeg",1284,714,false],"thumbnail":["https:\/\/quehacerpolitico.mx\/wp-content\/uploads\/2022\/05\/51D0F131-3770-4C5B-B6E3-19D6C6C1C548-150x150.jpeg",150,150,true],"medium":["https:\/\/quehacerpolitico.mx\/wp-content\/uploads\/2022\/05\/51D0F131-3770-4C5B-B6E3-19D6C6C1C548-300x167.jpeg",300,167,true],"medium_large":["https:\/\/quehacerpolitico.mx\/wp-content\/uploads\/2022\/05\/51D0F131-3770-4C5B-B6E3-19D6C6C1C548-768x427.jpeg",640,356,true],"large":["https:\/\/quehacerpolitico.mx\/wp-content\/uploads\/2022\/05\/51D0F131-3770-4C5B-B6E3-19D6C6C1C548-1024x569.jpeg",640,356,true],"1536x1536":["https:\/\/quehacerpolitico.mx\/wp-content\/uploads\/2022\/05\/51D0F131-3770-4C5B-B6E3-19D6C6C1C548.jpeg",1284,714,false],"2048x2048":["https:\/\/quehacerpolitico.mx\/wp-content\/uploads\/2022\/05\/51D0F131-3770-4C5B-B6E3-19D6C6C1C548.jpeg",1284,714,false],"covernews-featured":["https:\/\/quehacerpolitico.mx\/wp-content\/uploads\/2022\/05\/51D0F131-3770-4C5B-B6E3-19D6C6C1C548.jpeg",1024,569,false],"covernews-medium":["https:\/\/quehacerpolitico.mx\/wp-content\/uploads\/2022\/05\/51D0F131-3770-4C5B-B6E3-19D6C6C1C548.jpeg",540,300,false]},"author_info":{"display_name":"Redacci\u00f3n QP","author_link":"https:\/\/quehacerpolitico.mx\/?author=2"},"category_info":"<a href=\"https:\/\/quehacerpolitico.mx\/?cat=2\" rel=\"category\">Noticias<\/a>","tag_info":"Noticias","comment_count":"0","_links":{"self":[{"href":"https:\/\/quehacerpolitico.mx\/index.php?rest_route=\/wp\/v2\/posts\/92342","targetHints":{"allow":["GET"]}}],"collection":[{"href":"https:\/\/quehacerpolitico.mx\/index.php?rest_route=\/wp\/v2\/posts"}],"about":[{"href":"https:\/\/quehacerpolitico.mx\/index.php?rest_route=\/wp\/v2\/types\/post"}],"author":[{"embeddable":true,"href":"https:\/\/quehacerpolitico.mx\/index.php?rest_route=\/wp\/v2\/users\/2"}],"replies":[{"embeddable":true,"href":"https:\/\/quehacerpolitico.mx\/index.php?rest_route=%2Fwp%2Fv2%2Fcomments&post=92342"}],"version-history":[{"count":1,"href":"https:\/\/quehacerpolitico.mx\/index.php?rest_route=\/wp\/v2\/posts\/92342\/revisions"}],"predecessor-version":[{"id":92344,"href":"https:\/\/quehacerpolitico.mx\/index.php?rest_route=\/wp\/v2\/posts\/92342\/revisions\/92344"}],"wp:featuredmedia":[{"embeddable":true,"href":"https:\/\/quehacerpolitico.mx\/index.php?rest_route=\/wp\/v2\/media\/92343"}],"wp:attachment":[{"href":"https:\/\/quehacerpolitico.mx\/index.php?rest_route=%2Fwp%2Fv2%2Fmedia&parent=92342"}],"wp:term":[{"taxonomy":"category","embeddable":true,"href":"https:\/\/quehacerpolitico.mx\/index.php?rest_route=%2Fwp%2Fv2%2Fcategories&post=92342"},{"taxonomy":"post_tag","embeddable":true,"href":"https:\/\/quehacerpolitico.mx\/index.php?rest_route=%2Fwp%2Fv2%2Ftags&post=92342"}],"curies":[{"name":"wp","href":"https:\/\/api.w.org\/{rel}","templated":true}]}}