{"id":92339,"date":"2022-05-17T16:15:53","date_gmt":"2022-05-17T16:15:53","guid":{"rendered":"https:\/\/quehacerpolitico.mx\/?p=92339"},"modified":"2022-05-17T16:15:55","modified_gmt":"2022-05-17T16:15:55","slug":"hepatitis-infantil-no-es-de-rapida-propagacion-en-mexico-afirma-lopez-gatell","status":"publish","type":"post","link":"https:\/\/quehacerpolitico.mx\/?p=92339","title":{"rendered":"Hepatitis infantil no es de r\u00e1pida propagaci\u00f3n en M\u00e9xico, afirma L\u00f3pez-Gatell\u00a0"},"content":{"rendered":"\n<p>Por Redacci\u00f3n QP<\/p>\n\n\n\n<p>L\u00f3pez-Gatell se\u00f1al\u00f3 que a la fecha se est\u00e1n estudiando 17 casos en el InDRE, adem\u00e1s se analizar\u00e1n otros cuatro que fueron detectados en San Luis Potos\u00ed, Sinaloa y Durango<\/p>\n\n\n\n<p>Ante las alertas sobre una ola de contagios de hepatitis infantil aguda en M\u00e9xico, el subsecretario de Promoci\u00f3n y Prevenci\u00f3n de la Salud, Hugo L\u00f3pez-Gatell, afirm\u00f3 que este padecimiento no se ha convertido en una enfermedad de &#8220;r\u00e1pida propagaci\u00f3n&#8221; aunque se est\u00e1n estudiando al menos 21 casos en el pa\u00eds.<\/p>\n\n\n\n<p><strong>\u201cEl elemento positivo es que el an\u00e1lisis de los datos, tanto de M\u00e9xico como del mundo, sugiere que no se trata de una enfermedad de r\u00e1pida propagaci\u00f3n\u201d<\/strong>, afirm\u00f3 L\u00f3pez-Gatell durante la &#8220;ma\u00f1anera&#8221; de Andr\u00e9s Manuel L\u00f3pez Obrador.<\/p>\n\n\n\n<p>El experto se\u00f1al\u00f3 que a la fecha se est\u00e1n estudiando 17 casos en el Instituto de Diagn\u00f3stico y Referencia Epidemiol\u00f3gicos (InDRE), adem\u00e1s de que se analizar\u00e1n otros cuatro que se informaron el lunes que fueron detectados en los estados de San Luis Potos\u00ed, Sinaloa y Durango.<\/p>\n\n\n\n<figure class=\"wp-block-embed is-type-rich is-provider-twitter wp-block-embed-twitter\"><div class=\"wp-block-embed__wrapper\">\n<blockquote class=\"twitter-tweet\" data-width=\"550\" data-dnt=\"true\"><p lang=\"es\" dir=\"ltr\">Confirma el subsecretario de Salud, Hugo L\u00f3pez-Gatell, que, al momento, est\u00e1n en estudio 17 casos en M\u00e9xico de hepatitis aguda infantil. <br><br>De momento, se\u00f1al\u00f3, no hay ninguna acci\u00f3n que deba emprende la autoridad sanitaria. <br><br>M\u00e1s, en: <a href=\"https:\/\/t.co\/7lLEVYwHp1\">https:\/\/t.co\/7lLEVYwHp1<\/a> <a href=\"https:\/\/t.co\/4FMu43Nap0\">pic.twitter.com\/4FMu43Nap0<\/a><\/p>&mdash; Joaqu\u00edn L\u00f3pez-D\u00f3riga (@lopezdoriga) <a href=\"https:\/\/twitter.com\/lopezdoriga\/status\/1526559073461837824?ref_src=twsrc%5Etfw\">May 17, 2022<\/a><\/blockquote><script async src=\"https:\/\/platform.twitter.com\/widgets.js\" charset=\"utf-8\"><\/script>\n<\/div><\/figure>\n\n\n\n<p>Medios nacionales han reportado en los \u00faltimos d\u00edas casos sospechosos de hepatitis aguda infantil que se han presentado en el pa\u00eds, aunque el funcionario mencion\u00f3 que \u201cla cantidad de casos identificados es muy peque\u00f1a\u201d.<\/p>\n\n\n\n<p>De acuerdo con la Organizaci\u00f3n Mundial de la Salud (OMS), el padecimiento ha sorprendido porque no se ha encontrado un agente causal relacionado con las hepatitis A,B, C, D o E.<\/p>\n\n\n\n<p>De hecho, el organismo emiti\u00f3 una alerta sobre casos de hepatitis aguda infantil de causa desconocida detectados en primera instancia en Reino Unido.<\/p>\n\n\n\n<p>En ese sentido,&nbsp;<strong>L\u00f3pez-Gatell record\u00f3 que hasta el momento \u201cni en M\u00e9xico ni en el mundo existe evidencia para confirmar o para descartar cu\u00e1l es la causa de esta hepatitis<\/strong>, no se puede asegurar que sea infecciosa y no se puede descartar que sea infecciosa&#8221;.<\/p>\n\n\n\n<p>Indic\u00f3 que por ello se estar\u00e1n revisando los casos que se est\u00e9n reportando, pero insisti\u00f3 en que \u201cuna cosa es casos que van surgiendo y que pudieran ser en n\u00famero inusual, (pero) no es el caso, y casos que los vamos identificando porque estamos en protocolo de estudio precisamente para contribuir a entender cual es la causa&#8221;.<\/p>\n\n\n\n<p>Reiter\u00f3 que los casos que se han presentado hasta ahora en M\u00e9xico no son \u201cun patr\u00f3n de propagaci\u00f3n y no parece ser una enfermedad que tenga esas caracter\u00edsticas&#8221;.<\/p>\n\n\n\n<p>Con informaci\u00f3n de EFE<\/p>\n","protected":false},"excerpt":{"rendered":"<p>Por Redacci\u00f3n QP L\u00f3pez-Gatell se\u00f1al\u00f3 que a la fecha se est\u00e1n estudiando 17 casos en&#8230;<\/p>\n","protected":false},"author":2,"featured_media":92340,"comment_status":"open","ping_status":"open","sticky":false,"template":"","format":"standard","meta":{"_monsterinsights_skip_tracking":false,"_monsterinsights_sitenote_active":false,"_monsterinsights_sitenote_note":"","_monsterinsights_sitenote_category":0,"footnotes":""},"categories":[2],"tags":[],"class_list":["post-92339","post","type-post","status-publish","format-standard","has-post-thumbnail","hentry","category-noticias"],"yoast_head":"<!-- This site is optimized with the Yoast SEO plugin v27.3 - https:\/\/yoast.com\/product\/yoast-seo-wordpress\/ -->\n<title>Hepatitis infantil no es de r\u00e1pida propagaci\u00f3n en M\u00e9xico, afirma L\u00f3pez-Gatell\u00a0 -<\/title>\n<meta name=\"robots\" content=\"index, follow, max-snippet:-1, max-image-preview:large, max-video-preview:-1\" \/>\n<link rel=\"canonical\" href=\"https:\/\/quehacerpolitico.mx\/?p=92339\" \/>\n<meta property=\"og:locale\" content=\"es_MX\" \/>\n<meta property=\"og:type\" content=\"article\" \/>\n<meta property=\"og:title\" content=\"Hepatitis infantil no es de r\u00e1pida propagaci\u00f3n en M\u00e9xico, afirma L\u00f3pez-Gatell\u00a0 -\" \/>\n<meta property=\"og:description\" content=\"Por Redacci\u00f3n QP L\u00f3pez-Gatell se\u00f1al\u00f3 que a la fecha se est\u00e1n estudiando 17 casos en...\" \/>\n<meta property=\"og:url\" content=\"https:\/\/quehacerpolitico.mx\/?p=92339\" \/>\n<meta property=\"article:published_time\" content=\"2022-05-17T16:15:53+00:00\" \/>\n<meta property=\"article:modified_time\" content=\"2022-05-17T16:15:55+00:00\" \/>\n<meta property=\"og:image\" content=\"https:\/\/quehacerpolitico.mx\/wp-content\/uploads\/2022\/05\/D70EA1AB-124F-4033-A85E-B34F583E5E76.jpeg\" \/>\n\t<meta property=\"og:image:width\" content=\"951\" \/>\n\t<meta property=\"og:image:height\" content=\"538\" \/>\n\t<meta property=\"og:image:type\" content=\"image\/jpeg\" \/>\n<meta name=\"author\" content=\"Redacci\u00f3n QP\" \/>\n<meta name=\"twitter:card\" content=\"summary_large_image\" \/>\n<meta name=\"twitter:label1\" content=\"Escrito por\" \/>\n\t<meta name=\"twitter:data1\" content=\"Redacci\u00f3n QP\" \/>\n\t<meta name=\"twitter:label2\" content=\"Tiempo de lectura\" \/>\n\t<meta name=\"twitter:data2\" content=\"2 minutos\" \/>\n<script type=\"application\/ld+json\" class=\"yoast-schema-graph\">{\"@context\":\"https:\\\/\\\/schema.org\",\"@graph\":[{\"@type\":\"Article\",\"@id\":\"https:\\\/\\\/quehacerpolitico.mx\\\/?p=92339#article\",\"isPartOf\":{\"@id\":\"https:\\\/\\\/quehacerpolitico.mx\\\/?p=92339\"},\"author\":{\"name\":\"Redacci\u00f3n QP\",\"@id\":\"https:\\\/\\\/quehacerpolitico.mx\\\/#\\\/schema\\\/person\\\/496d8ad2d1d3f8036101dca7ee39e585\"},\"headline\":\"Hepatitis infantil no es de r\u00e1pida propagaci\u00f3n en M\u00e9xico, afirma L\u00f3pez-Gatell\u00a0\",\"datePublished\":\"2022-05-17T16:15:53+00:00\",\"dateModified\":\"2022-05-17T16:15:55+00:00\",\"mainEntityOfPage\":{\"@id\":\"https:\\\/\\\/quehacerpolitico.mx\\\/?p=92339\"},\"wordCount\":456,\"commentCount\":0,\"image\":{\"@id\":\"https:\\\/\\\/quehacerpolitico.mx\\\/?p=92339#primaryimage\"},\"thumbnailUrl\":\"https:\\\/\\\/quehacerpolitico.mx\\\/wp-content\\\/uploads\\\/2022\\\/05\\\/D70EA1AB-124F-4033-A85E-B34F583E5E76.jpeg\",\"articleSection\":[\"Noticias\"],\"inLanguage\":\"es\",\"potentialAction\":[{\"@type\":\"CommentAction\",\"name\":\"Comment\",\"target\":[\"https:\\\/\\\/quehacerpolitico.mx\\\/?p=92339#respond\"]}]},{\"@type\":\"WebPage\",\"@id\":\"https:\\\/\\\/quehacerpolitico.mx\\\/?p=92339\",\"url\":\"https:\\\/\\\/quehacerpolitico.mx\\\/?p=92339\",\"name\":\"Hepatitis infantil no es de r\u00e1pida propagaci\u00f3n en M\u00e9xico, afirma L\u00f3pez-Gatell\u00a0 -\",\"isPartOf\":{\"@id\":\"https:\\\/\\\/quehacerpolitico.mx\\\/#website\"},\"primaryImageOfPage\":{\"@id\":\"https:\\\/\\\/quehacerpolitico.mx\\\/?p=92339#primaryimage\"},\"image\":{\"@id\":\"https:\\\/\\\/quehacerpolitico.mx\\\/?p=92339#primaryimage\"},\"thumbnailUrl\":\"https:\\\/\\\/quehacerpolitico.mx\\\/wp-content\\\/uploads\\\/2022\\\/05\\\/D70EA1AB-124F-4033-A85E-B34F583E5E76.jpeg\",\"datePublished\":\"2022-05-17T16:15:53+00:00\",\"dateModified\":\"2022-05-17T16:15:55+00:00\",\"author\":{\"@id\":\"https:\\\/\\\/quehacerpolitico.mx\\\/#\\\/schema\\\/person\\\/496d8ad2d1d3f8036101dca7ee39e585\"},\"breadcrumb\":{\"@id\":\"https:\\\/\\\/quehacerpolitico.mx\\\/?p=92339#breadcrumb\"},\"inLanguage\":\"es\",\"potentialAction\":[{\"@type\":\"ReadAction\",\"target\":[\"https:\\\/\\\/quehacerpolitico.mx\\\/?p=92339\"]}]},{\"@type\":\"ImageObject\",\"inLanguage\":\"es\",\"@id\":\"https:\\\/\\\/quehacerpolitico.mx\\\/?p=92339#primaryimage\",\"url\":\"https:\\\/\\\/quehacerpolitico.mx\\\/wp-content\\\/uploads\\\/2022\\\/05\\\/D70EA1AB-124F-4033-A85E-B34F583E5E76.jpeg\",\"contentUrl\":\"https:\\\/\\\/quehacerpolitico.mx\\\/wp-content\\\/uploads\\\/2022\\\/05\\\/D70EA1AB-124F-4033-A85E-B34F583E5E76.jpeg\",\"width\":951,\"height\":538},{\"@type\":\"BreadcrumbList\",\"@id\":\"https:\\\/\\\/quehacerpolitico.mx\\\/?p=92339#breadcrumb\",\"itemListElement\":[{\"@type\":\"ListItem\",\"position\":1,\"name\":\"Inicio\",\"item\":\"https:\\\/\\\/quehacerpolitico.mx\\\/\"},{\"@type\":\"ListItem\",\"position\":2,\"name\":\"Hepatitis infantil no es de r\u00e1pida propagaci\u00f3n en M\u00e9xico, afirma L\u00f3pez-Gatell\u00a0\"}]},{\"@type\":\"WebSite\",\"@id\":\"https:\\\/\\\/quehacerpolitico.mx\\\/#website\",\"url\":\"https:\\\/\\\/quehacerpolitico.mx\\\/\",\"name\":\"\",\"description\":\"\",\"potentialAction\":[{\"@type\":\"SearchAction\",\"target\":{\"@type\":\"EntryPoint\",\"urlTemplate\":\"https:\\\/\\\/quehacerpolitico.mx\\\/?s={search_term_string}\"},\"query-input\":{\"@type\":\"PropertyValueSpecification\",\"valueRequired\":true,\"valueName\":\"search_term_string\"}}],\"inLanguage\":\"es\"},{\"@type\":\"Person\",\"@id\":\"https:\\\/\\\/quehacerpolitico.mx\\\/#\\\/schema\\\/person\\\/496d8ad2d1d3f8036101dca7ee39e585\",\"name\":\"Redacci\u00f3n QP\",\"image\":{\"@type\":\"ImageObject\",\"inLanguage\":\"es\",\"@id\":\"https:\\\/\\\/secure.gravatar.com\\\/avatar\\\/c7164ed6fdec453195284ad24a5ae5b6e1eed2b848477fa2a4787ba9adf39a41?s=96&d=mm&r=g\",\"url\":\"https:\\\/\\\/secure.gravatar.com\\\/avatar\\\/c7164ed6fdec453195284ad24a5ae5b6e1eed2b848477fa2a4787ba9adf39a41?s=96&d=mm&r=g\",\"contentUrl\":\"https:\\\/\\\/secure.gravatar.com\\\/avatar\\\/c7164ed6fdec453195284ad24a5ae5b6e1eed2b848477fa2a4787ba9adf39a41?s=96&d=mm&r=g\",\"caption\":\"Redacci\u00f3n QP\"},\"url\":\"https:\\\/\\\/quehacerpolitico.mx\\\/?author=2\"}]}<\/script>\n<!-- \/ Yoast SEO plugin. -->","yoast_head_json":{"title":"Hepatitis infantil no es de r\u00e1pida propagaci\u00f3n en M\u00e9xico, afirma L\u00f3pez-Gatell\u00a0 -","robots":{"index":"index","follow":"follow","max-snippet":"max-snippet:-1","max-image-preview":"max-image-preview:large","max-video-preview":"max-video-preview:-1"},"canonical":"https:\/\/quehacerpolitico.mx\/?p=92339","og_locale":"es_MX","og_type":"article","og_title":"Hepatitis infantil no es de r\u00e1pida propagaci\u00f3n en M\u00e9xico, afirma L\u00f3pez-Gatell\u00a0 -","og_description":"Por Redacci\u00f3n QP L\u00f3pez-Gatell se\u00f1al\u00f3 que a la fecha se est\u00e1n estudiando 17 casos en...","og_url":"https:\/\/quehacerpolitico.mx\/?p=92339","article_published_time":"2022-05-17T16:15:53+00:00","article_modified_time":"2022-05-17T16:15:55+00:00","og_image":[{"width":951,"height":538,"url":"https:\/\/quehacerpolitico.mx\/wp-content\/uploads\/2022\/05\/D70EA1AB-124F-4033-A85E-B34F583E5E76.jpeg","type":"image\/jpeg"}],"author":"Redacci\u00f3n QP","twitter_card":"summary_large_image","twitter_misc":{"Escrito por":"Redacci\u00f3n QP","Tiempo de lectura":"2 minutos"},"schema":{"@context":"https:\/\/schema.org","@graph":[{"@type":"Article","@id":"https:\/\/quehacerpolitico.mx\/?p=92339#article","isPartOf":{"@id":"https:\/\/quehacerpolitico.mx\/?p=92339"},"author":{"name":"Redacci\u00f3n QP","@id":"https:\/\/quehacerpolitico.mx\/#\/schema\/person\/496d8ad2d1d3f8036101dca7ee39e585"},"headline":"Hepatitis infantil no es de r\u00e1pida propagaci\u00f3n en M\u00e9xico, afirma L\u00f3pez-Gatell\u00a0","datePublished":"2022-05-17T16:15:53+00:00","dateModified":"2022-05-17T16:15:55+00:00","mainEntityOfPage":{"@id":"https:\/\/quehacerpolitico.mx\/?p=92339"},"wordCount":456,"commentCount":0,"image":{"@id":"https:\/\/quehacerpolitico.mx\/?p=92339#primaryimage"},"thumbnailUrl":"https:\/\/quehacerpolitico.mx\/wp-content\/uploads\/2022\/05\/D70EA1AB-124F-4033-A85E-B34F583E5E76.jpeg","articleSection":["Noticias"],"inLanguage":"es","potentialAction":[{"@type":"CommentAction","name":"Comment","target":["https:\/\/quehacerpolitico.mx\/?p=92339#respond"]}]},{"@type":"WebPage","@id":"https:\/\/quehacerpolitico.mx\/?p=92339","url":"https:\/\/quehacerpolitico.mx\/?p=92339","name":"Hepatitis infantil no es de r\u00e1pida propagaci\u00f3n en M\u00e9xico, afirma L\u00f3pez-Gatell\u00a0 -","isPartOf":{"@id":"https:\/\/quehacerpolitico.mx\/#website"},"primaryImageOfPage":{"@id":"https:\/\/quehacerpolitico.mx\/?p=92339#primaryimage"},"image":{"@id":"https:\/\/quehacerpolitico.mx\/?p=92339#primaryimage"},"thumbnailUrl":"https:\/\/quehacerpolitico.mx\/wp-content\/uploads\/2022\/05\/D70EA1AB-124F-4033-A85E-B34F583E5E76.jpeg","datePublished":"2022-05-17T16:15:53+00:00","dateModified":"2022-05-17T16:15:55+00:00","author":{"@id":"https:\/\/quehacerpolitico.mx\/#\/schema\/person\/496d8ad2d1d3f8036101dca7ee39e585"},"breadcrumb":{"@id":"https:\/\/quehacerpolitico.mx\/?p=92339#breadcrumb"},"inLanguage":"es","potentialAction":[{"@type":"ReadAction","target":["https:\/\/quehacerpolitico.mx\/?p=92339"]}]},{"@type":"ImageObject","inLanguage":"es","@id":"https:\/\/quehacerpolitico.mx\/?p=92339#primaryimage","url":"https:\/\/quehacerpolitico.mx\/wp-content\/uploads\/2022\/05\/D70EA1AB-124F-4033-A85E-B34F583E5E76.jpeg","contentUrl":"https:\/\/quehacerpolitico.mx\/wp-content\/uploads\/2022\/05\/D70EA1AB-124F-4033-A85E-B34F583E5E76.jpeg","width":951,"height":538},{"@type":"BreadcrumbList","@id":"https:\/\/quehacerpolitico.mx\/?p=92339#breadcrumb","itemListElement":[{"@type":"ListItem","position":1,"name":"Inicio","item":"https:\/\/quehacerpolitico.mx\/"},{"@type":"ListItem","position":2,"name":"Hepatitis infantil no es de r\u00e1pida propagaci\u00f3n en M\u00e9xico, afirma L\u00f3pez-Gatell\u00a0"}]},{"@type":"WebSite","@id":"https:\/\/quehacerpolitico.mx\/#website","url":"https:\/\/quehacerpolitico.mx\/","name":"","description":"","potentialAction":[{"@type":"SearchAction","target":{"@type":"EntryPoint","urlTemplate":"https:\/\/quehacerpolitico.mx\/?s={search_term_string}"},"query-input":{"@type":"PropertyValueSpecification","valueRequired":true,"valueName":"search_term_string"}}],"inLanguage":"es"},{"@type":"Person","@id":"https:\/\/quehacerpolitico.mx\/#\/schema\/person\/496d8ad2d1d3f8036101dca7ee39e585","name":"Redacci\u00f3n QP","image":{"@type":"ImageObject","inLanguage":"es","@id":"https:\/\/secure.gravatar.com\/avatar\/c7164ed6fdec453195284ad24a5ae5b6e1eed2b848477fa2a4787ba9adf39a41?s=96&d=mm&r=g","url":"https:\/\/secure.gravatar.com\/avatar\/c7164ed6fdec453195284ad24a5ae5b6e1eed2b848477fa2a4787ba9adf39a41?s=96&d=mm&r=g","contentUrl":"https:\/\/secure.gravatar.com\/avatar\/c7164ed6fdec453195284ad24a5ae5b6e1eed2b848477fa2a4787ba9adf39a41?s=96&d=mm&r=g","caption":"Redacci\u00f3n QP"},"url":"https:\/\/quehacerpolitico.mx\/?author=2"}]}},"featured_image_urls":{"full":["https:\/\/quehacerpolitico.mx\/wp-content\/uploads\/2022\/05\/D70EA1AB-124F-4033-A85E-B34F583E5E76.jpeg",951,538,false],"thumbnail":["https:\/\/quehacerpolitico.mx\/wp-content\/uploads\/2022\/05\/D70EA1AB-124F-4033-A85E-B34F583E5E76-150x150.jpeg",150,150,true],"medium":["https:\/\/quehacerpolitico.mx\/wp-content\/uploads\/2022\/05\/D70EA1AB-124F-4033-A85E-B34F583E5E76-300x170.jpeg",300,170,true],"medium_large":["https:\/\/quehacerpolitico.mx\/wp-content\/uploads\/2022\/05\/D70EA1AB-124F-4033-A85E-B34F583E5E76-768x434.jpeg",640,362,true],"large":["https:\/\/quehacerpolitico.mx\/wp-content\/uploads\/2022\/05\/D70EA1AB-124F-4033-A85E-B34F583E5E76.jpeg",640,362,false],"1536x1536":["https:\/\/quehacerpolitico.mx\/wp-content\/uploads\/2022\/05\/D70EA1AB-124F-4033-A85E-B34F583E5E76.jpeg",951,538,false],"2048x2048":["https:\/\/quehacerpolitico.mx\/wp-content\/uploads\/2022\/05\/D70EA1AB-124F-4033-A85E-B34F583E5E76.jpeg",951,538,false],"covernews-featured":["https:\/\/quehacerpolitico.mx\/wp-content\/uploads\/2022\/05\/D70EA1AB-124F-4033-A85E-B34F583E5E76.jpeg",951,538,false],"covernews-medium":["https:\/\/quehacerpolitico.mx\/wp-content\/uploads\/2022\/05\/D70EA1AB-124F-4033-A85E-B34F583E5E76.jpeg",540,305,false]},"author_info":{"display_name":"Redacci\u00f3n QP","author_link":"https:\/\/quehacerpolitico.mx\/?author=2"},"category_info":"<a href=\"https:\/\/quehacerpolitico.mx\/?cat=2\" rel=\"category\">Noticias<\/a>","tag_info":"Noticias","comment_count":"0","_links":{"self":[{"href":"https:\/\/quehacerpolitico.mx\/index.php?rest_route=\/wp\/v2\/posts\/92339","targetHints":{"allow":["GET"]}}],"collection":[{"href":"https:\/\/quehacerpolitico.mx\/index.php?rest_route=\/wp\/v2\/posts"}],"about":[{"href":"https:\/\/quehacerpolitico.mx\/index.php?rest_route=\/wp\/v2\/types\/post"}],"author":[{"embeddable":true,"href":"https:\/\/quehacerpolitico.mx\/index.php?rest_route=\/wp\/v2\/users\/2"}],"replies":[{"embeddable":true,"href":"https:\/\/quehacerpolitico.mx\/index.php?rest_route=%2Fwp%2Fv2%2Fcomments&post=92339"}],"version-history":[{"count":1,"href":"https:\/\/quehacerpolitico.mx\/index.php?rest_route=\/wp\/v2\/posts\/92339\/revisions"}],"predecessor-version":[{"id":92341,"href":"https:\/\/quehacerpolitico.mx\/index.php?rest_route=\/wp\/v2\/posts\/92339\/revisions\/92341"}],"wp:featuredmedia":[{"embeddable":true,"href":"https:\/\/quehacerpolitico.mx\/index.php?rest_route=\/wp\/v2\/media\/92340"}],"wp:attachment":[{"href":"https:\/\/quehacerpolitico.mx\/index.php?rest_route=%2Fwp%2Fv2%2Fmedia&parent=92339"}],"wp:term":[{"taxonomy":"category","embeddable":true,"href":"https:\/\/quehacerpolitico.mx\/index.php?rest_route=%2Fwp%2Fv2%2Fcategories&post=92339"},{"taxonomy":"post_tag","embeddable":true,"href":"https:\/\/quehacerpolitico.mx\/index.php?rest_route=%2Fwp%2Fv2%2Ftags&post=92339"}],"curies":[{"name":"wp","href":"https:\/\/api.w.org\/{rel}","templated":true}]}}