{"id":92335,"date":"2022-05-17T14:45:17","date_gmt":"2022-05-17T14:45:17","guid":{"rendered":"https:\/\/quehacerpolitico.mx\/?p=92335"},"modified":"2022-05-17T14:45:21","modified_gmt":"2022-05-17T14:45:21","slug":"lopez-obrador-respalda-a-sheinbaum-por-labores-en-rehabilitacion-de-l12","status":"publish","type":"post","link":"https:\/\/quehacerpolitico.mx\/?p=92335","title":{"rendered":"L\u00f3pez Obrador respalda a Sheinbaum por labores en rehabilitaci\u00f3n de L12\u00a0"},"content":{"rendered":"\n<p>Por Redacci\u00f3n QP<\/p>\n\n\n\n<p>El Presidente L\u00f3pez Obrador reitera\u00a0que a finales del a\u00f1o la L\u00ednea 12 del Metro estar\u00e1 en funcionamiento<\/p>\n\n\n\n<p>El Presidente de M\u00e9xico, Andr\u00e9s Manuel L\u00f3pez Obrador, respald\u00f3 a la jefa de Gobierno de la capital, Claudia Sheinbaum, por los trabajos de rehabilitaci\u00f3n de la L\u00ednea 12 del Metro y&nbsp;<strong>reiter\u00f3 que a finales del a\u00f1o estar\u00e1 en funcionamiento<\/strong>.<\/p>\n\n\n\n<p>&#8220;Ya los hemos expresado, todo nuestro apoyo para el Gobierno de la Ciudad, es una l\u00ednea del Metro muy importante que transporta a miles de personas diarias,\u00a0<strong>es lamentable lo sucedido, las p\u00e9rdidas de vidas humanas, pero se est\u00e1 atendiendo a las v\u00edctimas<\/strong>, a sus familiares, y se va a seguir haciendo por parte del Gobierno de la Ciudad&#8221;.<\/p>\n\n\n\n<h2 class=\"wp-block-heading\">L\u00f3pez Obrador destaca apoyo a v\u00edctimas<\/h2>\n\n\n\n<p>En conferencia de prensa, L\u00f3pez Obrador dijo que Sheinbaum Pardo tiene m\u00e1s informaci\u00f3n sobre el tema de la L\u00ednea 12 y a\u00f1adi\u00f3 &#8220;todo nuestro respaldo porque no dudamos de la Jefa de Gobierno, le tenemos toda la confianza,\u00a0<strong>es una mujer trabajadora, inteligente y honesta, es mejor que ella responda&#8221;<\/strong>.<\/p>\n\n\n\n<p>El Mandatario agreg\u00f3 que las empresas se comprometieron a la rehabilitaci\u00f3n de la L\u00ednea sin cobrar nada adicional,\u00a0<strong>&#8220;ellos est\u00e1n de acuerdo de la reparaci\u00f3n de toda la l\u00ednea y yo espero que a finales de a\u00f1o ya est\u00e9 funcionando<\/strong>&#8220;.<\/p>\n\n\n\n<figure class=\"wp-block-embed is-type-rich is-provider-twitter wp-block-embed-twitter\"><div class=\"wp-block-embed__wrapper\">\n<blockquote class=\"twitter-tweet\" data-width=\"550\" data-dnt=\"true\"><p lang=\"es\" dir=\"ltr\">AMLO RESPALDA A SHEINBAUM EN LA <a href=\"https:\/\/twitter.com\/hashtag\/Linea12?src=hash&amp;ref_src=twsrc%5Etfw\">#Linea12<\/a><br><br>&quot;Le tenemos toda la confianza, es una mujer trabajadora, inteligente y honesta&quot; <a href=\"https:\/\/t.co\/csfjMI0RTL\">pic.twitter.com\/csfjMI0RTL<\/a><\/p>&mdash; Ruido en la Red (@RuidoEnLaRed) <a href=\"https:\/\/twitter.com\/RuidoEnLaRed\/status\/1526558136286453760?ref_src=twsrc%5Etfw\">May 17, 2022<\/a><\/blockquote><script async src=\"https:\/\/platform.twitter.com\/widgets.js\" charset=\"utf-8\"><\/script>\n<\/div><\/figure>\n\n\n\n<p>En ese sentido, Claudia Sheinbaum coment\u00f3 que\u00a0<strong>han atendido a las v\u00edctimas<\/strong>\u00a0y que en la rehabilitaci\u00f3n de la L\u00ednea 12 se encuentran en un estudio de los claros del viaducto elevado que ha llevado tiempo, pero que es indispensable, por lo que en un mes se ver\u00e1 un mayor trabajo de obra en la zona.<\/p>\n\n\n\n<p>&#8220;Vamos a esperar que as\u00ed sea (que est\u00e9 en noviembre),\u00a0<strong>vamos a estar informando todas las semanas de cu\u00e1l es el avance de la L\u00ednea<\/strong>, y cu\u00e1les son los detalles que se requieren tanto en talleres como en campo para que sea una l\u00ednea toda segura&#8221;.<\/p>\n\n\n\n<p>Con informaci\u00f3n de SUN<\/p>\n","protected":false},"excerpt":{"rendered":"<p>Por Redacci\u00f3n QP El Presidente L\u00f3pez Obrador reitera\u00a0que a finales del a\u00f1o la L\u00ednea 12&#8230;<\/p>\n","protected":false},"author":2,"featured_media":92336,"comment_status":"open","ping_status":"open","sticky":false,"template":"","format":"standard","meta":{"_monsterinsights_skip_tracking":false,"_monsterinsights_sitenote_active":false,"_monsterinsights_sitenote_note":"","_monsterinsights_sitenote_category":0,"footnotes":""},"categories":[2],"tags":[],"class_list":["post-92335","post","type-post","status-publish","format-standard","has-post-thumbnail","hentry","category-noticias"],"yoast_head":"<!-- This site is optimized with the Yoast SEO plugin v27.3 - https:\/\/yoast.com\/product\/yoast-seo-wordpress\/ -->\n<title>L\u00f3pez Obrador respalda a Sheinbaum por labores en rehabilitaci\u00f3n de L12\u00a0 -<\/title>\n<meta name=\"robots\" content=\"index, follow, max-snippet:-1, max-image-preview:large, max-video-preview:-1\" \/>\n<link rel=\"canonical\" href=\"https:\/\/quehacerpolitico.mx\/?p=92335\" \/>\n<meta property=\"og:locale\" content=\"es_MX\" \/>\n<meta property=\"og:type\" content=\"article\" \/>\n<meta property=\"og:title\" content=\"L\u00f3pez Obrador respalda a Sheinbaum por labores en rehabilitaci\u00f3n de L12\u00a0 -\" \/>\n<meta property=\"og:description\" content=\"Por Redacci\u00f3n QP El Presidente L\u00f3pez Obrador reitera\u00a0que a finales del a\u00f1o la L\u00ednea 12...\" \/>\n<meta property=\"og:url\" content=\"https:\/\/quehacerpolitico.mx\/?p=92335\" \/>\n<meta property=\"article:published_time\" content=\"2022-05-17T14:45:17+00:00\" \/>\n<meta property=\"article:modified_time\" content=\"2022-05-17T14:45:21+00:00\" \/>\n<meta property=\"og:image\" content=\"https:\/\/quehacerpolitico.mx\/wp-content\/uploads\/2022\/05\/1CC20CE0-89F5-4FA1-B55A-98F59B971874.jpeg\" \/>\n\t<meta property=\"og:image:width\" content=\"1284\" \/>\n\t<meta property=\"og:image:height\" content=\"721\" \/>\n\t<meta property=\"og:image:type\" content=\"image\/jpeg\" \/>\n<meta name=\"author\" content=\"Redacci\u00f3n QP\" \/>\n<meta name=\"twitter:card\" content=\"summary_large_image\" \/>\n<meta name=\"twitter:label1\" content=\"Escrito por\" \/>\n\t<meta name=\"twitter:data1\" content=\"Redacci\u00f3n QP\" \/>\n\t<meta name=\"twitter:label2\" content=\"Tiempo de lectura\" \/>\n\t<meta name=\"twitter:data2\" content=\"2 minutos\" \/>\n<script type=\"application\/ld+json\" class=\"yoast-schema-graph\">{\"@context\":\"https:\\\/\\\/schema.org\",\"@graph\":[{\"@type\":\"Article\",\"@id\":\"https:\\\/\\\/quehacerpolitico.mx\\\/?p=92335#article\",\"isPartOf\":{\"@id\":\"https:\\\/\\\/quehacerpolitico.mx\\\/?p=92335\"},\"author\":{\"name\":\"Redacci\u00f3n QP\",\"@id\":\"https:\\\/\\\/quehacerpolitico.mx\\\/#\\\/schema\\\/person\\\/496d8ad2d1d3f8036101dca7ee39e585\"},\"headline\":\"L\u00f3pez Obrador respalda a Sheinbaum por labores en rehabilitaci\u00f3n de L12\u00a0\",\"datePublished\":\"2022-05-17T14:45:17+00:00\",\"dateModified\":\"2022-05-17T14:45:21+00:00\",\"mainEntityOfPage\":{\"@id\":\"https:\\\/\\\/quehacerpolitico.mx\\\/?p=92335\"},\"wordCount\":378,\"commentCount\":0,\"image\":{\"@id\":\"https:\\\/\\\/quehacerpolitico.mx\\\/?p=92335#primaryimage\"},\"thumbnailUrl\":\"https:\\\/\\\/quehacerpolitico.mx\\\/wp-content\\\/uploads\\\/2022\\\/05\\\/1CC20CE0-89F5-4FA1-B55A-98F59B971874.jpeg\",\"articleSection\":[\"Noticias\"],\"inLanguage\":\"es\",\"potentialAction\":[{\"@type\":\"CommentAction\",\"name\":\"Comment\",\"target\":[\"https:\\\/\\\/quehacerpolitico.mx\\\/?p=92335#respond\"]}]},{\"@type\":\"WebPage\",\"@id\":\"https:\\\/\\\/quehacerpolitico.mx\\\/?p=92335\",\"url\":\"https:\\\/\\\/quehacerpolitico.mx\\\/?p=92335\",\"name\":\"L\u00f3pez Obrador respalda a Sheinbaum por labores en rehabilitaci\u00f3n de L12\u00a0 -\",\"isPartOf\":{\"@id\":\"https:\\\/\\\/quehacerpolitico.mx\\\/#website\"},\"primaryImageOfPage\":{\"@id\":\"https:\\\/\\\/quehacerpolitico.mx\\\/?p=92335#primaryimage\"},\"image\":{\"@id\":\"https:\\\/\\\/quehacerpolitico.mx\\\/?p=92335#primaryimage\"},\"thumbnailUrl\":\"https:\\\/\\\/quehacerpolitico.mx\\\/wp-content\\\/uploads\\\/2022\\\/05\\\/1CC20CE0-89F5-4FA1-B55A-98F59B971874.jpeg\",\"datePublished\":\"2022-05-17T14:45:17+00:00\",\"dateModified\":\"2022-05-17T14:45:21+00:00\",\"author\":{\"@id\":\"https:\\\/\\\/quehacerpolitico.mx\\\/#\\\/schema\\\/person\\\/496d8ad2d1d3f8036101dca7ee39e585\"},\"breadcrumb\":{\"@id\":\"https:\\\/\\\/quehacerpolitico.mx\\\/?p=92335#breadcrumb\"},\"inLanguage\":\"es\",\"potentialAction\":[{\"@type\":\"ReadAction\",\"target\":[\"https:\\\/\\\/quehacerpolitico.mx\\\/?p=92335\"]}]},{\"@type\":\"ImageObject\",\"inLanguage\":\"es\",\"@id\":\"https:\\\/\\\/quehacerpolitico.mx\\\/?p=92335#primaryimage\",\"url\":\"https:\\\/\\\/quehacerpolitico.mx\\\/wp-content\\\/uploads\\\/2022\\\/05\\\/1CC20CE0-89F5-4FA1-B55A-98F59B971874.jpeg\",\"contentUrl\":\"https:\\\/\\\/quehacerpolitico.mx\\\/wp-content\\\/uploads\\\/2022\\\/05\\\/1CC20CE0-89F5-4FA1-B55A-98F59B971874.jpeg\",\"width\":1284,\"height\":721},{\"@type\":\"BreadcrumbList\",\"@id\":\"https:\\\/\\\/quehacerpolitico.mx\\\/?p=92335#breadcrumb\",\"itemListElement\":[{\"@type\":\"ListItem\",\"position\":1,\"name\":\"Inicio\",\"item\":\"https:\\\/\\\/quehacerpolitico.mx\\\/\"},{\"@type\":\"ListItem\",\"position\":2,\"name\":\"L\u00f3pez Obrador respalda a Sheinbaum por labores en rehabilitaci\u00f3n de L12\u00a0\"}]},{\"@type\":\"WebSite\",\"@id\":\"https:\\\/\\\/quehacerpolitico.mx\\\/#website\",\"url\":\"https:\\\/\\\/quehacerpolitico.mx\\\/\",\"name\":\"\",\"description\":\"\",\"potentialAction\":[{\"@type\":\"SearchAction\",\"target\":{\"@type\":\"EntryPoint\",\"urlTemplate\":\"https:\\\/\\\/quehacerpolitico.mx\\\/?s={search_term_string}\"},\"query-input\":{\"@type\":\"PropertyValueSpecification\",\"valueRequired\":true,\"valueName\":\"search_term_string\"}}],\"inLanguage\":\"es\"},{\"@type\":\"Person\",\"@id\":\"https:\\\/\\\/quehacerpolitico.mx\\\/#\\\/schema\\\/person\\\/496d8ad2d1d3f8036101dca7ee39e585\",\"name\":\"Redacci\u00f3n QP\",\"image\":{\"@type\":\"ImageObject\",\"inLanguage\":\"es\",\"@id\":\"https:\\\/\\\/secure.gravatar.com\\\/avatar\\\/c7164ed6fdec453195284ad24a5ae5b6e1eed2b848477fa2a4787ba9adf39a41?s=96&d=mm&r=g\",\"url\":\"https:\\\/\\\/secure.gravatar.com\\\/avatar\\\/c7164ed6fdec453195284ad24a5ae5b6e1eed2b848477fa2a4787ba9adf39a41?s=96&d=mm&r=g\",\"contentUrl\":\"https:\\\/\\\/secure.gravatar.com\\\/avatar\\\/c7164ed6fdec453195284ad24a5ae5b6e1eed2b848477fa2a4787ba9adf39a41?s=96&d=mm&r=g\",\"caption\":\"Redacci\u00f3n QP\"},\"url\":\"https:\\\/\\\/quehacerpolitico.mx\\\/?author=2\"}]}<\/script>\n<!-- \/ Yoast SEO plugin. -->","yoast_head_json":{"title":"L\u00f3pez Obrador respalda a Sheinbaum por labores en rehabilitaci\u00f3n de L12\u00a0 -","robots":{"index":"index","follow":"follow","max-snippet":"max-snippet:-1","max-image-preview":"max-image-preview:large","max-video-preview":"max-video-preview:-1"},"canonical":"https:\/\/quehacerpolitico.mx\/?p=92335","og_locale":"es_MX","og_type":"article","og_title":"L\u00f3pez Obrador respalda a Sheinbaum por labores en rehabilitaci\u00f3n de L12\u00a0 -","og_description":"Por Redacci\u00f3n QP El Presidente L\u00f3pez Obrador reitera\u00a0que a finales del a\u00f1o la L\u00ednea 12...","og_url":"https:\/\/quehacerpolitico.mx\/?p=92335","article_published_time":"2022-05-17T14:45:17+00:00","article_modified_time":"2022-05-17T14:45:21+00:00","og_image":[{"width":1284,"height":721,"url":"https:\/\/quehacerpolitico.mx\/wp-content\/uploads\/2022\/05\/1CC20CE0-89F5-4FA1-B55A-98F59B971874.jpeg","type":"image\/jpeg"}],"author":"Redacci\u00f3n QP","twitter_card":"summary_large_image","twitter_misc":{"Escrito por":"Redacci\u00f3n QP","Tiempo de lectura":"2 minutos"},"schema":{"@context":"https:\/\/schema.org","@graph":[{"@type":"Article","@id":"https:\/\/quehacerpolitico.mx\/?p=92335#article","isPartOf":{"@id":"https:\/\/quehacerpolitico.mx\/?p=92335"},"author":{"name":"Redacci\u00f3n QP","@id":"https:\/\/quehacerpolitico.mx\/#\/schema\/person\/496d8ad2d1d3f8036101dca7ee39e585"},"headline":"L\u00f3pez Obrador respalda a Sheinbaum por labores en rehabilitaci\u00f3n de L12\u00a0","datePublished":"2022-05-17T14:45:17+00:00","dateModified":"2022-05-17T14:45:21+00:00","mainEntityOfPage":{"@id":"https:\/\/quehacerpolitico.mx\/?p=92335"},"wordCount":378,"commentCount":0,"image":{"@id":"https:\/\/quehacerpolitico.mx\/?p=92335#primaryimage"},"thumbnailUrl":"https:\/\/quehacerpolitico.mx\/wp-content\/uploads\/2022\/05\/1CC20CE0-89F5-4FA1-B55A-98F59B971874.jpeg","articleSection":["Noticias"],"inLanguage":"es","potentialAction":[{"@type":"CommentAction","name":"Comment","target":["https:\/\/quehacerpolitico.mx\/?p=92335#respond"]}]},{"@type":"WebPage","@id":"https:\/\/quehacerpolitico.mx\/?p=92335","url":"https:\/\/quehacerpolitico.mx\/?p=92335","name":"L\u00f3pez Obrador respalda a Sheinbaum por labores en rehabilitaci\u00f3n de L12\u00a0 -","isPartOf":{"@id":"https:\/\/quehacerpolitico.mx\/#website"},"primaryImageOfPage":{"@id":"https:\/\/quehacerpolitico.mx\/?p=92335#primaryimage"},"image":{"@id":"https:\/\/quehacerpolitico.mx\/?p=92335#primaryimage"},"thumbnailUrl":"https:\/\/quehacerpolitico.mx\/wp-content\/uploads\/2022\/05\/1CC20CE0-89F5-4FA1-B55A-98F59B971874.jpeg","datePublished":"2022-05-17T14:45:17+00:00","dateModified":"2022-05-17T14:45:21+00:00","author":{"@id":"https:\/\/quehacerpolitico.mx\/#\/schema\/person\/496d8ad2d1d3f8036101dca7ee39e585"},"breadcrumb":{"@id":"https:\/\/quehacerpolitico.mx\/?p=92335#breadcrumb"},"inLanguage":"es","potentialAction":[{"@type":"ReadAction","target":["https:\/\/quehacerpolitico.mx\/?p=92335"]}]},{"@type":"ImageObject","inLanguage":"es","@id":"https:\/\/quehacerpolitico.mx\/?p=92335#primaryimage","url":"https:\/\/quehacerpolitico.mx\/wp-content\/uploads\/2022\/05\/1CC20CE0-89F5-4FA1-B55A-98F59B971874.jpeg","contentUrl":"https:\/\/quehacerpolitico.mx\/wp-content\/uploads\/2022\/05\/1CC20CE0-89F5-4FA1-B55A-98F59B971874.jpeg","width":1284,"height":721},{"@type":"BreadcrumbList","@id":"https:\/\/quehacerpolitico.mx\/?p=92335#breadcrumb","itemListElement":[{"@type":"ListItem","position":1,"name":"Inicio","item":"https:\/\/quehacerpolitico.mx\/"},{"@type":"ListItem","position":2,"name":"L\u00f3pez Obrador respalda a Sheinbaum por labores en rehabilitaci\u00f3n de L12\u00a0"}]},{"@type":"WebSite","@id":"https:\/\/quehacerpolitico.mx\/#website","url":"https:\/\/quehacerpolitico.mx\/","name":"","description":"","potentialAction":[{"@type":"SearchAction","target":{"@type":"EntryPoint","urlTemplate":"https:\/\/quehacerpolitico.mx\/?s={search_term_string}"},"query-input":{"@type":"PropertyValueSpecification","valueRequired":true,"valueName":"search_term_string"}}],"inLanguage":"es"},{"@type":"Person","@id":"https:\/\/quehacerpolitico.mx\/#\/schema\/person\/496d8ad2d1d3f8036101dca7ee39e585","name":"Redacci\u00f3n QP","image":{"@type":"ImageObject","inLanguage":"es","@id":"https:\/\/secure.gravatar.com\/avatar\/c7164ed6fdec453195284ad24a5ae5b6e1eed2b848477fa2a4787ba9adf39a41?s=96&d=mm&r=g","url":"https:\/\/secure.gravatar.com\/avatar\/c7164ed6fdec453195284ad24a5ae5b6e1eed2b848477fa2a4787ba9adf39a41?s=96&d=mm&r=g","contentUrl":"https:\/\/secure.gravatar.com\/avatar\/c7164ed6fdec453195284ad24a5ae5b6e1eed2b848477fa2a4787ba9adf39a41?s=96&d=mm&r=g","caption":"Redacci\u00f3n QP"},"url":"https:\/\/quehacerpolitico.mx\/?author=2"}]}},"featured_image_urls":{"full":["https:\/\/quehacerpolitico.mx\/wp-content\/uploads\/2022\/05\/1CC20CE0-89F5-4FA1-B55A-98F59B971874.jpeg",1284,721,false],"thumbnail":["https:\/\/quehacerpolitico.mx\/wp-content\/uploads\/2022\/05\/1CC20CE0-89F5-4FA1-B55A-98F59B971874-150x150.jpeg",150,150,true],"medium":["https:\/\/quehacerpolitico.mx\/wp-content\/uploads\/2022\/05\/1CC20CE0-89F5-4FA1-B55A-98F59B971874-300x168.jpeg",300,168,true],"medium_large":["https:\/\/quehacerpolitico.mx\/wp-content\/uploads\/2022\/05\/1CC20CE0-89F5-4FA1-B55A-98F59B971874-768x431.jpeg",640,359,true],"large":["https:\/\/quehacerpolitico.mx\/wp-content\/uploads\/2022\/05\/1CC20CE0-89F5-4FA1-B55A-98F59B971874-1024x575.jpeg",640,359,true],"1536x1536":["https:\/\/quehacerpolitico.mx\/wp-content\/uploads\/2022\/05\/1CC20CE0-89F5-4FA1-B55A-98F59B971874.jpeg",1284,721,false],"2048x2048":["https:\/\/quehacerpolitico.mx\/wp-content\/uploads\/2022\/05\/1CC20CE0-89F5-4FA1-B55A-98F59B971874.jpeg",1284,721,false],"covernews-featured":["https:\/\/quehacerpolitico.mx\/wp-content\/uploads\/2022\/05\/1CC20CE0-89F5-4FA1-B55A-98F59B971874.jpeg",1024,575,false],"covernews-medium":["https:\/\/quehacerpolitico.mx\/wp-content\/uploads\/2022\/05\/1CC20CE0-89F5-4FA1-B55A-98F59B971874.jpeg",540,303,false]},"author_info":{"display_name":"Redacci\u00f3n QP","author_link":"https:\/\/quehacerpolitico.mx\/?author=2"},"category_info":"<a href=\"https:\/\/quehacerpolitico.mx\/?cat=2\" rel=\"category\">Noticias<\/a>","tag_info":"Noticias","comment_count":"0","_links":{"self":[{"href":"https:\/\/quehacerpolitico.mx\/index.php?rest_route=\/wp\/v2\/posts\/92335","targetHints":{"allow":["GET"]}}],"collection":[{"href":"https:\/\/quehacerpolitico.mx\/index.php?rest_route=\/wp\/v2\/posts"}],"about":[{"href":"https:\/\/quehacerpolitico.mx\/index.php?rest_route=\/wp\/v2\/types\/post"}],"author":[{"embeddable":true,"href":"https:\/\/quehacerpolitico.mx\/index.php?rest_route=\/wp\/v2\/users\/2"}],"replies":[{"embeddable":true,"href":"https:\/\/quehacerpolitico.mx\/index.php?rest_route=%2Fwp%2Fv2%2Fcomments&post=92335"}],"version-history":[{"count":1,"href":"https:\/\/quehacerpolitico.mx\/index.php?rest_route=\/wp\/v2\/posts\/92335\/revisions"}],"predecessor-version":[{"id":92337,"href":"https:\/\/quehacerpolitico.mx\/index.php?rest_route=\/wp\/v2\/posts\/92335\/revisions\/92337"}],"wp:featuredmedia":[{"embeddable":true,"href":"https:\/\/quehacerpolitico.mx\/index.php?rest_route=\/wp\/v2\/media\/92336"}],"wp:attachment":[{"href":"https:\/\/quehacerpolitico.mx\/index.php?rest_route=%2Fwp%2Fv2%2Fmedia&parent=92335"}],"wp:term":[{"taxonomy":"category","embeddable":true,"href":"https:\/\/quehacerpolitico.mx\/index.php?rest_route=%2Fwp%2Fv2%2Fcategories&post=92335"},{"taxonomy":"post_tag","embeddable":true,"href":"https:\/\/quehacerpolitico.mx\/index.php?rest_route=%2Fwp%2Fv2%2Ftags&post=92335"}],"curies":[{"name":"wp","href":"https:\/\/api.w.org\/{rel}","templated":true}]}}