{"id":92239,"date":"2022-05-11T16:03:59","date_gmt":"2022-05-11T16:03:59","guid":{"rendered":"https:\/\/quehacerpolitico.mx\/?p=92239"},"modified":"2022-05-11T16:04:03","modified_gmt":"2022-05-11T16:04:03","slug":"samuel-garcia-se-lanza-contra-el-fiscal-de-nuevo-leon-que-nos-de-la-cara","status":"publish","type":"post","link":"https:\/\/quehacerpolitico.mx\/?p=92239","title":{"rendered":"Samuel Garc\u00eda se lanza contra el fiscal de Nuevo Le\u00f3n: &#8220;Que nos d\u00e9 la cara&#8221;\u00a0"},"content":{"rendered":"\n<p>Por Redacci\u00f3n QP<\/p>\n\n\n\n<p>&#8220;A usted, se\u00f1or gobernador, como responsable de la seguridad del Estado, le toca protegerlas y evitar su muerte&#8221;, contest\u00f3 el fiscal, Gustavo Adolfo Guerrero a Samuel Garc\u00eda<\/p>\n\n\n\n<figure class=\"wp-block-embed is-type-video is-provider-youtube wp-block-embed-youtube wp-embed-aspect-16-9 wp-has-aspect-ratio\"><div class=\"wp-block-embed__wrapper\">\n<iframe loading=\"lazy\" title=\"Cad\u00e1ver hallado ten\u00eda m\u00e1s de tres semanas de descomposici\u00f3n:Fiscal\u00eda NL, caso de Yolanda Mart\u00ed\" width=\"640\" height=\"360\" src=\"https:\/\/www.youtube.com\/embed\/eXOrSTac7dA?feature=oembed\" frameborder=\"0\" allow=\"accelerometer; autoplay; clipboard-write; encrypted-media; gyroscope; picture-in-picture; web-share\" referrerpolicy=\"strict-origin-when-cross-origin\" allowfullscreen><\/iframe>\n<\/div><\/figure>\n\n\n\n<p>Tras la reciente muerte de Yolanda Mart\u00ednez Cadena, el gobernador de Nuevo L\u00e9on, Samuel Garc\u00eda, acus\u00f3 al fiscal General del Estado, Gustavo Adolfo Guerrero, de \u201cesconder las pruebas\u201d del caso de la joven que fue encontrada sin vida la tarde del domingo.<\/p>\n\n\n\n<p>Pero el fiscal no se qued\u00f3 callado&nbsp;<strong>y le dijo a Samuel Garc\u00eda que la justicia no se politiza, adem\u00e1s le pidi\u00f3 respetar la Constituci\u00f3n<\/strong>.<\/p>\n\n\n\n<p>Ayer por la tarde, el gobernador de Nuevo Le\u00f3n comparti\u00f3 un video donde aparece junto a Gerardo Mart\u00ednez Bautista y Jes\u00fas Gerardo, padre y hermano de Yolanda, donde pidi\u00f3 a Gustavo Adolfo Guerrero que d\u00e9 la cara y que comparta la carpeta de investigaci\u00f3n del caso.<\/p>\n\n\n\n<figure class=\"wp-block-embed is-type-video is-provider-youtube wp-block-embed-youtube wp-embed-aspect-16-9 wp-has-aspect-ratio\"><div class=\"wp-block-embed__wrapper\">\n<iframe loading=\"lazy\" title=\"Samuel Garc\u00eda acusa a fiscal de NL de &quot;esconder pruebas&quot;; &quot;le toca evitar sus muertes&quot;, le responde\" width=\"640\" height=\"360\" src=\"https:\/\/www.youtube.com\/embed\/ytRtp-Ipg5k?feature=oembed\" frameborder=\"0\" allow=\"accelerometer; autoplay; clipboard-write; encrypted-media; gyroscope; picture-in-picture; web-share\" referrerpolicy=\"strict-origin-when-cross-origin\" allowfullscreen><\/iframe>\n<\/div><\/figure>\n\n\n\n<p>&#8220;El d\u00eda de hoy queremos hacer un llamado en\u00e9rgico a la Fiscal\u00eda, que nos reciba, que nos d\u00e9 la cara y que nos comparta la carpeta (de investigaci\u00f3n) que hemos pedido desde el domingo en la tarde, tanto la familia de Don Gerardo como la Comisi\u00f3n Local de V\u00edctimas&#8221;.<\/p>\n\n\n\n<p>Samuel se\u00f1al\u00f3 que al solicitar puntualmente la carpeta pretenden ayudar a don Gerardo &#8220;para abonar en el tema jur\u00eddico&#8221;, pues se les prometi\u00f3 este lunes &#8220;y no nos entregaron nada&#8221;.<\/p>\n\n\n\n<p>&#8220;Nos dijeron que hoy temprano, est\u00e1n desde las nueve de la ma\u00f1ana pidiendo la carpeta y no nos entregan absolutamente nada, ya estamos hartos de excusas, de t\u00e9rminos jur\u00eddicos para evitar dar la cara, para esconder las pruebas y para evitar la verdad, porque Nuevo Le\u00f3n y don Gerardo merecen la verdad de qu\u00e9 pas\u00f3 en este asunto, y por eso pedimos que hoy mismo se nos d\u00e9 respuesta y podamos auxiliar y apoyar aqu\u00ed&#8221; al padre de Yolanda.<\/p>\n\n\n\n<blockquote class=\"wp-block-quote is-layout-flow wp-block-quote-is-layout-flow\"><p>&#8220;A usted, se\u00f1or gobernador, como responsable de la seguridad del Estado, le toca protegerlas y evitar su muerte&#8221;<\/p><\/blockquote>\n\n\n\n<p>En respuesta a la exigencia y se\u00f1alamientos del gobernador, el fiscal general, tambi\u00e9n a trav\u00e9s de un video que dio a conocer este martes por la noche, respondi\u00f3 que la Fiscal\u00eda General &#8220;no politiza la justicia&#8221;.<\/p>\n\n\n\n<p>Y agreg\u00f3, &#8220;lamento que se utilicen las redes sociales para enviar un mensaje a la Fiscal\u00eda cuando existen medios oficiales para ello&#8221;. Tambi\u00e9n, dijo,&nbsp;<strong>&#8220;es preocupante que se utilice medi\u00e1ticamente a las v\u00edctimas como lo ha hecho constantemente el gobernador&#8221;<\/strong>, y &#8220;peor a\u00fan, que los ponga frente al juicio del pueblo, sin respetar su dolor y con un fin que obviamente no es la b\u00fasqueda de la justicia&#8221;.<\/p>\n\n\n\n<p>Gustavo Adolfo Guerrero Guti\u00e9rrez puntualiz\u00f3; &#8220;A la Fiscal\u00eda le toca investigar la causa de la muerte violenta de las mujeres, y a usted, se\u00f1or gobernador, como responsable de la seguridad del Estado, le toca protegerlas y evitar su muerte&#8221;.<\/p>\n\n\n\n<p>Asent\u00f3 el fiscal, &#8220;quienes formamos parte de la Fiscal\u00eda, hacemos lo que nos corresponde sin importar las cr\u00edticas, las complicaciones pol\u00edticas o medi\u00e1ticas, siempre respetando la ley, que por cierto, protege los derechos humanos de las v\u00edctimas, (pues) las familias afectadas, merecen respeto&#8221;.<\/p>\n\n\n\n<p>Reiter\u00f3 que est\u00e1n en las labores de investigaci\u00f3n, pero &#8220;las evidencias no obedecen a un video o a una exigencia, sino a pruebas cient\u00edficas, como reactivos qu\u00edmicos, an\u00e1lisis tecnol\u00f3gicos y dict\u00e1menes t\u00e9cnicos que por su complejidad algunos requieren colaboraci\u00f3n nacional e internacional.<\/p>\n\n\n\n<p>Por \u00faltimo, expres\u00f3 el fiscal: &#8220;se\u00f1or gobernador, se lo he expresado de manera directa y se lo digo ahora por este medio que usted ha elegido, la Fiscal\u00eda General de Justicia es una instituci\u00f3n aut\u00f3noma, no pol\u00edtica. Lo invito responsablemente a que respetemos la Constituci\u00f3n, como lo hemos jurado al protestar usted como gobernador del Estado y yo como fiscal General de Justicia de Nuevo Le\u00f3n&#8221;.<\/p>\n\n\n\n<p>Con informaci\u00f3n de SUN<\/p>\n","protected":false},"excerpt":{"rendered":"<p>Por Redacci\u00f3n QP &#8220;A usted, se\u00f1or gobernador, como responsable de la seguridad del Estado, le&#8230;<\/p>\n","protected":false},"author":2,"featured_media":92240,"comment_status":"open","ping_status":"open","sticky":false,"template":"","format":"standard","meta":{"_monsterinsights_skip_tracking":false,"_monsterinsights_sitenote_active":false,"_monsterinsights_sitenote_note":"","_monsterinsights_sitenote_category":0,"footnotes":""},"categories":[2],"tags":[],"class_list":["post-92239","post","type-post","status-publish","format-standard","has-post-thumbnail","hentry","category-noticias"],"yoast_head":"<!-- This site is optimized with the Yoast SEO plugin v27.3 - https:\/\/yoast.com\/product\/yoast-seo-wordpress\/ -->\n<title>Samuel Garc\u00eda se lanza contra el fiscal de Nuevo Le\u00f3n: &quot;Que nos d\u00e9 la cara&quot;\u00a0 -<\/title>\n<meta name=\"robots\" content=\"index, follow, max-snippet:-1, max-image-preview:large, max-video-preview:-1\" \/>\n<link rel=\"canonical\" href=\"https:\/\/quehacerpolitico.mx\/?p=92239\" \/>\n<meta property=\"og:locale\" content=\"es_MX\" \/>\n<meta property=\"og:type\" content=\"article\" \/>\n<meta property=\"og:title\" content=\"Samuel Garc\u00eda se lanza contra el fiscal de Nuevo Le\u00f3n: &quot;Que nos d\u00e9 la cara&quot;\u00a0 -\" \/>\n<meta property=\"og:description\" content=\"Por Redacci\u00f3n QP &#8220;A usted, se\u00f1or gobernador, como responsable de la seguridad del Estado, le...\" \/>\n<meta property=\"og:url\" content=\"https:\/\/quehacerpolitico.mx\/?p=92239\" \/>\n<meta property=\"article:published_time\" content=\"2022-05-11T16:03:59+00:00\" \/>\n<meta property=\"article:modified_time\" content=\"2022-05-11T16:04:03+00:00\" \/>\n<meta property=\"og:image\" content=\"https:\/\/quehacerpolitico.mx\/wp-content\/uploads\/2022\/05\/3A7E878D-4EFF-4DAC-9D83-ADD6EAACD10E.jpeg\" \/>\n\t<meta property=\"og:image:width\" content=\"1284\" \/>\n\t<meta property=\"og:image:height\" content=\"702\" \/>\n\t<meta property=\"og:image:type\" content=\"image\/jpeg\" \/>\n<meta name=\"author\" content=\"Redacci\u00f3n QP\" \/>\n<meta name=\"twitter:card\" content=\"summary_large_image\" \/>\n<meta name=\"twitter:label1\" content=\"Escrito por\" \/>\n\t<meta name=\"twitter:data1\" content=\"Redacci\u00f3n QP\" \/>\n\t<meta name=\"twitter:label2\" content=\"Tiempo de lectura\" \/>\n\t<meta name=\"twitter:data2\" content=\"3 minutos\" \/>\n<script type=\"application\/ld+json\" class=\"yoast-schema-graph\">{\"@context\":\"https:\\\/\\\/schema.org\",\"@graph\":[{\"@type\":\"Article\",\"@id\":\"https:\\\/\\\/quehacerpolitico.mx\\\/?p=92239#article\",\"isPartOf\":{\"@id\":\"https:\\\/\\\/quehacerpolitico.mx\\\/?p=92239\"},\"author\":{\"name\":\"Redacci\u00f3n QP\",\"@id\":\"https:\\\/\\\/quehacerpolitico.mx\\\/#\\\/schema\\\/person\\\/496d8ad2d1d3f8036101dca7ee39e585\"},\"headline\":\"Samuel Garc\u00eda se lanza contra el fiscal de Nuevo Le\u00f3n: &#8220;Que nos d\u00e9 la cara&#8221;\u00a0\",\"datePublished\":\"2022-05-11T16:03:59+00:00\",\"dateModified\":\"2022-05-11T16:04:03+00:00\",\"mainEntityOfPage\":{\"@id\":\"https:\\\/\\\/quehacerpolitico.mx\\\/?p=92239\"},\"wordCount\":708,\"commentCount\":0,\"image\":{\"@id\":\"https:\\\/\\\/quehacerpolitico.mx\\\/?p=92239#primaryimage\"},\"thumbnailUrl\":\"https:\\\/\\\/quehacerpolitico.mx\\\/wp-content\\\/uploads\\\/2022\\\/05\\\/3A7E878D-4EFF-4DAC-9D83-ADD6EAACD10E.jpeg\",\"articleSection\":[\"Noticias\"],\"inLanguage\":\"es\",\"potentialAction\":[{\"@type\":\"CommentAction\",\"name\":\"Comment\",\"target\":[\"https:\\\/\\\/quehacerpolitico.mx\\\/?p=92239#respond\"]}]},{\"@type\":\"WebPage\",\"@id\":\"https:\\\/\\\/quehacerpolitico.mx\\\/?p=92239\",\"url\":\"https:\\\/\\\/quehacerpolitico.mx\\\/?p=92239\",\"name\":\"Samuel Garc\u00eda se lanza contra el fiscal de Nuevo Le\u00f3n: \\\"Que nos d\u00e9 la cara\\\"\u00a0 -\",\"isPartOf\":{\"@id\":\"https:\\\/\\\/quehacerpolitico.mx\\\/#website\"},\"primaryImageOfPage\":{\"@id\":\"https:\\\/\\\/quehacerpolitico.mx\\\/?p=92239#primaryimage\"},\"image\":{\"@id\":\"https:\\\/\\\/quehacerpolitico.mx\\\/?p=92239#primaryimage\"},\"thumbnailUrl\":\"https:\\\/\\\/quehacerpolitico.mx\\\/wp-content\\\/uploads\\\/2022\\\/05\\\/3A7E878D-4EFF-4DAC-9D83-ADD6EAACD10E.jpeg\",\"datePublished\":\"2022-05-11T16:03:59+00:00\",\"dateModified\":\"2022-05-11T16:04:03+00:00\",\"author\":{\"@id\":\"https:\\\/\\\/quehacerpolitico.mx\\\/#\\\/schema\\\/person\\\/496d8ad2d1d3f8036101dca7ee39e585\"},\"breadcrumb\":{\"@id\":\"https:\\\/\\\/quehacerpolitico.mx\\\/?p=92239#breadcrumb\"},\"inLanguage\":\"es\",\"potentialAction\":[{\"@type\":\"ReadAction\",\"target\":[\"https:\\\/\\\/quehacerpolitico.mx\\\/?p=92239\"]}]},{\"@type\":\"ImageObject\",\"inLanguage\":\"es\",\"@id\":\"https:\\\/\\\/quehacerpolitico.mx\\\/?p=92239#primaryimage\",\"url\":\"https:\\\/\\\/quehacerpolitico.mx\\\/wp-content\\\/uploads\\\/2022\\\/05\\\/3A7E878D-4EFF-4DAC-9D83-ADD6EAACD10E.jpeg\",\"contentUrl\":\"https:\\\/\\\/quehacerpolitico.mx\\\/wp-content\\\/uploads\\\/2022\\\/05\\\/3A7E878D-4EFF-4DAC-9D83-ADD6EAACD10E.jpeg\",\"width\":1284,\"height\":702},{\"@type\":\"BreadcrumbList\",\"@id\":\"https:\\\/\\\/quehacerpolitico.mx\\\/?p=92239#breadcrumb\",\"itemListElement\":[{\"@type\":\"ListItem\",\"position\":1,\"name\":\"Inicio\",\"item\":\"https:\\\/\\\/quehacerpolitico.mx\\\/\"},{\"@type\":\"ListItem\",\"position\":2,\"name\":\"Samuel Garc\u00eda se lanza contra el fiscal de Nuevo Le\u00f3n: &#8220;Que nos d\u00e9 la cara&#8221;\u00a0\"}]},{\"@type\":\"WebSite\",\"@id\":\"https:\\\/\\\/quehacerpolitico.mx\\\/#website\",\"url\":\"https:\\\/\\\/quehacerpolitico.mx\\\/\",\"name\":\"\",\"description\":\"\",\"potentialAction\":[{\"@type\":\"SearchAction\",\"target\":{\"@type\":\"EntryPoint\",\"urlTemplate\":\"https:\\\/\\\/quehacerpolitico.mx\\\/?s={search_term_string}\"},\"query-input\":{\"@type\":\"PropertyValueSpecification\",\"valueRequired\":true,\"valueName\":\"search_term_string\"}}],\"inLanguage\":\"es\"},{\"@type\":\"Person\",\"@id\":\"https:\\\/\\\/quehacerpolitico.mx\\\/#\\\/schema\\\/person\\\/496d8ad2d1d3f8036101dca7ee39e585\",\"name\":\"Redacci\u00f3n QP\",\"image\":{\"@type\":\"ImageObject\",\"inLanguage\":\"es\",\"@id\":\"https:\\\/\\\/secure.gravatar.com\\\/avatar\\\/c7164ed6fdec453195284ad24a5ae5b6e1eed2b848477fa2a4787ba9adf39a41?s=96&d=mm&r=g\",\"url\":\"https:\\\/\\\/secure.gravatar.com\\\/avatar\\\/c7164ed6fdec453195284ad24a5ae5b6e1eed2b848477fa2a4787ba9adf39a41?s=96&d=mm&r=g\",\"contentUrl\":\"https:\\\/\\\/secure.gravatar.com\\\/avatar\\\/c7164ed6fdec453195284ad24a5ae5b6e1eed2b848477fa2a4787ba9adf39a41?s=96&d=mm&r=g\",\"caption\":\"Redacci\u00f3n QP\"},\"url\":\"https:\\\/\\\/quehacerpolitico.mx\\\/?author=2\"}]}<\/script>\n<!-- \/ Yoast SEO plugin. -->","yoast_head_json":{"title":"Samuel Garc\u00eda se lanza contra el fiscal de Nuevo Le\u00f3n: \"Que nos d\u00e9 la cara\"\u00a0 -","robots":{"index":"index","follow":"follow","max-snippet":"max-snippet:-1","max-image-preview":"max-image-preview:large","max-video-preview":"max-video-preview:-1"},"canonical":"https:\/\/quehacerpolitico.mx\/?p=92239","og_locale":"es_MX","og_type":"article","og_title":"Samuel Garc\u00eda se lanza contra el fiscal de Nuevo Le\u00f3n: \"Que nos d\u00e9 la cara\"\u00a0 -","og_description":"Por Redacci\u00f3n QP &#8220;A usted, se\u00f1or gobernador, como responsable de la seguridad del Estado, le...","og_url":"https:\/\/quehacerpolitico.mx\/?p=92239","article_published_time":"2022-05-11T16:03:59+00:00","article_modified_time":"2022-05-11T16:04:03+00:00","og_image":[{"width":1284,"height":702,"url":"https:\/\/quehacerpolitico.mx\/wp-content\/uploads\/2022\/05\/3A7E878D-4EFF-4DAC-9D83-ADD6EAACD10E.jpeg","type":"image\/jpeg"}],"author":"Redacci\u00f3n QP","twitter_card":"summary_large_image","twitter_misc":{"Escrito por":"Redacci\u00f3n QP","Tiempo de lectura":"3 minutos"},"schema":{"@context":"https:\/\/schema.org","@graph":[{"@type":"Article","@id":"https:\/\/quehacerpolitico.mx\/?p=92239#article","isPartOf":{"@id":"https:\/\/quehacerpolitico.mx\/?p=92239"},"author":{"name":"Redacci\u00f3n QP","@id":"https:\/\/quehacerpolitico.mx\/#\/schema\/person\/496d8ad2d1d3f8036101dca7ee39e585"},"headline":"Samuel Garc\u00eda se lanza contra el fiscal de Nuevo Le\u00f3n: &#8220;Que nos d\u00e9 la cara&#8221;\u00a0","datePublished":"2022-05-11T16:03:59+00:00","dateModified":"2022-05-11T16:04:03+00:00","mainEntityOfPage":{"@id":"https:\/\/quehacerpolitico.mx\/?p=92239"},"wordCount":708,"commentCount":0,"image":{"@id":"https:\/\/quehacerpolitico.mx\/?p=92239#primaryimage"},"thumbnailUrl":"https:\/\/quehacerpolitico.mx\/wp-content\/uploads\/2022\/05\/3A7E878D-4EFF-4DAC-9D83-ADD6EAACD10E.jpeg","articleSection":["Noticias"],"inLanguage":"es","potentialAction":[{"@type":"CommentAction","name":"Comment","target":["https:\/\/quehacerpolitico.mx\/?p=92239#respond"]}]},{"@type":"WebPage","@id":"https:\/\/quehacerpolitico.mx\/?p=92239","url":"https:\/\/quehacerpolitico.mx\/?p=92239","name":"Samuel Garc\u00eda se lanza contra el fiscal de Nuevo Le\u00f3n: \"Que nos d\u00e9 la cara\"\u00a0 -","isPartOf":{"@id":"https:\/\/quehacerpolitico.mx\/#website"},"primaryImageOfPage":{"@id":"https:\/\/quehacerpolitico.mx\/?p=92239#primaryimage"},"image":{"@id":"https:\/\/quehacerpolitico.mx\/?p=92239#primaryimage"},"thumbnailUrl":"https:\/\/quehacerpolitico.mx\/wp-content\/uploads\/2022\/05\/3A7E878D-4EFF-4DAC-9D83-ADD6EAACD10E.jpeg","datePublished":"2022-05-11T16:03:59+00:00","dateModified":"2022-05-11T16:04:03+00:00","author":{"@id":"https:\/\/quehacerpolitico.mx\/#\/schema\/person\/496d8ad2d1d3f8036101dca7ee39e585"},"breadcrumb":{"@id":"https:\/\/quehacerpolitico.mx\/?p=92239#breadcrumb"},"inLanguage":"es","potentialAction":[{"@type":"ReadAction","target":["https:\/\/quehacerpolitico.mx\/?p=92239"]}]},{"@type":"ImageObject","inLanguage":"es","@id":"https:\/\/quehacerpolitico.mx\/?p=92239#primaryimage","url":"https:\/\/quehacerpolitico.mx\/wp-content\/uploads\/2022\/05\/3A7E878D-4EFF-4DAC-9D83-ADD6EAACD10E.jpeg","contentUrl":"https:\/\/quehacerpolitico.mx\/wp-content\/uploads\/2022\/05\/3A7E878D-4EFF-4DAC-9D83-ADD6EAACD10E.jpeg","width":1284,"height":702},{"@type":"BreadcrumbList","@id":"https:\/\/quehacerpolitico.mx\/?p=92239#breadcrumb","itemListElement":[{"@type":"ListItem","position":1,"name":"Inicio","item":"https:\/\/quehacerpolitico.mx\/"},{"@type":"ListItem","position":2,"name":"Samuel Garc\u00eda se lanza contra el fiscal de Nuevo Le\u00f3n: &#8220;Que nos d\u00e9 la cara&#8221;\u00a0"}]},{"@type":"WebSite","@id":"https:\/\/quehacerpolitico.mx\/#website","url":"https:\/\/quehacerpolitico.mx\/","name":"","description":"","potentialAction":[{"@type":"SearchAction","target":{"@type":"EntryPoint","urlTemplate":"https:\/\/quehacerpolitico.mx\/?s={search_term_string}"},"query-input":{"@type":"PropertyValueSpecification","valueRequired":true,"valueName":"search_term_string"}}],"inLanguage":"es"},{"@type":"Person","@id":"https:\/\/quehacerpolitico.mx\/#\/schema\/person\/496d8ad2d1d3f8036101dca7ee39e585","name":"Redacci\u00f3n QP","image":{"@type":"ImageObject","inLanguage":"es","@id":"https:\/\/secure.gravatar.com\/avatar\/c7164ed6fdec453195284ad24a5ae5b6e1eed2b848477fa2a4787ba9adf39a41?s=96&d=mm&r=g","url":"https:\/\/secure.gravatar.com\/avatar\/c7164ed6fdec453195284ad24a5ae5b6e1eed2b848477fa2a4787ba9adf39a41?s=96&d=mm&r=g","contentUrl":"https:\/\/secure.gravatar.com\/avatar\/c7164ed6fdec453195284ad24a5ae5b6e1eed2b848477fa2a4787ba9adf39a41?s=96&d=mm&r=g","caption":"Redacci\u00f3n QP"},"url":"https:\/\/quehacerpolitico.mx\/?author=2"}]}},"featured_image_urls":{"full":["https:\/\/quehacerpolitico.mx\/wp-content\/uploads\/2022\/05\/3A7E878D-4EFF-4DAC-9D83-ADD6EAACD10E.jpeg",1284,702,false],"thumbnail":["https:\/\/quehacerpolitico.mx\/wp-content\/uploads\/2022\/05\/3A7E878D-4EFF-4DAC-9D83-ADD6EAACD10E-150x150.jpeg",150,150,true],"medium":["https:\/\/quehacerpolitico.mx\/wp-content\/uploads\/2022\/05\/3A7E878D-4EFF-4DAC-9D83-ADD6EAACD10E-300x164.jpeg",300,164,true],"medium_large":["https:\/\/quehacerpolitico.mx\/wp-content\/uploads\/2022\/05\/3A7E878D-4EFF-4DAC-9D83-ADD6EAACD10E-768x420.jpeg",640,350,true],"large":["https:\/\/quehacerpolitico.mx\/wp-content\/uploads\/2022\/05\/3A7E878D-4EFF-4DAC-9D83-ADD6EAACD10E-1024x560.jpeg",640,350,true],"1536x1536":["https:\/\/quehacerpolitico.mx\/wp-content\/uploads\/2022\/05\/3A7E878D-4EFF-4DAC-9D83-ADD6EAACD10E.jpeg",1284,702,false],"2048x2048":["https:\/\/quehacerpolitico.mx\/wp-content\/uploads\/2022\/05\/3A7E878D-4EFF-4DAC-9D83-ADD6EAACD10E.jpeg",1284,702,false],"covernews-featured":["https:\/\/quehacerpolitico.mx\/wp-content\/uploads\/2022\/05\/3A7E878D-4EFF-4DAC-9D83-ADD6EAACD10E.jpeg",1024,560,false],"covernews-medium":["https:\/\/quehacerpolitico.mx\/wp-content\/uploads\/2022\/05\/3A7E878D-4EFF-4DAC-9D83-ADD6EAACD10E.jpeg",540,295,false]},"author_info":{"display_name":"Redacci\u00f3n QP","author_link":"https:\/\/quehacerpolitico.mx\/?author=2"},"category_info":"<a href=\"https:\/\/quehacerpolitico.mx\/?cat=2\" rel=\"category\">Noticias<\/a>","tag_info":"Noticias","comment_count":"0","_links":{"self":[{"href":"https:\/\/quehacerpolitico.mx\/index.php?rest_route=\/wp\/v2\/posts\/92239","targetHints":{"allow":["GET"]}}],"collection":[{"href":"https:\/\/quehacerpolitico.mx\/index.php?rest_route=\/wp\/v2\/posts"}],"about":[{"href":"https:\/\/quehacerpolitico.mx\/index.php?rest_route=\/wp\/v2\/types\/post"}],"author":[{"embeddable":true,"href":"https:\/\/quehacerpolitico.mx\/index.php?rest_route=\/wp\/v2\/users\/2"}],"replies":[{"embeddable":true,"href":"https:\/\/quehacerpolitico.mx\/index.php?rest_route=%2Fwp%2Fv2%2Fcomments&post=92239"}],"version-history":[{"count":1,"href":"https:\/\/quehacerpolitico.mx\/index.php?rest_route=\/wp\/v2\/posts\/92239\/revisions"}],"predecessor-version":[{"id":92241,"href":"https:\/\/quehacerpolitico.mx\/index.php?rest_route=\/wp\/v2\/posts\/92239\/revisions\/92241"}],"wp:featuredmedia":[{"embeddable":true,"href":"https:\/\/quehacerpolitico.mx\/index.php?rest_route=\/wp\/v2\/media\/92240"}],"wp:attachment":[{"href":"https:\/\/quehacerpolitico.mx\/index.php?rest_route=%2Fwp%2Fv2%2Fmedia&parent=92239"}],"wp:term":[{"taxonomy":"category","embeddable":true,"href":"https:\/\/quehacerpolitico.mx\/index.php?rest_route=%2Fwp%2Fv2%2Fcategories&post=92239"},{"taxonomy":"post_tag","embeddable":true,"href":"https:\/\/quehacerpolitico.mx\/index.php?rest_route=%2Fwp%2Fv2%2Ftags&post=92239"}],"curies":[{"name":"wp","href":"https:\/\/api.w.org\/{rel}","templated":true}]}}