{"id":92063,"date":"2022-05-03T17:10:42","date_gmt":"2022-05-03T17:10:42","guid":{"rendered":"https:\/\/quehacerpolitico.mx\/?p=92063"},"modified":"2022-05-03T17:15:25","modified_gmt":"2022-05-03T17:15:25","slug":"lopez-obrador-no-ve-gravedad-en-actuar-de-gertz-manero-en-la-fgr","status":"publish","type":"post","link":"https:\/\/quehacerpolitico.mx\/?p=92063","title":{"rendered":"L\u00f3pez Obrador no ve gravedad en actuar de Gertz Manero en la FGR"},"content":{"rendered":"\n<p>Por Redacci\u00f3n QP<\/p>\n\n\n\n<p>L\u00f3pez Obrador se\u00f1ala&nbsp;que su obligaci\u00f3n es garantizar que haya paz, tranquilidad, gobernabilidad que, afirm\u00f3, existe M\u00e9xico<\/p>\n\n\n\n<p>El Presidente&nbsp;Andres Manuel Lopez Obrador considero que no han sido graves los hechos por los que se le acusa al titular de la Fiscal\u00eda General de la Rep\u00fablica (FGR),&nbsp;Alejandro Gertz Manero como investigar al periodista y columnista Mario Maldonado, por supuestamente haber filtrado una grabaci\u00f3n entre el fiscal y el subprocurador, por lo que asegur\u00f3 que&nbsp;<strong>no piensa inmiscuirse en estos asuntos, &#8220;solo si hubiese una cuesti\u00f3n grave&#8221;<\/strong>.<\/p>\n\n\n\n<p>En su\u00a0conferencia \u201dma\u00f1anera\u201d de este martes en Palacio Nacional, L\u00f3pez Obrador asegur\u00f3 que la pol\u00edtica no es maniquea, &#8220;no es de buenos y malos&#8221;; y se\u00f1al\u00f3 que\u00a0<strong>su obligaci\u00f3n es garantizar que haya paz, tranquilidad, gobernabilidad que, afirm\u00f3, existe M\u00e9xico<\/strong>.<\/p>\n\n\n\n<figure class=\"wp-block-embed is-type-rich is-provider-twitter wp-block-embed-twitter\"><div class=\"wp-block-embed__wrapper\">\n<blockquote class=\"twitter-tweet\" data-width=\"550\" data-dnt=\"true\"><p lang=\"es\" dir=\"ltr\">El perseguido, el defensor de los d\u00e9biles, el que fue opositor\u2026dice que no se va a meter en el caso del fiscal Gertz Manero vs <a href=\"https:\/\/twitter.com\/MarioMal?ref_src=twsrc%5Etfw\">@MarioMal<\/a> <br><br>\u00bfQu\u00e9 le sabe? \u00bfQu\u00e9 le debe al fiscal? <a href=\"https:\/\/t.co\/yIcMTYdUz5\">pic.twitter.com\/yIcMTYdUz5<\/a><\/p>&mdash; Laura Brug\u00e9s (@LauraBruges) <a href=\"https:\/\/twitter.com\/LauraBruges\/status\/1521533942393970691?ref_src=twsrc%5Etfw\">May 3, 2022<\/a><\/blockquote><script async src=\"https:\/\/platform.twitter.com\/widgets.js\" charset=\"utf-8\"><\/script>\n<\/div><\/figure>\n\n\n\n<p>&#8220;Ahora la Fiscal\u00eda est\u00e1 buscando procesar a un columnista y a un activista por el caso de las filtraciones de los audios cuando estos se difundieron y sobre esto se hicieron este tipo de an\u00e1lisis pr\u00e1cticamente en todos los medios. \u00bfNo ha reconsiderado justo que por este actuar pueda rendir cuentas el fiscal?&#8221;, se le pregunt\u00f3 a L\u00f3pez Obrador.<\/p>\n\n\n\n<p><strong>&#8220;No estoy pensando en intervenir, en inmiscuirme en este asunto<\/strong>&nbsp;que tiene que ver con una instituci\u00f3n independiente,&nbsp;<strong>solo que hubiese una cuesti\u00f3n grave, eso es lo que estable la ley&#8221;<\/strong>, respondi\u00f3.<\/p>\n\n\n\n<p><strong>&#8220;\u00bfNo ha sido grave lo que ha hecho?&#8221;<\/strong>, tambi\u00e9n se le cuestion\u00f3.<\/p>\n\n\n\n<p><strong>&#8220;No lo considero, no lo considero<\/strong>, y hay que ver a todos, porque la pol\u00edtica no es maniquea, no es de buenos y malos, no es as\u00ed. Entonces siempre hay diferencias, intereses y mi obligaci\u00f3n es garantizar la paz, la tranquilidad, la gobernabilidad que existe en M\u00e9xico&#8221;, contest\u00f3.<\/p>\n\n\n\n<p>Con informaci\u00f3n de SUN<\/p>\n","protected":false},"excerpt":{"rendered":"<p>Por Redacci\u00f3n QP L\u00f3pez Obrador se\u00f1ala&nbsp;que su obligaci\u00f3n es garantizar que haya paz, tranquilidad, gobernabilidad&#8230;<\/p>\n","protected":false},"author":2,"featured_media":92064,"comment_status":"open","ping_status":"open","sticky":false,"template":"","format":"standard","meta":{"_monsterinsights_skip_tracking":false,"_monsterinsights_sitenote_active":false,"_monsterinsights_sitenote_note":"","_monsterinsights_sitenote_category":0,"footnotes":""},"categories":[2],"tags":[],"class_list":["post-92063","post","type-post","status-publish","format-standard","has-post-thumbnail","hentry","category-noticias"],"yoast_head":"<!-- This site is optimized with the Yoast SEO plugin v27.3 - https:\/\/yoast.com\/product\/yoast-seo-wordpress\/ -->\n<title>L\u00f3pez Obrador no ve gravedad en actuar de Gertz Manero en la FGR -<\/title>\n<meta name=\"robots\" content=\"index, follow, max-snippet:-1, max-image-preview:large, max-video-preview:-1\" \/>\n<link rel=\"canonical\" href=\"https:\/\/quehacerpolitico.mx\/?p=92063\" \/>\n<meta property=\"og:locale\" content=\"es_MX\" \/>\n<meta property=\"og:type\" content=\"article\" \/>\n<meta property=\"og:title\" content=\"L\u00f3pez Obrador no ve gravedad en actuar de Gertz Manero en la FGR -\" \/>\n<meta property=\"og:description\" content=\"Por Redacci\u00f3n QP L\u00f3pez Obrador se\u00f1ala&nbsp;que su obligaci\u00f3n es garantizar que haya paz, tranquilidad, gobernabilidad...\" \/>\n<meta property=\"og:url\" content=\"https:\/\/quehacerpolitico.mx\/?p=92063\" \/>\n<meta property=\"article:published_time\" content=\"2022-05-03T17:10:42+00:00\" \/>\n<meta property=\"article:modified_time\" content=\"2022-05-03T17:15:25+00:00\" \/>\n<meta property=\"og:image\" content=\"https:\/\/quehacerpolitico.mx\/wp-content\/uploads\/2022\/05\/37F754BD-67B5-481C-83AC-B65F31C18A62.jpeg\" \/>\n\t<meta property=\"og:image:width\" content=\"934\" \/>\n\t<meta property=\"og:image:height\" content=\"697\" \/>\n\t<meta property=\"og:image:type\" content=\"image\/jpeg\" \/>\n<meta name=\"author\" content=\"Redacci\u00f3n QP\" \/>\n<meta name=\"twitter:card\" content=\"summary_large_image\" \/>\n<meta name=\"twitter:label1\" content=\"Escrito por\" \/>\n\t<meta name=\"twitter:data1\" content=\"Redacci\u00f3n QP\" \/>\n\t<meta name=\"twitter:label2\" content=\"Tiempo de lectura\" \/>\n\t<meta name=\"twitter:data2\" content=\"2 minutos\" \/>\n<script type=\"application\/ld+json\" class=\"yoast-schema-graph\">{\"@context\":\"https:\\\/\\\/schema.org\",\"@graph\":[{\"@type\":\"Article\",\"@id\":\"https:\\\/\\\/quehacerpolitico.mx\\\/?p=92063#article\",\"isPartOf\":{\"@id\":\"https:\\\/\\\/quehacerpolitico.mx\\\/?p=92063\"},\"author\":{\"name\":\"Redacci\u00f3n QP\",\"@id\":\"https:\\\/\\\/quehacerpolitico.mx\\\/#\\\/schema\\\/person\\\/496d8ad2d1d3f8036101dca7ee39e585\"},\"headline\":\"L\u00f3pez Obrador no ve gravedad en actuar de Gertz Manero en la FGR\",\"datePublished\":\"2022-05-03T17:10:42+00:00\",\"dateModified\":\"2022-05-03T17:15:25+00:00\",\"mainEntityOfPage\":{\"@id\":\"https:\\\/\\\/quehacerpolitico.mx\\\/?p=92063\"},\"wordCount\":345,\"commentCount\":0,\"image\":{\"@id\":\"https:\\\/\\\/quehacerpolitico.mx\\\/?p=92063#primaryimage\"},\"thumbnailUrl\":\"https:\\\/\\\/quehacerpolitico.mx\\\/wp-content\\\/uploads\\\/2022\\\/05\\\/37F754BD-67B5-481C-83AC-B65F31C18A62.jpeg\",\"articleSection\":[\"Noticias\"],\"inLanguage\":\"es\",\"potentialAction\":[{\"@type\":\"CommentAction\",\"name\":\"Comment\",\"target\":[\"https:\\\/\\\/quehacerpolitico.mx\\\/?p=92063#respond\"]}]},{\"@type\":\"WebPage\",\"@id\":\"https:\\\/\\\/quehacerpolitico.mx\\\/?p=92063\",\"url\":\"https:\\\/\\\/quehacerpolitico.mx\\\/?p=92063\",\"name\":\"L\u00f3pez Obrador no ve gravedad en actuar de Gertz Manero en la FGR -\",\"isPartOf\":{\"@id\":\"https:\\\/\\\/quehacerpolitico.mx\\\/#website\"},\"primaryImageOfPage\":{\"@id\":\"https:\\\/\\\/quehacerpolitico.mx\\\/?p=92063#primaryimage\"},\"image\":{\"@id\":\"https:\\\/\\\/quehacerpolitico.mx\\\/?p=92063#primaryimage\"},\"thumbnailUrl\":\"https:\\\/\\\/quehacerpolitico.mx\\\/wp-content\\\/uploads\\\/2022\\\/05\\\/37F754BD-67B5-481C-83AC-B65F31C18A62.jpeg\",\"datePublished\":\"2022-05-03T17:10:42+00:00\",\"dateModified\":\"2022-05-03T17:15:25+00:00\",\"author\":{\"@id\":\"https:\\\/\\\/quehacerpolitico.mx\\\/#\\\/schema\\\/person\\\/496d8ad2d1d3f8036101dca7ee39e585\"},\"breadcrumb\":{\"@id\":\"https:\\\/\\\/quehacerpolitico.mx\\\/?p=92063#breadcrumb\"},\"inLanguage\":\"es\",\"potentialAction\":[{\"@type\":\"ReadAction\",\"target\":[\"https:\\\/\\\/quehacerpolitico.mx\\\/?p=92063\"]}]},{\"@type\":\"ImageObject\",\"inLanguage\":\"es\",\"@id\":\"https:\\\/\\\/quehacerpolitico.mx\\\/?p=92063#primaryimage\",\"url\":\"https:\\\/\\\/quehacerpolitico.mx\\\/wp-content\\\/uploads\\\/2022\\\/05\\\/37F754BD-67B5-481C-83AC-B65F31C18A62.jpeg\",\"contentUrl\":\"https:\\\/\\\/quehacerpolitico.mx\\\/wp-content\\\/uploads\\\/2022\\\/05\\\/37F754BD-67B5-481C-83AC-B65F31C18A62.jpeg\",\"width\":934,\"height\":697},{\"@type\":\"BreadcrumbList\",\"@id\":\"https:\\\/\\\/quehacerpolitico.mx\\\/?p=92063#breadcrumb\",\"itemListElement\":[{\"@type\":\"ListItem\",\"position\":1,\"name\":\"Inicio\",\"item\":\"https:\\\/\\\/quehacerpolitico.mx\\\/\"},{\"@type\":\"ListItem\",\"position\":2,\"name\":\"L\u00f3pez Obrador no ve gravedad en actuar de Gertz Manero en la FGR\"}]},{\"@type\":\"WebSite\",\"@id\":\"https:\\\/\\\/quehacerpolitico.mx\\\/#website\",\"url\":\"https:\\\/\\\/quehacerpolitico.mx\\\/\",\"name\":\"\",\"description\":\"\",\"potentialAction\":[{\"@type\":\"SearchAction\",\"target\":{\"@type\":\"EntryPoint\",\"urlTemplate\":\"https:\\\/\\\/quehacerpolitico.mx\\\/?s={search_term_string}\"},\"query-input\":{\"@type\":\"PropertyValueSpecification\",\"valueRequired\":true,\"valueName\":\"search_term_string\"}}],\"inLanguage\":\"es\"},{\"@type\":\"Person\",\"@id\":\"https:\\\/\\\/quehacerpolitico.mx\\\/#\\\/schema\\\/person\\\/496d8ad2d1d3f8036101dca7ee39e585\",\"name\":\"Redacci\u00f3n QP\",\"image\":{\"@type\":\"ImageObject\",\"inLanguage\":\"es\",\"@id\":\"https:\\\/\\\/secure.gravatar.com\\\/avatar\\\/c7164ed6fdec453195284ad24a5ae5b6e1eed2b848477fa2a4787ba9adf39a41?s=96&d=mm&r=g\",\"url\":\"https:\\\/\\\/secure.gravatar.com\\\/avatar\\\/c7164ed6fdec453195284ad24a5ae5b6e1eed2b848477fa2a4787ba9adf39a41?s=96&d=mm&r=g\",\"contentUrl\":\"https:\\\/\\\/secure.gravatar.com\\\/avatar\\\/c7164ed6fdec453195284ad24a5ae5b6e1eed2b848477fa2a4787ba9adf39a41?s=96&d=mm&r=g\",\"caption\":\"Redacci\u00f3n QP\"},\"url\":\"https:\\\/\\\/quehacerpolitico.mx\\\/?author=2\"}]}<\/script>\n<!-- \/ Yoast SEO plugin. -->","yoast_head_json":{"title":"L\u00f3pez Obrador no ve gravedad en actuar de Gertz Manero en la FGR -","robots":{"index":"index","follow":"follow","max-snippet":"max-snippet:-1","max-image-preview":"max-image-preview:large","max-video-preview":"max-video-preview:-1"},"canonical":"https:\/\/quehacerpolitico.mx\/?p=92063","og_locale":"es_MX","og_type":"article","og_title":"L\u00f3pez Obrador no ve gravedad en actuar de Gertz Manero en la FGR -","og_description":"Por Redacci\u00f3n QP L\u00f3pez Obrador se\u00f1ala&nbsp;que su obligaci\u00f3n es garantizar que haya paz, tranquilidad, gobernabilidad...","og_url":"https:\/\/quehacerpolitico.mx\/?p=92063","article_published_time":"2022-05-03T17:10:42+00:00","article_modified_time":"2022-05-03T17:15:25+00:00","og_image":[{"width":934,"height":697,"url":"https:\/\/quehacerpolitico.mx\/wp-content\/uploads\/2022\/05\/37F754BD-67B5-481C-83AC-B65F31C18A62.jpeg","type":"image\/jpeg"}],"author":"Redacci\u00f3n QP","twitter_card":"summary_large_image","twitter_misc":{"Escrito por":"Redacci\u00f3n QP","Tiempo de lectura":"2 minutos"},"schema":{"@context":"https:\/\/schema.org","@graph":[{"@type":"Article","@id":"https:\/\/quehacerpolitico.mx\/?p=92063#article","isPartOf":{"@id":"https:\/\/quehacerpolitico.mx\/?p=92063"},"author":{"name":"Redacci\u00f3n QP","@id":"https:\/\/quehacerpolitico.mx\/#\/schema\/person\/496d8ad2d1d3f8036101dca7ee39e585"},"headline":"L\u00f3pez Obrador no ve gravedad en actuar de Gertz Manero en la FGR","datePublished":"2022-05-03T17:10:42+00:00","dateModified":"2022-05-03T17:15:25+00:00","mainEntityOfPage":{"@id":"https:\/\/quehacerpolitico.mx\/?p=92063"},"wordCount":345,"commentCount":0,"image":{"@id":"https:\/\/quehacerpolitico.mx\/?p=92063#primaryimage"},"thumbnailUrl":"https:\/\/quehacerpolitico.mx\/wp-content\/uploads\/2022\/05\/37F754BD-67B5-481C-83AC-B65F31C18A62.jpeg","articleSection":["Noticias"],"inLanguage":"es","potentialAction":[{"@type":"CommentAction","name":"Comment","target":["https:\/\/quehacerpolitico.mx\/?p=92063#respond"]}]},{"@type":"WebPage","@id":"https:\/\/quehacerpolitico.mx\/?p=92063","url":"https:\/\/quehacerpolitico.mx\/?p=92063","name":"L\u00f3pez Obrador no ve gravedad en actuar de Gertz Manero en la FGR -","isPartOf":{"@id":"https:\/\/quehacerpolitico.mx\/#website"},"primaryImageOfPage":{"@id":"https:\/\/quehacerpolitico.mx\/?p=92063#primaryimage"},"image":{"@id":"https:\/\/quehacerpolitico.mx\/?p=92063#primaryimage"},"thumbnailUrl":"https:\/\/quehacerpolitico.mx\/wp-content\/uploads\/2022\/05\/37F754BD-67B5-481C-83AC-B65F31C18A62.jpeg","datePublished":"2022-05-03T17:10:42+00:00","dateModified":"2022-05-03T17:15:25+00:00","author":{"@id":"https:\/\/quehacerpolitico.mx\/#\/schema\/person\/496d8ad2d1d3f8036101dca7ee39e585"},"breadcrumb":{"@id":"https:\/\/quehacerpolitico.mx\/?p=92063#breadcrumb"},"inLanguage":"es","potentialAction":[{"@type":"ReadAction","target":["https:\/\/quehacerpolitico.mx\/?p=92063"]}]},{"@type":"ImageObject","inLanguage":"es","@id":"https:\/\/quehacerpolitico.mx\/?p=92063#primaryimage","url":"https:\/\/quehacerpolitico.mx\/wp-content\/uploads\/2022\/05\/37F754BD-67B5-481C-83AC-B65F31C18A62.jpeg","contentUrl":"https:\/\/quehacerpolitico.mx\/wp-content\/uploads\/2022\/05\/37F754BD-67B5-481C-83AC-B65F31C18A62.jpeg","width":934,"height":697},{"@type":"BreadcrumbList","@id":"https:\/\/quehacerpolitico.mx\/?p=92063#breadcrumb","itemListElement":[{"@type":"ListItem","position":1,"name":"Inicio","item":"https:\/\/quehacerpolitico.mx\/"},{"@type":"ListItem","position":2,"name":"L\u00f3pez Obrador no ve gravedad en actuar de Gertz Manero en la FGR"}]},{"@type":"WebSite","@id":"https:\/\/quehacerpolitico.mx\/#website","url":"https:\/\/quehacerpolitico.mx\/","name":"","description":"","potentialAction":[{"@type":"SearchAction","target":{"@type":"EntryPoint","urlTemplate":"https:\/\/quehacerpolitico.mx\/?s={search_term_string}"},"query-input":{"@type":"PropertyValueSpecification","valueRequired":true,"valueName":"search_term_string"}}],"inLanguage":"es"},{"@type":"Person","@id":"https:\/\/quehacerpolitico.mx\/#\/schema\/person\/496d8ad2d1d3f8036101dca7ee39e585","name":"Redacci\u00f3n QP","image":{"@type":"ImageObject","inLanguage":"es","@id":"https:\/\/secure.gravatar.com\/avatar\/c7164ed6fdec453195284ad24a5ae5b6e1eed2b848477fa2a4787ba9adf39a41?s=96&d=mm&r=g","url":"https:\/\/secure.gravatar.com\/avatar\/c7164ed6fdec453195284ad24a5ae5b6e1eed2b848477fa2a4787ba9adf39a41?s=96&d=mm&r=g","contentUrl":"https:\/\/secure.gravatar.com\/avatar\/c7164ed6fdec453195284ad24a5ae5b6e1eed2b848477fa2a4787ba9adf39a41?s=96&d=mm&r=g","caption":"Redacci\u00f3n QP"},"url":"https:\/\/quehacerpolitico.mx\/?author=2"}]}},"featured_image_urls":{"full":["https:\/\/quehacerpolitico.mx\/wp-content\/uploads\/2022\/05\/37F754BD-67B5-481C-83AC-B65F31C18A62.jpeg",934,697,false],"thumbnail":["https:\/\/quehacerpolitico.mx\/wp-content\/uploads\/2022\/05\/37F754BD-67B5-481C-83AC-B65F31C18A62-150x150.jpeg",150,150,true],"medium":["https:\/\/quehacerpolitico.mx\/wp-content\/uploads\/2022\/05\/37F754BD-67B5-481C-83AC-B65F31C18A62-300x224.jpeg",300,224,true],"medium_large":["https:\/\/quehacerpolitico.mx\/wp-content\/uploads\/2022\/05\/37F754BD-67B5-481C-83AC-B65F31C18A62-768x573.jpeg",640,478,true],"large":["https:\/\/quehacerpolitico.mx\/wp-content\/uploads\/2022\/05\/37F754BD-67B5-481C-83AC-B65F31C18A62.jpeg",640,478,false],"1536x1536":["https:\/\/quehacerpolitico.mx\/wp-content\/uploads\/2022\/05\/37F754BD-67B5-481C-83AC-B65F31C18A62.jpeg",934,697,false],"2048x2048":["https:\/\/quehacerpolitico.mx\/wp-content\/uploads\/2022\/05\/37F754BD-67B5-481C-83AC-B65F31C18A62.jpeg",934,697,false],"covernews-featured":["https:\/\/quehacerpolitico.mx\/wp-content\/uploads\/2022\/05\/37F754BD-67B5-481C-83AC-B65F31C18A62.jpeg",934,697,false],"covernews-medium":["https:\/\/quehacerpolitico.mx\/wp-content\/uploads\/2022\/05\/37F754BD-67B5-481C-83AC-B65F31C18A62.jpeg",456,340,false]},"author_info":{"display_name":"Redacci\u00f3n QP","author_link":"https:\/\/quehacerpolitico.mx\/?author=2"},"category_info":"<a href=\"https:\/\/quehacerpolitico.mx\/?cat=2\" rel=\"category\">Noticias<\/a>","tag_info":"Noticias","comment_count":"0","_links":{"self":[{"href":"https:\/\/quehacerpolitico.mx\/index.php?rest_route=\/wp\/v2\/posts\/92063","targetHints":{"allow":["GET"]}}],"collection":[{"href":"https:\/\/quehacerpolitico.mx\/index.php?rest_route=\/wp\/v2\/posts"}],"about":[{"href":"https:\/\/quehacerpolitico.mx\/index.php?rest_route=\/wp\/v2\/types\/post"}],"author":[{"embeddable":true,"href":"https:\/\/quehacerpolitico.mx\/index.php?rest_route=\/wp\/v2\/users\/2"}],"replies":[{"embeddable":true,"href":"https:\/\/quehacerpolitico.mx\/index.php?rest_route=%2Fwp%2Fv2%2Fcomments&post=92063"}],"version-history":[{"count":2,"href":"https:\/\/quehacerpolitico.mx\/index.php?rest_route=\/wp\/v2\/posts\/92063\/revisions"}],"predecessor-version":[{"id":92066,"href":"https:\/\/quehacerpolitico.mx\/index.php?rest_route=\/wp\/v2\/posts\/92063\/revisions\/92066"}],"wp:featuredmedia":[{"embeddable":true,"href":"https:\/\/quehacerpolitico.mx\/index.php?rest_route=\/wp\/v2\/media\/92064"}],"wp:attachment":[{"href":"https:\/\/quehacerpolitico.mx\/index.php?rest_route=%2Fwp%2Fv2%2Fmedia&parent=92063"}],"wp:term":[{"taxonomy":"category","embeddable":true,"href":"https:\/\/quehacerpolitico.mx\/index.php?rest_route=%2Fwp%2Fv2%2Fcategories&post=92063"},{"taxonomy":"post_tag","embeddable":true,"href":"https:\/\/quehacerpolitico.mx\/index.php?rest_route=%2Fwp%2Fv2%2Ftags&post=92063"}],"curies":[{"name":"wp","href":"https:\/\/api.w.org\/{rel}","templated":true}]}}