{"id":92007,"date":"2022-05-02T17:10:36","date_gmt":"2022-05-02T17:10:36","guid":{"rendered":"https:\/\/quehacerpolitico.mx\/?p=92007"},"modified":"2022-05-02T17:10:39","modified_gmt":"2022-05-02T17:10:39","slug":"la-semarnat-plantara-450-millones-de-arboles-en-ruta-del-tren-maya","status":"publish","type":"post","link":"https:\/\/quehacerpolitico.mx\/?p=92007","title":{"rendered":"La Semarnat plantar\u00e1 450 millones de \u00e1rboles en ruta del Tren Maya\u00a0"},"content":{"rendered":"\n<p>Por Redacci\u00f3n QP<\/p>\n\n\n\n<p>La secretaria de Medio Ambiente, Mar\u00eda Luisa Albores, precis\u00f3 que en el tramo 5 del Tren Maya estar\u00e1n sembrando 142 millones de \u00e1rboles de maderas preciosas como caoba y cedro<\/p>\n\n\n\n<p>A cambio de los 300 mil \u00e1rboles que se ver\u00e1n afectados por la construcci\u00f3n del tramo 5 del Tren Maya, la secretaria de Medio Ambiente (Semarnat), Mar\u00eda Luisa Albores, inform\u00f3 que reforestar\u00e1n m\u00e1s de 450 mil hect\u00e1reas, con la siembra de 450 millones de \u00e1rboles en los cinco estados del pa\u00eds por donde pasar\u00e1 dicha obra.<\/p>\n\n\n\n<p>En la &#8220;ma\u00f1anera&#8221; de hoy, la titular de la Semarnat destac\u00f3 que a lo largo de la ruta del Tren Maya existen 25 \u00e1reas naturales protegidas, que implican ocho millones de hect\u00e1reas en las que se est\u00e1 actualizando el r\u00e9gimen de conservaci\u00f3n, y se crear\u00e1n tres m\u00e1s: Calakmul 2, el Parque Nacional Jaguar y el Parque Nacional Tulum, que involucran alrededor de seis mil 500 hect\u00e1reas.<\/p>\n\n\n\n<figure class=\"wp-block-embed is-type-video is-provider-youtube wp-block-embed-youtube wp-embed-aspect-16-9 wp-has-aspect-ratio\"><div class=\"wp-block-embed__wrapper\">\n<iframe loading=\"lazy\" title=\"Semarnat garantiza plantar 450 millones de \u00e1rboles en ruta del Tren Maya\" width=\"640\" height=\"360\" src=\"https:\/\/www.youtube.com\/embed\/lu1GtH94Bzc?feature=oembed\" frameborder=\"0\" allow=\"accelerometer; autoplay; clipboard-write; encrypted-media; gyroscope; picture-in-picture; web-share\" referrerpolicy=\"strict-origin-when-cross-origin\" allowfullscreen><\/iframe>\n<\/div><\/figure>\n\n\n\n<p>Adem\u00e1s,\u00a0<strong>precis\u00f3 que en el Tramo 5 se estar\u00e1n sembrando 142 millones de \u00e1rboles de maderas preciosas como caoba y cedro<\/strong>; se est\u00e1n invirtiendo m\u00e1s de 340 millones de pesos en acciones de conservaci\u00f3n que involucran a todas las comunidades, a trav\u00e9s de programas como Sembrando Vida y el Pago de Servicios Ambientales.<\/p>\n\n\n\n<p>Igualmente, se colocar\u00e1n 269 pasos de fauna a lo largo de todo el trayecto, para la protecci\u00f3n de las especies animales.<\/p>\n\n\n\n<p>Albores subray\u00f3 que con la operaci\u00f3n del Tren Maya se ayudar\u00e1 al mejoramiento del medio ambiente, al evitar la emisi\u00f3n de bi\u00f3xido de carbono.<\/p>\n\n\n\n<p>&#8220;Estamos hablando de un transporte moderno que va a coadyuvar para el 2030 en que se pueda tener 392 mil toneladas de bi\u00f3xido de carbono, en ese valor se estima el que se pueda estar haciendo una aportaci\u00f3n&#8221;, expres\u00f3.<\/p>\n\n\n\n<p>Con informaci\u00f3n de SUN<\/p>\n","protected":false},"excerpt":{"rendered":"<p>Por Redacci\u00f3n QP La secretaria de Medio Ambiente, Mar\u00eda Luisa Albores, precis\u00f3 que en el&#8230;<\/p>\n","protected":false},"author":2,"featured_media":92008,"comment_status":"open","ping_status":"open","sticky":false,"template":"","format":"standard","meta":{"_monsterinsights_skip_tracking":false,"_monsterinsights_sitenote_active":false,"_monsterinsights_sitenote_note":"","_monsterinsights_sitenote_category":0,"footnotes":""},"categories":[2],"tags":[],"class_list":["post-92007","post","type-post","status-publish","format-standard","has-post-thumbnail","hentry","category-noticias"],"yoast_head":"<!-- This site is optimized with the Yoast SEO plugin v27.3 - https:\/\/yoast.com\/product\/yoast-seo-wordpress\/ -->\n<title>La Semarnat plantar\u00e1 450 millones de \u00e1rboles en ruta del Tren Maya\u00a0 -<\/title>\n<meta name=\"robots\" content=\"index, follow, max-snippet:-1, max-image-preview:large, max-video-preview:-1\" \/>\n<link rel=\"canonical\" href=\"https:\/\/quehacerpolitico.mx\/?p=92007\" \/>\n<meta property=\"og:locale\" content=\"es_MX\" \/>\n<meta property=\"og:type\" content=\"article\" \/>\n<meta property=\"og:title\" content=\"La Semarnat plantar\u00e1 450 millones de \u00e1rboles en ruta del Tren Maya\u00a0 -\" \/>\n<meta property=\"og:description\" content=\"Por Redacci\u00f3n QP La secretaria de Medio Ambiente, Mar\u00eda Luisa Albores, precis\u00f3 que en el...\" \/>\n<meta property=\"og:url\" content=\"https:\/\/quehacerpolitico.mx\/?p=92007\" \/>\n<meta property=\"article:published_time\" content=\"2022-05-02T17:10:36+00:00\" \/>\n<meta property=\"article:modified_time\" content=\"2022-05-02T17:10:39+00:00\" \/>\n<meta property=\"og:image\" content=\"https:\/\/quehacerpolitico.mx\/wp-content\/uploads\/2022\/05\/43337C0B-AB41-4CC2-8675-6BE5B0439F45.jpeg\" \/>\n\t<meta property=\"og:image:width\" content=\"951\" \/>\n\t<meta property=\"og:image:height\" content=\"698\" \/>\n\t<meta property=\"og:image:type\" content=\"image\/jpeg\" \/>\n<meta name=\"author\" content=\"Redacci\u00f3n QP\" \/>\n<meta name=\"twitter:card\" content=\"summary_large_image\" \/>\n<meta name=\"twitter:label1\" content=\"Escrito por\" \/>\n\t<meta name=\"twitter:data1\" content=\"Redacci\u00f3n QP\" \/>\n\t<meta name=\"twitter:label2\" content=\"Tiempo de lectura\" \/>\n\t<meta name=\"twitter:data2\" content=\"2 minutos\" \/>\n<script type=\"application\/ld+json\" class=\"yoast-schema-graph\">{\"@context\":\"https:\\\/\\\/schema.org\",\"@graph\":[{\"@type\":\"Article\",\"@id\":\"https:\\\/\\\/quehacerpolitico.mx\\\/?p=92007#article\",\"isPartOf\":{\"@id\":\"https:\\\/\\\/quehacerpolitico.mx\\\/?p=92007\"},\"author\":{\"name\":\"Redacci\u00f3n QP\",\"@id\":\"https:\\\/\\\/quehacerpolitico.mx\\\/#\\\/schema\\\/person\\\/496d8ad2d1d3f8036101dca7ee39e585\"},\"headline\":\"La Semarnat plantar\u00e1 450 millones de \u00e1rboles en ruta del Tren Maya\u00a0\",\"datePublished\":\"2022-05-02T17:10:36+00:00\",\"dateModified\":\"2022-05-02T17:10:39+00:00\",\"mainEntityOfPage\":{\"@id\":\"https:\\\/\\\/quehacerpolitico.mx\\\/?p=92007\"},\"wordCount\":329,\"commentCount\":0,\"image\":{\"@id\":\"https:\\\/\\\/quehacerpolitico.mx\\\/?p=92007#primaryimage\"},\"thumbnailUrl\":\"https:\\\/\\\/quehacerpolitico.mx\\\/wp-content\\\/uploads\\\/2022\\\/05\\\/43337C0B-AB41-4CC2-8675-6BE5B0439F45.jpeg\",\"articleSection\":[\"Noticias\"],\"inLanguage\":\"es\",\"potentialAction\":[{\"@type\":\"CommentAction\",\"name\":\"Comment\",\"target\":[\"https:\\\/\\\/quehacerpolitico.mx\\\/?p=92007#respond\"]}]},{\"@type\":\"WebPage\",\"@id\":\"https:\\\/\\\/quehacerpolitico.mx\\\/?p=92007\",\"url\":\"https:\\\/\\\/quehacerpolitico.mx\\\/?p=92007\",\"name\":\"La Semarnat plantar\u00e1 450 millones de \u00e1rboles en ruta del Tren Maya\u00a0 -\",\"isPartOf\":{\"@id\":\"https:\\\/\\\/quehacerpolitico.mx\\\/#website\"},\"primaryImageOfPage\":{\"@id\":\"https:\\\/\\\/quehacerpolitico.mx\\\/?p=92007#primaryimage\"},\"image\":{\"@id\":\"https:\\\/\\\/quehacerpolitico.mx\\\/?p=92007#primaryimage\"},\"thumbnailUrl\":\"https:\\\/\\\/quehacerpolitico.mx\\\/wp-content\\\/uploads\\\/2022\\\/05\\\/43337C0B-AB41-4CC2-8675-6BE5B0439F45.jpeg\",\"datePublished\":\"2022-05-02T17:10:36+00:00\",\"dateModified\":\"2022-05-02T17:10:39+00:00\",\"author\":{\"@id\":\"https:\\\/\\\/quehacerpolitico.mx\\\/#\\\/schema\\\/person\\\/496d8ad2d1d3f8036101dca7ee39e585\"},\"breadcrumb\":{\"@id\":\"https:\\\/\\\/quehacerpolitico.mx\\\/?p=92007#breadcrumb\"},\"inLanguage\":\"es\",\"potentialAction\":[{\"@type\":\"ReadAction\",\"target\":[\"https:\\\/\\\/quehacerpolitico.mx\\\/?p=92007\"]}]},{\"@type\":\"ImageObject\",\"inLanguage\":\"es\",\"@id\":\"https:\\\/\\\/quehacerpolitico.mx\\\/?p=92007#primaryimage\",\"url\":\"https:\\\/\\\/quehacerpolitico.mx\\\/wp-content\\\/uploads\\\/2022\\\/05\\\/43337C0B-AB41-4CC2-8675-6BE5B0439F45.jpeg\",\"contentUrl\":\"https:\\\/\\\/quehacerpolitico.mx\\\/wp-content\\\/uploads\\\/2022\\\/05\\\/43337C0B-AB41-4CC2-8675-6BE5B0439F45.jpeg\",\"width\":951,\"height\":698},{\"@type\":\"BreadcrumbList\",\"@id\":\"https:\\\/\\\/quehacerpolitico.mx\\\/?p=92007#breadcrumb\",\"itemListElement\":[{\"@type\":\"ListItem\",\"position\":1,\"name\":\"Inicio\",\"item\":\"https:\\\/\\\/quehacerpolitico.mx\\\/\"},{\"@type\":\"ListItem\",\"position\":2,\"name\":\"La Semarnat plantar\u00e1 450 millones de \u00e1rboles en ruta del Tren Maya\u00a0\"}]},{\"@type\":\"WebSite\",\"@id\":\"https:\\\/\\\/quehacerpolitico.mx\\\/#website\",\"url\":\"https:\\\/\\\/quehacerpolitico.mx\\\/\",\"name\":\"\",\"description\":\"\",\"potentialAction\":[{\"@type\":\"SearchAction\",\"target\":{\"@type\":\"EntryPoint\",\"urlTemplate\":\"https:\\\/\\\/quehacerpolitico.mx\\\/?s={search_term_string}\"},\"query-input\":{\"@type\":\"PropertyValueSpecification\",\"valueRequired\":true,\"valueName\":\"search_term_string\"}}],\"inLanguage\":\"es\"},{\"@type\":\"Person\",\"@id\":\"https:\\\/\\\/quehacerpolitico.mx\\\/#\\\/schema\\\/person\\\/496d8ad2d1d3f8036101dca7ee39e585\",\"name\":\"Redacci\u00f3n QP\",\"image\":{\"@type\":\"ImageObject\",\"inLanguage\":\"es\",\"@id\":\"https:\\\/\\\/secure.gravatar.com\\\/avatar\\\/c7164ed6fdec453195284ad24a5ae5b6e1eed2b848477fa2a4787ba9adf39a41?s=96&d=mm&r=g\",\"url\":\"https:\\\/\\\/secure.gravatar.com\\\/avatar\\\/c7164ed6fdec453195284ad24a5ae5b6e1eed2b848477fa2a4787ba9adf39a41?s=96&d=mm&r=g\",\"contentUrl\":\"https:\\\/\\\/secure.gravatar.com\\\/avatar\\\/c7164ed6fdec453195284ad24a5ae5b6e1eed2b848477fa2a4787ba9adf39a41?s=96&d=mm&r=g\",\"caption\":\"Redacci\u00f3n QP\"},\"url\":\"https:\\\/\\\/quehacerpolitico.mx\\\/?author=2\"}]}<\/script>\n<!-- \/ Yoast SEO plugin. -->","yoast_head_json":{"title":"La Semarnat plantar\u00e1 450 millones de \u00e1rboles en ruta del Tren Maya\u00a0 -","robots":{"index":"index","follow":"follow","max-snippet":"max-snippet:-1","max-image-preview":"max-image-preview:large","max-video-preview":"max-video-preview:-1"},"canonical":"https:\/\/quehacerpolitico.mx\/?p=92007","og_locale":"es_MX","og_type":"article","og_title":"La Semarnat plantar\u00e1 450 millones de \u00e1rboles en ruta del Tren Maya\u00a0 -","og_description":"Por Redacci\u00f3n QP La secretaria de Medio Ambiente, Mar\u00eda Luisa Albores, precis\u00f3 que en el...","og_url":"https:\/\/quehacerpolitico.mx\/?p=92007","article_published_time":"2022-05-02T17:10:36+00:00","article_modified_time":"2022-05-02T17:10:39+00:00","og_image":[{"width":951,"height":698,"url":"https:\/\/quehacerpolitico.mx\/wp-content\/uploads\/2022\/05\/43337C0B-AB41-4CC2-8675-6BE5B0439F45.jpeg","type":"image\/jpeg"}],"author":"Redacci\u00f3n QP","twitter_card":"summary_large_image","twitter_misc":{"Escrito por":"Redacci\u00f3n QP","Tiempo de lectura":"2 minutos"},"schema":{"@context":"https:\/\/schema.org","@graph":[{"@type":"Article","@id":"https:\/\/quehacerpolitico.mx\/?p=92007#article","isPartOf":{"@id":"https:\/\/quehacerpolitico.mx\/?p=92007"},"author":{"name":"Redacci\u00f3n QP","@id":"https:\/\/quehacerpolitico.mx\/#\/schema\/person\/496d8ad2d1d3f8036101dca7ee39e585"},"headline":"La Semarnat plantar\u00e1 450 millones de \u00e1rboles en ruta del Tren Maya\u00a0","datePublished":"2022-05-02T17:10:36+00:00","dateModified":"2022-05-02T17:10:39+00:00","mainEntityOfPage":{"@id":"https:\/\/quehacerpolitico.mx\/?p=92007"},"wordCount":329,"commentCount":0,"image":{"@id":"https:\/\/quehacerpolitico.mx\/?p=92007#primaryimage"},"thumbnailUrl":"https:\/\/quehacerpolitico.mx\/wp-content\/uploads\/2022\/05\/43337C0B-AB41-4CC2-8675-6BE5B0439F45.jpeg","articleSection":["Noticias"],"inLanguage":"es","potentialAction":[{"@type":"CommentAction","name":"Comment","target":["https:\/\/quehacerpolitico.mx\/?p=92007#respond"]}]},{"@type":"WebPage","@id":"https:\/\/quehacerpolitico.mx\/?p=92007","url":"https:\/\/quehacerpolitico.mx\/?p=92007","name":"La Semarnat plantar\u00e1 450 millones de \u00e1rboles en ruta del Tren Maya\u00a0 -","isPartOf":{"@id":"https:\/\/quehacerpolitico.mx\/#website"},"primaryImageOfPage":{"@id":"https:\/\/quehacerpolitico.mx\/?p=92007#primaryimage"},"image":{"@id":"https:\/\/quehacerpolitico.mx\/?p=92007#primaryimage"},"thumbnailUrl":"https:\/\/quehacerpolitico.mx\/wp-content\/uploads\/2022\/05\/43337C0B-AB41-4CC2-8675-6BE5B0439F45.jpeg","datePublished":"2022-05-02T17:10:36+00:00","dateModified":"2022-05-02T17:10:39+00:00","author":{"@id":"https:\/\/quehacerpolitico.mx\/#\/schema\/person\/496d8ad2d1d3f8036101dca7ee39e585"},"breadcrumb":{"@id":"https:\/\/quehacerpolitico.mx\/?p=92007#breadcrumb"},"inLanguage":"es","potentialAction":[{"@type":"ReadAction","target":["https:\/\/quehacerpolitico.mx\/?p=92007"]}]},{"@type":"ImageObject","inLanguage":"es","@id":"https:\/\/quehacerpolitico.mx\/?p=92007#primaryimage","url":"https:\/\/quehacerpolitico.mx\/wp-content\/uploads\/2022\/05\/43337C0B-AB41-4CC2-8675-6BE5B0439F45.jpeg","contentUrl":"https:\/\/quehacerpolitico.mx\/wp-content\/uploads\/2022\/05\/43337C0B-AB41-4CC2-8675-6BE5B0439F45.jpeg","width":951,"height":698},{"@type":"BreadcrumbList","@id":"https:\/\/quehacerpolitico.mx\/?p=92007#breadcrumb","itemListElement":[{"@type":"ListItem","position":1,"name":"Inicio","item":"https:\/\/quehacerpolitico.mx\/"},{"@type":"ListItem","position":2,"name":"La Semarnat plantar\u00e1 450 millones de \u00e1rboles en ruta del Tren Maya\u00a0"}]},{"@type":"WebSite","@id":"https:\/\/quehacerpolitico.mx\/#website","url":"https:\/\/quehacerpolitico.mx\/","name":"","description":"","potentialAction":[{"@type":"SearchAction","target":{"@type":"EntryPoint","urlTemplate":"https:\/\/quehacerpolitico.mx\/?s={search_term_string}"},"query-input":{"@type":"PropertyValueSpecification","valueRequired":true,"valueName":"search_term_string"}}],"inLanguage":"es"},{"@type":"Person","@id":"https:\/\/quehacerpolitico.mx\/#\/schema\/person\/496d8ad2d1d3f8036101dca7ee39e585","name":"Redacci\u00f3n QP","image":{"@type":"ImageObject","inLanguage":"es","@id":"https:\/\/secure.gravatar.com\/avatar\/c7164ed6fdec453195284ad24a5ae5b6e1eed2b848477fa2a4787ba9adf39a41?s=96&d=mm&r=g","url":"https:\/\/secure.gravatar.com\/avatar\/c7164ed6fdec453195284ad24a5ae5b6e1eed2b848477fa2a4787ba9adf39a41?s=96&d=mm&r=g","contentUrl":"https:\/\/secure.gravatar.com\/avatar\/c7164ed6fdec453195284ad24a5ae5b6e1eed2b848477fa2a4787ba9adf39a41?s=96&d=mm&r=g","caption":"Redacci\u00f3n QP"},"url":"https:\/\/quehacerpolitico.mx\/?author=2"}]}},"featured_image_urls":{"full":["https:\/\/quehacerpolitico.mx\/wp-content\/uploads\/2022\/05\/43337C0B-AB41-4CC2-8675-6BE5B0439F45.jpeg",951,698,false],"thumbnail":["https:\/\/quehacerpolitico.mx\/wp-content\/uploads\/2022\/05\/43337C0B-AB41-4CC2-8675-6BE5B0439F45-150x150.jpeg",150,150,true],"medium":["https:\/\/quehacerpolitico.mx\/wp-content\/uploads\/2022\/05\/43337C0B-AB41-4CC2-8675-6BE5B0439F45-300x220.jpeg",300,220,true],"medium_large":["https:\/\/quehacerpolitico.mx\/wp-content\/uploads\/2022\/05\/43337C0B-AB41-4CC2-8675-6BE5B0439F45-768x564.jpeg",640,470,true],"large":["https:\/\/quehacerpolitico.mx\/wp-content\/uploads\/2022\/05\/43337C0B-AB41-4CC2-8675-6BE5B0439F45.jpeg",640,470,false],"1536x1536":["https:\/\/quehacerpolitico.mx\/wp-content\/uploads\/2022\/05\/43337C0B-AB41-4CC2-8675-6BE5B0439F45.jpeg",951,698,false],"2048x2048":["https:\/\/quehacerpolitico.mx\/wp-content\/uploads\/2022\/05\/43337C0B-AB41-4CC2-8675-6BE5B0439F45.jpeg",951,698,false],"covernews-featured":["https:\/\/quehacerpolitico.mx\/wp-content\/uploads\/2022\/05\/43337C0B-AB41-4CC2-8675-6BE5B0439F45.jpeg",951,698,false],"covernews-medium":["https:\/\/quehacerpolitico.mx\/wp-content\/uploads\/2022\/05\/43337C0B-AB41-4CC2-8675-6BE5B0439F45.jpeg",463,340,false]},"author_info":{"display_name":"Redacci\u00f3n QP","author_link":"https:\/\/quehacerpolitico.mx\/?author=2"},"category_info":"<a href=\"https:\/\/quehacerpolitico.mx\/?cat=2\" rel=\"category\">Noticias<\/a>","tag_info":"Noticias","comment_count":"0","_links":{"self":[{"href":"https:\/\/quehacerpolitico.mx\/index.php?rest_route=\/wp\/v2\/posts\/92007","targetHints":{"allow":["GET"]}}],"collection":[{"href":"https:\/\/quehacerpolitico.mx\/index.php?rest_route=\/wp\/v2\/posts"}],"about":[{"href":"https:\/\/quehacerpolitico.mx\/index.php?rest_route=\/wp\/v2\/types\/post"}],"author":[{"embeddable":true,"href":"https:\/\/quehacerpolitico.mx\/index.php?rest_route=\/wp\/v2\/users\/2"}],"replies":[{"embeddable":true,"href":"https:\/\/quehacerpolitico.mx\/index.php?rest_route=%2Fwp%2Fv2%2Fcomments&post=92007"}],"version-history":[{"count":1,"href":"https:\/\/quehacerpolitico.mx\/index.php?rest_route=\/wp\/v2\/posts\/92007\/revisions"}],"predecessor-version":[{"id":92009,"href":"https:\/\/quehacerpolitico.mx\/index.php?rest_route=\/wp\/v2\/posts\/92007\/revisions\/92009"}],"wp:featuredmedia":[{"embeddable":true,"href":"https:\/\/quehacerpolitico.mx\/index.php?rest_route=\/wp\/v2\/media\/92008"}],"wp:attachment":[{"href":"https:\/\/quehacerpolitico.mx\/index.php?rest_route=%2Fwp%2Fv2%2Fmedia&parent=92007"}],"wp:term":[{"taxonomy":"category","embeddable":true,"href":"https:\/\/quehacerpolitico.mx\/index.php?rest_route=%2Fwp%2Fv2%2Fcategories&post=92007"},{"taxonomy":"post_tag","embeddable":true,"href":"https:\/\/quehacerpolitico.mx\/index.php?rest_route=%2Fwp%2Fv2%2Ftags&post=92007"}],"curies":[{"name":"wp","href":"https:\/\/api.w.org\/{rel}","templated":true}]}}