{"id":92004,"date":"2022-05-02T16:53:22","date_gmt":"2022-05-02T16:53:22","guid":{"rendered":"https:\/\/quehacerpolitico.mx\/?p=92004"},"modified":"2022-05-02T16:53:25","modified_gmt":"2022-05-02T16:53:25","slug":"juez-suspende-nuevas-ordenes-de-aprehension-contra-cesar-duarte","status":"publish","type":"post","link":"https:\/\/quehacerpolitico.mx\/?p=92004","title":{"rendered":"Juez suspende nuevas \u00f3rdenes de aprehensi\u00f3n contra C\u00e9sar Duarte\u00a0"},"content":{"rendered":"\n<p>Por Redacci\u00f3n QP<\/p>\n\n\n\n<p>Una juez federal frena, por ahora, la ejecuci\u00f3n de cualquier orden de aprehensi\u00f3n contra\u00a0C\u00e9sar Duarte, distinta a la que motiv\u00f3 su detenci\u00f3n en EU<\/p>\n\n\n\n<p>Una juez federal fren\u00f3, por ahora, la ejecuci\u00f3n de cualquier orden de aprehensi\u00f3n contra el exgobernador de Chihuahua, C\u00e9sar Duarte,&nbsp;<strong>distinta a la que motiv\u00f3 su detenci\u00f3n en Estados Unidos y por la cual se encuentra sujeto a proceso de extradici\u00f3n<\/strong>.<\/p>\n\n\n\n<p>De acuerdo con los estrados judiciales, la juez Octavo de Distrito en el estado de Chihuahua admiti\u00f3 a tr\u00e1mite la demanda de amparo del exmandatario, quien&nbsp;<strong>reclam\u00f3 la posible emisi\u00f3n de nuevas acusaciones en su contra<\/strong>.<\/p>\n\n\n\n<p>Al admitir la demanda, la juez concedi\u00f3 la suspensi\u00f3n provisional solicitada por el exgobernador, misma que\u00a0<strong>\u00fanicamente lo protege de ser detenido por delitos que no merecen prisi\u00f3n preventiva de oficio<\/strong>.<\/p>\n\n\n\n<p>Adem\u00e1s, la medida no implica su libertad y, debido a que Duarte est\u00e1 sujeto a proceso de extradici\u00f3n,\u00a0<strong>las autoridades tendr\u00edan que informar al juez de Estados Unidos sobre la intenci\u00f3n de agregar nuevas acusaciones para determinar si su entrega tambi\u00e9n procede por esos posibles nuevos delitos<\/strong>.<\/p>\n\n\n\n<p>Con informaci\u00f3n de SUN<\/p>\n","protected":false},"excerpt":{"rendered":"<p>Por Redacci\u00f3n QP Una juez federal frena, por ahora, la ejecuci\u00f3n de cualquier orden de&#8230;<\/p>\n","protected":false},"author":2,"featured_media":92005,"comment_status":"open","ping_status":"open","sticky":false,"template":"","format":"standard","meta":{"_monsterinsights_skip_tracking":false,"_monsterinsights_sitenote_active":false,"_monsterinsights_sitenote_note":"","_monsterinsights_sitenote_category":0,"footnotes":""},"categories":[2],"tags":[],"class_list":["post-92004","post","type-post","status-publish","format-standard","has-post-thumbnail","hentry","category-noticias"],"yoast_head":"<!-- This site is optimized with the Yoast SEO plugin v27.3 - https:\/\/yoast.com\/product\/yoast-seo-wordpress\/ -->\n<title>Juez suspende nuevas \u00f3rdenes de aprehensi\u00f3n contra C\u00e9sar Duarte\u00a0 -<\/title>\n<meta name=\"robots\" content=\"index, follow, max-snippet:-1, max-image-preview:large, max-video-preview:-1\" \/>\n<link rel=\"canonical\" href=\"https:\/\/quehacerpolitico.mx\/?p=92004\" \/>\n<meta property=\"og:locale\" content=\"es_MX\" \/>\n<meta property=\"og:type\" content=\"article\" \/>\n<meta property=\"og:title\" content=\"Juez suspende nuevas \u00f3rdenes de aprehensi\u00f3n contra C\u00e9sar Duarte\u00a0 -\" \/>\n<meta property=\"og:description\" content=\"Por Redacci\u00f3n QP Una juez federal frena, por ahora, la ejecuci\u00f3n de cualquier orden de...\" \/>\n<meta property=\"og:url\" content=\"https:\/\/quehacerpolitico.mx\/?p=92004\" \/>\n<meta property=\"article:published_time\" content=\"2022-05-02T16:53:22+00:00\" \/>\n<meta property=\"article:modified_time\" content=\"2022-05-02T16:53:25+00:00\" \/>\n<meta property=\"og:image\" content=\"https:\/\/quehacerpolitico.mx\/wp-content\/uploads\/2022\/05\/B9E4762A-A975-4F8C-91F5-4544A6948CB2.jpeg\" \/>\n\t<meta property=\"og:image:width\" content=\"712\" \/>\n\t<meta property=\"og:image:height\" content=\"431\" \/>\n\t<meta property=\"og:image:type\" content=\"image\/jpeg\" \/>\n<meta name=\"author\" content=\"Redacci\u00f3n QP\" \/>\n<meta name=\"twitter:card\" content=\"summary_large_image\" \/>\n<meta name=\"twitter:label1\" content=\"Escrito por\" \/>\n\t<meta name=\"twitter:data1\" content=\"Redacci\u00f3n QP\" \/>\n\t<meta name=\"twitter:label2\" content=\"Tiempo de lectura\" \/>\n\t<meta name=\"twitter:data2\" content=\"1 minuto\" \/>\n<script type=\"application\/ld+json\" class=\"yoast-schema-graph\">{\"@context\":\"https:\\\/\\\/schema.org\",\"@graph\":[{\"@type\":\"Article\",\"@id\":\"https:\\\/\\\/quehacerpolitico.mx\\\/?p=92004#article\",\"isPartOf\":{\"@id\":\"https:\\\/\\\/quehacerpolitico.mx\\\/?p=92004\"},\"author\":{\"name\":\"Redacci\u00f3n QP\",\"@id\":\"https:\\\/\\\/quehacerpolitico.mx\\\/#\\\/schema\\\/person\\\/496d8ad2d1d3f8036101dca7ee39e585\"},\"headline\":\"Juez suspende nuevas \u00f3rdenes de aprehensi\u00f3n contra C\u00e9sar Duarte\u00a0\",\"datePublished\":\"2022-05-02T16:53:22+00:00\",\"dateModified\":\"2022-05-02T16:53:25+00:00\",\"mainEntityOfPage\":{\"@id\":\"https:\\\/\\\/quehacerpolitico.mx\\\/?p=92004\"},\"wordCount\":220,\"commentCount\":0,\"image\":{\"@id\":\"https:\\\/\\\/quehacerpolitico.mx\\\/?p=92004#primaryimage\"},\"thumbnailUrl\":\"https:\\\/\\\/quehacerpolitico.mx\\\/wp-content\\\/uploads\\\/2022\\\/05\\\/B9E4762A-A975-4F8C-91F5-4544A6948CB2.jpeg\",\"articleSection\":[\"Noticias\"],\"inLanguage\":\"es\",\"potentialAction\":[{\"@type\":\"CommentAction\",\"name\":\"Comment\",\"target\":[\"https:\\\/\\\/quehacerpolitico.mx\\\/?p=92004#respond\"]}]},{\"@type\":\"WebPage\",\"@id\":\"https:\\\/\\\/quehacerpolitico.mx\\\/?p=92004\",\"url\":\"https:\\\/\\\/quehacerpolitico.mx\\\/?p=92004\",\"name\":\"Juez suspende nuevas \u00f3rdenes de aprehensi\u00f3n contra C\u00e9sar Duarte\u00a0 -\",\"isPartOf\":{\"@id\":\"https:\\\/\\\/quehacerpolitico.mx\\\/#website\"},\"primaryImageOfPage\":{\"@id\":\"https:\\\/\\\/quehacerpolitico.mx\\\/?p=92004#primaryimage\"},\"image\":{\"@id\":\"https:\\\/\\\/quehacerpolitico.mx\\\/?p=92004#primaryimage\"},\"thumbnailUrl\":\"https:\\\/\\\/quehacerpolitico.mx\\\/wp-content\\\/uploads\\\/2022\\\/05\\\/B9E4762A-A975-4F8C-91F5-4544A6948CB2.jpeg\",\"datePublished\":\"2022-05-02T16:53:22+00:00\",\"dateModified\":\"2022-05-02T16:53:25+00:00\",\"author\":{\"@id\":\"https:\\\/\\\/quehacerpolitico.mx\\\/#\\\/schema\\\/person\\\/496d8ad2d1d3f8036101dca7ee39e585\"},\"breadcrumb\":{\"@id\":\"https:\\\/\\\/quehacerpolitico.mx\\\/?p=92004#breadcrumb\"},\"inLanguage\":\"es\",\"potentialAction\":[{\"@type\":\"ReadAction\",\"target\":[\"https:\\\/\\\/quehacerpolitico.mx\\\/?p=92004\"]}]},{\"@type\":\"ImageObject\",\"inLanguage\":\"es\",\"@id\":\"https:\\\/\\\/quehacerpolitico.mx\\\/?p=92004#primaryimage\",\"url\":\"https:\\\/\\\/quehacerpolitico.mx\\\/wp-content\\\/uploads\\\/2022\\\/05\\\/B9E4762A-A975-4F8C-91F5-4544A6948CB2.jpeg\",\"contentUrl\":\"https:\\\/\\\/quehacerpolitico.mx\\\/wp-content\\\/uploads\\\/2022\\\/05\\\/B9E4762A-A975-4F8C-91F5-4544A6948CB2.jpeg\",\"width\":712,\"height\":431},{\"@type\":\"BreadcrumbList\",\"@id\":\"https:\\\/\\\/quehacerpolitico.mx\\\/?p=92004#breadcrumb\",\"itemListElement\":[{\"@type\":\"ListItem\",\"position\":1,\"name\":\"Inicio\",\"item\":\"https:\\\/\\\/quehacerpolitico.mx\\\/\"},{\"@type\":\"ListItem\",\"position\":2,\"name\":\"Juez suspende nuevas \u00f3rdenes de aprehensi\u00f3n contra C\u00e9sar Duarte\u00a0\"}]},{\"@type\":\"WebSite\",\"@id\":\"https:\\\/\\\/quehacerpolitico.mx\\\/#website\",\"url\":\"https:\\\/\\\/quehacerpolitico.mx\\\/\",\"name\":\"\",\"description\":\"\",\"potentialAction\":[{\"@type\":\"SearchAction\",\"target\":{\"@type\":\"EntryPoint\",\"urlTemplate\":\"https:\\\/\\\/quehacerpolitico.mx\\\/?s={search_term_string}\"},\"query-input\":{\"@type\":\"PropertyValueSpecification\",\"valueRequired\":true,\"valueName\":\"search_term_string\"}}],\"inLanguage\":\"es\"},{\"@type\":\"Person\",\"@id\":\"https:\\\/\\\/quehacerpolitico.mx\\\/#\\\/schema\\\/person\\\/496d8ad2d1d3f8036101dca7ee39e585\",\"name\":\"Redacci\u00f3n QP\",\"image\":{\"@type\":\"ImageObject\",\"inLanguage\":\"es\",\"@id\":\"https:\\\/\\\/secure.gravatar.com\\\/avatar\\\/c7164ed6fdec453195284ad24a5ae5b6e1eed2b848477fa2a4787ba9adf39a41?s=96&d=mm&r=g\",\"url\":\"https:\\\/\\\/secure.gravatar.com\\\/avatar\\\/c7164ed6fdec453195284ad24a5ae5b6e1eed2b848477fa2a4787ba9adf39a41?s=96&d=mm&r=g\",\"contentUrl\":\"https:\\\/\\\/secure.gravatar.com\\\/avatar\\\/c7164ed6fdec453195284ad24a5ae5b6e1eed2b848477fa2a4787ba9adf39a41?s=96&d=mm&r=g\",\"caption\":\"Redacci\u00f3n QP\"},\"url\":\"https:\\\/\\\/quehacerpolitico.mx\\\/?author=2\"}]}<\/script>\n<!-- \/ Yoast SEO plugin. -->","yoast_head_json":{"title":"Juez suspende nuevas \u00f3rdenes de aprehensi\u00f3n contra C\u00e9sar Duarte\u00a0 -","robots":{"index":"index","follow":"follow","max-snippet":"max-snippet:-1","max-image-preview":"max-image-preview:large","max-video-preview":"max-video-preview:-1"},"canonical":"https:\/\/quehacerpolitico.mx\/?p=92004","og_locale":"es_MX","og_type":"article","og_title":"Juez suspende nuevas \u00f3rdenes de aprehensi\u00f3n contra C\u00e9sar Duarte\u00a0 -","og_description":"Por Redacci\u00f3n QP Una juez federal frena, por ahora, la ejecuci\u00f3n de cualquier orden de...","og_url":"https:\/\/quehacerpolitico.mx\/?p=92004","article_published_time":"2022-05-02T16:53:22+00:00","article_modified_time":"2022-05-02T16:53:25+00:00","og_image":[{"width":712,"height":431,"url":"https:\/\/quehacerpolitico.mx\/wp-content\/uploads\/2022\/05\/B9E4762A-A975-4F8C-91F5-4544A6948CB2.jpeg","type":"image\/jpeg"}],"author":"Redacci\u00f3n QP","twitter_card":"summary_large_image","twitter_misc":{"Escrito por":"Redacci\u00f3n QP","Tiempo de lectura":"1 minuto"},"schema":{"@context":"https:\/\/schema.org","@graph":[{"@type":"Article","@id":"https:\/\/quehacerpolitico.mx\/?p=92004#article","isPartOf":{"@id":"https:\/\/quehacerpolitico.mx\/?p=92004"},"author":{"name":"Redacci\u00f3n QP","@id":"https:\/\/quehacerpolitico.mx\/#\/schema\/person\/496d8ad2d1d3f8036101dca7ee39e585"},"headline":"Juez suspende nuevas \u00f3rdenes de aprehensi\u00f3n contra C\u00e9sar Duarte\u00a0","datePublished":"2022-05-02T16:53:22+00:00","dateModified":"2022-05-02T16:53:25+00:00","mainEntityOfPage":{"@id":"https:\/\/quehacerpolitico.mx\/?p=92004"},"wordCount":220,"commentCount":0,"image":{"@id":"https:\/\/quehacerpolitico.mx\/?p=92004#primaryimage"},"thumbnailUrl":"https:\/\/quehacerpolitico.mx\/wp-content\/uploads\/2022\/05\/B9E4762A-A975-4F8C-91F5-4544A6948CB2.jpeg","articleSection":["Noticias"],"inLanguage":"es","potentialAction":[{"@type":"CommentAction","name":"Comment","target":["https:\/\/quehacerpolitico.mx\/?p=92004#respond"]}]},{"@type":"WebPage","@id":"https:\/\/quehacerpolitico.mx\/?p=92004","url":"https:\/\/quehacerpolitico.mx\/?p=92004","name":"Juez suspende nuevas \u00f3rdenes de aprehensi\u00f3n contra C\u00e9sar Duarte\u00a0 -","isPartOf":{"@id":"https:\/\/quehacerpolitico.mx\/#website"},"primaryImageOfPage":{"@id":"https:\/\/quehacerpolitico.mx\/?p=92004#primaryimage"},"image":{"@id":"https:\/\/quehacerpolitico.mx\/?p=92004#primaryimage"},"thumbnailUrl":"https:\/\/quehacerpolitico.mx\/wp-content\/uploads\/2022\/05\/B9E4762A-A975-4F8C-91F5-4544A6948CB2.jpeg","datePublished":"2022-05-02T16:53:22+00:00","dateModified":"2022-05-02T16:53:25+00:00","author":{"@id":"https:\/\/quehacerpolitico.mx\/#\/schema\/person\/496d8ad2d1d3f8036101dca7ee39e585"},"breadcrumb":{"@id":"https:\/\/quehacerpolitico.mx\/?p=92004#breadcrumb"},"inLanguage":"es","potentialAction":[{"@type":"ReadAction","target":["https:\/\/quehacerpolitico.mx\/?p=92004"]}]},{"@type":"ImageObject","inLanguage":"es","@id":"https:\/\/quehacerpolitico.mx\/?p=92004#primaryimage","url":"https:\/\/quehacerpolitico.mx\/wp-content\/uploads\/2022\/05\/B9E4762A-A975-4F8C-91F5-4544A6948CB2.jpeg","contentUrl":"https:\/\/quehacerpolitico.mx\/wp-content\/uploads\/2022\/05\/B9E4762A-A975-4F8C-91F5-4544A6948CB2.jpeg","width":712,"height":431},{"@type":"BreadcrumbList","@id":"https:\/\/quehacerpolitico.mx\/?p=92004#breadcrumb","itemListElement":[{"@type":"ListItem","position":1,"name":"Inicio","item":"https:\/\/quehacerpolitico.mx\/"},{"@type":"ListItem","position":2,"name":"Juez suspende nuevas \u00f3rdenes de aprehensi\u00f3n contra C\u00e9sar Duarte\u00a0"}]},{"@type":"WebSite","@id":"https:\/\/quehacerpolitico.mx\/#website","url":"https:\/\/quehacerpolitico.mx\/","name":"","description":"","potentialAction":[{"@type":"SearchAction","target":{"@type":"EntryPoint","urlTemplate":"https:\/\/quehacerpolitico.mx\/?s={search_term_string}"},"query-input":{"@type":"PropertyValueSpecification","valueRequired":true,"valueName":"search_term_string"}}],"inLanguage":"es"},{"@type":"Person","@id":"https:\/\/quehacerpolitico.mx\/#\/schema\/person\/496d8ad2d1d3f8036101dca7ee39e585","name":"Redacci\u00f3n QP","image":{"@type":"ImageObject","inLanguage":"es","@id":"https:\/\/secure.gravatar.com\/avatar\/c7164ed6fdec453195284ad24a5ae5b6e1eed2b848477fa2a4787ba9adf39a41?s=96&d=mm&r=g","url":"https:\/\/secure.gravatar.com\/avatar\/c7164ed6fdec453195284ad24a5ae5b6e1eed2b848477fa2a4787ba9adf39a41?s=96&d=mm&r=g","contentUrl":"https:\/\/secure.gravatar.com\/avatar\/c7164ed6fdec453195284ad24a5ae5b6e1eed2b848477fa2a4787ba9adf39a41?s=96&d=mm&r=g","caption":"Redacci\u00f3n QP"},"url":"https:\/\/quehacerpolitico.mx\/?author=2"}]}},"featured_image_urls":{"full":["https:\/\/quehacerpolitico.mx\/wp-content\/uploads\/2022\/05\/B9E4762A-A975-4F8C-91F5-4544A6948CB2.jpeg",712,431,false],"thumbnail":["https:\/\/quehacerpolitico.mx\/wp-content\/uploads\/2022\/05\/B9E4762A-A975-4F8C-91F5-4544A6948CB2-150x150.jpeg",150,150,true],"medium":["https:\/\/quehacerpolitico.mx\/wp-content\/uploads\/2022\/05\/B9E4762A-A975-4F8C-91F5-4544A6948CB2-300x182.jpeg",300,182,true],"medium_large":["https:\/\/quehacerpolitico.mx\/wp-content\/uploads\/2022\/05\/B9E4762A-A975-4F8C-91F5-4544A6948CB2.jpeg",640,387,false],"large":["https:\/\/quehacerpolitico.mx\/wp-content\/uploads\/2022\/05\/B9E4762A-A975-4F8C-91F5-4544A6948CB2.jpeg",640,387,false],"1536x1536":["https:\/\/quehacerpolitico.mx\/wp-content\/uploads\/2022\/05\/B9E4762A-A975-4F8C-91F5-4544A6948CB2.jpeg",712,431,false],"2048x2048":["https:\/\/quehacerpolitico.mx\/wp-content\/uploads\/2022\/05\/B9E4762A-A975-4F8C-91F5-4544A6948CB2.jpeg",712,431,false],"covernews-featured":["https:\/\/quehacerpolitico.mx\/wp-content\/uploads\/2022\/05\/B9E4762A-A975-4F8C-91F5-4544A6948CB2.jpeg",712,431,false],"covernews-medium":["https:\/\/quehacerpolitico.mx\/wp-content\/uploads\/2022\/05\/B9E4762A-A975-4F8C-91F5-4544A6948CB2.jpeg",540,327,false]},"author_info":{"display_name":"Redacci\u00f3n QP","author_link":"https:\/\/quehacerpolitico.mx\/?author=2"},"category_info":"<a href=\"https:\/\/quehacerpolitico.mx\/?cat=2\" rel=\"category\">Noticias<\/a>","tag_info":"Noticias","comment_count":"0","_links":{"self":[{"href":"https:\/\/quehacerpolitico.mx\/index.php?rest_route=\/wp\/v2\/posts\/92004","targetHints":{"allow":["GET"]}}],"collection":[{"href":"https:\/\/quehacerpolitico.mx\/index.php?rest_route=\/wp\/v2\/posts"}],"about":[{"href":"https:\/\/quehacerpolitico.mx\/index.php?rest_route=\/wp\/v2\/types\/post"}],"author":[{"embeddable":true,"href":"https:\/\/quehacerpolitico.mx\/index.php?rest_route=\/wp\/v2\/users\/2"}],"replies":[{"embeddable":true,"href":"https:\/\/quehacerpolitico.mx\/index.php?rest_route=%2Fwp%2Fv2%2Fcomments&post=92004"}],"version-history":[{"count":1,"href":"https:\/\/quehacerpolitico.mx\/index.php?rest_route=\/wp\/v2\/posts\/92004\/revisions"}],"predecessor-version":[{"id":92006,"href":"https:\/\/quehacerpolitico.mx\/index.php?rest_route=\/wp\/v2\/posts\/92004\/revisions\/92006"}],"wp:featuredmedia":[{"embeddable":true,"href":"https:\/\/quehacerpolitico.mx\/index.php?rest_route=\/wp\/v2\/media\/92005"}],"wp:attachment":[{"href":"https:\/\/quehacerpolitico.mx\/index.php?rest_route=%2Fwp%2Fv2%2Fmedia&parent=92004"}],"wp:term":[{"taxonomy":"category","embeddable":true,"href":"https:\/\/quehacerpolitico.mx\/index.php?rest_route=%2Fwp%2Fv2%2Fcategories&post=92004"},{"taxonomy":"post_tag","embeddable":true,"href":"https:\/\/quehacerpolitico.mx\/index.php?rest_route=%2Fwp%2Fv2%2Ftags&post=92004"}],"curies":[{"name":"wp","href":"https:\/\/api.w.org\/{rel}","templated":true}]}}