{"id":91998,"date":"2022-05-02T13:55:25","date_gmt":"2022-05-02T13:55:25","guid":{"rendered":"https:\/\/quehacerpolitico.mx\/?p=91998"},"modified":"2022-05-02T13:55:28","modified_gmt":"2022-05-02T13:55:28","slug":"ufff-la-politica-rodolfo-mendoza-olivo-el-destape-de-adan-augusto-lopez","status":"publish","type":"post","link":"https:\/\/quehacerpolitico.mx\/?p=91998","title":{"rendered":"Ufff la politica\/\/\/Rodolfo Mendoza Olivo\/\/\/EL DESTAPE DE ADAN AUGUSTO LOPEZ"},"content":{"rendered":"\n<p>Por Rodolfo Mendoza Olivo<\/p>\n\n\n\n<p><strong>Si no\u00a0fue destape, entonces como hay que interpretar lo que dijo el Presidente\u00a0Andr\u00e9sManuel\u00a0L\u00f3pez\u00a0Obrador,\u00a0en la sede del mism\u00edsimo Palacio Nacional<\/strong>, si lo que hab\u00eda dicho hace tan solo unos 20\u00a0d\u00edas,\u00a0de que\u00a0el Secretario de\u00a0Gobernaci\u00f3n\u00a0Ad\u00e1n\u00a0Augusto\u00a0L\u00f3pez\u00a0no era precandidato a la Presidencia, lo que\u00a0g\u00e9nero\u00a0en esa ocasi\u00f3n fue desconcierto y\u00a0frustraci\u00f3n\u00a0al equipo cercano del Tabasque\u00f1o\u00a0Ad\u00e1n\u00a0y claro para los otros tres precandidatos que ya est\u00e1n en la b\u00fasqueda de ser los agraciados del inquilino de Palacio Nacional, no pod\u00edan haber recibido mejor noticia, las sonrisas aparecieron de nuevo,\u00a0sobre todo en la que ya se siente la Presidenta Claudia\u00a0Sheimbaum,\u00a0la cual acude a todos los eventos pol\u00edticos que haya fuera de la Ciudad de\u00a0M\u00e9xico, sobre todo en los fines de semana\u00a0y\u00a0as\u00ed\u00a0la vemos acompa\u00f1ando a los candidatos de su Partido que andan buscando la gubernatura, levant\u00e1ndoles la mano\u00a0diciendo de ellos que son los \u00a0mejores\u00a0candidatos\u00a0para gobernar, que voten por ellos este 5 de junio en donde habr\u00e1 elecciones en 6 Estados de la Republica, sus discursos son una\u00a0R\u00e9plica\u00a0de los que dice\u00a0L\u00f3pezObrador en sus ma\u00f1aneras, por su parte el Canciller Marcelo Ebrard\u00a0Casaubon,\u00a0anda haciendo los amarres necesarios con legisladores incluso de oposici\u00f3n, por supuesto que no hay que perder de vista al senador Ricardo Monreal\u00a0\u00c1vila, el cual\u00a0est\u00e1tejiendo finamente alianzas por aquello de que MORENA lo congele en sus aspiraciones pol\u00edticas, pero como en pol\u00edtica no hay nada escrito y por aquello del desgaste de las dos\u00a0corcholatas\u00a0visibles y que son los que tienen\u00a0m\u00e1s\u00a0posibilidades, por ello lo mejor es abrir el abanico y subir al ring a otra\u00a0corcholata,\u00a0pero que esta si se\u00a0est\u00e1\u00a0aplicando muy en serio,\u00a0al estarle resolviendo muchos problemas,\u00a0<strong>lo que llama la\u00a0atenci\u00f3n\u00a0de propios y extra\u00f1os, es que el destape que hizo del Secretario de\u00a0Gobernaci\u00f3n\u00a0Ad\u00e1n\u00a0Augusto\u00a0L\u00f3pez, en Palacio Nacional y ante todos los diputados Federales de MORENA, PT y PVEM\u00a0solt\u00f3\u00a0lo que muchos ni se imaginaban \u201cEn una encuesta a mano alzada\u00a0Andr\u00e9s\u00a0Manuel\u00a0L\u00f3pez\u00a0Obrador pidi\u00f3\u00a0a todos los legisladores para que calificaran la funci\u00f3n del Secretario de\u00a0Gobernaci\u00f3n\u00a0a ver vamos a poner a consideraci\u00f3n, vamos hacer una encuesta, de consulta, r\u00e1pida breve, \u00bfVerdad d\u00edganme si\u00a0si\u00a0o no que\u00a0tenemos un buen Secretario de\u00a0Gobernaci\u00f3n, \u00a0la aclamaci\u00f3n no se hizo esperar, todos de pie \u00a0de parte, con pu\u00f1o en alto y de sus roncos pechos vino la palabra Presidente, Presidente, por supuesto que el<\/strong>\u00a0Ad\u00e1n\u00a0de\u00a0<strong>Tabasco se\u00a0dej\u00f3\u00a0querer hab\u00eda sido ungido no hab\u00eda duda, siguieron los aplausos los apretones de mano, todos se quer\u00edan tomar la foto con el reci\u00e9n ungido Ignacio Mier y Mario Delgado de los primeros en ponerse a las \u00f3rdenes del Tabasque\u00f1o que todav\u00eda no es Presidente<\/strong>, por supuesto que lo sucedido en Palacio Nacional fue una\u00a0cubetada\u00a0de agua helada sobre todo para la \u201cCient\u00edfica\u201d Claudia\u00a0Sheimbaum\u00a0quien ya se sent\u00eda la Se\u00f1ora Presidenta y Marcelo Ebrard , lo mismo que Ricardo Monreal \u00c1vila, lo dicho en Palacio Nacional los desconcert\u00f3, lo que ambos han dicho a sus equipos de trabajo \u00a0que seguir\u00e1n construyendo sus candidaturas mientras se llegan los tiempos de la toma de decisiones, los cuales por cierto ya no est\u00e1n muy lejanos\u00a0\u00a0<\/p>\n","protected":false},"excerpt":{"rendered":"<p>Por Rodolfo Mendoza Olivo Si no\u00a0fue destape, entonces como hay que interpretar lo que dijo&#8230;<\/p>\n","protected":false},"author":2,"featured_media":91999,"comment_status":"open","ping_status":"open","sticky":false,"template":"","format":"standard","meta":{"_monsterinsights_skip_tracking":false,"_monsterinsights_sitenote_active":false,"_monsterinsights_sitenote_note":"","_monsterinsights_sitenote_category":0,"footnotes":""},"categories":[2],"tags":[],"class_list":["post-91998","post","type-post","status-publish","format-standard","has-post-thumbnail","hentry","category-noticias"],"yoast_head":"<!-- This site is optimized with the Yoast SEO plugin v27.3 - https:\/\/yoast.com\/product\/yoast-seo-wordpress\/ -->\n<title>Ufff la politica\/\/\/Rodolfo Mendoza Olivo\/\/\/EL DESTAPE DE ADAN AUGUSTO LOPEZ -<\/title>\n<meta name=\"robots\" content=\"index, follow, max-snippet:-1, max-image-preview:large, max-video-preview:-1\" \/>\n<link rel=\"canonical\" href=\"https:\/\/quehacerpolitico.mx\/?p=91998\" \/>\n<meta property=\"og:locale\" content=\"es_MX\" \/>\n<meta property=\"og:type\" content=\"article\" \/>\n<meta property=\"og:title\" content=\"Ufff la politica\/\/\/Rodolfo Mendoza Olivo\/\/\/EL DESTAPE DE ADAN AUGUSTO LOPEZ -\" \/>\n<meta property=\"og:description\" content=\"Por Rodolfo Mendoza Olivo Si no\u00a0fue destape, entonces como hay que interpretar lo que dijo...\" \/>\n<meta property=\"og:url\" content=\"https:\/\/quehacerpolitico.mx\/?p=91998\" \/>\n<meta property=\"article:published_time\" content=\"2022-05-02T13:55:25+00:00\" \/>\n<meta property=\"article:modified_time\" content=\"2022-05-02T13:55:28+00:00\" \/>\n<meta property=\"og:image\" content=\"https:\/\/quehacerpolitico.mx\/wp-content\/uploads\/2022\/05\/72132FBA-B3E6-483F-BBA6-AFFDE832DE06.jpeg\" \/>\n\t<meta property=\"og:image:width\" content=\"739\" \/>\n\t<meta property=\"og:image:height\" content=\"399\" \/>\n\t<meta property=\"og:image:type\" content=\"image\/jpeg\" \/>\n<meta name=\"author\" content=\"Redacci\u00f3n QP\" \/>\n<meta name=\"twitter:card\" content=\"summary_large_image\" \/>\n<meta name=\"twitter:label1\" content=\"Escrito por\" \/>\n\t<meta name=\"twitter:data1\" content=\"Redacci\u00f3n QP\" \/>\n\t<meta name=\"twitter:label2\" content=\"Tiempo de lectura\" \/>\n\t<meta name=\"twitter:data2\" content=\"3 minutos\" \/>\n<script type=\"application\/ld+json\" class=\"yoast-schema-graph\">{\"@context\":\"https:\\\/\\\/schema.org\",\"@graph\":[{\"@type\":\"Article\",\"@id\":\"https:\\\/\\\/quehacerpolitico.mx\\\/?p=91998#article\",\"isPartOf\":{\"@id\":\"https:\\\/\\\/quehacerpolitico.mx\\\/?p=91998\"},\"author\":{\"name\":\"Redacci\u00f3n QP\",\"@id\":\"https:\\\/\\\/quehacerpolitico.mx\\\/#\\\/schema\\\/person\\\/496d8ad2d1d3f8036101dca7ee39e585\"},\"headline\":\"Ufff la politica\\\/\\\/\\\/Rodolfo Mendoza Olivo\\\/\\\/\\\/EL DESTAPE DE ADAN AUGUSTO LOPEZ\",\"datePublished\":\"2022-05-02T13:55:25+00:00\",\"dateModified\":\"2022-05-02T13:55:28+00:00\",\"mainEntityOfPage\":{\"@id\":\"https:\\\/\\\/quehacerpolitico.mx\\\/?p=91998\"},\"wordCount\":617,\"commentCount\":0,\"image\":{\"@id\":\"https:\\\/\\\/quehacerpolitico.mx\\\/?p=91998#primaryimage\"},\"thumbnailUrl\":\"https:\\\/\\\/quehacerpolitico.mx\\\/wp-content\\\/uploads\\\/2022\\\/05\\\/72132FBA-B3E6-483F-BBA6-AFFDE832DE06.jpeg\",\"articleSection\":[\"Noticias\"],\"inLanguage\":\"es\",\"potentialAction\":[{\"@type\":\"CommentAction\",\"name\":\"Comment\",\"target\":[\"https:\\\/\\\/quehacerpolitico.mx\\\/?p=91998#respond\"]}]},{\"@type\":\"WebPage\",\"@id\":\"https:\\\/\\\/quehacerpolitico.mx\\\/?p=91998\",\"url\":\"https:\\\/\\\/quehacerpolitico.mx\\\/?p=91998\",\"name\":\"Ufff la politica\\\/\\\/\\\/Rodolfo Mendoza Olivo\\\/\\\/\\\/EL DESTAPE DE ADAN AUGUSTO LOPEZ -\",\"isPartOf\":{\"@id\":\"https:\\\/\\\/quehacerpolitico.mx\\\/#website\"},\"primaryImageOfPage\":{\"@id\":\"https:\\\/\\\/quehacerpolitico.mx\\\/?p=91998#primaryimage\"},\"image\":{\"@id\":\"https:\\\/\\\/quehacerpolitico.mx\\\/?p=91998#primaryimage\"},\"thumbnailUrl\":\"https:\\\/\\\/quehacerpolitico.mx\\\/wp-content\\\/uploads\\\/2022\\\/05\\\/72132FBA-B3E6-483F-BBA6-AFFDE832DE06.jpeg\",\"datePublished\":\"2022-05-02T13:55:25+00:00\",\"dateModified\":\"2022-05-02T13:55:28+00:00\",\"author\":{\"@id\":\"https:\\\/\\\/quehacerpolitico.mx\\\/#\\\/schema\\\/person\\\/496d8ad2d1d3f8036101dca7ee39e585\"},\"breadcrumb\":{\"@id\":\"https:\\\/\\\/quehacerpolitico.mx\\\/?p=91998#breadcrumb\"},\"inLanguage\":\"es\",\"potentialAction\":[{\"@type\":\"ReadAction\",\"target\":[\"https:\\\/\\\/quehacerpolitico.mx\\\/?p=91998\"]}]},{\"@type\":\"ImageObject\",\"inLanguage\":\"es\",\"@id\":\"https:\\\/\\\/quehacerpolitico.mx\\\/?p=91998#primaryimage\",\"url\":\"https:\\\/\\\/quehacerpolitico.mx\\\/wp-content\\\/uploads\\\/2022\\\/05\\\/72132FBA-B3E6-483F-BBA6-AFFDE832DE06.jpeg\",\"contentUrl\":\"https:\\\/\\\/quehacerpolitico.mx\\\/wp-content\\\/uploads\\\/2022\\\/05\\\/72132FBA-B3E6-483F-BBA6-AFFDE832DE06.jpeg\",\"width\":739,\"height\":399},{\"@type\":\"BreadcrumbList\",\"@id\":\"https:\\\/\\\/quehacerpolitico.mx\\\/?p=91998#breadcrumb\",\"itemListElement\":[{\"@type\":\"ListItem\",\"position\":1,\"name\":\"Inicio\",\"item\":\"https:\\\/\\\/quehacerpolitico.mx\\\/\"},{\"@type\":\"ListItem\",\"position\":2,\"name\":\"Ufff la politica\\\/\\\/\\\/Rodolfo Mendoza Olivo\\\/\\\/\\\/EL DESTAPE DE ADAN AUGUSTO LOPEZ\"}]},{\"@type\":\"WebSite\",\"@id\":\"https:\\\/\\\/quehacerpolitico.mx\\\/#website\",\"url\":\"https:\\\/\\\/quehacerpolitico.mx\\\/\",\"name\":\"\",\"description\":\"\",\"potentialAction\":[{\"@type\":\"SearchAction\",\"target\":{\"@type\":\"EntryPoint\",\"urlTemplate\":\"https:\\\/\\\/quehacerpolitico.mx\\\/?s={search_term_string}\"},\"query-input\":{\"@type\":\"PropertyValueSpecification\",\"valueRequired\":true,\"valueName\":\"search_term_string\"}}],\"inLanguage\":\"es\"},{\"@type\":\"Person\",\"@id\":\"https:\\\/\\\/quehacerpolitico.mx\\\/#\\\/schema\\\/person\\\/496d8ad2d1d3f8036101dca7ee39e585\",\"name\":\"Redacci\u00f3n QP\",\"image\":{\"@type\":\"ImageObject\",\"inLanguage\":\"es\",\"@id\":\"https:\\\/\\\/secure.gravatar.com\\\/avatar\\\/c7164ed6fdec453195284ad24a5ae5b6e1eed2b848477fa2a4787ba9adf39a41?s=96&d=mm&r=g\",\"url\":\"https:\\\/\\\/secure.gravatar.com\\\/avatar\\\/c7164ed6fdec453195284ad24a5ae5b6e1eed2b848477fa2a4787ba9adf39a41?s=96&d=mm&r=g\",\"contentUrl\":\"https:\\\/\\\/secure.gravatar.com\\\/avatar\\\/c7164ed6fdec453195284ad24a5ae5b6e1eed2b848477fa2a4787ba9adf39a41?s=96&d=mm&r=g\",\"caption\":\"Redacci\u00f3n QP\"},\"url\":\"https:\\\/\\\/quehacerpolitico.mx\\\/?author=2\"}]}<\/script>\n<!-- \/ Yoast SEO plugin. -->","yoast_head_json":{"title":"Ufff la politica\/\/\/Rodolfo Mendoza Olivo\/\/\/EL DESTAPE DE ADAN AUGUSTO LOPEZ -","robots":{"index":"index","follow":"follow","max-snippet":"max-snippet:-1","max-image-preview":"max-image-preview:large","max-video-preview":"max-video-preview:-1"},"canonical":"https:\/\/quehacerpolitico.mx\/?p=91998","og_locale":"es_MX","og_type":"article","og_title":"Ufff la politica\/\/\/Rodolfo Mendoza Olivo\/\/\/EL DESTAPE DE ADAN AUGUSTO LOPEZ -","og_description":"Por Rodolfo Mendoza Olivo Si no\u00a0fue destape, entonces como hay que interpretar lo que dijo...","og_url":"https:\/\/quehacerpolitico.mx\/?p=91998","article_published_time":"2022-05-02T13:55:25+00:00","article_modified_time":"2022-05-02T13:55:28+00:00","og_image":[{"width":739,"height":399,"url":"https:\/\/quehacerpolitico.mx\/wp-content\/uploads\/2022\/05\/72132FBA-B3E6-483F-BBA6-AFFDE832DE06.jpeg","type":"image\/jpeg"}],"author":"Redacci\u00f3n QP","twitter_card":"summary_large_image","twitter_misc":{"Escrito por":"Redacci\u00f3n QP","Tiempo de lectura":"3 minutos"},"schema":{"@context":"https:\/\/schema.org","@graph":[{"@type":"Article","@id":"https:\/\/quehacerpolitico.mx\/?p=91998#article","isPartOf":{"@id":"https:\/\/quehacerpolitico.mx\/?p=91998"},"author":{"name":"Redacci\u00f3n QP","@id":"https:\/\/quehacerpolitico.mx\/#\/schema\/person\/496d8ad2d1d3f8036101dca7ee39e585"},"headline":"Ufff la politica\/\/\/Rodolfo Mendoza Olivo\/\/\/EL DESTAPE DE ADAN AUGUSTO LOPEZ","datePublished":"2022-05-02T13:55:25+00:00","dateModified":"2022-05-02T13:55:28+00:00","mainEntityOfPage":{"@id":"https:\/\/quehacerpolitico.mx\/?p=91998"},"wordCount":617,"commentCount":0,"image":{"@id":"https:\/\/quehacerpolitico.mx\/?p=91998#primaryimage"},"thumbnailUrl":"https:\/\/quehacerpolitico.mx\/wp-content\/uploads\/2022\/05\/72132FBA-B3E6-483F-BBA6-AFFDE832DE06.jpeg","articleSection":["Noticias"],"inLanguage":"es","potentialAction":[{"@type":"CommentAction","name":"Comment","target":["https:\/\/quehacerpolitico.mx\/?p=91998#respond"]}]},{"@type":"WebPage","@id":"https:\/\/quehacerpolitico.mx\/?p=91998","url":"https:\/\/quehacerpolitico.mx\/?p=91998","name":"Ufff la politica\/\/\/Rodolfo Mendoza Olivo\/\/\/EL DESTAPE DE ADAN AUGUSTO LOPEZ -","isPartOf":{"@id":"https:\/\/quehacerpolitico.mx\/#website"},"primaryImageOfPage":{"@id":"https:\/\/quehacerpolitico.mx\/?p=91998#primaryimage"},"image":{"@id":"https:\/\/quehacerpolitico.mx\/?p=91998#primaryimage"},"thumbnailUrl":"https:\/\/quehacerpolitico.mx\/wp-content\/uploads\/2022\/05\/72132FBA-B3E6-483F-BBA6-AFFDE832DE06.jpeg","datePublished":"2022-05-02T13:55:25+00:00","dateModified":"2022-05-02T13:55:28+00:00","author":{"@id":"https:\/\/quehacerpolitico.mx\/#\/schema\/person\/496d8ad2d1d3f8036101dca7ee39e585"},"breadcrumb":{"@id":"https:\/\/quehacerpolitico.mx\/?p=91998#breadcrumb"},"inLanguage":"es","potentialAction":[{"@type":"ReadAction","target":["https:\/\/quehacerpolitico.mx\/?p=91998"]}]},{"@type":"ImageObject","inLanguage":"es","@id":"https:\/\/quehacerpolitico.mx\/?p=91998#primaryimage","url":"https:\/\/quehacerpolitico.mx\/wp-content\/uploads\/2022\/05\/72132FBA-B3E6-483F-BBA6-AFFDE832DE06.jpeg","contentUrl":"https:\/\/quehacerpolitico.mx\/wp-content\/uploads\/2022\/05\/72132FBA-B3E6-483F-BBA6-AFFDE832DE06.jpeg","width":739,"height":399},{"@type":"BreadcrumbList","@id":"https:\/\/quehacerpolitico.mx\/?p=91998#breadcrumb","itemListElement":[{"@type":"ListItem","position":1,"name":"Inicio","item":"https:\/\/quehacerpolitico.mx\/"},{"@type":"ListItem","position":2,"name":"Ufff la politica\/\/\/Rodolfo Mendoza Olivo\/\/\/EL DESTAPE DE ADAN AUGUSTO LOPEZ"}]},{"@type":"WebSite","@id":"https:\/\/quehacerpolitico.mx\/#website","url":"https:\/\/quehacerpolitico.mx\/","name":"","description":"","potentialAction":[{"@type":"SearchAction","target":{"@type":"EntryPoint","urlTemplate":"https:\/\/quehacerpolitico.mx\/?s={search_term_string}"},"query-input":{"@type":"PropertyValueSpecification","valueRequired":true,"valueName":"search_term_string"}}],"inLanguage":"es"},{"@type":"Person","@id":"https:\/\/quehacerpolitico.mx\/#\/schema\/person\/496d8ad2d1d3f8036101dca7ee39e585","name":"Redacci\u00f3n QP","image":{"@type":"ImageObject","inLanguage":"es","@id":"https:\/\/secure.gravatar.com\/avatar\/c7164ed6fdec453195284ad24a5ae5b6e1eed2b848477fa2a4787ba9adf39a41?s=96&d=mm&r=g","url":"https:\/\/secure.gravatar.com\/avatar\/c7164ed6fdec453195284ad24a5ae5b6e1eed2b848477fa2a4787ba9adf39a41?s=96&d=mm&r=g","contentUrl":"https:\/\/secure.gravatar.com\/avatar\/c7164ed6fdec453195284ad24a5ae5b6e1eed2b848477fa2a4787ba9adf39a41?s=96&d=mm&r=g","caption":"Redacci\u00f3n QP"},"url":"https:\/\/quehacerpolitico.mx\/?author=2"}]}},"featured_image_urls":{"full":["https:\/\/quehacerpolitico.mx\/wp-content\/uploads\/2022\/05\/72132FBA-B3E6-483F-BBA6-AFFDE832DE06.jpeg",739,399,false],"thumbnail":["https:\/\/quehacerpolitico.mx\/wp-content\/uploads\/2022\/05\/72132FBA-B3E6-483F-BBA6-AFFDE832DE06-150x150.jpeg",150,150,true],"medium":["https:\/\/quehacerpolitico.mx\/wp-content\/uploads\/2022\/05\/72132FBA-B3E6-483F-BBA6-AFFDE832DE06-300x162.jpeg",300,162,true],"medium_large":["https:\/\/quehacerpolitico.mx\/wp-content\/uploads\/2022\/05\/72132FBA-B3E6-483F-BBA6-AFFDE832DE06.jpeg",640,346,false],"large":["https:\/\/quehacerpolitico.mx\/wp-content\/uploads\/2022\/05\/72132FBA-B3E6-483F-BBA6-AFFDE832DE06.jpeg",640,346,false],"1536x1536":["https:\/\/quehacerpolitico.mx\/wp-content\/uploads\/2022\/05\/72132FBA-B3E6-483F-BBA6-AFFDE832DE06.jpeg",739,399,false],"2048x2048":["https:\/\/quehacerpolitico.mx\/wp-content\/uploads\/2022\/05\/72132FBA-B3E6-483F-BBA6-AFFDE832DE06.jpeg",739,399,false],"covernews-featured":["https:\/\/quehacerpolitico.mx\/wp-content\/uploads\/2022\/05\/72132FBA-B3E6-483F-BBA6-AFFDE832DE06.jpeg",739,399,false],"covernews-medium":["https:\/\/quehacerpolitico.mx\/wp-content\/uploads\/2022\/05\/72132FBA-B3E6-483F-BBA6-AFFDE832DE06.jpeg",540,292,false]},"author_info":{"display_name":"Redacci\u00f3n QP","author_link":"https:\/\/quehacerpolitico.mx\/?author=2"},"category_info":"<a href=\"https:\/\/quehacerpolitico.mx\/?cat=2\" rel=\"category\">Noticias<\/a>","tag_info":"Noticias","comment_count":"0","_links":{"self":[{"href":"https:\/\/quehacerpolitico.mx\/index.php?rest_route=\/wp\/v2\/posts\/91998","targetHints":{"allow":["GET"]}}],"collection":[{"href":"https:\/\/quehacerpolitico.mx\/index.php?rest_route=\/wp\/v2\/posts"}],"about":[{"href":"https:\/\/quehacerpolitico.mx\/index.php?rest_route=\/wp\/v2\/types\/post"}],"author":[{"embeddable":true,"href":"https:\/\/quehacerpolitico.mx\/index.php?rest_route=\/wp\/v2\/users\/2"}],"replies":[{"embeddable":true,"href":"https:\/\/quehacerpolitico.mx\/index.php?rest_route=%2Fwp%2Fv2%2Fcomments&post=91998"}],"version-history":[{"count":1,"href":"https:\/\/quehacerpolitico.mx\/index.php?rest_route=\/wp\/v2\/posts\/91998\/revisions"}],"predecessor-version":[{"id":92000,"href":"https:\/\/quehacerpolitico.mx\/index.php?rest_route=\/wp\/v2\/posts\/91998\/revisions\/92000"}],"wp:featuredmedia":[{"embeddable":true,"href":"https:\/\/quehacerpolitico.mx\/index.php?rest_route=\/wp\/v2\/media\/91999"}],"wp:attachment":[{"href":"https:\/\/quehacerpolitico.mx\/index.php?rest_route=%2Fwp%2Fv2%2Fmedia&parent=91998"}],"wp:term":[{"taxonomy":"category","embeddable":true,"href":"https:\/\/quehacerpolitico.mx\/index.php?rest_route=%2Fwp%2Fv2%2Fcategories&post=91998"},{"taxonomy":"post_tag","embeddable":true,"href":"https:\/\/quehacerpolitico.mx\/index.php?rest_route=%2Fwp%2Fv2%2Ftags&post=91998"}],"curies":[{"name":"wp","href":"https:\/\/api.w.org\/{rel}","templated":true}]}}