{"id":91979,"date":"2022-04-29T22:08:36","date_gmt":"2022-04-29T22:08:36","guid":{"rendered":"https:\/\/quehacerpolitico.mx\/?p=91979"},"modified":"2022-04-29T22:08:39","modified_gmt":"2022-04-29T22:08:39","slug":"lopez-obrador-y-biden-mantienen-llamada-constructiva-centrada-en-migracion","status":"publish","type":"post","link":"https:\/\/quehacerpolitico.mx\/?p=91979","title":{"rendered":"L\u00f3pez Obrador y Biden mantienen llamada &#8220;constructiva&#8221; centrada en migraci\u00f3n\u00a0"},"content":{"rendered":"\n<p>Por Redacci\u00f3n QP<\/p>\n\n\n\n<p>La reuni\u00f3n virtual entre Biden y L\u00f3pez Obrador dur\u00f3 52 minutos y &#8220;la mayor parte de la conversaci\u00f3n fue sobre migraci\u00f3n&#8221;<\/p>\n\n\n\n<p>El Presidente\u00a0Andres Manuel Lopez Obrador y su hom\u00f3logo estadounidense, Joe Biden, mantuvieron este viernes\u00a0<strong>una conversaci\u00f3n &#8220;constructiva&#8221; centrada principalmente en migraci\u00f3n, asegur\u00f3 la portavoz de la Casa Blanca<\/strong>, Jen Psaki.<\/p>\n\n\n\n<blockquote class=\"wp-block-quote is-layout-flow wp-block-quote-is-layout-flow\"><p>&#8220;El tono de la llamada fue muy constructivo&#8221;<\/p><\/blockquote>\n\n\n\n<p><strong>La reuni\u00f3n virtual entre Biden y L\u00f3pez Obrador dur\u00f3 52 minutos y &#8220;la mayor parte de la conversaci\u00f3n fue sobre migraci\u00f3n&#8221;<\/strong>, sobre c\u00f3mo coordinar una estrategia para<strong>&nbsp;&#8220;reducir la migraci\u00f3n a la frontera&#8221; com\u00fan<\/strong>, recalc\u00f3 Psaki en su rueda de prensa diaria, poco despu\u00e9s de que terminara la llamada.<\/p>\n\n\n\n<p><strong>&#8220;El tono de la llamada fue muy constructivo&#8221;<\/strong>, a\u00f1adi\u00f3 la portavoz.<\/p>\n\n\n\n<figure class=\"wp-block-embed is-type-rich is-provider-twitter wp-block-embed-twitter\"><div class=\"wp-block-embed__wrapper\">\n<blockquote class=\"twitter-tweet\" data-width=\"550\" data-dnt=\"true\"><p lang=\"es\" dir=\"ltr\">Tuvimos una cordial conversaci\u00f3n con el presidente Biden. Tratamos temas de inter\u00e9s en la relaci\u00f3n bilateral y acordamos que el secretario Marcelo Ebrard visitar\u00e1 Washington el lunes para avanzar en temas de cooperaci\u00f3n para el desarrollo y sobre la Cumbre de las Am\u00e9ricas. <a href=\"https:\/\/t.co\/IIWeLii7S7\">pic.twitter.com\/IIWeLii7S7<\/a><\/p>&mdash; Andr\u00e9s Manuel (@lopezobrador_) <a href=\"https:\/\/twitter.com\/lopezobrador_\/status\/1520118648555380736?ref_src=twsrc%5Etfw\">April 29, 2022<\/a><\/blockquote><script async src=\"https:\/\/platform.twitter.com\/widgets.js\" charset=\"utf-8\"><\/script>\n<\/div><\/figure>\n\n\n\n<p>Psaki&nbsp;<strong>no aclar\u00f3 si Biden hizo alguna petici\u00f3n concreta a L\u00f3pez Obrador<\/strong>&nbsp;para que refuerce la frontera sur de M\u00e9xico e impida el paso de m\u00e1s inmigrantes indocumentados que se dirijan a EU, pero quiso distanciar la postura del presidente estadounidense con la de su predecesor, Donald Trump (2017-2021).<\/p>\n\n\n\n<p><strong>&#8220;Esta no fue una llamada en la que el presidente Biden estuviera amenazando al presidente mexicano en ning\u00fan sentido&#8221;<\/strong>, subray\u00f3.<\/p>\n\n\n\n<p>&#8220;Han sido un socio importante (los mexicanos), esperamos que sigan si\u00e9ndolo y esta llamada se program\u00f3 en parte debido a la Cumbre de las Am\u00e9ricas (que se celebrar\u00e1 en junio en Los \u00c1ngeles), pero tambi\u00e9n porque se acerca el levantamiento del T\u00edtulo 42&#8221;, agreg\u00f3.<\/p>\n\n\n\n<p>El T\u00edtulo 42 es una medida amparada en la pandemia que impusieron los Centros para el Control y Prevenci\u00f3n de Enfermedades (CDC, en ingl\u00e9s) en 2020, durante el mandato del entonces presidente,\u00a0Donald Trump y que ha continuado bajo Biden.<\/p>\n\n\n\n<p>Esa medida implica que\u00a0Estados Unidos\u00a0deporta autom\u00e1ticamente a la mayor\u00eda de los inmigrantes indocumentados que llegan a su frontera sur, sin darles la oportunidad de solicitar asilo.<\/p>\n\n\n\n<p>Los CDC anunciaron recientemente su plan de rescindir esa medida el pr\u00f3ximo 23 de mayo, pero esa decisi\u00f3n depende ahora de la decisi\u00f3n de un juez de Luisiana, que suspendi\u00f3 por 14 d\u00edas los preparativos de la Administraci\u00f3n para acabar con esa norma.<\/p>\n\n\n\n<p>El magistrado fij\u00f3 una audiencia para el pr\u00f3ximo d\u00eda 13 de mayo, en la que podr\u00eda adoptar una resoluci\u00f3n definitiva sobre el futuro del T\u00edtulo 42.<\/p>\n\n\n\n<p>Mientras tanto, el gobierno estadounidense est\u00e1 trabajando con sus aliados en la regi\u00f3n &#8220;para crear un enfoque m\u00e1s cohesionado y global&#8221; para manejar los flujos migratorios en el continente y prevenir una posible llegada masiva de indocumentados a la frontera sur de EU.<\/p>\n\n\n\n<p>Con informaci\u00f3n de SUN<\/p>\n","protected":false},"excerpt":{"rendered":"<p>Por Redacci\u00f3n QP La reuni\u00f3n virtual entre Biden y L\u00f3pez Obrador dur\u00f3 52 minutos y&#8230;<\/p>\n","protected":false},"author":2,"featured_media":91980,"comment_status":"open","ping_status":"open","sticky":false,"template":"","format":"standard","meta":{"_monsterinsights_skip_tracking":false,"_monsterinsights_sitenote_active":false,"_monsterinsights_sitenote_note":"","_monsterinsights_sitenote_category":0,"footnotes":""},"categories":[2],"tags":[],"class_list":["post-91979","post","type-post","status-publish","format-standard","has-post-thumbnail","hentry","category-noticias"],"yoast_head":"<!-- This site is optimized with the Yoast SEO plugin v27.3 - https:\/\/yoast.com\/product\/yoast-seo-wordpress\/ -->\n<title>L\u00f3pez Obrador y Biden mantienen llamada &quot;constructiva&quot; centrada en migraci\u00f3n\u00a0 -<\/title>\n<meta name=\"robots\" content=\"index, follow, max-snippet:-1, max-image-preview:large, max-video-preview:-1\" \/>\n<link rel=\"canonical\" href=\"https:\/\/quehacerpolitico.mx\/?p=91979\" \/>\n<meta property=\"og:locale\" content=\"es_MX\" \/>\n<meta property=\"og:type\" content=\"article\" \/>\n<meta property=\"og:title\" content=\"L\u00f3pez Obrador y Biden mantienen llamada &quot;constructiva&quot; centrada en migraci\u00f3n\u00a0 -\" \/>\n<meta property=\"og:description\" content=\"Por Redacci\u00f3n QP La reuni\u00f3n virtual entre Biden y L\u00f3pez Obrador dur\u00f3 52 minutos y...\" \/>\n<meta property=\"og:url\" content=\"https:\/\/quehacerpolitico.mx\/?p=91979\" \/>\n<meta property=\"article:published_time\" content=\"2022-04-29T22:08:36+00:00\" \/>\n<meta property=\"article:modified_time\" content=\"2022-04-29T22:08:39+00:00\" \/>\n<meta property=\"og:image\" content=\"https:\/\/quehacerpolitico.mx\/wp-content\/uploads\/2022\/04\/990893CC-D6C9-4732-943F-55B52B6AB3B3.jpeg\" \/>\n\t<meta property=\"og:image:width\" content=\"2048\" \/>\n\t<meta property=\"og:image:height\" content=\"1536\" \/>\n\t<meta property=\"og:image:type\" content=\"image\/jpeg\" \/>\n<meta name=\"author\" content=\"Redacci\u00f3n QP\" \/>\n<meta name=\"twitter:card\" content=\"summary_large_image\" \/>\n<meta name=\"twitter:label1\" content=\"Escrito por\" \/>\n\t<meta name=\"twitter:data1\" content=\"Redacci\u00f3n QP\" \/>\n\t<meta name=\"twitter:label2\" content=\"Tiempo de lectura\" \/>\n\t<meta name=\"twitter:data2\" content=\"2 minutos\" \/>\n<script type=\"application\/ld+json\" class=\"yoast-schema-graph\">{\"@context\":\"https:\\\/\\\/schema.org\",\"@graph\":[{\"@type\":\"Article\",\"@id\":\"https:\\\/\\\/quehacerpolitico.mx\\\/?p=91979#article\",\"isPartOf\":{\"@id\":\"https:\\\/\\\/quehacerpolitico.mx\\\/?p=91979\"},\"author\":{\"name\":\"Redacci\u00f3n QP\",\"@id\":\"https:\\\/\\\/quehacerpolitico.mx\\\/#\\\/schema\\\/person\\\/496d8ad2d1d3f8036101dca7ee39e585\"},\"headline\":\"L\u00f3pez Obrador y Biden mantienen llamada &#8220;constructiva&#8221; centrada en migraci\u00f3n\u00a0\",\"datePublished\":\"2022-04-29T22:08:36+00:00\",\"dateModified\":\"2022-04-29T22:08:39+00:00\",\"mainEntityOfPage\":{\"@id\":\"https:\\\/\\\/quehacerpolitico.mx\\\/?p=91979\"},\"wordCount\":480,\"commentCount\":0,\"image\":{\"@id\":\"https:\\\/\\\/quehacerpolitico.mx\\\/?p=91979#primaryimage\"},\"thumbnailUrl\":\"https:\\\/\\\/quehacerpolitico.mx\\\/wp-content\\\/uploads\\\/2022\\\/04\\\/990893CC-D6C9-4732-943F-55B52B6AB3B3.jpeg\",\"articleSection\":[\"Noticias\"],\"inLanguage\":\"es\",\"potentialAction\":[{\"@type\":\"CommentAction\",\"name\":\"Comment\",\"target\":[\"https:\\\/\\\/quehacerpolitico.mx\\\/?p=91979#respond\"]}]},{\"@type\":\"WebPage\",\"@id\":\"https:\\\/\\\/quehacerpolitico.mx\\\/?p=91979\",\"url\":\"https:\\\/\\\/quehacerpolitico.mx\\\/?p=91979\",\"name\":\"L\u00f3pez Obrador y Biden mantienen llamada \\\"constructiva\\\" centrada en migraci\u00f3n\u00a0 -\",\"isPartOf\":{\"@id\":\"https:\\\/\\\/quehacerpolitico.mx\\\/#website\"},\"primaryImageOfPage\":{\"@id\":\"https:\\\/\\\/quehacerpolitico.mx\\\/?p=91979#primaryimage\"},\"image\":{\"@id\":\"https:\\\/\\\/quehacerpolitico.mx\\\/?p=91979#primaryimage\"},\"thumbnailUrl\":\"https:\\\/\\\/quehacerpolitico.mx\\\/wp-content\\\/uploads\\\/2022\\\/04\\\/990893CC-D6C9-4732-943F-55B52B6AB3B3.jpeg\",\"datePublished\":\"2022-04-29T22:08:36+00:00\",\"dateModified\":\"2022-04-29T22:08:39+00:00\",\"author\":{\"@id\":\"https:\\\/\\\/quehacerpolitico.mx\\\/#\\\/schema\\\/person\\\/496d8ad2d1d3f8036101dca7ee39e585\"},\"breadcrumb\":{\"@id\":\"https:\\\/\\\/quehacerpolitico.mx\\\/?p=91979#breadcrumb\"},\"inLanguage\":\"es\",\"potentialAction\":[{\"@type\":\"ReadAction\",\"target\":[\"https:\\\/\\\/quehacerpolitico.mx\\\/?p=91979\"]}]},{\"@type\":\"ImageObject\",\"inLanguage\":\"es\",\"@id\":\"https:\\\/\\\/quehacerpolitico.mx\\\/?p=91979#primaryimage\",\"url\":\"https:\\\/\\\/quehacerpolitico.mx\\\/wp-content\\\/uploads\\\/2022\\\/04\\\/990893CC-D6C9-4732-943F-55B52B6AB3B3.jpeg\",\"contentUrl\":\"https:\\\/\\\/quehacerpolitico.mx\\\/wp-content\\\/uploads\\\/2022\\\/04\\\/990893CC-D6C9-4732-943F-55B52B6AB3B3.jpeg\",\"width\":2048,\"height\":1536},{\"@type\":\"BreadcrumbList\",\"@id\":\"https:\\\/\\\/quehacerpolitico.mx\\\/?p=91979#breadcrumb\",\"itemListElement\":[{\"@type\":\"ListItem\",\"position\":1,\"name\":\"Inicio\",\"item\":\"https:\\\/\\\/quehacerpolitico.mx\\\/\"},{\"@type\":\"ListItem\",\"position\":2,\"name\":\"L\u00f3pez Obrador y Biden mantienen llamada &#8220;constructiva&#8221; centrada en migraci\u00f3n\u00a0\"}]},{\"@type\":\"WebSite\",\"@id\":\"https:\\\/\\\/quehacerpolitico.mx\\\/#website\",\"url\":\"https:\\\/\\\/quehacerpolitico.mx\\\/\",\"name\":\"\",\"description\":\"\",\"potentialAction\":[{\"@type\":\"SearchAction\",\"target\":{\"@type\":\"EntryPoint\",\"urlTemplate\":\"https:\\\/\\\/quehacerpolitico.mx\\\/?s={search_term_string}\"},\"query-input\":{\"@type\":\"PropertyValueSpecification\",\"valueRequired\":true,\"valueName\":\"search_term_string\"}}],\"inLanguage\":\"es\"},{\"@type\":\"Person\",\"@id\":\"https:\\\/\\\/quehacerpolitico.mx\\\/#\\\/schema\\\/person\\\/496d8ad2d1d3f8036101dca7ee39e585\",\"name\":\"Redacci\u00f3n QP\",\"image\":{\"@type\":\"ImageObject\",\"inLanguage\":\"es\",\"@id\":\"https:\\\/\\\/secure.gravatar.com\\\/avatar\\\/c7164ed6fdec453195284ad24a5ae5b6e1eed2b848477fa2a4787ba9adf39a41?s=96&d=mm&r=g\",\"url\":\"https:\\\/\\\/secure.gravatar.com\\\/avatar\\\/c7164ed6fdec453195284ad24a5ae5b6e1eed2b848477fa2a4787ba9adf39a41?s=96&d=mm&r=g\",\"contentUrl\":\"https:\\\/\\\/secure.gravatar.com\\\/avatar\\\/c7164ed6fdec453195284ad24a5ae5b6e1eed2b848477fa2a4787ba9adf39a41?s=96&d=mm&r=g\",\"caption\":\"Redacci\u00f3n QP\"},\"url\":\"https:\\\/\\\/quehacerpolitico.mx\\\/?author=2\"}]}<\/script>\n<!-- \/ Yoast SEO plugin. -->","yoast_head_json":{"title":"L\u00f3pez Obrador y Biden mantienen llamada \"constructiva\" centrada en migraci\u00f3n\u00a0 -","robots":{"index":"index","follow":"follow","max-snippet":"max-snippet:-1","max-image-preview":"max-image-preview:large","max-video-preview":"max-video-preview:-1"},"canonical":"https:\/\/quehacerpolitico.mx\/?p=91979","og_locale":"es_MX","og_type":"article","og_title":"L\u00f3pez Obrador y Biden mantienen llamada \"constructiva\" centrada en migraci\u00f3n\u00a0 -","og_description":"Por Redacci\u00f3n QP La reuni\u00f3n virtual entre Biden y L\u00f3pez Obrador dur\u00f3 52 minutos y...","og_url":"https:\/\/quehacerpolitico.mx\/?p=91979","article_published_time":"2022-04-29T22:08:36+00:00","article_modified_time":"2022-04-29T22:08:39+00:00","og_image":[{"width":2048,"height":1536,"url":"https:\/\/quehacerpolitico.mx\/wp-content\/uploads\/2022\/04\/990893CC-D6C9-4732-943F-55B52B6AB3B3.jpeg","type":"image\/jpeg"}],"author":"Redacci\u00f3n QP","twitter_card":"summary_large_image","twitter_misc":{"Escrito por":"Redacci\u00f3n QP","Tiempo de lectura":"2 minutos"},"schema":{"@context":"https:\/\/schema.org","@graph":[{"@type":"Article","@id":"https:\/\/quehacerpolitico.mx\/?p=91979#article","isPartOf":{"@id":"https:\/\/quehacerpolitico.mx\/?p=91979"},"author":{"name":"Redacci\u00f3n QP","@id":"https:\/\/quehacerpolitico.mx\/#\/schema\/person\/496d8ad2d1d3f8036101dca7ee39e585"},"headline":"L\u00f3pez Obrador y Biden mantienen llamada &#8220;constructiva&#8221; centrada en migraci\u00f3n\u00a0","datePublished":"2022-04-29T22:08:36+00:00","dateModified":"2022-04-29T22:08:39+00:00","mainEntityOfPage":{"@id":"https:\/\/quehacerpolitico.mx\/?p=91979"},"wordCount":480,"commentCount":0,"image":{"@id":"https:\/\/quehacerpolitico.mx\/?p=91979#primaryimage"},"thumbnailUrl":"https:\/\/quehacerpolitico.mx\/wp-content\/uploads\/2022\/04\/990893CC-D6C9-4732-943F-55B52B6AB3B3.jpeg","articleSection":["Noticias"],"inLanguage":"es","potentialAction":[{"@type":"CommentAction","name":"Comment","target":["https:\/\/quehacerpolitico.mx\/?p=91979#respond"]}]},{"@type":"WebPage","@id":"https:\/\/quehacerpolitico.mx\/?p=91979","url":"https:\/\/quehacerpolitico.mx\/?p=91979","name":"L\u00f3pez Obrador y Biden mantienen llamada \"constructiva\" centrada en migraci\u00f3n\u00a0 -","isPartOf":{"@id":"https:\/\/quehacerpolitico.mx\/#website"},"primaryImageOfPage":{"@id":"https:\/\/quehacerpolitico.mx\/?p=91979#primaryimage"},"image":{"@id":"https:\/\/quehacerpolitico.mx\/?p=91979#primaryimage"},"thumbnailUrl":"https:\/\/quehacerpolitico.mx\/wp-content\/uploads\/2022\/04\/990893CC-D6C9-4732-943F-55B52B6AB3B3.jpeg","datePublished":"2022-04-29T22:08:36+00:00","dateModified":"2022-04-29T22:08:39+00:00","author":{"@id":"https:\/\/quehacerpolitico.mx\/#\/schema\/person\/496d8ad2d1d3f8036101dca7ee39e585"},"breadcrumb":{"@id":"https:\/\/quehacerpolitico.mx\/?p=91979#breadcrumb"},"inLanguage":"es","potentialAction":[{"@type":"ReadAction","target":["https:\/\/quehacerpolitico.mx\/?p=91979"]}]},{"@type":"ImageObject","inLanguage":"es","@id":"https:\/\/quehacerpolitico.mx\/?p=91979#primaryimage","url":"https:\/\/quehacerpolitico.mx\/wp-content\/uploads\/2022\/04\/990893CC-D6C9-4732-943F-55B52B6AB3B3.jpeg","contentUrl":"https:\/\/quehacerpolitico.mx\/wp-content\/uploads\/2022\/04\/990893CC-D6C9-4732-943F-55B52B6AB3B3.jpeg","width":2048,"height":1536},{"@type":"BreadcrumbList","@id":"https:\/\/quehacerpolitico.mx\/?p=91979#breadcrumb","itemListElement":[{"@type":"ListItem","position":1,"name":"Inicio","item":"https:\/\/quehacerpolitico.mx\/"},{"@type":"ListItem","position":2,"name":"L\u00f3pez Obrador y Biden mantienen llamada &#8220;constructiva&#8221; centrada en migraci\u00f3n\u00a0"}]},{"@type":"WebSite","@id":"https:\/\/quehacerpolitico.mx\/#website","url":"https:\/\/quehacerpolitico.mx\/","name":"","description":"","potentialAction":[{"@type":"SearchAction","target":{"@type":"EntryPoint","urlTemplate":"https:\/\/quehacerpolitico.mx\/?s={search_term_string}"},"query-input":{"@type":"PropertyValueSpecification","valueRequired":true,"valueName":"search_term_string"}}],"inLanguage":"es"},{"@type":"Person","@id":"https:\/\/quehacerpolitico.mx\/#\/schema\/person\/496d8ad2d1d3f8036101dca7ee39e585","name":"Redacci\u00f3n QP","image":{"@type":"ImageObject","inLanguage":"es","@id":"https:\/\/secure.gravatar.com\/avatar\/c7164ed6fdec453195284ad24a5ae5b6e1eed2b848477fa2a4787ba9adf39a41?s=96&d=mm&r=g","url":"https:\/\/secure.gravatar.com\/avatar\/c7164ed6fdec453195284ad24a5ae5b6e1eed2b848477fa2a4787ba9adf39a41?s=96&d=mm&r=g","contentUrl":"https:\/\/secure.gravatar.com\/avatar\/c7164ed6fdec453195284ad24a5ae5b6e1eed2b848477fa2a4787ba9adf39a41?s=96&d=mm&r=g","caption":"Redacci\u00f3n QP"},"url":"https:\/\/quehacerpolitico.mx\/?author=2"}]}},"featured_image_urls":{"full":["https:\/\/quehacerpolitico.mx\/wp-content\/uploads\/2022\/04\/990893CC-D6C9-4732-943F-55B52B6AB3B3.jpeg",2048,1536,false],"thumbnail":["https:\/\/quehacerpolitico.mx\/wp-content\/uploads\/2022\/04\/990893CC-D6C9-4732-943F-55B52B6AB3B3-150x150.jpeg",150,150,true],"medium":["https:\/\/quehacerpolitico.mx\/wp-content\/uploads\/2022\/04\/990893CC-D6C9-4732-943F-55B52B6AB3B3-300x225.jpeg",300,225,true],"medium_large":["https:\/\/quehacerpolitico.mx\/wp-content\/uploads\/2022\/04\/990893CC-D6C9-4732-943F-55B52B6AB3B3-768x576.jpeg",640,480,true],"large":["https:\/\/quehacerpolitico.mx\/wp-content\/uploads\/2022\/04\/990893CC-D6C9-4732-943F-55B52B6AB3B3-1024x768.jpeg",640,480,true],"1536x1536":["https:\/\/quehacerpolitico.mx\/wp-content\/uploads\/2022\/04\/990893CC-D6C9-4732-943F-55B52B6AB3B3-1536x1152.jpeg",1536,1152,true],"2048x2048":["https:\/\/quehacerpolitico.mx\/wp-content\/uploads\/2022\/04\/990893CC-D6C9-4732-943F-55B52B6AB3B3.jpeg",2048,1536,false],"covernews-featured":["https:\/\/quehacerpolitico.mx\/wp-content\/uploads\/2022\/04\/990893CC-D6C9-4732-943F-55B52B6AB3B3.jpeg",1024,768,false],"covernews-medium":["https:\/\/quehacerpolitico.mx\/wp-content\/uploads\/2022\/04\/990893CC-D6C9-4732-943F-55B52B6AB3B3.jpeg",453,340,false]},"author_info":{"display_name":"Redacci\u00f3n QP","author_link":"https:\/\/quehacerpolitico.mx\/?author=2"},"category_info":"<a href=\"https:\/\/quehacerpolitico.mx\/?cat=2\" rel=\"category\">Noticias<\/a>","tag_info":"Noticias","comment_count":"0","_links":{"self":[{"href":"https:\/\/quehacerpolitico.mx\/index.php?rest_route=\/wp\/v2\/posts\/91979","targetHints":{"allow":["GET"]}}],"collection":[{"href":"https:\/\/quehacerpolitico.mx\/index.php?rest_route=\/wp\/v2\/posts"}],"about":[{"href":"https:\/\/quehacerpolitico.mx\/index.php?rest_route=\/wp\/v2\/types\/post"}],"author":[{"embeddable":true,"href":"https:\/\/quehacerpolitico.mx\/index.php?rest_route=\/wp\/v2\/users\/2"}],"replies":[{"embeddable":true,"href":"https:\/\/quehacerpolitico.mx\/index.php?rest_route=%2Fwp%2Fv2%2Fcomments&post=91979"}],"version-history":[{"count":1,"href":"https:\/\/quehacerpolitico.mx\/index.php?rest_route=\/wp\/v2\/posts\/91979\/revisions"}],"predecessor-version":[{"id":91981,"href":"https:\/\/quehacerpolitico.mx\/index.php?rest_route=\/wp\/v2\/posts\/91979\/revisions\/91981"}],"wp:featuredmedia":[{"embeddable":true,"href":"https:\/\/quehacerpolitico.mx\/index.php?rest_route=\/wp\/v2\/media\/91980"}],"wp:attachment":[{"href":"https:\/\/quehacerpolitico.mx\/index.php?rest_route=%2Fwp%2Fv2%2Fmedia&parent=91979"}],"wp:term":[{"taxonomy":"category","embeddable":true,"href":"https:\/\/quehacerpolitico.mx\/index.php?rest_route=%2Fwp%2Fv2%2Fcategories&post=91979"},{"taxonomy":"post_tag","embeddable":true,"href":"https:\/\/quehacerpolitico.mx\/index.php?rest_route=%2Fwp%2Fv2%2Ftags&post=91979"}],"curies":[{"name":"wp","href":"https:\/\/api.w.org\/{rel}","templated":true}]}}