{"id":91956,"date":"2022-04-29T17:41:42","date_gmt":"2022-04-29T17:41:42","guid":{"rendered":"https:\/\/quehacerpolitico.mx\/?p=91956"},"modified":"2022-04-29T17:41:45","modified_gmt":"2022-04-29T17:41:45","slug":"internacionales-carolina-alonso-romei-paises-bajos-reabre-su-embajada-en-ucrania-como-senal-diplomatica","status":"publish","type":"post","link":"https:\/\/quehacerpolitico.mx\/?p=91956","title":{"rendered":"Internacionales\/\/\/Carolina Alonso Romei\/\/\/Pa\u00edses Bajos reabre su embajada en Ucrania como &#8220;se\u00f1al diplom\u00e1tica&#8221;"},"content":{"rendered":"\n<p>Por Carolina Alonso Romei<\/p>\n\n\n\n<p>Internacionalista <\/p>\n\n\n\n<p>El servicio diplom\u00e1tico neerland\u00e9s ofrec\u00eda previamente su servicio diplom\u00e1tico de manera remota debido a la invasi\u00f3n ruso-ucraniana<\/p>\n\n\n\n<p>El gobierno neerland\u00e9s reabri\u00f3 hoy la embajada de Pa\u00edses Bajos en Kiev con un &#8220;<strong>equipo peque\u00f1o<\/strong>&#8220;. Fue un gesto considerado &#8220;<strong>una se\u00f1al diplom\u00e1tica<\/strong>&#8221; para Ucrania.<\/p>\n\n\n\n<p>El gobierno tambi\u00e9n confirm\u00f3\u00a0que una treintena de gendarmes neerlandeses acudir\u00e1n en mayo a investigar\u00a0<strong>los cr\u00edmenes de guerra<\/strong>\u00a0en el pa\u00eds.<\/p>\n\n\n\n<p>El ministro neerland\u00e9s de Exteriores, Wopke Hoekstra, asegur\u00f3 en\u00a0declaraciones a la prensa\u00a0que la reapertura de la embajada en la capital ucraniana es &#8220;importante&#8221; para ambos pa\u00edses:\u00a0<strong>d<strong>ebido\u00a0<\/strong>a la &#8220;estrecha relaci\u00f3n&#8221; de cooperaci\u00f3n con Kiev y porque Pa\u00edses Bajos brinda ayuda militar y humanitaria a Ucrania, se\u00f1al\u00f3<\/strong>.<\/p>\n\n\n\n<p>&#8220;Nunca se est\u00e1 exento de riesgos, pero tomando todo en consideraci\u00f3n creemos que esto es sensato y aceptable. Es un equipo peque\u00f1o y la seguridad se ha analizado con mucho cuidado&#8221;, agreg\u00f3 Hoekstra, quien habl\u00f3 de una &#8220;<strong>se\u00f1al diplom\u00e1tica muy relevante<\/strong>&#8221; para Ucrania a la hora de explicar los motivos de la reapertura de la embajada en Kiev.<\/p>\n\n\n\n<p>Casi dos semanas antes del inicio de la invasi\u00f3n rusa en Ucrania, el gobierno neerland\u00e9s urgi\u00f3 a sus ciudadanos a abandonar el pa\u00eds, al igual que la mayor\u00eda del personal de la embajada, pero puso en marcha una especie de\u00a0<strong>centro temporal diplom\u00e1tico<\/strong>\u00a0en Le\u00f3polis para brindar asistencia de urgencia, como\u00a0<strong>visados de emergencia y salvoconductos<\/strong>.<\/p>\n\n\n\n<p>Tras el estallido de la guerra el 24 de febrero, Pa\u00edses Bajos traslad\u00f3 este servicio diplom\u00e1tico y consular a la ciudad polaca de&nbsp;<strong>Jaroslaw<\/strong>, cerca de la frontera ucraniana.<\/p>\n\n\n\n<p>Pero el pasado 19 de abril, y tras casi dos meses sin presencia en el territorio ucraniano, el Gobierno neerland\u00e9s&nbsp;<strong>anunci\u00f3 el regreso a Le\u00f3polis del embajador y de parte del personal de la embajada<\/strong>, con el objetivo de obtener &#8220;<strong>una buena visi\u00f3n general de la situaci\u00f3n<\/strong>&#8221; en ese pa\u00eds, aunque mantuvo cerrado el departamento de asistencia consular.<\/p>\n\n\n\n<p>Hoekstra tambi\u00e9n confirm\u00f3 hoy que una treintena de gendarmes neerlandeses viajar\u00e1n\u00a0<strong>&#8220;en la primera quincena de mayo<\/strong>&#8221; a Ucrania para investigar cr\u00edmenes de guerra y permanecer\u00e1n en el pa\u00eds por un periodo de dos semanas, en las cercan\u00edas de Kiev, y bajo la bandera de la Corte Penal Internacional (CPI).<\/p>\n\n\n\n<p>No est\u00e1 claro en qu\u00e9 puntos exactos estar\u00e1n los miembros de la gendarmer\u00eda neerlandesa, pero el ministro no descart\u00f3 que fueran a investigar tambi\u00e9n lo ocurrido en\u00a0<strong>Bucha<\/strong>, puesto que -enfatiz\u00f3- corresponde a la oficina del fiscal de la CPI,\u00a0<strong>Karim Khan<\/strong>, decidir d\u00f3nde se lleva a cabo la investigaci\u00f3n.<\/p>\n\n\n\n<figure class=\"wp-block-embed is-type-video is-provider-youtube wp-block-embed-youtube wp-embed-aspect-16-9 wp-has-aspect-ratio\"><div class=\"wp-block-embed__wrapper\">\n<iframe loading=\"lazy\" title=\"La embajada espa\u00f1ola en Kiev reabre y Johnson anuncia que tambi\u00e9n lo har\u00e1 la brit\u00e1nica\" width=\"640\" height=\"360\" src=\"https:\/\/www.youtube.com\/embed\/XOP83IVlcvk?feature=oembed\" frameborder=\"0\" allow=\"accelerometer; autoplay; clipboard-write; encrypted-media; gyroscope; picture-in-picture; web-share\" referrerpolicy=\"strict-origin-when-cross-origin\" allowfullscreen><\/iframe>\n<\/div><\/figure>\n\n\n\n<p>Con informaci\u00f3n de EFE<\/p>\n","protected":false},"excerpt":{"rendered":"<p>Por Carolina Alonso Romei Internacionalista El servicio diplom\u00e1tico neerland\u00e9s ofrec\u00eda previamente su servicio diplom\u00e1tico de&#8230;<\/p>\n","protected":false},"author":2,"featured_media":91957,"comment_status":"open","ping_status":"open","sticky":false,"template":"","format":"standard","meta":{"_monsterinsights_skip_tracking":false,"_monsterinsights_sitenote_active":false,"_monsterinsights_sitenote_note":"","_monsterinsights_sitenote_category":0,"footnotes":""},"categories":[1],"tags":[],"class_list":["post-91956","post","type-post","status-publish","format-standard","has-post-thumbnail","hentry","category-sin-categoria"],"yoast_head":"<!-- This site is optimized with the Yoast SEO plugin v27.3 - https:\/\/yoast.com\/product\/yoast-seo-wordpress\/ -->\n<title>Internacionales\/\/\/Carolina Alonso Romei\/\/\/Pa\u00edses Bajos reabre su embajada en Ucrania como &quot;se\u00f1al diplom\u00e1tica&quot; -<\/title>\n<meta name=\"robots\" content=\"index, follow, max-snippet:-1, max-image-preview:large, max-video-preview:-1\" \/>\n<link rel=\"canonical\" href=\"https:\/\/quehacerpolitico.mx\/?p=91956\" \/>\n<meta property=\"og:locale\" content=\"es_MX\" \/>\n<meta property=\"og:type\" content=\"article\" \/>\n<meta property=\"og:title\" content=\"Internacionales\/\/\/Carolina Alonso Romei\/\/\/Pa\u00edses Bajos reabre su embajada en Ucrania como &quot;se\u00f1al diplom\u00e1tica&quot; -\" \/>\n<meta property=\"og:description\" content=\"Por Carolina Alonso Romei Internacionalista El servicio diplom\u00e1tico neerland\u00e9s ofrec\u00eda previamente su servicio diplom\u00e1tico de...\" \/>\n<meta property=\"og:url\" content=\"https:\/\/quehacerpolitico.mx\/?p=91956\" \/>\n<meta property=\"article:published_time\" content=\"2022-04-29T17:41:42+00:00\" \/>\n<meta property=\"article:modified_time\" content=\"2022-04-29T17:41:45+00:00\" \/>\n<meta property=\"og:image\" content=\"https:\/\/quehacerpolitico.mx\/wp-content\/uploads\/2022\/04\/7CA63598-3FC5-45BB-A206-D7D54E722FCB.jpeg\" \/>\n\t<meta property=\"og:image:width\" content=\"1276\" \/>\n\t<meta property=\"og:image:height\" content=\"674\" \/>\n\t<meta property=\"og:image:type\" content=\"image\/jpeg\" \/>\n<meta name=\"author\" content=\"Redacci\u00f3n QP\" \/>\n<meta name=\"twitter:card\" content=\"summary_large_image\" \/>\n<meta name=\"twitter:label1\" content=\"Escrito por\" \/>\n\t<meta name=\"twitter:data1\" content=\"Redacci\u00f3n QP\" \/>\n\t<meta name=\"twitter:label2\" content=\"Tiempo de lectura\" \/>\n\t<meta name=\"twitter:data2\" content=\"2 minutos\" \/>\n<script type=\"application\/ld+json\" class=\"yoast-schema-graph\">{\"@context\":\"https:\\\/\\\/schema.org\",\"@graph\":[{\"@type\":\"Article\",\"@id\":\"https:\\\/\\\/quehacerpolitico.mx\\\/?p=91956#article\",\"isPartOf\":{\"@id\":\"https:\\\/\\\/quehacerpolitico.mx\\\/?p=91956\"},\"author\":{\"name\":\"Redacci\u00f3n QP\",\"@id\":\"https:\\\/\\\/quehacerpolitico.mx\\\/#\\\/schema\\\/person\\\/496d8ad2d1d3f8036101dca7ee39e585\"},\"headline\":\"Internacionales\\\/\\\/\\\/Carolina Alonso Romei\\\/\\\/\\\/Pa\u00edses Bajos reabre su embajada en Ucrania como &#8220;se\u00f1al diplom\u00e1tica&#8221;\",\"datePublished\":\"2022-04-29T17:41:42+00:00\",\"dateModified\":\"2022-04-29T17:41:45+00:00\",\"mainEntityOfPage\":{\"@id\":\"https:\\\/\\\/quehacerpolitico.mx\\\/?p=91956\"},\"wordCount\":495,\"commentCount\":0,\"image\":{\"@id\":\"https:\\\/\\\/quehacerpolitico.mx\\\/?p=91956#primaryimage\"},\"thumbnailUrl\":\"https:\\\/\\\/quehacerpolitico.mx\\\/wp-content\\\/uploads\\\/2022\\\/04\\\/7CA63598-3FC5-45BB-A206-D7D54E722FCB.jpeg\",\"articleSection\":[\"Internacionales\"],\"inLanguage\":\"es\",\"potentialAction\":[{\"@type\":\"CommentAction\",\"name\":\"Comment\",\"target\":[\"https:\\\/\\\/quehacerpolitico.mx\\\/?p=91956#respond\"]}]},{\"@type\":\"WebPage\",\"@id\":\"https:\\\/\\\/quehacerpolitico.mx\\\/?p=91956\",\"url\":\"https:\\\/\\\/quehacerpolitico.mx\\\/?p=91956\",\"name\":\"Internacionales\\\/\\\/\\\/Carolina Alonso Romei\\\/\\\/\\\/Pa\u00edses Bajos reabre su embajada en Ucrania como \\\"se\u00f1al diplom\u00e1tica\\\" -\",\"isPartOf\":{\"@id\":\"https:\\\/\\\/quehacerpolitico.mx\\\/#website\"},\"primaryImageOfPage\":{\"@id\":\"https:\\\/\\\/quehacerpolitico.mx\\\/?p=91956#primaryimage\"},\"image\":{\"@id\":\"https:\\\/\\\/quehacerpolitico.mx\\\/?p=91956#primaryimage\"},\"thumbnailUrl\":\"https:\\\/\\\/quehacerpolitico.mx\\\/wp-content\\\/uploads\\\/2022\\\/04\\\/7CA63598-3FC5-45BB-A206-D7D54E722FCB.jpeg\",\"datePublished\":\"2022-04-29T17:41:42+00:00\",\"dateModified\":\"2022-04-29T17:41:45+00:00\",\"author\":{\"@id\":\"https:\\\/\\\/quehacerpolitico.mx\\\/#\\\/schema\\\/person\\\/496d8ad2d1d3f8036101dca7ee39e585\"},\"breadcrumb\":{\"@id\":\"https:\\\/\\\/quehacerpolitico.mx\\\/?p=91956#breadcrumb\"},\"inLanguage\":\"es\",\"potentialAction\":[{\"@type\":\"ReadAction\",\"target\":[\"https:\\\/\\\/quehacerpolitico.mx\\\/?p=91956\"]}]},{\"@type\":\"ImageObject\",\"inLanguage\":\"es\",\"@id\":\"https:\\\/\\\/quehacerpolitico.mx\\\/?p=91956#primaryimage\",\"url\":\"https:\\\/\\\/quehacerpolitico.mx\\\/wp-content\\\/uploads\\\/2022\\\/04\\\/7CA63598-3FC5-45BB-A206-D7D54E722FCB.jpeg\",\"contentUrl\":\"https:\\\/\\\/quehacerpolitico.mx\\\/wp-content\\\/uploads\\\/2022\\\/04\\\/7CA63598-3FC5-45BB-A206-D7D54E722FCB.jpeg\",\"width\":1276,\"height\":674},{\"@type\":\"BreadcrumbList\",\"@id\":\"https:\\\/\\\/quehacerpolitico.mx\\\/?p=91956#breadcrumb\",\"itemListElement\":[{\"@type\":\"ListItem\",\"position\":1,\"name\":\"Inicio\",\"item\":\"https:\\\/\\\/quehacerpolitico.mx\\\/\"},{\"@type\":\"ListItem\",\"position\":2,\"name\":\"Internacionales\\\/\\\/\\\/Carolina Alonso Romei\\\/\\\/\\\/Pa\u00edses Bajos reabre su embajada en Ucrania como &#8220;se\u00f1al diplom\u00e1tica&#8221;\"}]},{\"@type\":\"WebSite\",\"@id\":\"https:\\\/\\\/quehacerpolitico.mx\\\/#website\",\"url\":\"https:\\\/\\\/quehacerpolitico.mx\\\/\",\"name\":\"\",\"description\":\"\",\"potentialAction\":[{\"@type\":\"SearchAction\",\"target\":{\"@type\":\"EntryPoint\",\"urlTemplate\":\"https:\\\/\\\/quehacerpolitico.mx\\\/?s={search_term_string}\"},\"query-input\":{\"@type\":\"PropertyValueSpecification\",\"valueRequired\":true,\"valueName\":\"search_term_string\"}}],\"inLanguage\":\"es\"},{\"@type\":\"Person\",\"@id\":\"https:\\\/\\\/quehacerpolitico.mx\\\/#\\\/schema\\\/person\\\/496d8ad2d1d3f8036101dca7ee39e585\",\"name\":\"Redacci\u00f3n QP\",\"image\":{\"@type\":\"ImageObject\",\"inLanguage\":\"es\",\"@id\":\"https:\\\/\\\/secure.gravatar.com\\\/avatar\\\/c7164ed6fdec453195284ad24a5ae5b6e1eed2b848477fa2a4787ba9adf39a41?s=96&d=mm&r=g\",\"url\":\"https:\\\/\\\/secure.gravatar.com\\\/avatar\\\/c7164ed6fdec453195284ad24a5ae5b6e1eed2b848477fa2a4787ba9adf39a41?s=96&d=mm&r=g\",\"contentUrl\":\"https:\\\/\\\/secure.gravatar.com\\\/avatar\\\/c7164ed6fdec453195284ad24a5ae5b6e1eed2b848477fa2a4787ba9adf39a41?s=96&d=mm&r=g\",\"caption\":\"Redacci\u00f3n QP\"},\"url\":\"https:\\\/\\\/quehacerpolitico.mx\\\/?author=2\"}]}<\/script>\n<!-- \/ Yoast SEO plugin. -->","yoast_head_json":{"title":"Internacionales\/\/\/Carolina Alonso Romei\/\/\/Pa\u00edses Bajos reabre su embajada en Ucrania como \"se\u00f1al diplom\u00e1tica\" -","robots":{"index":"index","follow":"follow","max-snippet":"max-snippet:-1","max-image-preview":"max-image-preview:large","max-video-preview":"max-video-preview:-1"},"canonical":"https:\/\/quehacerpolitico.mx\/?p=91956","og_locale":"es_MX","og_type":"article","og_title":"Internacionales\/\/\/Carolina Alonso Romei\/\/\/Pa\u00edses Bajos reabre su embajada en Ucrania como \"se\u00f1al diplom\u00e1tica\" -","og_description":"Por Carolina Alonso Romei Internacionalista El servicio diplom\u00e1tico neerland\u00e9s ofrec\u00eda previamente su servicio diplom\u00e1tico de...","og_url":"https:\/\/quehacerpolitico.mx\/?p=91956","article_published_time":"2022-04-29T17:41:42+00:00","article_modified_time":"2022-04-29T17:41:45+00:00","og_image":[{"width":1276,"height":674,"url":"https:\/\/quehacerpolitico.mx\/wp-content\/uploads\/2022\/04\/7CA63598-3FC5-45BB-A206-D7D54E722FCB.jpeg","type":"image\/jpeg"}],"author":"Redacci\u00f3n QP","twitter_card":"summary_large_image","twitter_misc":{"Escrito por":"Redacci\u00f3n QP","Tiempo de lectura":"2 minutos"},"schema":{"@context":"https:\/\/schema.org","@graph":[{"@type":"Article","@id":"https:\/\/quehacerpolitico.mx\/?p=91956#article","isPartOf":{"@id":"https:\/\/quehacerpolitico.mx\/?p=91956"},"author":{"name":"Redacci\u00f3n QP","@id":"https:\/\/quehacerpolitico.mx\/#\/schema\/person\/496d8ad2d1d3f8036101dca7ee39e585"},"headline":"Internacionales\/\/\/Carolina Alonso Romei\/\/\/Pa\u00edses Bajos reabre su embajada en Ucrania como &#8220;se\u00f1al diplom\u00e1tica&#8221;","datePublished":"2022-04-29T17:41:42+00:00","dateModified":"2022-04-29T17:41:45+00:00","mainEntityOfPage":{"@id":"https:\/\/quehacerpolitico.mx\/?p=91956"},"wordCount":495,"commentCount":0,"image":{"@id":"https:\/\/quehacerpolitico.mx\/?p=91956#primaryimage"},"thumbnailUrl":"https:\/\/quehacerpolitico.mx\/wp-content\/uploads\/2022\/04\/7CA63598-3FC5-45BB-A206-D7D54E722FCB.jpeg","articleSection":["Internacionales"],"inLanguage":"es","potentialAction":[{"@type":"CommentAction","name":"Comment","target":["https:\/\/quehacerpolitico.mx\/?p=91956#respond"]}]},{"@type":"WebPage","@id":"https:\/\/quehacerpolitico.mx\/?p=91956","url":"https:\/\/quehacerpolitico.mx\/?p=91956","name":"Internacionales\/\/\/Carolina Alonso Romei\/\/\/Pa\u00edses Bajos reabre su embajada en Ucrania como \"se\u00f1al diplom\u00e1tica\" -","isPartOf":{"@id":"https:\/\/quehacerpolitico.mx\/#website"},"primaryImageOfPage":{"@id":"https:\/\/quehacerpolitico.mx\/?p=91956#primaryimage"},"image":{"@id":"https:\/\/quehacerpolitico.mx\/?p=91956#primaryimage"},"thumbnailUrl":"https:\/\/quehacerpolitico.mx\/wp-content\/uploads\/2022\/04\/7CA63598-3FC5-45BB-A206-D7D54E722FCB.jpeg","datePublished":"2022-04-29T17:41:42+00:00","dateModified":"2022-04-29T17:41:45+00:00","author":{"@id":"https:\/\/quehacerpolitico.mx\/#\/schema\/person\/496d8ad2d1d3f8036101dca7ee39e585"},"breadcrumb":{"@id":"https:\/\/quehacerpolitico.mx\/?p=91956#breadcrumb"},"inLanguage":"es","potentialAction":[{"@type":"ReadAction","target":["https:\/\/quehacerpolitico.mx\/?p=91956"]}]},{"@type":"ImageObject","inLanguage":"es","@id":"https:\/\/quehacerpolitico.mx\/?p=91956#primaryimage","url":"https:\/\/quehacerpolitico.mx\/wp-content\/uploads\/2022\/04\/7CA63598-3FC5-45BB-A206-D7D54E722FCB.jpeg","contentUrl":"https:\/\/quehacerpolitico.mx\/wp-content\/uploads\/2022\/04\/7CA63598-3FC5-45BB-A206-D7D54E722FCB.jpeg","width":1276,"height":674},{"@type":"BreadcrumbList","@id":"https:\/\/quehacerpolitico.mx\/?p=91956#breadcrumb","itemListElement":[{"@type":"ListItem","position":1,"name":"Inicio","item":"https:\/\/quehacerpolitico.mx\/"},{"@type":"ListItem","position":2,"name":"Internacionales\/\/\/Carolina Alonso Romei\/\/\/Pa\u00edses Bajos reabre su embajada en Ucrania como &#8220;se\u00f1al diplom\u00e1tica&#8221;"}]},{"@type":"WebSite","@id":"https:\/\/quehacerpolitico.mx\/#website","url":"https:\/\/quehacerpolitico.mx\/","name":"","description":"","potentialAction":[{"@type":"SearchAction","target":{"@type":"EntryPoint","urlTemplate":"https:\/\/quehacerpolitico.mx\/?s={search_term_string}"},"query-input":{"@type":"PropertyValueSpecification","valueRequired":true,"valueName":"search_term_string"}}],"inLanguage":"es"},{"@type":"Person","@id":"https:\/\/quehacerpolitico.mx\/#\/schema\/person\/496d8ad2d1d3f8036101dca7ee39e585","name":"Redacci\u00f3n QP","image":{"@type":"ImageObject","inLanguage":"es","@id":"https:\/\/secure.gravatar.com\/avatar\/c7164ed6fdec453195284ad24a5ae5b6e1eed2b848477fa2a4787ba9adf39a41?s=96&d=mm&r=g","url":"https:\/\/secure.gravatar.com\/avatar\/c7164ed6fdec453195284ad24a5ae5b6e1eed2b848477fa2a4787ba9adf39a41?s=96&d=mm&r=g","contentUrl":"https:\/\/secure.gravatar.com\/avatar\/c7164ed6fdec453195284ad24a5ae5b6e1eed2b848477fa2a4787ba9adf39a41?s=96&d=mm&r=g","caption":"Redacci\u00f3n QP"},"url":"https:\/\/quehacerpolitico.mx\/?author=2"}]}},"featured_image_urls":{"full":["https:\/\/quehacerpolitico.mx\/wp-content\/uploads\/2022\/04\/7CA63598-3FC5-45BB-A206-D7D54E722FCB.jpeg",1276,674,false],"thumbnail":["https:\/\/quehacerpolitico.mx\/wp-content\/uploads\/2022\/04\/7CA63598-3FC5-45BB-A206-D7D54E722FCB-150x150.jpeg",150,150,true],"medium":["https:\/\/quehacerpolitico.mx\/wp-content\/uploads\/2022\/04\/7CA63598-3FC5-45BB-A206-D7D54E722FCB-300x158.jpeg",300,158,true],"medium_large":["https:\/\/quehacerpolitico.mx\/wp-content\/uploads\/2022\/04\/7CA63598-3FC5-45BB-A206-D7D54E722FCB-768x406.jpeg",640,338,true],"large":["https:\/\/quehacerpolitico.mx\/wp-content\/uploads\/2022\/04\/7CA63598-3FC5-45BB-A206-D7D54E722FCB-1024x541.jpeg",640,338,true],"1536x1536":["https:\/\/quehacerpolitico.mx\/wp-content\/uploads\/2022\/04\/7CA63598-3FC5-45BB-A206-D7D54E722FCB.jpeg",1276,674,false],"2048x2048":["https:\/\/quehacerpolitico.mx\/wp-content\/uploads\/2022\/04\/7CA63598-3FC5-45BB-A206-D7D54E722FCB.jpeg",1276,674,false],"covernews-featured":["https:\/\/quehacerpolitico.mx\/wp-content\/uploads\/2022\/04\/7CA63598-3FC5-45BB-A206-D7D54E722FCB.jpeg",1024,541,false],"covernews-medium":["https:\/\/quehacerpolitico.mx\/wp-content\/uploads\/2022\/04\/7CA63598-3FC5-45BB-A206-D7D54E722FCB.jpeg",540,285,false]},"author_info":{"display_name":"Redacci\u00f3n QP","author_link":"https:\/\/quehacerpolitico.mx\/?author=2"},"category_info":"<a href=\"https:\/\/quehacerpolitico.mx\/?cat=1\" rel=\"category\">Internacionales<\/a>","tag_info":"Internacionales","comment_count":"0","_links":{"self":[{"href":"https:\/\/quehacerpolitico.mx\/index.php?rest_route=\/wp\/v2\/posts\/91956","targetHints":{"allow":["GET"]}}],"collection":[{"href":"https:\/\/quehacerpolitico.mx\/index.php?rest_route=\/wp\/v2\/posts"}],"about":[{"href":"https:\/\/quehacerpolitico.mx\/index.php?rest_route=\/wp\/v2\/types\/post"}],"author":[{"embeddable":true,"href":"https:\/\/quehacerpolitico.mx\/index.php?rest_route=\/wp\/v2\/users\/2"}],"replies":[{"embeddable":true,"href":"https:\/\/quehacerpolitico.mx\/index.php?rest_route=%2Fwp%2Fv2%2Fcomments&post=91956"}],"version-history":[{"count":1,"href":"https:\/\/quehacerpolitico.mx\/index.php?rest_route=\/wp\/v2\/posts\/91956\/revisions"}],"predecessor-version":[{"id":91958,"href":"https:\/\/quehacerpolitico.mx\/index.php?rest_route=\/wp\/v2\/posts\/91956\/revisions\/91958"}],"wp:featuredmedia":[{"embeddable":true,"href":"https:\/\/quehacerpolitico.mx\/index.php?rest_route=\/wp\/v2\/media\/91957"}],"wp:attachment":[{"href":"https:\/\/quehacerpolitico.mx\/index.php?rest_route=%2Fwp%2Fv2%2Fmedia&parent=91956"}],"wp:term":[{"taxonomy":"category","embeddable":true,"href":"https:\/\/quehacerpolitico.mx\/index.php?rest_route=%2Fwp%2Fv2%2Fcategories&post=91956"},{"taxonomy":"post_tag","embeddable":true,"href":"https:\/\/quehacerpolitico.mx\/index.php?rest_route=%2Fwp%2Fv2%2Ftags&post=91956"}],"curies":[{"name":"wp","href":"https:\/\/api.w.org\/{rel}","templated":true}]}}