{"id":91953,"date":"2022-04-29T17:07:42","date_gmt":"2022-04-29T17:07:42","guid":{"rendered":"https:\/\/quehacerpolitico.mx\/?p=91953"},"modified":"2022-04-29T17:07:45","modified_gmt":"2022-04-29T17:07:45","slug":"lopez-obrador-sostiene-que-tren-maya-finalizara-en-2023","status":"publish","type":"post","link":"https:\/\/quehacerpolitico.mx\/?p=91953","title":{"rendered":"L\u00f3pez Obrador sostiene que Tren Maya finalizar\u00e1 en 2023\u00a0"},"content":{"rendered":"\n<p>Por Redacci\u00f3n QP<\/p>\n\n\n\n<p>Esta obra insignia de\u00a0L\u00f3pez Obrador ya cuenta con al menos dos suspensiones debido a los posibles riesgos por derrumbes de acu\u00edferos, cenotes y r\u00edos subterr\u00e1neos\u00a0<\/p>\n\n\n\n<p>El Presidente&nbsp;<strong>Andr\u00e9s Manuel L\u00f3pez Obrador<\/strong>afirm\u00f3 este viernes que el Tren Maya concluir\u00e1 su construcci\u00f3n&nbsp;<strong>a finales de 2023<\/strong>&nbsp;a pesar de los amparos interpuestos, algunos de los cuales est\u00e1n provocando suspensiones temporales en la construcci\u00f3n.&nbsp;<\/p>\n\n\n\n<p>&#8220;<strong>Piensan que porque tenemos el tiempo encima nos van a poner contra la pared, pues no, vamos a pedir a los jueces que nos resuelvan lo m\u00e1s pronto posible<\/strong>&#8220;, dijo L\u00f3pez Obrador\u00a0durante su &#8220;ma\u00f1anera&#8221;, esta vez desde Isla Mujeres, en el suroriental estado de Quintana Roo.<\/p>\n\n\n\n<p>&#8220;<strong>No nos rendimos a la primera<\/strong>&#8220;, agreg\u00f3 el Presidente.<\/p>\n\n\n\n<p>El jueves, un juzgado otorg\u00f3,\u00a0<strong>debido a riesgos por derrumbe de acu\u00edferos<\/strong>, cenotes y r\u00edos subterr\u00e1neos, una suspensi\u00f3n provisional contra las obras del tramo 5 del Tren Maya (que conectar\u00eda Canc\u00fan y Tulum).<\/p>\n\n\n\n<p>Esta<strong>\u00a0obra insignia<\/strong>\u00a0del gobierno de L\u00f3pez Obrador ya contaba, al menos, con\u00a0<strong>otra suspensi\u00f3n<\/strong>, otorgada el 18 de abril a un grupo de espele\u00f3logos, seg\u00fan destacan medios locales.<\/p>\n\n\n\n<p>&#8220;<strong>El tren no va a afectar cenotes\u00a0ni tampoco r\u00edos subterr\u00e1neos,&#8221;<\/strong>\u00a0consider\u00f3 L\u00f3pez Obrador, para luego a\u00f1adir que &#8220;esa es una invenci\u00f3n&#8221;.<\/p>\n\n\n\n<figure class=\"wp-block-embed is-type-rich is-provider-twitter wp-block-embed-twitter\"><div class=\"wp-block-embed__wrapper\">\n<blockquote class=\"twitter-tweet\" data-width=\"550\" data-dnt=\"true\"><p lang=\"es\" dir=\"ltr\">&quot;No va a afectar cenotes, no va a afectar r\u00edos&quot;<br><br>Afirma el presidente <a href=\"https:\/\/twitter.com\/lopezobrador_?ref_src=twsrc%5Etfw\">@lopezobrador_<\/a> sobre el <a href=\"https:\/\/twitter.com\/hashtag\/TrenMaya?src=hash&amp;ref_src=twsrc%5Etfw\">#TrenMaya<\/a> y explica las razones de escoger esa ruta para no afectar el ambiente <a href=\"https:\/\/t.co\/TWIHRR0xjp\">pic.twitter.com\/TWIHRR0xjp<\/a><\/p>&mdash; Ruido en la Red (@RuidoEnLaRed) <a href=\"https:\/\/twitter.com\/RuidoEnLaRed\/status\/1520035873336827904?ref_src=twsrc%5Etfw\">April 29, 2022<\/a><\/blockquote><script async src=\"https:\/\/platform.twitter.com\/widgets.js\" charset=\"utf-8\"><\/script>\n<\/div><\/figure>\n\n\n\n<p>Adem\u00e1s, el Presidente siempre argument\u00f3 que las personas que est\u00e1n en contra de la construcci\u00f3n del Tren Maya defienden&nbsp;<strong>intereses ocultos<\/strong>.<\/p>\n\n\n\n<p>&#8220;Hay una serie de intereses que no quieren que avancemos en la construcci\u00f3n del Tren Maya. No son los ejidatarios de esta zona, son intereses aqu\u00ed, donde hay m\u00e1s dinero.<strong>\u00a0Pero vamos avanzando y vamos a continuar haci\u00e9ndolo<\/strong>, hemos comentado a los aut\u00e9nticos ambientalistas que hablen con la gente&#8221;, continu\u00f3 el Presidente.<\/p>\n\n\n\n<figure class=\"wp-block-embed is-type-rich is-provider-twitter wp-block-embed-twitter\"><div class=\"wp-block-embed__wrapper\">\n<blockquote class=\"twitter-tweet\" data-width=\"550\" data-dnt=\"true\"><p lang=\"es\" dir=\"ltr\">&quot;Les entra por un o\u00eddo y les sale por el otro&quot;<br><br>Es lo que dice AMLO sobre su inversi\u00f3n en la reforestaci\u00f3n para construir el <a href=\"https:\/\/twitter.com\/hashtag\/TrenMaya?src=hash&amp;ref_src=twsrc%5Etfw\">#TrenMaya<\/a> y con su programa <a href=\"https:\/\/twitter.com\/hashtag\/SembrandoVida?src=hash&amp;ref_src=twsrc%5Etfw\">#SembrandoVida<\/a> <a href=\"https:\/\/t.co\/Muq8Jb4Vy4\">pic.twitter.com\/Muq8Jb4Vy4<\/a><\/p>&mdash; Ruido en la Red (@RuidoEnLaRed) <a href=\"https:\/\/twitter.com\/RuidoEnLaRed\/status\/1520027245263396864?ref_src=twsrc%5Etfw\">April 29, 2022<\/a><\/blockquote><script async src=\"https:\/\/platform.twitter.com\/widgets.js\" charset=\"utf-8\"><\/script>\n<\/div><\/figure>\n\n\n\n<h3 class=\"wp-block-heading\">Choque con ambientalistas y artistas&nbsp;<\/h3>\n\n\n\n<p>Recientemente, en esta lucha contra la construcci\u00f3n del Tren Maya en este tramo por la&nbsp;<strong>Riviera Maya<\/strong>, apareci\u00f3 la campa\u00f1a &#8220;<strong>S\u00e9lvame del Tren<\/strong>&#8220;, en la que&nbsp;<strong>participaron personalidades<\/strong>&nbsp;como Eugenio Derbez, Kate del Castillo, Omar Chaparro, B\u00e1rbara Mori o Natalia Lafourcade, entre otros.<\/p>\n\n\n\n<p>La semana pasada, L\u00f3pez Obrador dijo en un primer momento que esperaba reunirse con dicho grupo de artistas, y aunque ellos lo invitaron a debatir sobre el asunto en la zona del suspendido tramo 5 sur,\u00a0<strong>\u00e9l los invit\u00f3 al Palacio Nacional<\/strong>, donde reside.<\/p>\n\n\n\n<p>Finalmente, la mayor\u00eda acept\u00f3 el encuentro en el Palacio Nacional, pero el Presidente inform\u00f3 posteriormente de la&nbsp;<strong>suspensi\u00f3n del encuentro<\/strong>despu\u00e9s de que algunos de ellos dijesen p\u00fablicamente que no iban a participar.<\/p>\n\n\n\n<p>El Tren Maya es un proyecto prioritario para L\u00f3pez Obrador que, con una inversi\u00f3n de alrededor de&nbsp;<strong>200 mil millones de pesos (unos 9 mil 300 millones de d\u00f3lares), plantea construir cerca de mil 554 kil\u00f3metros<\/strong>&nbsp;de v\u00eda f\u00e9rrea en cinco estados del sureste del pa\u00eds: Chiapas, Tabasco, Campeche, Yucat\u00e1n y Quintana Roo.<\/p>\n\n\n\n<p>La obra no ha estado exenta de pol\u00e9mica y ha sido criticada por algunas\u00a0<strong>ONG\u00a0<\/strong>y colectivos ind\u00edgenas de la zona debido a su\u00a0<strong>impacto ambiental<\/strong>\u00a0en la regi\u00f3n.<\/p>\n\n\n\n<p>Con informaci\u00f3n de EFE<\/p>\n","protected":false},"excerpt":{"rendered":"<p>Por Redacci\u00f3n QP Esta obra insignia de\u00a0L\u00f3pez Obrador ya cuenta con al menos dos suspensiones&#8230;<\/p>\n","protected":false},"author":2,"featured_media":91954,"comment_status":"open","ping_status":"open","sticky":false,"template":"","format":"standard","meta":{"_monsterinsights_skip_tracking":false,"_monsterinsights_sitenote_active":false,"_monsterinsights_sitenote_note":"","_monsterinsights_sitenote_category":0,"footnotes":""},"categories":[2],"tags":[],"class_list":["post-91953","post","type-post","status-publish","format-standard","has-post-thumbnail","hentry","category-noticias"],"yoast_head":"<!-- This site is optimized with the Yoast SEO plugin v27.3 - https:\/\/yoast.com\/product\/yoast-seo-wordpress\/ -->\n<title>L\u00f3pez Obrador sostiene que Tren Maya finalizar\u00e1 en 2023\u00a0 -<\/title>\n<meta name=\"robots\" content=\"index, follow, max-snippet:-1, max-image-preview:large, max-video-preview:-1\" \/>\n<link rel=\"canonical\" href=\"https:\/\/quehacerpolitico.mx\/?p=91953\" \/>\n<meta property=\"og:locale\" content=\"es_MX\" \/>\n<meta property=\"og:type\" content=\"article\" \/>\n<meta property=\"og:title\" content=\"L\u00f3pez Obrador sostiene que Tren Maya finalizar\u00e1 en 2023\u00a0 -\" \/>\n<meta property=\"og:description\" content=\"Por Redacci\u00f3n QP Esta obra insignia de\u00a0L\u00f3pez Obrador ya cuenta con al menos dos suspensiones...\" \/>\n<meta property=\"og:url\" content=\"https:\/\/quehacerpolitico.mx\/?p=91953\" \/>\n<meta property=\"article:published_time\" content=\"2022-04-29T17:07:42+00:00\" \/>\n<meta property=\"article:modified_time\" content=\"2022-04-29T17:07:45+00:00\" \/>\n<meta property=\"og:image\" content=\"https:\/\/quehacerpolitico.mx\/wp-content\/uploads\/2022\/04\/49F9902A-8AF6-40D3-80DC-4F85F29CC298.jpeg\" \/>\n\t<meta property=\"og:image:width\" content=\"1284\" \/>\n\t<meta property=\"og:image:height\" content=\"699\" \/>\n\t<meta property=\"og:image:type\" content=\"image\/jpeg\" \/>\n<meta name=\"author\" content=\"Redacci\u00f3n QP\" \/>\n<meta name=\"twitter:card\" content=\"summary_large_image\" \/>\n<meta name=\"twitter:label1\" content=\"Escrito por\" \/>\n\t<meta name=\"twitter:data1\" content=\"Redacci\u00f3n QP\" \/>\n\t<meta name=\"twitter:label2\" content=\"Tiempo de lectura\" \/>\n\t<meta name=\"twitter:data2\" content=\"3 minutos\" \/>\n<script type=\"application\/ld+json\" class=\"yoast-schema-graph\">{\"@context\":\"https:\\\/\\\/schema.org\",\"@graph\":[{\"@type\":\"Article\",\"@id\":\"https:\\\/\\\/quehacerpolitico.mx\\\/?p=91953#article\",\"isPartOf\":{\"@id\":\"https:\\\/\\\/quehacerpolitico.mx\\\/?p=91953\"},\"author\":{\"name\":\"Redacci\u00f3n QP\",\"@id\":\"https:\\\/\\\/quehacerpolitico.mx\\\/#\\\/schema\\\/person\\\/496d8ad2d1d3f8036101dca7ee39e585\"},\"headline\":\"L\u00f3pez Obrador sostiene que Tren Maya finalizar\u00e1 en 2023\u00a0\",\"datePublished\":\"2022-04-29T17:07:42+00:00\",\"dateModified\":\"2022-04-29T17:07:45+00:00\",\"mainEntityOfPage\":{\"@id\":\"https:\\\/\\\/quehacerpolitico.mx\\\/?p=91953\"},\"wordCount\":585,\"commentCount\":0,\"image\":{\"@id\":\"https:\\\/\\\/quehacerpolitico.mx\\\/?p=91953#primaryimage\"},\"thumbnailUrl\":\"https:\\\/\\\/quehacerpolitico.mx\\\/wp-content\\\/uploads\\\/2022\\\/04\\\/49F9902A-8AF6-40D3-80DC-4F85F29CC298.jpeg\",\"articleSection\":[\"Noticias\"],\"inLanguage\":\"es\",\"potentialAction\":[{\"@type\":\"CommentAction\",\"name\":\"Comment\",\"target\":[\"https:\\\/\\\/quehacerpolitico.mx\\\/?p=91953#respond\"]}]},{\"@type\":\"WebPage\",\"@id\":\"https:\\\/\\\/quehacerpolitico.mx\\\/?p=91953\",\"url\":\"https:\\\/\\\/quehacerpolitico.mx\\\/?p=91953\",\"name\":\"L\u00f3pez Obrador sostiene que Tren Maya finalizar\u00e1 en 2023\u00a0 -\",\"isPartOf\":{\"@id\":\"https:\\\/\\\/quehacerpolitico.mx\\\/#website\"},\"primaryImageOfPage\":{\"@id\":\"https:\\\/\\\/quehacerpolitico.mx\\\/?p=91953#primaryimage\"},\"image\":{\"@id\":\"https:\\\/\\\/quehacerpolitico.mx\\\/?p=91953#primaryimage\"},\"thumbnailUrl\":\"https:\\\/\\\/quehacerpolitico.mx\\\/wp-content\\\/uploads\\\/2022\\\/04\\\/49F9902A-8AF6-40D3-80DC-4F85F29CC298.jpeg\",\"datePublished\":\"2022-04-29T17:07:42+00:00\",\"dateModified\":\"2022-04-29T17:07:45+00:00\",\"author\":{\"@id\":\"https:\\\/\\\/quehacerpolitico.mx\\\/#\\\/schema\\\/person\\\/496d8ad2d1d3f8036101dca7ee39e585\"},\"breadcrumb\":{\"@id\":\"https:\\\/\\\/quehacerpolitico.mx\\\/?p=91953#breadcrumb\"},\"inLanguage\":\"es\",\"potentialAction\":[{\"@type\":\"ReadAction\",\"target\":[\"https:\\\/\\\/quehacerpolitico.mx\\\/?p=91953\"]}]},{\"@type\":\"ImageObject\",\"inLanguage\":\"es\",\"@id\":\"https:\\\/\\\/quehacerpolitico.mx\\\/?p=91953#primaryimage\",\"url\":\"https:\\\/\\\/quehacerpolitico.mx\\\/wp-content\\\/uploads\\\/2022\\\/04\\\/49F9902A-8AF6-40D3-80DC-4F85F29CC298.jpeg\",\"contentUrl\":\"https:\\\/\\\/quehacerpolitico.mx\\\/wp-content\\\/uploads\\\/2022\\\/04\\\/49F9902A-8AF6-40D3-80DC-4F85F29CC298.jpeg\",\"width\":1284,\"height\":699},{\"@type\":\"BreadcrumbList\",\"@id\":\"https:\\\/\\\/quehacerpolitico.mx\\\/?p=91953#breadcrumb\",\"itemListElement\":[{\"@type\":\"ListItem\",\"position\":1,\"name\":\"Inicio\",\"item\":\"https:\\\/\\\/quehacerpolitico.mx\\\/\"},{\"@type\":\"ListItem\",\"position\":2,\"name\":\"L\u00f3pez Obrador sostiene que Tren Maya finalizar\u00e1 en 2023\u00a0\"}]},{\"@type\":\"WebSite\",\"@id\":\"https:\\\/\\\/quehacerpolitico.mx\\\/#website\",\"url\":\"https:\\\/\\\/quehacerpolitico.mx\\\/\",\"name\":\"\",\"description\":\"\",\"potentialAction\":[{\"@type\":\"SearchAction\",\"target\":{\"@type\":\"EntryPoint\",\"urlTemplate\":\"https:\\\/\\\/quehacerpolitico.mx\\\/?s={search_term_string}\"},\"query-input\":{\"@type\":\"PropertyValueSpecification\",\"valueRequired\":true,\"valueName\":\"search_term_string\"}}],\"inLanguage\":\"es\"},{\"@type\":\"Person\",\"@id\":\"https:\\\/\\\/quehacerpolitico.mx\\\/#\\\/schema\\\/person\\\/496d8ad2d1d3f8036101dca7ee39e585\",\"name\":\"Redacci\u00f3n QP\",\"image\":{\"@type\":\"ImageObject\",\"inLanguage\":\"es\",\"@id\":\"https:\\\/\\\/secure.gravatar.com\\\/avatar\\\/c7164ed6fdec453195284ad24a5ae5b6e1eed2b848477fa2a4787ba9adf39a41?s=96&d=mm&r=g\",\"url\":\"https:\\\/\\\/secure.gravatar.com\\\/avatar\\\/c7164ed6fdec453195284ad24a5ae5b6e1eed2b848477fa2a4787ba9adf39a41?s=96&d=mm&r=g\",\"contentUrl\":\"https:\\\/\\\/secure.gravatar.com\\\/avatar\\\/c7164ed6fdec453195284ad24a5ae5b6e1eed2b848477fa2a4787ba9adf39a41?s=96&d=mm&r=g\",\"caption\":\"Redacci\u00f3n QP\"},\"url\":\"https:\\\/\\\/quehacerpolitico.mx\\\/?author=2\"}]}<\/script>\n<!-- \/ Yoast SEO plugin. -->","yoast_head_json":{"title":"L\u00f3pez Obrador sostiene que Tren Maya finalizar\u00e1 en 2023\u00a0 -","robots":{"index":"index","follow":"follow","max-snippet":"max-snippet:-1","max-image-preview":"max-image-preview:large","max-video-preview":"max-video-preview:-1"},"canonical":"https:\/\/quehacerpolitico.mx\/?p=91953","og_locale":"es_MX","og_type":"article","og_title":"L\u00f3pez Obrador sostiene que Tren Maya finalizar\u00e1 en 2023\u00a0 -","og_description":"Por Redacci\u00f3n QP Esta obra insignia de\u00a0L\u00f3pez Obrador ya cuenta con al menos dos suspensiones...","og_url":"https:\/\/quehacerpolitico.mx\/?p=91953","article_published_time":"2022-04-29T17:07:42+00:00","article_modified_time":"2022-04-29T17:07:45+00:00","og_image":[{"width":1284,"height":699,"url":"https:\/\/quehacerpolitico.mx\/wp-content\/uploads\/2022\/04\/49F9902A-8AF6-40D3-80DC-4F85F29CC298.jpeg","type":"image\/jpeg"}],"author":"Redacci\u00f3n QP","twitter_card":"summary_large_image","twitter_misc":{"Escrito por":"Redacci\u00f3n QP","Tiempo de lectura":"3 minutos"},"schema":{"@context":"https:\/\/schema.org","@graph":[{"@type":"Article","@id":"https:\/\/quehacerpolitico.mx\/?p=91953#article","isPartOf":{"@id":"https:\/\/quehacerpolitico.mx\/?p=91953"},"author":{"name":"Redacci\u00f3n QP","@id":"https:\/\/quehacerpolitico.mx\/#\/schema\/person\/496d8ad2d1d3f8036101dca7ee39e585"},"headline":"L\u00f3pez Obrador sostiene que Tren Maya finalizar\u00e1 en 2023\u00a0","datePublished":"2022-04-29T17:07:42+00:00","dateModified":"2022-04-29T17:07:45+00:00","mainEntityOfPage":{"@id":"https:\/\/quehacerpolitico.mx\/?p=91953"},"wordCount":585,"commentCount":0,"image":{"@id":"https:\/\/quehacerpolitico.mx\/?p=91953#primaryimage"},"thumbnailUrl":"https:\/\/quehacerpolitico.mx\/wp-content\/uploads\/2022\/04\/49F9902A-8AF6-40D3-80DC-4F85F29CC298.jpeg","articleSection":["Noticias"],"inLanguage":"es","potentialAction":[{"@type":"CommentAction","name":"Comment","target":["https:\/\/quehacerpolitico.mx\/?p=91953#respond"]}]},{"@type":"WebPage","@id":"https:\/\/quehacerpolitico.mx\/?p=91953","url":"https:\/\/quehacerpolitico.mx\/?p=91953","name":"L\u00f3pez Obrador sostiene que Tren Maya finalizar\u00e1 en 2023\u00a0 -","isPartOf":{"@id":"https:\/\/quehacerpolitico.mx\/#website"},"primaryImageOfPage":{"@id":"https:\/\/quehacerpolitico.mx\/?p=91953#primaryimage"},"image":{"@id":"https:\/\/quehacerpolitico.mx\/?p=91953#primaryimage"},"thumbnailUrl":"https:\/\/quehacerpolitico.mx\/wp-content\/uploads\/2022\/04\/49F9902A-8AF6-40D3-80DC-4F85F29CC298.jpeg","datePublished":"2022-04-29T17:07:42+00:00","dateModified":"2022-04-29T17:07:45+00:00","author":{"@id":"https:\/\/quehacerpolitico.mx\/#\/schema\/person\/496d8ad2d1d3f8036101dca7ee39e585"},"breadcrumb":{"@id":"https:\/\/quehacerpolitico.mx\/?p=91953#breadcrumb"},"inLanguage":"es","potentialAction":[{"@type":"ReadAction","target":["https:\/\/quehacerpolitico.mx\/?p=91953"]}]},{"@type":"ImageObject","inLanguage":"es","@id":"https:\/\/quehacerpolitico.mx\/?p=91953#primaryimage","url":"https:\/\/quehacerpolitico.mx\/wp-content\/uploads\/2022\/04\/49F9902A-8AF6-40D3-80DC-4F85F29CC298.jpeg","contentUrl":"https:\/\/quehacerpolitico.mx\/wp-content\/uploads\/2022\/04\/49F9902A-8AF6-40D3-80DC-4F85F29CC298.jpeg","width":1284,"height":699},{"@type":"BreadcrumbList","@id":"https:\/\/quehacerpolitico.mx\/?p=91953#breadcrumb","itemListElement":[{"@type":"ListItem","position":1,"name":"Inicio","item":"https:\/\/quehacerpolitico.mx\/"},{"@type":"ListItem","position":2,"name":"L\u00f3pez Obrador sostiene que Tren Maya finalizar\u00e1 en 2023\u00a0"}]},{"@type":"WebSite","@id":"https:\/\/quehacerpolitico.mx\/#website","url":"https:\/\/quehacerpolitico.mx\/","name":"","description":"","potentialAction":[{"@type":"SearchAction","target":{"@type":"EntryPoint","urlTemplate":"https:\/\/quehacerpolitico.mx\/?s={search_term_string}"},"query-input":{"@type":"PropertyValueSpecification","valueRequired":true,"valueName":"search_term_string"}}],"inLanguage":"es"},{"@type":"Person","@id":"https:\/\/quehacerpolitico.mx\/#\/schema\/person\/496d8ad2d1d3f8036101dca7ee39e585","name":"Redacci\u00f3n QP","image":{"@type":"ImageObject","inLanguage":"es","@id":"https:\/\/secure.gravatar.com\/avatar\/c7164ed6fdec453195284ad24a5ae5b6e1eed2b848477fa2a4787ba9adf39a41?s=96&d=mm&r=g","url":"https:\/\/secure.gravatar.com\/avatar\/c7164ed6fdec453195284ad24a5ae5b6e1eed2b848477fa2a4787ba9adf39a41?s=96&d=mm&r=g","contentUrl":"https:\/\/secure.gravatar.com\/avatar\/c7164ed6fdec453195284ad24a5ae5b6e1eed2b848477fa2a4787ba9adf39a41?s=96&d=mm&r=g","caption":"Redacci\u00f3n QP"},"url":"https:\/\/quehacerpolitico.mx\/?author=2"}]}},"featured_image_urls":{"full":["https:\/\/quehacerpolitico.mx\/wp-content\/uploads\/2022\/04\/49F9902A-8AF6-40D3-80DC-4F85F29CC298.jpeg",1284,699,false],"thumbnail":["https:\/\/quehacerpolitico.mx\/wp-content\/uploads\/2022\/04\/49F9902A-8AF6-40D3-80DC-4F85F29CC298-150x150.jpeg",150,150,true],"medium":["https:\/\/quehacerpolitico.mx\/wp-content\/uploads\/2022\/04\/49F9902A-8AF6-40D3-80DC-4F85F29CC298-300x163.jpeg",300,163,true],"medium_large":["https:\/\/quehacerpolitico.mx\/wp-content\/uploads\/2022\/04\/49F9902A-8AF6-40D3-80DC-4F85F29CC298-768x418.jpeg",640,348,true],"large":["https:\/\/quehacerpolitico.mx\/wp-content\/uploads\/2022\/04\/49F9902A-8AF6-40D3-80DC-4F85F29CC298-1024x557.jpeg",640,348,true],"1536x1536":["https:\/\/quehacerpolitico.mx\/wp-content\/uploads\/2022\/04\/49F9902A-8AF6-40D3-80DC-4F85F29CC298.jpeg",1284,699,false],"2048x2048":["https:\/\/quehacerpolitico.mx\/wp-content\/uploads\/2022\/04\/49F9902A-8AF6-40D3-80DC-4F85F29CC298.jpeg",1284,699,false],"covernews-featured":["https:\/\/quehacerpolitico.mx\/wp-content\/uploads\/2022\/04\/49F9902A-8AF6-40D3-80DC-4F85F29CC298.jpeg",1024,557,false],"covernews-medium":["https:\/\/quehacerpolitico.mx\/wp-content\/uploads\/2022\/04\/49F9902A-8AF6-40D3-80DC-4F85F29CC298.jpeg",540,294,false]},"author_info":{"display_name":"Redacci\u00f3n QP","author_link":"https:\/\/quehacerpolitico.mx\/?author=2"},"category_info":"<a href=\"https:\/\/quehacerpolitico.mx\/?cat=2\" rel=\"category\">Noticias<\/a>","tag_info":"Noticias","comment_count":"0","_links":{"self":[{"href":"https:\/\/quehacerpolitico.mx\/index.php?rest_route=\/wp\/v2\/posts\/91953","targetHints":{"allow":["GET"]}}],"collection":[{"href":"https:\/\/quehacerpolitico.mx\/index.php?rest_route=\/wp\/v2\/posts"}],"about":[{"href":"https:\/\/quehacerpolitico.mx\/index.php?rest_route=\/wp\/v2\/types\/post"}],"author":[{"embeddable":true,"href":"https:\/\/quehacerpolitico.mx\/index.php?rest_route=\/wp\/v2\/users\/2"}],"replies":[{"embeddable":true,"href":"https:\/\/quehacerpolitico.mx\/index.php?rest_route=%2Fwp%2Fv2%2Fcomments&post=91953"}],"version-history":[{"count":1,"href":"https:\/\/quehacerpolitico.mx\/index.php?rest_route=\/wp\/v2\/posts\/91953\/revisions"}],"predecessor-version":[{"id":91955,"href":"https:\/\/quehacerpolitico.mx\/index.php?rest_route=\/wp\/v2\/posts\/91953\/revisions\/91955"}],"wp:featuredmedia":[{"embeddable":true,"href":"https:\/\/quehacerpolitico.mx\/index.php?rest_route=\/wp\/v2\/media\/91954"}],"wp:attachment":[{"href":"https:\/\/quehacerpolitico.mx\/index.php?rest_route=%2Fwp%2Fv2%2Fmedia&parent=91953"}],"wp:term":[{"taxonomy":"category","embeddable":true,"href":"https:\/\/quehacerpolitico.mx\/index.php?rest_route=%2Fwp%2Fv2%2Fcategories&post=91953"},{"taxonomy":"post_tag","embeddable":true,"href":"https:\/\/quehacerpolitico.mx\/index.php?rest_route=%2Fwp%2Fv2%2Ftags&post=91953"}],"curies":[{"name":"wp","href":"https:\/\/api.w.org\/{rel}","templated":true}]}}