{"id":91947,"date":"2022-04-29T16:09:08","date_gmt":"2022-04-29T16:09:08","guid":{"rendered":"https:\/\/quehacerpolitico.mx\/?p=91947"},"modified":"2022-04-29T16:09:11","modified_gmt":"2022-04-29T16:09:11","slug":"lopez-obrador-amaga-con-la-expropiacion-para-terrenos-del-tren-maya","status":"publish","type":"post","link":"https:\/\/quehacerpolitico.mx\/?p=91947","title":{"rendered":"L\u00f3pez Obrador amaga con la expropiaci\u00f3n para terrenos del Tren Maya\u00a0"},"content":{"rendered":"\n<p>Por Redacci\u00f3n QP<\/p>\n\n\n\n<p>L\u00f3pez Obrador manifiesta que los due\u00f1os de estos terrenos piensan que porque se tiene el tiempo encima &#8220;nos van a poner en contra la pared&#8221;<\/p>\n\n\n\n<figure class=\"wp-block-embed is-type-video is-provider-youtube wp-block-embed-youtube wp-embed-aspect-16-9 wp-has-aspect-ratio\"><div class=\"wp-block-embed__wrapper\">\n<iframe loading=\"lazy\" title=\"AMLO amaga con hacer valer la expropiaci\u00f3n en donde haya abusos en el precio de terrenos para Tren\" width=\"640\" height=\"360\" src=\"https:\/\/www.youtube.com\/embed\/7FwjPor-y7Y?feature=oembed\" frameborder=\"0\" allow=\"accelerometer; autoplay; clipboard-write; encrypted-media; gyroscope; picture-in-picture; web-share\" referrerpolicy=\"strict-origin-when-cross-origin\" allowfullscreen><\/iframe>\n<\/div><\/figure>\n\n\n\n<p>El Presidente\u00a0Andres Manuel Lopez Obrador aseguro que hay\u00a0<strong>empresas inmobiliarias due\u00f1as de terrenos<\/strong>\u00a0por donde se busca que pase el Tren Maya, que\u00a0<strong>no est\u00e1n aceptando los aval\u00faos y quieren sacar raja y buscan cobrar much\u00edsimo por ellos<\/strong>, por lo que revel\u00f3 que orden\u00f3 de que se haga\u00a0<strong>valer la expropiaci\u00f3n por utilidad p\u00fablica y que se pague a precio comercial<\/strong>.<\/p>\n\n\n\n<p>En conferencia de prensa \u201dma\u00f1anera\u201d, L\u00f3pez Obrador manifest\u00f3 que los due\u00f1os de estos terrenos\u00a0<strong>piensan que porque se tiene el tiempo encima &#8220;nos van a poner en contra la pared&#8221;<\/strong>, pero asegur\u00f3 que aunque le lleve m\u00e1s tiempo, dejar\u00e1 este tema hasta el final y<strong>\u00a0pedir\u00e1 a jueces que resuelvan los m\u00e1s pronto posible<\/strong>\u00a0en caso de que\u00a0interpongan amparos por estas expropiaciones.<\/p>\n\n\n\n<p>&#8220;Empezaron a acaparar la tierra, a especular, ya son empresas inmobiliarias. Hay incluso casos en donde no aceptan los aval\u00faos y quieren sacar raja, quieren sacar raja, cobrar much\u00edsimo. Ya di la instrucci\u00f3n de que donde hay esos abusos, pues se haga valer la expropiaci\u00f3n por utilidad p\u00fablica y que se pague la indemnizaci\u00f3n al precio comercial, pero no m\u00e1s, porque son ventajosos&#8221;.<\/p>\n\n\n\n<p>&#8220;Est\u00e1n acostumbrados a robar, y piensan que porque tenemos el tiempo encima nos van a poner encontrar de la pared, pues no, aunque nos lleve tiempo, lo vamos dejar hasta el final y vamos a pedir a los jueces que nos resuelvan lo m\u00e1s pronto posible, tanto en el caso que haya amparos o que se vayan amparando por expropiaciones con la justificaci\u00f3n de utilidad p\u00fablica, porque es una obra important\u00edsima, son 105 mil empleos&#8221;, dijo.<\/p>\n\n\n\n<p>Con informaci\u00f3n de SUN<\/p>\n","protected":false},"excerpt":{"rendered":"<p>Por Redacci\u00f3n QP L\u00f3pez Obrador manifiesta que los due\u00f1os de estos terrenos piensan que porque&#8230;<\/p>\n","protected":false},"author":2,"featured_media":91948,"comment_status":"open","ping_status":"open","sticky":false,"template":"","format":"standard","meta":{"_monsterinsights_skip_tracking":false,"_monsterinsights_sitenote_active":false,"_monsterinsights_sitenote_note":"","_monsterinsights_sitenote_category":0,"footnotes":""},"categories":[2],"tags":[],"class_list":["post-91947","post","type-post","status-publish","format-standard","has-post-thumbnail","hentry","category-noticias"],"yoast_head":"<!-- This site is optimized with the Yoast SEO plugin v27.3 - https:\/\/yoast.com\/product\/yoast-seo-wordpress\/ -->\n<title>L\u00f3pez Obrador amaga con la expropiaci\u00f3n para terrenos del Tren Maya\u00a0 -<\/title>\n<meta name=\"robots\" content=\"index, follow, max-snippet:-1, max-image-preview:large, max-video-preview:-1\" \/>\n<link rel=\"canonical\" href=\"https:\/\/quehacerpolitico.mx\/?p=91947\" \/>\n<meta property=\"og:locale\" content=\"es_MX\" \/>\n<meta property=\"og:type\" content=\"article\" \/>\n<meta property=\"og:title\" content=\"L\u00f3pez Obrador amaga con la expropiaci\u00f3n para terrenos del Tren Maya\u00a0 -\" \/>\n<meta property=\"og:description\" content=\"Por Redacci\u00f3n QP L\u00f3pez Obrador manifiesta que los due\u00f1os de estos terrenos piensan que porque...\" \/>\n<meta property=\"og:url\" content=\"https:\/\/quehacerpolitico.mx\/?p=91947\" \/>\n<meta property=\"article:published_time\" content=\"2022-04-29T16:09:08+00:00\" \/>\n<meta property=\"article:modified_time\" content=\"2022-04-29T16:09:11+00:00\" \/>\n<meta property=\"og:image\" content=\"https:\/\/quehacerpolitico.mx\/wp-content\/uploads\/2022\/04\/8EACA762-C8EB-4694-A80B-7E8E55EB7CDE.jpeg\" \/>\n\t<meta property=\"og:image:width\" content=\"959\" \/>\n\t<meta property=\"og:image:height\" content=\"688\" \/>\n\t<meta property=\"og:image:type\" content=\"image\/jpeg\" \/>\n<meta name=\"author\" content=\"Redacci\u00f3n QP\" \/>\n<meta name=\"twitter:card\" content=\"summary_large_image\" \/>\n<meta name=\"twitter:label1\" content=\"Escrito por\" \/>\n\t<meta name=\"twitter:data1\" content=\"Redacci\u00f3n QP\" \/>\n\t<meta name=\"twitter:label2\" content=\"Tiempo de lectura\" \/>\n\t<meta name=\"twitter:data2\" content=\"2 minutos\" \/>\n<script type=\"application\/ld+json\" class=\"yoast-schema-graph\">{\"@context\":\"https:\\\/\\\/schema.org\",\"@graph\":[{\"@type\":\"Article\",\"@id\":\"https:\\\/\\\/quehacerpolitico.mx\\\/?p=91947#article\",\"isPartOf\":{\"@id\":\"https:\\\/\\\/quehacerpolitico.mx\\\/?p=91947\"},\"author\":{\"name\":\"Redacci\u00f3n QP\",\"@id\":\"https:\\\/\\\/quehacerpolitico.mx\\\/#\\\/schema\\\/person\\\/496d8ad2d1d3f8036101dca7ee39e585\"},\"headline\":\"L\u00f3pez Obrador amaga con la expropiaci\u00f3n para terrenos del Tren Maya\u00a0\",\"datePublished\":\"2022-04-29T16:09:08+00:00\",\"dateModified\":\"2022-04-29T16:09:11+00:00\",\"mainEntityOfPage\":{\"@id\":\"https:\\\/\\\/quehacerpolitico.mx\\\/?p=91947\"},\"wordCount\":340,\"commentCount\":0,\"image\":{\"@id\":\"https:\\\/\\\/quehacerpolitico.mx\\\/?p=91947#primaryimage\"},\"thumbnailUrl\":\"https:\\\/\\\/quehacerpolitico.mx\\\/wp-content\\\/uploads\\\/2022\\\/04\\\/8EACA762-C8EB-4694-A80B-7E8E55EB7CDE.jpeg\",\"articleSection\":[\"Noticias\"],\"inLanguage\":\"es\",\"potentialAction\":[{\"@type\":\"CommentAction\",\"name\":\"Comment\",\"target\":[\"https:\\\/\\\/quehacerpolitico.mx\\\/?p=91947#respond\"]}]},{\"@type\":\"WebPage\",\"@id\":\"https:\\\/\\\/quehacerpolitico.mx\\\/?p=91947\",\"url\":\"https:\\\/\\\/quehacerpolitico.mx\\\/?p=91947\",\"name\":\"L\u00f3pez Obrador amaga con la expropiaci\u00f3n para terrenos del Tren Maya\u00a0 -\",\"isPartOf\":{\"@id\":\"https:\\\/\\\/quehacerpolitico.mx\\\/#website\"},\"primaryImageOfPage\":{\"@id\":\"https:\\\/\\\/quehacerpolitico.mx\\\/?p=91947#primaryimage\"},\"image\":{\"@id\":\"https:\\\/\\\/quehacerpolitico.mx\\\/?p=91947#primaryimage\"},\"thumbnailUrl\":\"https:\\\/\\\/quehacerpolitico.mx\\\/wp-content\\\/uploads\\\/2022\\\/04\\\/8EACA762-C8EB-4694-A80B-7E8E55EB7CDE.jpeg\",\"datePublished\":\"2022-04-29T16:09:08+00:00\",\"dateModified\":\"2022-04-29T16:09:11+00:00\",\"author\":{\"@id\":\"https:\\\/\\\/quehacerpolitico.mx\\\/#\\\/schema\\\/person\\\/496d8ad2d1d3f8036101dca7ee39e585\"},\"breadcrumb\":{\"@id\":\"https:\\\/\\\/quehacerpolitico.mx\\\/?p=91947#breadcrumb\"},\"inLanguage\":\"es\",\"potentialAction\":[{\"@type\":\"ReadAction\",\"target\":[\"https:\\\/\\\/quehacerpolitico.mx\\\/?p=91947\"]}]},{\"@type\":\"ImageObject\",\"inLanguage\":\"es\",\"@id\":\"https:\\\/\\\/quehacerpolitico.mx\\\/?p=91947#primaryimage\",\"url\":\"https:\\\/\\\/quehacerpolitico.mx\\\/wp-content\\\/uploads\\\/2022\\\/04\\\/8EACA762-C8EB-4694-A80B-7E8E55EB7CDE.jpeg\",\"contentUrl\":\"https:\\\/\\\/quehacerpolitico.mx\\\/wp-content\\\/uploads\\\/2022\\\/04\\\/8EACA762-C8EB-4694-A80B-7E8E55EB7CDE.jpeg\",\"width\":959,\"height\":688},{\"@type\":\"BreadcrumbList\",\"@id\":\"https:\\\/\\\/quehacerpolitico.mx\\\/?p=91947#breadcrumb\",\"itemListElement\":[{\"@type\":\"ListItem\",\"position\":1,\"name\":\"Inicio\",\"item\":\"https:\\\/\\\/quehacerpolitico.mx\\\/\"},{\"@type\":\"ListItem\",\"position\":2,\"name\":\"L\u00f3pez Obrador amaga con la expropiaci\u00f3n para terrenos del Tren Maya\u00a0\"}]},{\"@type\":\"WebSite\",\"@id\":\"https:\\\/\\\/quehacerpolitico.mx\\\/#website\",\"url\":\"https:\\\/\\\/quehacerpolitico.mx\\\/\",\"name\":\"\",\"description\":\"\",\"potentialAction\":[{\"@type\":\"SearchAction\",\"target\":{\"@type\":\"EntryPoint\",\"urlTemplate\":\"https:\\\/\\\/quehacerpolitico.mx\\\/?s={search_term_string}\"},\"query-input\":{\"@type\":\"PropertyValueSpecification\",\"valueRequired\":true,\"valueName\":\"search_term_string\"}}],\"inLanguage\":\"es\"},{\"@type\":\"Person\",\"@id\":\"https:\\\/\\\/quehacerpolitico.mx\\\/#\\\/schema\\\/person\\\/496d8ad2d1d3f8036101dca7ee39e585\",\"name\":\"Redacci\u00f3n QP\",\"image\":{\"@type\":\"ImageObject\",\"inLanguage\":\"es\",\"@id\":\"https:\\\/\\\/secure.gravatar.com\\\/avatar\\\/c7164ed6fdec453195284ad24a5ae5b6e1eed2b848477fa2a4787ba9adf39a41?s=96&d=mm&r=g\",\"url\":\"https:\\\/\\\/secure.gravatar.com\\\/avatar\\\/c7164ed6fdec453195284ad24a5ae5b6e1eed2b848477fa2a4787ba9adf39a41?s=96&d=mm&r=g\",\"contentUrl\":\"https:\\\/\\\/secure.gravatar.com\\\/avatar\\\/c7164ed6fdec453195284ad24a5ae5b6e1eed2b848477fa2a4787ba9adf39a41?s=96&d=mm&r=g\",\"caption\":\"Redacci\u00f3n QP\"},\"url\":\"https:\\\/\\\/quehacerpolitico.mx\\\/?author=2\"}]}<\/script>\n<!-- \/ Yoast SEO plugin. -->","yoast_head_json":{"title":"L\u00f3pez Obrador amaga con la expropiaci\u00f3n para terrenos del Tren Maya\u00a0 -","robots":{"index":"index","follow":"follow","max-snippet":"max-snippet:-1","max-image-preview":"max-image-preview:large","max-video-preview":"max-video-preview:-1"},"canonical":"https:\/\/quehacerpolitico.mx\/?p=91947","og_locale":"es_MX","og_type":"article","og_title":"L\u00f3pez Obrador amaga con la expropiaci\u00f3n para terrenos del Tren Maya\u00a0 -","og_description":"Por Redacci\u00f3n QP L\u00f3pez Obrador manifiesta que los due\u00f1os de estos terrenos piensan que porque...","og_url":"https:\/\/quehacerpolitico.mx\/?p=91947","article_published_time":"2022-04-29T16:09:08+00:00","article_modified_time":"2022-04-29T16:09:11+00:00","og_image":[{"width":959,"height":688,"url":"https:\/\/quehacerpolitico.mx\/wp-content\/uploads\/2022\/04\/8EACA762-C8EB-4694-A80B-7E8E55EB7CDE.jpeg","type":"image\/jpeg"}],"author":"Redacci\u00f3n QP","twitter_card":"summary_large_image","twitter_misc":{"Escrito por":"Redacci\u00f3n QP","Tiempo de lectura":"2 minutos"},"schema":{"@context":"https:\/\/schema.org","@graph":[{"@type":"Article","@id":"https:\/\/quehacerpolitico.mx\/?p=91947#article","isPartOf":{"@id":"https:\/\/quehacerpolitico.mx\/?p=91947"},"author":{"name":"Redacci\u00f3n QP","@id":"https:\/\/quehacerpolitico.mx\/#\/schema\/person\/496d8ad2d1d3f8036101dca7ee39e585"},"headline":"L\u00f3pez Obrador amaga con la expropiaci\u00f3n para terrenos del Tren Maya\u00a0","datePublished":"2022-04-29T16:09:08+00:00","dateModified":"2022-04-29T16:09:11+00:00","mainEntityOfPage":{"@id":"https:\/\/quehacerpolitico.mx\/?p=91947"},"wordCount":340,"commentCount":0,"image":{"@id":"https:\/\/quehacerpolitico.mx\/?p=91947#primaryimage"},"thumbnailUrl":"https:\/\/quehacerpolitico.mx\/wp-content\/uploads\/2022\/04\/8EACA762-C8EB-4694-A80B-7E8E55EB7CDE.jpeg","articleSection":["Noticias"],"inLanguage":"es","potentialAction":[{"@type":"CommentAction","name":"Comment","target":["https:\/\/quehacerpolitico.mx\/?p=91947#respond"]}]},{"@type":"WebPage","@id":"https:\/\/quehacerpolitico.mx\/?p=91947","url":"https:\/\/quehacerpolitico.mx\/?p=91947","name":"L\u00f3pez Obrador amaga con la expropiaci\u00f3n para terrenos del Tren Maya\u00a0 -","isPartOf":{"@id":"https:\/\/quehacerpolitico.mx\/#website"},"primaryImageOfPage":{"@id":"https:\/\/quehacerpolitico.mx\/?p=91947#primaryimage"},"image":{"@id":"https:\/\/quehacerpolitico.mx\/?p=91947#primaryimage"},"thumbnailUrl":"https:\/\/quehacerpolitico.mx\/wp-content\/uploads\/2022\/04\/8EACA762-C8EB-4694-A80B-7E8E55EB7CDE.jpeg","datePublished":"2022-04-29T16:09:08+00:00","dateModified":"2022-04-29T16:09:11+00:00","author":{"@id":"https:\/\/quehacerpolitico.mx\/#\/schema\/person\/496d8ad2d1d3f8036101dca7ee39e585"},"breadcrumb":{"@id":"https:\/\/quehacerpolitico.mx\/?p=91947#breadcrumb"},"inLanguage":"es","potentialAction":[{"@type":"ReadAction","target":["https:\/\/quehacerpolitico.mx\/?p=91947"]}]},{"@type":"ImageObject","inLanguage":"es","@id":"https:\/\/quehacerpolitico.mx\/?p=91947#primaryimage","url":"https:\/\/quehacerpolitico.mx\/wp-content\/uploads\/2022\/04\/8EACA762-C8EB-4694-A80B-7E8E55EB7CDE.jpeg","contentUrl":"https:\/\/quehacerpolitico.mx\/wp-content\/uploads\/2022\/04\/8EACA762-C8EB-4694-A80B-7E8E55EB7CDE.jpeg","width":959,"height":688},{"@type":"BreadcrumbList","@id":"https:\/\/quehacerpolitico.mx\/?p=91947#breadcrumb","itemListElement":[{"@type":"ListItem","position":1,"name":"Inicio","item":"https:\/\/quehacerpolitico.mx\/"},{"@type":"ListItem","position":2,"name":"L\u00f3pez Obrador amaga con la expropiaci\u00f3n para terrenos del Tren Maya\u00a0"}]},{"@type":"WebSite","@id":"https:\/\/quehacerpolitico.mx\/#website","url":"https:\/\/quehacerpolitico.mx\/","name":"","description":"","potentialAction":[{"@type":"SearchAction","target":{"@type":"EntryPoint","urlTemplate":"https:\/\/quehacerpolitico.mx\/?s={search_term_string}"},"query-input":{"@type":"PropertyValueSpecification","valueRequired":true,"valueName":"search_term_string"}}],"inLanguage":"es"},{"@type":"Person","@id":"https:\/\/quehacerpolitico.mx\/#\/schema\/person\/496d8ad2d1d3f8036101dca7ee39e585","name":"Redacci\u00f3n QP","image":{"@type":"ImageObject","inLanguage":"es","@id":"https:\/\/secure.gravatar.com\/avatar\/c7164ed6fdec453195284ad24a5ae5b6e1eed2b848477fa2a4787ba9adf39a41?s=96&d=mm&r=g","url":"https:\/\/secure.gravatar.com\/avatar\/c7164ed6fdec453195284ad24a5ae5b6e1eed2b848477fa2a4787ba9adf39a41?s=96&d=mm&r=g","contentUrl":"https:\/\/secure.gravatar.com\/avatar\/c7164ed6fdec453195284ad24a5ae5b6e1eed2b848477fa2a4787ba9adf39a41?s=96&d=mm&r=g","caption":"Redacci\u00f3n QP"},"url":"https:\/\/quehacerpolitico.mx\/?author=2"}]}},"featured_image_urls":{"full":["https:\/\/quehacerpolitico.mx\/wp-content\/uploads\/2022\/04\/8EACA762-C8EB-4694-A80B-7E8E55EB7CDE.jpeg",959,688,false],"thumbnail":["https:\/\/quehacerpolitico.mx\/wp-content\/uploads\/2022\/04\/8EACA762-C8EB-4694-A80B-7E8E55EB7CDE-150x150.jpeg",150,150,true],"medium":["https:\/\/quehacerpolitico.mx\/wp-content\/uploads\/2022\/04\/8EACA762-C8EB-4694-A80B-7E8E55EB7CDE-300x215.jpeg",300,215,true],"medium_large":["https:\/\/quehacerpolitico.mx\/wp-content\/uploads\/2022\/04\/8EACA762-C8EB-4694-A80B-7E8E55EB7CDE-768x551.jpeg",640,459,true],"large":["https:\/\/quehacerpolitico.mx\/wp-content\/uploads\/2022\/04\/8EACA762-C8EB-4694-A80B-7E8E55EB7CDE.jpeg",640,459,false],"1536x1536":["https:\/\/quehacerpolitico.mx\/wp-content\/uploads\/2022\/04\/8EACA762-C8EB-4694-A80B-7E8E55EB7CDE.jpeg",959,688,false],"2048x2048":["https:\/\/quehacerpolitico.mx\/wp-content\/uploads\/2022\/04\/8EACA762-C8EB-4694-A80B-7E8E55EB7CDE.jpeg",959,688,false],"covernews-featured":["https:\/\/quehacerpolitico.mx\/wp-content\/uploads\/2022\/04\/8EACA762-C8EB-4694-A80B-7E8E55EB7CDE.jpeg",959,688,false],"covernews-medium":["https:\/\/quehacerpolitico.mx\/wp-content\/uploads\/2022\/04\/8EACA762-C8EB-4694-A80B-7E8E55EB7CDE.jpeg",474,340,false]},"author_info":{"display_name":"Redacci\u00f3n QP","author_link":"https:\/\/quehacerpolitico.mx\/?author=2"},"category_info":"<a href=\"https:\/\/quehacerpolitico.mx\/?cat=2\" rel=\"category\">Noticias<\/a>","tag_info":"Noticias","comment_count":"0","_links":{"self":[{"href":"https:\/\/quehacerpolitico.mx\/index.php?rest_route=\/wp\/v2\/posts\/91947","targetHints":{"allow":["GET"]}}],"collection":[{"href":"https:\/\/quehacerpolitico.mx\/index.php?rest_route=\/wp\/v2\/posts"}],"about":[{"href":"https:\/\/quehacerpolitico.mx\/index.php?rest_route=\/wp\/v2\/types\/post"}],"author":[{"embeddable":true,"href":"https:\/\/quehacerpolitico.mx\/index.php?rest_route=\/wp\/v2\/users\/2"}],"replies":[{"embeddable":true,"href":"https:\/\/quehacerpolitico.mx\/index.php?rest_route=%2Fwp%2Fv2%2Fcomments&post=91947"}],"version-history":[{"count":1,"href":"https:\/\/quehacerpolitico.mx\/index.php?rest_route=\/wp\/v2\/posts\/91947\/revisions"}],"predecessor-version":[{"id":91949,"href":"https:\/\/quehacerpolitico.mx\/index.php?rest_route=\/wp\/v2\/posts\/91947\/revisions\/91949"}],"wp:featuredmedia":[{"embeddable":true,"href":"https:\/\/quehacerpolitico.mx\/index.php?rest_route=\/wp\/v2\/media\/91948"}],"wp:attachment":[{"href":"https:\/\/quehacerpolitico.mx\/index.php?rest_route=%2Fwp%2Fv2%2Fmedia&parent=91947"}],"wp:term":[{"taxonomy":"category","embeddable":true,"href":"https:\/\/quehacerpolitico.mx\/index.php?rest_route=%2Fwp%2Fv2%2Fcategories&post=91947"},{"taxonomy":"post_tag","embeddable":true,"href":"https:\/\/quehacerpolitico.mx\/index.php?rest_route=%2Fwp%2Fv2%2Ftags&post=91947"}],"curies":[{"name":"wp","href":"https:\/\/api.w.org\/{rel}","templated":true}]}}