{"id":91940,"date":"2022-04-29T14:49:46","date_gmt":"2022-04-29T14:49:46","guid":{"rendered":"https:\/\/quehacerpolitico.mx\/?p=91940"},"modified":"2022-04-29T14:58:27","modified_gmt":"2022-04-29T14:58:27","slug":"internacionales-carolina-alonso-romei-tiroteo-en-celebracion-del-dia-del-nino-en-colombia","status":"publish","type":"post","link":"https:\/\/quehacerpolitico.mx\/?p=91940","title":{"rendered":"Internacionales\/\/\/Carolina Alonso Romei\/\/\/Tiroteo en celebraci\u00f3n del d\u00eda del ni\u00f1o en Colombia"},"content":{"rendered":"\n<p>Por Carolina Alonso Romei<\/p>\n\n\n\n<p>Internacionalista <\/p>\n\n\n\n<p>Decenas de ni\u00f1os fueron sorprendidos por un enfrentamiento entre guerrilleros del ELN y disidencias de las FARC durante un convivio<\/p>\n\n\n\n<p>Una menor de edad, un civil y dos militares resultaron heridos despu\u00e9s de que la&nbsp;<strong>guerrilla<\/strong>&nbsp;del&nbsp;<strong>Ej\u00e9rcito de Liberaci\u00f3n Nacional<\/strong>(ELN) y disidencias de las&nbsp;<strong>FARC<\/strong>&nbsp;se enfrentaran en el municipio colombiano de&nbsp;<strong>El Tarra<\/strong>, Norte de Santander, donde la comunidad estaba celebrando un acto p\u00fablico por el&nbsp;<strong>D\u00eda del Ni\u00f1o<\/strong>.<\/p>\n\n\n\n<figure class=\"wp-block-embed is-type-video is-provider-youtube wp-block-embed-youtube wp-embed-aspect-16-9 wp-has-aspect-ratio\"><div class=\"wp-block-embed__wrapper\">\n<iframe loading=\"lazy\" title=\"BALACERA interrumpe fiesta del D\u00cdA DEL NI\u00d1O en COLOMBIA | EL PA\u00cdS\" width=\"640\" height=\"360\" src=\"https:\/\/www.youtube.com\/embed\/2je6mB7491U?feature=oembed\" frameborder=\"0\" allow=\"accelerometer; autoplay; clipboard-write; encrypted-media; gyroscope; picture-in-picture; web-share\" referrerpolicy=\"strict-origin-when-cross-origin\" allowfullscreen><\/iframe>\n<\/div><\/figure>\n\n\n\n<p>\u201cEst\u00e1bamos reunidos en la celebraci\u00f3n del D\u00eda del Ni\u00f1o. En un cruce de balas, lamentablemente, sale herida una ni\u00f1a y un adulto\u201d, asegur\u00f3 el alcalde de este municipio cercano a la frontera con Venezuela, Yair D\u00edaz Pe\u00f1aranda, citado por medios locales.<\/p>\n\n\n\n<p>En un video publicado en redes sociales se ve a los ni\u00f1os tirados en el suelo intentando esquivar las balas mientras que la profesora trata de calmarlos diciendo que la situaci\u00f3n pronto pasar\u00e1, mientras se escuchan los fuertes disparos.<\/p>\n\n\n\n<figure class=\"wp-block-embed is-type-rich is-provider-twitter wp-block-embed-twitter\"><div class=\"wp-block-embed__wrapper\">\n<blockquote class=\"twitter-tweet\" data-width=\"550\" data-dnt=\"true\"><p lang=\"es\" dir=\"ltr\">En medio de disparos del ELN y las disidencias de las Farc, en El Tarra, las maestras tratan de calmar a los ni\u00f1os: \u201cno va a pasar nada\u201d, les dicen a los peque\u00f1os. Pero el sonido de las balas sigue y ellos tendidos en el piso viven el terror. \u00bfD\u00f3nde est\u00e1n los indignados? <a href=\"https:\/\/t.co\/ecWXdK8dR9\">pic.twitter.com\/ecWXdK8dR9<\/a><\/p>&mdash; Vicky D\u00e1vila (@VickyDavilaH) <a href=\"https:\/\/twitter.com\/VickyDavilaH\/status\/1519652676115603457?ref_src=twsrc%5Etfw\">April 28, 2022<\/a><\/blockquote><script async src=\"https:\/\/platform.twitter.com\/widgets.js\" charset=\"utf-8\"><\/script>\n<\/div><\/figure>\n\n\n\n<p>Un comunicado del&nbsp;<strong>Ej\u00e9rcito<\/strong>&nbsp;asegur\u00f3 que los grupos&nbsp;<strong>guerrilleros<\/strong>atacaron \u201ccon r\u00e1fagas de fusil y explosivos a la poblaci\u00f3n civil, sin importar la presencia de ni\u00f1os, ni\u00f1as y adolescentes\u201d.<\/p>\n\n\n\n<p>Los grupos tambi\u00e9n atacaron la&nbsp;<strong>base militar<\/strong>&nbsp;ubicada a las afueras del municipio, seg\u00fan las fuentes castrenses.<\/p>\n\n\n\n<p>Los&nbsp;<strong>heridos<\/strong>&nbsp;reportados por el Ej\u00e9rcito son una&nbsp;<strong>menor<\/strong>&nbsp;de 14 a\u00f1os, un&nbsp;<strong>adulto<\/strong>, un&nbsp;<strong>suboficial<\/strong>&nbsp;y un&nbsp;<strong>soldado<\/strong>. Estos dos \u00faltimos est\u00e1n graves y fueron trasladados a C\u00facuta, la capital departamental, en donde son atendidos.<\/p>\n\n\n\n<p>Al tiempo que rechaz\u00f3 lo ocurrido el Ej\u00e9rcito dijo que los hechos son una \u201cmuestra clara de la violaci\u00f3n de los derechos humanos y el derecho internacional humanitario por parte de estos grupos criminales, unidos para atentar contra la poblaci\u00f3n civil y la fuerza p\u00fablica\u201d.<\/p>\n\n\n\n<h3 class=\"wp-block-heading\">Rechazo generalizado<\/h3>\n\n\n\n<p>Por su lado, el estatal\u00a0<strong>Instituto Colombiano de Bienestar Familiar<\/strong>\u00a0(ICBF) calific\u00f3 de \u201cirracionales y repudiables\u201d los hechos ocurridos en\u00a0<strong>El Tarra<\/strong>, en donde \u201cgrupos armados ilegales pusieron en riesgo la vida e integridad de cientos de ni\u00f1as y ni\u00f1os que participaban en la celebraci\u00f3n de su d\u00eda, en el polideportivo del municipio\u201d.<\/p>\n\n\n\n<p>La directora del ICBF, Lina Arbel\u00e1ez, dijo que \u201ces inaceptable que durante una celebraci\u00f3n para los ni\u00f1os, ni\u00f1as y adolescentes, criminales atenten contra ellos, disparando de manera indiscriminada\u201d.<\/p>\n\n\n\n<figure class=\"wp-block-embed is-type-rich is-provider-twitter wp-block-embed-twitter\"><div class=\"wp-block-embed__wrapper\">\n<blockquote class=\"twitter-tweet\" data-width=\"550\" data-dnt=\"true\"><p lang=\"es\" dir=\"ltr\">Esto pas\u00f3 hoy en el Tarra, Norte de Santander. Grupos armados atacaron una base militar cerca a un polideportivo con 2500 NI\u00d1OS. Hay uniformados heridos y una menor de edad\u2026Qu\u00e9 horror! me devuelve 12 a\u00f1os cubriendo orden p\u00fablico en las llamadas zonas \u201crojas\u201d\ud83d\udc94.  @AudreyCarrillo <a href=\"https:\/\/t.co\/sKpaEQ1XjP\">pic.twitter.com\/sKpaEQ1XjP<\/a><\/p>&mdash; Mar\u00eda Camila D\u00edaz Roa (@ma_camiladiaz) <a href=\"https:\/\/twitter.com\/ma_camiladiaz\/status\/1519523423592009729?ref_src=twsrc%5Etfw\">April 28, 2022<\/a><\/blockquote><script async src=\"https:\/\/platform.twitter.com\/widgets.js\" charset=\"utf-8\"><\/script>\n<\/div><\/figure>\n\n\n\n<p>Un equipo de la Defensor\u00eda de Familia hace seguimiento y brinda acompa\u00f1amiento a una adolescente de 14 a\u00f1os que result\u00f3 herida en los hechos y fue trasladada a la ciudad de C\u00facuta donde es atendida por el sector salud y se encuentra fuera de peligro.<\/p>\n\n\n\n<p>Varios de los candidatos a la presidencia de Colombia rechazaron el ataque y le pidieron al Gobierno atenci\u00f3n para la regi\u00f3n en donde hacen presencia el ELN, las disidencias de las FARC y el Clan del Golfo, que se disputan el territorio, dedicados sobre todo a actividades de narcotr\u00e1fico y explotaci\u00f3n de recursos.<\/p>\n\n\n\n<p>\u201cNo puede ser que nuestros ni\u00f1os y ni\u00f1as queden atrapados en una balacera, viviendo como v\u00edctimas el horror del conflicto. Una menor y varios adultos est\u00e1n heridos\u201d, dijo en redes sociales la candidata del Partido Verde Ox\u00edgeno, \u00cdngrid Betancourt.<\/p>\n\n\n\n<p>Por su lado, Sergio Fajardo, de la Coalici\u00f3n de la Centro Esperanza, calific\u00f3 el hecho como \u201cinaceptable y vergonzoso que este sea el pa\u00eds que les estamos dejando a las ni\u00f1as y los ni\u00f1os. Nacer en Colombia, y m\u00e1s en las regiones alejadas, no puede seguir siendo un castigo\u201d.<\/p>\n\n\n\n<p>La convulsa regi\u00f3n del Catatumbo, fronteriza con Venezuela, donde operan m\u00faltiples grupos armados, est\u00e1 formada por los municipios de Tib\u00fa, El Tarra, Sardinata, El Carmen, Convenci\u00f3n, Teorama, San Calixto, Hacar\u00ed, La Playa, \u00c1brego y Bucarasica.<\/p>\n\n\n\n<p>Con informaci\u00f3n de EFE<\/p>\n","protected":false},"excerpt":{"rendered":"<p>Por Carolina Alonso Romei Internacionalista Decenas de ni\u00f1os fueron sorprendidos por un enfrentamiento entre guerrilleros&#8230;<\/p>\n","protected":false},"author":2,"featured_media":91941,"comment_status":"open","ping_status":"open","sticky":false,"template":"","format":"standard","meta":{"_monsterinsights_skip_tracking":false,"_monsterinsights_sitenote_active":false,"_monsterinsights_sitenote_note":"","_monsterinsights_sitenote_category":0,"footnotes":""},"categories":[1],"tags":[],"class_list":["post-91940","post","type-post","status-publish","format-standard","has-post-thumbnail","hentry","category-sin-categoria"],"yoast_head":"<!-- This site is optimized with the Yoast SEO plugin v27.3 - https:\/\/yoast.com\/product\/yoast-seo-wordpress\/ -->\n<title>Internacionales\/\/\/Carolina Alonso Romei\/\/\/Tiroteo en celebraci\u00f3n del d\u00eda del ni\u00f1o en Colombia -<\/title>\n<meta name=\"robots\" content=\"index, follow, max-snippet:-1, max-image-preview:large, max-video-preview:-1\" \/>\n<link rel=\"canonical\" href=\"https:\/\/quehacerpolitico.mx\/?p=91940\" \/>\n<meta property=\"og:locale\" content=\"es_MX\" \/>\n<meta property=\"og:type\" content=\"article\" \/>\n<meta property=\"og:title\" content=\"Internacionales\/\/\/Carolina Alonso Romei\/\/\/Tiroteo en celebraci\u00f3n del d\u00eda del ni\u00f1o en Colombia -\" \/>\n<meta property=\"og:description\" content=\"Por Carolina Alonso Romei Internacionalista Decenas de ni\u00f1os fueron sorprendidos por un enfrentamiento entre guerrilleros...\" \/>\n<meta property=\"og:url\" content=\"https:\/\/quehacerpolitico.mx\/?p=91940\" \/>\n<meta property=\"article:published_time\" content=\"2022-04-29T14:49:46+00:00\" \/>\n<meta property=\"article:modified_time\" content=\"2022-04-29T14:58:27+00:00\" \/>\n<meta property=\"og:image\" content=\"https:\/\/quehacerpolitico.mx\/wp-content\/uploads\/2022\/04\/A92F5622-93D1-4735-BDE5-093836AF2E4A.jpeg\" \/>\n\t<meta property=\"og:image:width\" content=\"414\" \/>\n\t<meta property=\"og:image:height\" content=\"233\" \/>\n\t<meta property=\"og:image:type\" content=\"image\/jpeg\" \/>\n<meta name=\"author\" content=\"Redacci\u00f3n QP\" \/>\n<meta name=\"twitter:card\" content=\"summary_large_image\" \/>\n<meta name=\"twitter:label1\" content=\"Escrito por\" \/>\n\t<meta name=\"twitter:data1\" content=\"Redacci\u00f3n QP\" \/>\n\t<meta name=\"twitter:label2\" content=\"Tiempo de lectura\" \/>\n\t<meta name=\"twitter:data2\" content=\"4 minutos\" \/>\n<script type=\"application\/ld+json\" class=\"yoast-schema-graph\">{\"@context\":\"https:\\\/\\\/schema.org\",\"@graph\":[{\"@type\":\"Article\",\"@id\":\"https:\\\/\\\/quehacerpolitico.mx\\\/?p=91940#article\",\"isPartOf\":{\"@id\":\"https:\\\/\\\/quehacerpolitico.mx\\\/?p=91940\"},\"author\":{\"name\":\"Redacci\u00f3n QP\",\"@id\":\"https:\\\/\\\/quehacerpolitico.mx\\\/#\\\/schema\\\/person\\\/496d8ad2d1d3f8036101dca7ee39e585\"},\"headline\":\"Internacionales\\\/\\\/\\\/Carolina Alonso Romei\\\/\\\/\\\/Tiroteo en celebraci\u00f3n del d\u00eda del ni\u00f1o en Colombia\",\"datePublished\":\"2022-04-29T14:49:46+00:00\",\"dateModified\":\"2022-04-29T14:58:27+00:00\",\"mainEntityOfPage\":{\"@id\":\"https:\\\/\\\/quehacerpolitico.mx\\\/?p=91940\"},\"wordCount\":718,\"commentCount\":0,\"image\":{\"@id\":\"https:\\\/\\\/quehacerpolitico.mx\\\/?p=91940#primaryimage\"},\"thumbnailUrl\":\"https:\\\/\\\/quehacerpolitico.mx\\\/wp-content\\\/uploads\\\/2022\\\/04\\\/A92F5622-93D1-4735-BDE5-093836AF2E4A.jpeg\",\"articleSection\":[\"Internacionales\"],\"inLanguage\":\"es\",\"potentialAction\":[{\"@type\":\"CommentAction\",\"name\":\"Comment\",\"target\":[\"https:\\\/\\\/quehacerpolitico.mx\\\/?p=91940#respond\"]}]},{\"@type\":\"WebPage\",\"@id\":\"https:\\\/\\\/quehacerpolitico.mx\\\/?p=91940\",\"url\":\"https:\\\/\\\/quehacerpolitico.mx\\\/?p=91940\",\"name\":\"Internacionales\\\/\\\/\\\/Carolina Alonso Romei\\\/\\\/\\\/Tiroteo en celebraci\u00f3n del d\u00eda del ni\u00f1o en Colombia -\",\"isPartOf\":{\"@id\":\"https:\\\/\\\/quehacerpolitico.mx\\\/#website\"},\"primaryImageOfPage\":{\"@id\":\"https:\\\/\\\/quehacerpolitico.mx\\\/?p=91940#primaryimage\"},\"image\":{\"@id\":\"https:\\\/\\\/quehacerpolitico.mx\\\/?p=91940#primaryimage\"},\"thumbnailUrl\":\"https:\\\/\\\/quehacerpolitico.mx\\\/wp-content\\\/uploads\\\/2022\\\/04\\\/A92F5622-93D1-4735-BDE5-093836AF2E4A.jpeg\",\"datePublished\":\"2022-04-29T14:49:46+00:00\",\"dateModified\":\"2022-04-29T14:58:27+00:00\",\"author\":{\"@id\":\"https:\\\/\\\/quehacerpolitico.mx\\\/#\\\/schema\\\/person\\\/496d8ad2d1d3f8036101dca7ee39e585\"},\"breadcrumb\":{\"@id\":\"https:\\\/\\\/quehacerpolitico.mx\\\/?p=91940#breadcrumb\"},\"inLanguage\":\"es\",\"potentialAction\":[{\"@type\":\"ReadAction\",\"target\":[\"https:\\\/\\\/quehacerpolitico.mx\\\/?p=91940\"]}]},{\"@type\":\"ImageObject\",\"inLanguage\":\"es\",\"@id\":\"https:\\\/\\\/quehacerpolitico.mx\\\/?p=91940#primaryimage\",\"url\":\"https:\\\/\\\/quehacerpolitico.mx\\\/wp-content\\\/uploads\\\/2022\\\/04\\\/A92F5622-93D1-4735-BDE5-093836AF2E4A.jpeg\",\"contentUrl\":\"https:\\\/\\\/quehacerpolitico.mx\\\/wp-content\\\/uploads\\\/2022\\\/04\\\/A92F5622-93D1-4735-BDE5-093836AF2E4A.jpeg\",\"width\":414,\"height\":233},{\"@type\":\"BreadcrumbList\",\"@id\":\"https:\\\/\\\/quehacerpolitico.mx\\\/?p=91940#breadcrumb\",\"itemListElement\":[{\"@type\":\"ListItem\",\"position\":1,\"name\":\"Inicio\",\"item\":\"https:\\\/\\\/quehacerpolitico.mx\\\/\"},{\"@type\":\"ListItem\",\"position\":2,\"name\":\"Internacionales\\\/\\\/\\\/Carolina Alonso Romei\\\/\\\/\\\/Tiroteo en celebraci\u00f3n del d\u00eda del ni\u00f1o en Colombia\"}]},{\"@type\":\"WebSite\",\"@id\":\"https:\\\/\\\/quehacerpolitico.mx\\\/#website\",\"url\":\"https:\\\/\\\/quehacerpolitico.mx\\\/\",\"name\":\"\",\"description\":\"\",\"potentialAction\":[{\"@type\":\"SearchAction\",\"target\":{\"@type\":\"EntryPoint\",\"urlTemplate\":\"https:\\\/\\\/quehacerpolitico.mx\\\/?s={search_term_string}\"},\"query-input\":{\"@type\":\"PropertyValueSpecification\",\"valueRequired\":true,\"valueName\":\"search_term_string\"}}],\"inLanguage\":\"es\"},{\"@type\":\"Person\",\"@id\":\"https:\\\/\\\/quehacerpolitico.mx\\\/#\\\/schema\\\/person\\\/496d8ad2d1d3f8036101dca7ee39e585\",\"name\":\"Redacci\u00f3n QP\",\"image\":{\"@type\":\"ImageObject\",\"inLanguage\":\"es\",\"@id\":\"https:\\\/\\\/secure.gravatar.com\\\/avatar\\\/c7164ed6fdec453195284ad24a5ae5b6e1eed2b848477fa2a4787ba9adf39a41?s=96&d=mm&r=g\",\"url\":\"https:\\\/\\\/secure.gravatar.com\\\/avatar\\\/c7164ed6fdec453195284ad24a5ae5b6e1eed2b848477fa2a4787ba9adf39a41?s=96&d=mm&r=g\",\"contentUrl\":\"https:\\\/\\\/secure.gravatar.com\\\/avatar\\\/c7164ed6fdec453195284ad24a5ae5b6e1eed2b848477fa2a4787ba9adf39a41?s=96&d=mm&r=g\",\"caption\":\"Redacci\u00f3n QP\"},\"url\":\"https:\\\/\\\/quehacerpolitico.mx\\\/?author=2\"}]}<\/script>\n<!-- \/ Yoast SEO plugin. -->","yoast_head_json":{"title":"Internacionales\/\/\/Carolina Alonso Romei\/\/\/Tiroteo en celebraci\u00f3n del d\u00eda del ni\u00f1o en Colombia -","robots":{"index":"index","follow":"follow","max-snippet":"max-snippet:-1","max-image-preview":"max-image-preview:large","max-video-preview":"max-video-preview:-1"},"canonical":"https:\/\/quehacerpolitico.mx\/?p=91940","og_locale":"es_MX","og_type":"article","og_title":"Internacionales\/\/\/Carolina Alonso Romei\/\/\/Tiroteo en celebraci\u00f3n del d\u00eda del ni\u00f1o en Colombia -","og_description":"Por Carolina Alonso Romei Internacionalista Decenas de ni\u00f1os fueron sorprendidos por un enfrentamiento entre guerrilleros...","og_url":"https:\/\/quehacerpolitico.mx\/?p=91940","article_published_time":"2022-04-29T14:49:46+00:00","article_modified_time":"2022-04-29T14:58:27+00:00","og_image":[{"width":414,"height":233,"url":"https:\/\/quehacerpolitico.mx\/wp-content\/uploads\/2022\/04\/A92F5622-93D1-4735-BDE5-093836AF2E4A.jpeg","type":"image\/jpeg"}],"author":"Redacci\u00f3n QP","twitter_card":"summary_large_image","twitter_misc":{"Escrito por":"Redacci\u00f3n QP","Tiempo de lectura":"4 minutos"},"schema":{"@context":"https:\/\/schema.org","@graph":[{"@type":"Article","@id":"https:\/\/quehacerpolitico.mx\/?p=91940#article","isPartOf":{"@id":"https:\/\/quehacerpolitico.mx\/?p=91940"},"author":{"name":"Redacci\u00f3n QP","@id":"https:\/\/quehacerpolitico.mx\/#\/schema\/person\/496d8ad2d1d3f8036101dca7ee39e585"},"headline":"Internacionales\/\/\/Carolina Alonso Romei\/\/\/Tiroteo en celebraci\u00f3n del d\u00eda del ni\u00f1o en Colombia","datePublished":"2022-04-29T14:49:46+00:00","dateModified":"2022-04-29T14:58:27+00:00","mainEntityOfPage":{"@id":"https:\/\/quehacerpolitico.mx\/?p=91940"},"wordCount":718,"commentCount":0,"image":{"@id":"https:\/\/quehacerpolitico.mx\/?p=91940#primaryimage"},"thumbnailUrl":"https:\/\/quehacerpolitico.mx\/wp-content\/uploads\/2022\/04\/A92F5622-93D1-4735-BDE5-093836AF2E4A.jpeg","articleSection":["Internacionales"],"inLanguage":"es","potentialAction":[{"@type":"CommentAction","name":"Comment","target":["https:\/\/quehacerpolitico.mx\/?p=91940#respond"]}]},{"@type":"WebPage","@id":"https:\/\/quehacerpolitico.mx\/?p=91940","url":"https:\/\/quehacerpolitico.mx\/?p=91940","name":"Internacionales\/\/\/Carolina Alonso Romei\/\/\/Tiroteo en celebraci\u00f3n del d\u00eda del ni\u00f1o en Colombia -","isPartOf":{"@id":"https:\/\/quehacerpolitico.mx\/#website"},"primaryImageOfPage":{"@id":"https:\/\/quehacerpolitico.mx\/?p=91940#primaryimage"},"image":{"@id":"https:\/\/quehacerpolitico.mx\/?p=91940#primaryimage"},"thumbnailUrl":"https:\/\/quehacerpolitico.mx\/wp-content\/uploads\/2022\/04\/A92F5622-93D1-4735-BDE5-093836AF2E4A.jpeg","datePublished":"2022-04-29T14:49:46+00:00","dateModified":"2022-04-29T14:58:27+00:00","author":{"@id":"https:\/\/quehacerpolitico.mx\/#\/schema\/person\/496d8ad2d1d3f8036101dca7ee39e585"},"breadcrumb":{"@id":"https:\/\/quehacerpolitico.mx\/?p=91940#breadcrumb"},"inLanguage":"es","potentialAction":[{"@type":"ReadAction","target":["https:\/\/quehacerpolitico.mx\/?p=91940"]}]},{"@type":"ImageObject","inLanguage":"es","@id":"https:\/\/quehacerpolitico.mx\/?p=91940#primaryimage","url":"https:\/\/quehacerpolitico.mx\/wp-content\/uploads\/2022\/04\/A92F5622-93D1-4735-BDE5-093836AF2E4A.jpeg","contentUrl":"https:\/\/quehacerpolitico.mx\/wp-content\/uploads\/2022\/04\/A92F5622-93D1-4735-BDE5-093836AF2E4A.jpeg","width":414,"height":233},{"@type":"BreadcrumbList","@id":"https:\/\/quehacerpolitico.mx\/?p=91940#breadcrumb","itemListElement":[{"@type":"ListItem","position":1,"name":"Inicio","item":"https:\/\/quehacerpolitico.mx\/"},{"@type":"ListItem","position":2,"name":"Internacionales\/\/\/Carolina Alonso Romei\/\/\/Tiroteo en celebraci\u00f3n del d\u00eda del ni\u00f1o en Colombia"}]},{"@type":"WebSite","@id":"https:\/\/quehacerpolitico.mx\/#website","url":"https:\/\/quehacerpolitico.mx\/","name":"","description":"","potentialAction":[{"@type":"SearchAction","target":{"@type":"EntryPoint","urlTemplate":"https:\/\/quehacerpolitico.mx\/?s={search_term_string}"},"query-input":{"@type":"PropertyValueSpecification","valueRequired":true,"valueName":"search_term_string"}}],"inLanguage":"es"},{"@type":"Person","@id":"https:\/\/quehacerpolitico.mx\/#\/schema\/person\/496d8ad2d1d3f8036101dca7ee39e585","name":"Redacci\u00f3n QP","image":{"@type":"ImageObject","inLanguage":"es","@id":"https:\/\/secure.gravatar.com\/avatar\/c7164ed6fdec453195284ad24a5ae5b6e1eed2b848477fa2a4787ba9adf39a41?s=96&d=mm&r=g","url":"https:\/\/secure.gravatar.com\/avatar\/c7164ed6fdec453195284ad24a5ae5b6e1eed2b848477fa2a4787ba9adf39a41?s=96&d=mm&r=g","contentUrl":"https:\/\/secure.gravatar.com\/avatar\/c7164ed6fdec453195284ad24a5ae5b6e1eed2b848477fa2a4787ba9adf39a41?s=96&d=mm&r=g","caption":"Redacci\u00f3n QP"},"url":"https:\/\/quehacerpolitico.mx\/?author=2"}]}},"featured_image_urls":{"full":["https:\/\/quehacerpolitico.mx\/wp-content\/uploads\/2022\/04\/A92F5622-93D1-4735-BDE5-093836AF2E4A.jpeg",414,233,false],"thumbnail":["https:\/\/quehacerpolitico.mx\/wp-content\/uploads\/2022\/04\/A92F5622-93D1-4735-BDE5-093836AF2E4A-150x150.jpeg",150,150,true],"medium":["https:\/\/quehacerpolitico.mx\/wp-content\/uploads\/2022\/04\/A92F5622-93D1-4735-BDE5-093836AF2E4A-300x169.jpeg",300,169,true],"medium_large":["https:\/\/quehacerpolitico.mx\/wp-content\/uploads\/2022\/04\/A92F5622-93D1-4735-BDE5-093836AF2E4A.jpeg",414,233,false],"large":["https:\/\/quehacerpolitico.mx\/wp-content\/uploads\/2022\/04\/A92F5622-93D1-4735-BDE5-093836AF2E4A.jpeg",414,233,false],"1536x1536":["https:\/\/quehacerpolitico.mx\/wp-content\/uploads\/2022\/04\/A92F5622-93D1-4735-BDE5-093836AF2E4A.jpeg",414,233,false],"2048x2048":["https:\/\/quehacerpolitico.mx\/wp-content\/uploads\/2022\/04\/A92F5622-93D1-4735-BDE5-093836AF2E4A.jpeg",414,233,false],"covernews-featured":["https:\/\/quehacerpolitico.mx\/wp-content\/uploads\/2022\/04\/A92F5622-93D1-4735-BDE5-093836AF2E4A.jpeg",414,233,false],"covernews-medium":["https:\/\/quehacerpolitico.mx\/wp-content\/uploads\/2022\/04\/A92F5622-93D1-4735-BDE5-093836AF2E4A.jpeg",414,233,false]},"author_info":{"display_name":"Redacci\u00f3n QP","author_link":"https:\/\/quehacerpolitico.mx\/?author=2"},"category_info":"<a href=\"https:\/\/quehacerpolitico.mx\/?cat=1\" rel=\"category\">Internacionales<\/a>","tag_info":"Internacionales","comment_count":"0","_links":{"self":[{"href":"https:\/\/quehacerpolitico.mx\/index.php?rest_route=\/wp\/v2\/posts\/91940","targetHints":{"allow":["GET"]}}],"collection":[{"href":"https:\/\/quehacerpolitico.mx\/index.php?rest_route=\/wp\/v2\/posts"}],"about":[{"href":"https:\/\/quehacerpolitico.mx\/index.php?rest_route=\/wp\/v2\/types\/post"}],"author":[{"embeddable":true,"href":"https:\/\/quehacerpolitico.mx\/index.php?rest_route=\/wp\/v2\/users\/2"}],"replies":[{"embeddable":true,"href":"https:\/\/quehacerpolitico.mx\/index.php?rest_route=%2Fwp%2Fv2%2Fcomments&post=91940"}],"version-history":[{"count":2,"href":"https:\/\/quehacerpolitico.mx\/index.php?rest_route=\/wp\/v2\/posts\/91940\/revisions"}],"predecessor-version":[{"id":91943,"href":"https:\/\/quehacerpolitico.mx\/index.php?rest_route=\/wp\/v2\/posts\/91940\/revisions\/91943"}],"wp:featuredmedia":[{"embeddable":true,"href":"https:\/\/quehacerpolitico.mx\/index.php?rest_route=\/wp\/v2\/media\/91941"}],"wp:attachment":[{"href":"https:\/\/quehacerpolitico.mx\/index.php?rest_route=%2Fwp%2Fv2%2Fmedia&parent=91940"}],"wp:term":[{"taxonomy":"category","embeddable":true,"href":"https:\/\/quehacerpolitico.mx\/index.php?rest_route=%2Fwp%2Fv2%2Fcategories&post=91940"},{"taxonomy":"post_tag","embeddable":true,"href":"https:\/\/quehacerpolitico.mx\/index.php?rest_route=%2Fwp%2Fv2%2Ftags&post=91940"}],"curies":[{"name":"wp","href":"https:\/\/api.w.org\/{rel}","templated":true}]}}