{"id":91926,"date":"2022-04-28T18:38:02","date_gmt":"2022-04-28T18:38:02","guid":{"rendered":"https:\/\/quehacerpolitico.mx\/?p=91926"},"modified":"2022-04-28T18:38:09","modified_gmt":"2022-04-28T18:38:09","slug":"internacionales-carolina-alonso-romei-el-presidente-estadounidense-joe-biden-solicito-formalmente-al-congreso-de-ee-uu-33-mil-millones-de-dolares-en-ayuda-adicional","status":"publish","type":"post","link":"https:\/\/quehacerpolitico.mx\/?p=91926","title":{"rendered":"Internacionales\/\/\/Carolina Alonso Romei\/\/\/El presidente estadounidense,\u00a0Joe\u00a0Biden, solicit\u00f3 formalmente al\u00a0Congreso de EE.UU.\u00a033 mil millones de d\u00f3lares en\u00a0ayuda adicional\u00a0a\u00a0Ucrania"},"content":{"rendered":"\n<p>Por Carolina Alonso Romei<\/p>\n\n\n\n<p>Internacionalista <\/p>\n\n\n\n<p>La petici\u00f3n de Biden al Congreso incluye 8 mil 500 millones en asistencia econ\u00f3mica directa y 3 mil millones ayuda humanitaria a Ucrania<\/p>\n\n\n\n<p>El presidente estadounidense,\u00a0<strong>Joe<\/strong>\u00a0<strong>Biden<\/strong>, solicit\u00f3 formalmente al\u00a0<strong>Congreso de EE.UU.<\/strong>\u00a033 mil millones de d\u00f3lares en\u00a0<strong>ayuda adicional<\/strong>\u00a0a\u00a0<strong>Ucrania<\/strong>, de los que m\u00e1s de 20 mil millones ir\u00e1n destinados a asistencia militar para respaldar la lucha de Kiev contra la\u00a0invasi\u00f3n rusa<\/p>\n\n\n\n<p>\u201cMientras contin\u00faen los asaltos y atrocidades vamos a seguir ayudando a Ucrania a que se defienda de la agresi\u00f3n rusa\u201d, se\u00f1al\u00f3 Biden en un\u00a0discurso\u00a0desde la Casa Blanca.<\/p>\n\n\n\n<figure class=\"wp-block-embed is-type-video is-provider-youtube wp-block-embed-youtube wp-embed-aspect-16-9 wp-has-aspect-ratio\"><div class=\"wp-block-embed__wrapper\">\n<iframe loading=\"lazy\" title=\"Biden propone usar el dinero de oligarcas rusos para ayudar a Ucrania\" width=\"640\" height=\"360\" src=\"https:\/\/www.youtube.com\/embed\/N29DLz_9e48?feature=oembed\" frameborder=\"0\" allow=\"accelerometer; autoplay; clipboard-write; encrypted-media; gyroscope; picture-in-picture; web-share\" referrerpolicy=\"strict-origin-when-cross-origin\" allowfullscreen><\/iframe>\n<\/div><\/figure>\n\n\n\n<p>El mandatario remarc\u00f3, adem\u00e1s, que es \u201ccr\u00edtico\u201d que el Congreso d\u00e9 luz verde a esta ayuda, ya que ceder \u201ca la agresi\u00f3n ser\u00eda mucho m\u00e1s costoso\u201d.<\/p>\n\n\n\n<p>\u201cNuestra asistencia hasta ahora ha marcado las diferencias en el campo de batalla, ayudando a Ucrania a ganar la batalla de Kiev\u201d, dijo Biden, en referencia al \u00e9xito de las fuerzas ucranianas a la hora de repeler los avances rusos hacia la capital.<\/p>\n\n\n\n<p>La petici\u00f3n de asistencia de Biden incluye, adem\u00e1s del env\u00edo de&nbsp;<strong>armas<\/strong>&nbsp;y&nbsp;<strong>munici\u00f3n<\/strong>&nbsp;a&nbsp;<strong>Ucrania<\/strong>, 8 mil 500 millones en&nbsp;<strong>asistencia econ\u00f3mica<\/strong>&nbsp;directa y 3 mil millones&nbsp;<strong>ayuda humanitaria<\/strong>&nbsp;al pa\u00eds.<\/p>\n\n\n\n<p>A la par, el presidente estadounidense tambi\u00e9n propuso al Congreso donar a Ucrania los fondos confiscados a oligarcas rusos como medida compensatoria por los da\u00f1os ocasionados a ese pa\u00eds por parte de Rusia en la guerra.<\/p>\n\n\n\n<p>Los anuncios de Biden se producen despu\u00e9s de que el domingo los secretarios de Estado, Antony Blinken, y de Defensa, Lloyd Austin, se reunieran en Kiev con el presidente ucraniano, Volodimir Zelenski, en la visita de m\u00e1s alto nivel de responsables estadounidenses al pa\u00eds desde que Mosc\u00fa iniciara la invasi\u00f3n a Ucrania el 24 de febrero.<\/p>\n\n\n\n<p>Desde entonces, decenas de miles de ucranianos contin\u00faan huyendo de su pa\u00eds diariamente despu\u00e9s de dos meses de invasi\u00f3n rusa: este \u00e9xodo asciende ya a m\u00e1s 5.2 millones, de acuerdo a las cifras actualizadas de la Agencia de las Naciones Unidas para los Refugiados (Acnur).<\/p>\n\n\n\n<p>La&nbsp;<strong>crisis de refugiados<\/strong>&nbsp;es la peor que sufre el continente europeo desde el final de la Segunda Guerra Mundial (1939-1945) y sus cifras se acercan a la de otros \u00e9xodos actuales, como el venezolano (6 millones de personas han abandonado ese pa\u00eds desde 2014) o el sirio (6.8 millones en m\u00e1s de una d\u00e9cada de guerra).<\/p>\n\n\n\n<p>Con informaci\u00f3n de EFE<\/p>\n","protected":false},"excerpt":{"rendered":"<p>Por Carolina Alonso Romei Internacionalista La petici\u00f3n de Biden al Congreso incluye 8 mil 500&#8230;<\/p>\n","protected":false},"author":2,"featured_media":91928,"comment_status":"open","ping_status":"open","sticky":false,"template":"","format":"standard","meta":{"_monsterinsights_skip_tracking":false,"_monsterinsights_sitenote_active":false,"_monsterinsights_sitenote_note":"","_monsterinsights_sitenote_category":0,"footnotes":""},"categories":[1],"tags":[],"class_list":["post-91926","post","type-post","status-publish","format-standard","has-post-thumbnail","hentry","category-sin-categoria"],"yoast_head":"<!-- This site is optimized with the Yoast SEO plugin v27.3 - https:\/\/yoast.com\/product\/yoast-seo-wordpress\/ -->\n<title>Internacionales\/\/\/Carolina Alonso Romei\/\/\/El presidente estadounidense,\u00a0Joe\u00a0Biden, solicit\u00f3 formalmente al\u00a0Congreso de EE.UU.\u00a033 mil millones de d\u00f3lares en\u00a0ayuda adicional\u00a0a\u00a0Ucrania -<\/title>\n<meta name=\"robots\" content=\"index, follow, max-snippet:-1, max-image-preview:large, max-video-preview:-1\" \/>\n<link rel=\"canonical\" href=\"https:\/\/quehacerpolitico.mx\/?p=91926\" \/>\n<meta property=\"og:locale\" content=\"es_MX\" \/>\n<meta property=\"og:type\" content=\"article\" \/>\n<meta property=\"og:title\" content=\"Internacionales\/\/\/Carolina Alonso Romei\/\/\/El presidente estadounidense,\u00a0Joe\u00a0Biden, solicit\u00f3 formalmente al\u00a0Congreso de EE.UU.\u00a033 mil millones de d\u00f3lares en\u00a0ayuda adicional\u00a0a\u00a0Ucrania -\" \/>\n<meta property=\"og:description\" content=\"Por Carolina Alonso Romei Internacionalista La petici\u00f3n de Biden al Congreso incluye 8 mil 500...\" \/>\n<meta property=\"og:url\" content=\"https:\/\/quehacerpolitico.mx\/?p=91926\" \/>\n<meta property=\"article:published_time\" content=\"2022-04-28T18:38:02+00:00\" \/>\n<meta property=\"article:modified_time\" content=\"2022-04-28T18:38:09+00:00\" \/>\n<meta property=\"og:image\" content=\"https:\/\/quehacerpolitico.mx\/wp-content\/uploads\/2022\/04\/AEEFD9F3-C9F6-4F62-8A42-D4B542C587A1.jpeg\" \/>\n\t<meta property=\"og:image:width\" content=\"1284\" \/>\n\t<meta property=\"og:image:height\" content=\"619\" \/>\n\t<meta property=\"og:image:type\" content=\"image\/jpeg\" \/>\n<meta name=\"author\" content=\"Redacci\u00f3n QP\" \/>\n<meta name=\"twitter:card\" content=\"summary_large_image\" \/>\n<meta name=\"twitter:label1\" content=\"Escrito por\" \/>\n\t<meta name=\"twitter:data1\" content=\"Redacci\u00f3n QP\" \/>\n\t<meta name=\"twitter:label2\" content=\"Tiempo de lectura\" \/>\n\t<meta name=\"twitter:data2\" content=\"2 minutos\" \/>\n<script type=\"application\/ld+json\" class=\"yoast-schema-graph\">{\"@context\":\"https:\\\/\\\/schema.org\",\"@graph\":[{\"@type\":\"Article\",\"@id\":\"https:\\\/\\\/quehacerpolitico.mx\\\/?p=91926#article\",\"isPartOf\":{\"@id\":\"https:\\\/\\\/quehacerpolitico.mx\\\/?p=91926\"},\"author\":{\"name\":\"Redacci\u00f3n QP\",\"@id\":\"https:\\\/\\\/quehacerpolitico.mx\\\/#\\\/schema\\\/person\\\/496d8ad2d1d3f8036101dca7ee39e585\"},\"headline\":\"Internacionales\\\/\\\/\\\/Carolina Alonso Romei\\\/\\\/\\\/El presidente estadounidense,\u00a0Joe\u00a0Biden, solicit\u00f3 formalmente al\u00a0Congreso de EE.UU.\u00a033 mil millones de d\u00f3lares en\u00a0ayuda adicional\u00a0a\u00a0Ucrania\",\"datePublished\":\"2022-04-28T18:38:02+00:00\",\"dateModified\":\"2022-04-28T18:38:09+00:00\",\"mainEntityOfPage\":{\"@id\":\"https:\\\/\\\/quehacerpolitico.mx\\\/?p=91926\"},\"wordCount\":467,\"commentCount\":0,\"image\":{\"@id\":\"https:\\\/\\\/quehacerpolitico.mx\\\/?p=91926#primaryimage\"},\"thumbnailUrl\":\"https:\\\/\\\/quehacerpolitico.mx\\\/wp-content\\\/uploads\\\/2022\\\/04\\\/AEEFD9F3-C9F6-4F62-8A42-D4B542C587A1.jpeg\",\"articleSection\":[\"Internacionales\"],\"inLanguage\":\"es\",\"potentialAction\":[{\"@type\":\"CommentAction\",\"name\":\"Comment\",\"target\":[\"https:\\\/\\\/quehacerpolitico.mx\\\/?p=91926#respond\"]}]},{\"@type\":\"WebPage\",\"@id\":\"https:\\\/\\\/quehacerpolitico.mx\\\/?p=91926\",\"url\":\"https:\\\/\\\/quehacerpolitico.mx\\\/?p=91926\",\"name\":\"Internacionales\\\/\\\/\\\/Carolina Alonso Romei\\\/\\\/\\\/El presidente estadounidense,\u00a0Joe\u00a0Biden, solicit\u00f3 formalmente al\u00a0Congreso de EE.UU.\u00a033 mil millones de d\u00f3lares en\u00a0ayuda adicional\u00a0a\u00a0Ucrania -\",\"isPartOf\":{\"@id\":\"https:\\\/\\\/quehacerpolitico.mx\\\/#website\"},\"primaryImageOfPage\":{\"@id\":\"https:\\\/\\\/quehacerpolitico.mx\\\/?p=91926#primaryimage\"},\"image\":{\"@id\":\"https:\\\/\\\/quehacerpolitico.mx\\\/?p=91926#primaryimage\"},\"thumbnailUrl\":\"https:\\\/\\\/quehacerpolitico.mx\\\/wp-content\\\/uploads\\\/2022\\\/04\\\/AEEFD9F3-C9F6-4F62-8A42-D4B542C587A1.jpeg\",\"datePublished\":\"2022-04-28T18:38:02+00:00\",\"dateModified\":\"2022-04-28T18:38:09+00:00\",\"author\":{\"@id\":\"https:\\\/\\\/quehacerpolitico.mx\\\/#\\\/schema\\\/person\\\/496d8ad2d1d3f8036101dca7ee39e585\"},\"breadcrumb\":{\"@id\":\"https:\\\/\\\/quehacerpolitico.mx\\\/?p=91926#breadcrumb\"},\"inLanguage\":\"es\",\"potentialAction\":[{\"@type\":\"ReadAction\",\"target\":[\"https:\\\/\\\/quehacerpolitico.mx\\\/?p=91926\"]}]},{\"@type\":\"ImageObject\",\"inLanguage\":\"es\",\"@id\":\"https:\\\/\\\/quehacerpolitico.mx\\\/?p=91926#primaryimage\",\"url\":\"https:\\\/\\\/quehacerpolitico.mx\\\/wp-content\\\/uploads\\\/2022\\\/04\\\/AEEFD9F3-C9F6-4F62-8A42-D4B542C587A1.jpeg\",\"contentUrl\":\"https:\\\/\\\/quehacerpolitico.mx\\\/wp-content\\\/uploads\\\/2022\\\/04\\\/AEEFD9F3-C9F6-4F62-8A42-D4B542C587A1.jpeg\",\"width\":1284,\"height\":619},{\"@type\":\"BreadcrumbList\",\"@id\":\"https:\\\/\\\/quehacerpolitico.mx\\\/?p=91926#breadcrumb\",\"itemListElement\":[{\"@type\":\"ListItem\",\"position\":1,\"name\":\"Inicio\",\"item\":\"https:\\\/\\\/quehacerpolitico.mx\\\/\"},{\"@type\":\"ListItem\",\"position\":2,\"name\":\"Internacionales\\\/\\\/\\\/Carolina Alonso Romei\\\/\\\/\\\/El presidente estadounidense,\u00a0Joe\u00a0Biden, solicit\u00f3 formalmente al\u00a0Congreso de EE.UU.\u00a033 mil millones de d\u00f3lares en\u00a0ayuda adicional\u00a0a\u00a0Ucrania\"}]},{\"@type\":\"WebSite\",\"@id\":\"https:\\\/\\\/quehacerpolitico.mx\\\/#website\",\"url\":\"https:\\\/\\\/quehacerpolitico.mx\\\/\",\"name\":\"\",\"description\":\"\",\"potentialAction\":[{\"@type\":\"SearchAction\",\"target\":{\"@type\":\"EntryPoint\",\"urlTemplate\":\"https:\\\/\\\/quehacerpolitico.mx\\\/?s={search_term_string}\"},\"query-input\":{\"@type\":\"PropertyValueSpecification\",\"valueRequired\":true,\"valueName\":\"search_term_string\"}}],\"inLanguage\":\"es\"},{\"@type\":\"Person\",\"@id\":\"https:\\\/\\\/quehacerpolitico.mx\\\/#\\\/schema\\\/person\\\/496d8ad2d1d3f8036101dca7ee39e585\",\"name\":\"Redacci\u00f3n QP\",\"image\":{\"@type\":\"ImageObject\",\"inLanguage\":\"es\",\"@id\":\"https:\\\/\\\/secure.gravatar.com\\\/avatar\\\/c7164ed6fdec453195284ad24a5ae5b6e1eed2b848477fa2a4787ba9adf39a41?s=96&d=mm&r=g\",\"url\":\"https:\\\/\\\/secure.gravatar.com\\\/avatar\\\/c7164ed6fdec453195284ad24a5ae5b6e1eed2b848477fa2a4787ba9adf39a41?s=96&d=mm&r=g\",\"contentUrl\":\"https:\\\/\\\/secure.gravatar.com\\\/avatar\\\/c7164ed6fdec453195284ad24a5ae5b6e1eed2b848477fa2a4787ba9adf39a41?s=96&d=mm&r=g\",\"caption\":\"Redacci\u00f3n QP\"},\"url\":\"https:\\\/\\\/quehacerpolitico.mx\\\/?author=2\"}]}<\/script>\n<!-- \/ Yoast SEO plugin. -->","yoast_head_json":{"title":"Internacionales\/\/\/Carolina Alonso Romei\/\/\/El presidente estadounidense,\u00a0Joe\u00a0Biden, solicit\u00f3 formalmente al\u00a0Congreso de EE.UU.\u00a033 mil millones de d\u00f3lares en\u00a0ayuda adicional\u00a0a\u00a0Ucrania -","robots":{"index":"index","follow":"follow","max-snippet":"max-snippet:-1","max-image-preview":"max-image-preview:large","max-video-preview":"max-video-preview:-1"},"canonical":"https:\/\/quehacerpolitico.mx\/?p=91926","og_locale":"es_MX","og_type":"article","og_title":"Internacionales\/\/\/Carolina Alonso Romei\/\/\/El presidente estadounidense,\u00a0Joe\u00a0Biden, solicit\u00f3 formalmente al\u00a0Congreso de EE.UU.\u00a033 mil millones de d\u00f3lares en\u00a0ayuda adicional\u00a0a\u00a0Ucrania -","og_description":"Por Carolina Alonso Romei Internacionalista La petici\u00f3n de Biden al Congreso incluye 8 mil 500...","og_url":"https:\/\/quehacerpolitico.mx\/?p=91926","article_published_time":"2022-04-28T18:38:02+00:00","article_modified_time":"2022-04-28T18:38:09+00:00","og_image":[{"width":1284,"height":619,"url":"https:\/\/quehacerpolitico.mx\/wp-content\/uploads\/2022\/04\/AEEFD9F3-C9F6-4F62-8A42-D4B542C587A1.jpeg","type":"image\/jpeg"}],"author":"Redacci\u00f3n QP","twitter_card":"summary_large_image","twitter_misc":{"Escrito por":"Redacci\u00f3n QP","Tiempo de lectura":"2 minutos"},"schema":{"@context":"https:\/\/schema.org","@graph":[{"@type":"Article","@id":"https:\/\/quehacerpolitico.mx\/?p=91926#article","isPartOf":{"@id":"https:\/\/quehacerpolitico.mx\/?p=91926"},"author":{"name":"Redacci\u00f3n QP","@id":"https:\/\/quehacerpolitico.mx\/#\/schema\/person\/496d8ad2d1d3f8036101dca7ee39e585"},"headline":"Internacionales\/\/\/Carolina Alonso Romei\/\/\/El presidente estadounidense,\u00a0Joe\u00a0Biden, solicit\u00f3 formalmente al\u00a0Congreso de EE.UU.\u00a033 mil millones de d\u00f3lares en\u00a0ayuda adicional\u00a0a\u00a0Ucrania","datePublished":"2022-04-28T18:38:02+00:00","dateModified":"2022-04-28T18:38:09+00:00","mainEntityOfPage":{"@id":"https:\/\/quehacerpolitico.mx\/?p=91926"},"wordCount":467,"commentCount":0,"image":{"@id":"https:\/\/quehacerpolitico.mx\/?p=91926#primaryimage"},"thumbnailUrl":"https:\/\/quehacerpolitico.mx\/wp-content\/uploads\/2022\/04\/AEEFD9F3-C9F6-4F62-8A42-D4B542C587A1.jpeg","articleSection":["Internacionales"],"inLanguage":"es","potentialAction":[{"@type":"CommentAction","name":"Comment","target":["https:\/\/quehacerpolitico.mx\/?p=91926#respond"]}]},{"@type":"WebPage","@id":"https:\/\/quehacerpolitico.mx\/?p=91926","url":"https:\/\/quehacerpolitico.mx\/?p=91926","name":"Internacionales\/\/\/Carolina Alonso Romei\/\/\/El presidente estadounidense,\u00a0Joe\u00a0Biden, solicit\u00f3 formalmente al\u00a0Congreso de EE.UU.\u00a033 mil millones de d\u00f3lares en\u00a0ayuda adicional\u00a0a\u00a0Ucrania -","isPartOf":{"@id":"https:\/\/quehacerpolitico.mx\/#website"},"primaryImageOfPage":{"@id":"https:\/\/quehacerpolitico.mx\/?p=91926#primaryimage"},"image":{"@id":"https:\/\/quehacerpolitico.mx\/?p=91926#primaryimage"},"thumbnailUrl":"https:\/\/quehacerpolitico.mx\/wp-content\/uploads\/2022\/04\/AEEFD9F3-C9F6-4F62-8A42-D4B542C587A1.jpeg","datePublished":"2022-04-28T18:38:02+00:00","dateModified":"2022-04-28T18:38:09+00:00","author":{"@id":"https:\/\/quehacerpolitico.mx\/#\/schema\/person\/496d8ad2d1d3f8036101dca7ee39e585"},"breadcrumb":{"@id":"https:\/\/quehacerpolitico.mx\/?p=91926#breadcrumb"},"inLanguage":"es","potentialAction":[{"@type":"ReadAction","target":["https:\/\/quehacerpolitico.mx\/?p=91926"]}]},{"@type":"ImageObject","inLanguage":"es","@id":"https:\/\/quehacerpolitico.mx\/?p=91926#primaryimage","url":"https:\/\/quehacerpolitico.mx\/wp-content\/uploads\/2022\/04\/AEEFD9F3-C9F6-4F62-8A42-D4B542C587A1.jpeg","contentUrl":"https:\/\/quehacerpolitico.mx\/wp-content\/uploads\/2022\/04\/AEEFD9F3-C9F6-4F62-8A42-D4B542C587A1.jpeg","width":1284,"height":619},{"@type":"BreadcrumbList","@id":"https:\/\/quehacerpolitico.mx\/?p=91926#breadcrumb","itemListElement":[{"@type":"ListItem","position":1,"name":"Inicio","item":"https:\/\/quehacerpolitico.mx\/"},{"@type":"ListItem","position":2,"name":"Internacionales\/\/\/Carolina Alonso Romei\/\/\/El presidente estadounidense,\u00a0Joe\u00a0Biden, solicit\u00f3 formalmente al\u00a0Congreso de EE.UU.\u00a033 mil millones de d\u00f3lares en\u00a0ayuda adicional\u00a0a\u00a0Ucrania"}]},{"@type":"WebSite","@id":"https:\/\/quehacerpolitico.mx\/#website","url":"https:\/\/quehacerpolitico.mx\/","name":"","description":"","potentialAction":[{"@type":"SearchAction","target":{"@type":"EntryPoint","urlTemplate":"https:\/\/quehacerpolitico.mx\/?s={search_term_string}"},"query-input":{"@type":"PropertyValueSpecification","valueRequired":true,"valueName":"search_term_string"}}],"inLanguage":"es"},{"@type":"Person","@id":"https:\/\/quehacerpolitico.mx\/#\/schema\/person\/496d8ad2d1d3f8036101dca7ee39e585","name":"Redacci\u00f3n QP","image":{"@type":"ImageObject","inLanguage":"es","@id":"https:\/\/secure.gravatar.com\/avatar\/c7164ed6fdec453195284ad24a5ae5b6e1eed2b848477fa2a4787ba9adf39a41?s=96&d=mm&r=g","url":"https:\/\/secure.gravatar.com\/avatar\/c7164ed6fdec453195284ad24a5ae5b6e1eed2b848477fa2a4787ba9adf39a41?s=96&d=mm&r=g","contentUrl":"https:\/\/secure.gravatar.com\/avatar\/c7164ed6fdec453195284ad24a5ae5b6e1eed2b848477fa2a4787ba9adf39a41?s=96&d=mm&r=g","caption":"Redacci\u00f3n QP"},"url":"https:\/\/quehacerpolitico.mx\/?author=2"}]}},"featured_image_urls":{"full":["https:\/\/quehacerpolitico.mx\/wp-content\/uploads\/2022\/04\/AEEFD9F3-C9F6-4F62-8A42-D4B542C587A1.jpeg",1284,619,false],"thumbnail":["https:\/\/quehacerpolitico.mx\/wp-content\/uploads\/2022\/04\/AEEFD9F3-C9F6-4F62-8A42-D4B542C587A1-150x150.jpeg",150,150,true],"medium":["https:\/\/quehacerpolitico.mx\/wp-content\/uploads\/2022\/04\/AEEFD9F3-C9F6-4F62-8A42-D4B542C587A1-300x145.jpeg",300,145,true],"medium_large":["https:\/\/quehacerpolitico.mx\/wp-content\/uploads\/2022\/04\/AEEFD9F3-C9F6-4F62-8A42-D4B542C587A1-768x370.jpeg",640,308,true],"large":["https:\/\/quehacerpolitico.mx\/wp-content\/uploads\/2022\/04\/AEEFD9F3-C9F6-4F62-8A42-D4B542C587A1-1024x494.jpeg",640,309,true],"1536x1536":["https:\/\/quehacerpolitico.mx\/wp-content\/uploads\/2022\/04\/AEEFD9F3-C9F6-4F62-8A42-D4B542C587A1.jpeg",1284,619,false],"2048x2048":["https:\/\/quehacerpolitico.mx\/wp-content\/uploads\/2022\/04\/AEEFD9F3-C9F6-4F62-8A42-D4B542C587A1.jpeg",1284,619,false],"covernews-featured":["https:\/\/quehacerpolitico.mx\/wp-content\/uploads\/2022\/04\/AEEFD9F3-C9F6-4F62-8A42-D4B542C587A1.jpeg",1024,494,false],"covernews-medium":["https:\/\/quehacerpolitico.mx\/wp-content\/uploads\/2022\/04\/AEEFD9F3-C9F6-4F62-8A42-D4B542C587A1.jpeg",540,260,false]},"author_info":{"display_name":"Redacci\u00f3n QP","author_link":"https:\/\/quehacerpolitico.mx\/?author=2"},"category_info":"<a href=\"https:\/\/quehacerpolitico.mx\/?cat=1\" rel=\"category\">Internacionales<\/a>","tag_info":"Internacionales","comment_count":"0","_links":{"self":[{"href":"https:\/\/quehacerpolitico.mx\/index.php?rest_route=\/wp\/v2\/posts\/91926","targetHints":{"allow":["GET"]}}],"collection":[{"href":"https:\/\/quehacerpolitico.mx\/index.php?rest_route=\/wp\/v2\/posts"}],"about":[{"href":"https:\/\/quehacerpolitico.mx\/index.php?rest_route=\/wp\/v2\/types\/post"}],"author":[{"embeddable":true,"href":"https:\/\/quehacerpolitico.mx\/index.php?rest_route=\/wp\/v2\/users\/2"}],"replies":[{"embeddable":true,"href":"https:\/\/quehacerpolitico.mx\/index.php?rest_route=%2Fwp%2Fv2%2Fcomments&post=91926"}],"version-history":[{"count":1,"href":"https:\/\/quehacerpolitico.mx\/index.php?rest_route=\/wp\/v2\/posts\/91926\/revisions"}],"predecessor-version":[{"id":91929,"href":"https:\/\/quehacerpolitico.mx\/index.php?rest_route=\/wp\/v2\/posts\/91926\/revisions\/91929"}],"wp:featuredmedia":[{"embeddable":true,"href":"https:\/\/quehacerpolitico.mx\/index.php?rest_route=\/wp\/v2\/media\/91928"}],"wp:attachment":[{"href":"https:\/\/quehacerpolitico.mx\/index.php?rest_route=%2Fwp%2Fv2%2Fmedia&parent=91926"}],"wp:term":[{"taxonomy":"category","embeddable":true,"href":"https:\/\/quehacerpolitico.mx\/index.php?rest_route=%2Fwp%2Fv2%2Fcategories&post=91926"},{"taxonomy":"post_tag","embeddable":true,"href":"https:\/\/quehacerpolitico.mx\/index.php?rest_route=%2Fwp%2Fv2%2Ftags&post=91926"}],"curies":[{"name":"wp","href":"https:\/\/api.w.org\/{rel}","templated":true}]}}