{"id":91913,"date":"2022-04-28T17:11:03","date_gmt":"2022-04-28T17:11:03","guid":{"rendered":"https:\/\/quehacerpolitico.mx\/?p=91913"},"modified":"2022-04-28T17:11:07","modified_gmt":"2022-04-28T17:11:07","slug":"ufff-la-politica-rodolfo-mendoza-olivo-el-odio-desde-palacio","status":"publish","type":"post","link":"https:\/\/quehacerpolitico.mx\/?p=91913","title":{"rendered":"Ufff la politica\/\/\/Rodolfo Mendoza Olivo\/\/\/El odio desde Palacio"},"content":{"rendered":"\n<p>Por Rodolfo Mendoza Olivo<\/p>\n\n\n\n<p>Con esa pol\u00edtica de odio que sigue generando a diario en sus ma\u00f1aneras el Presidente de la Republica, no logra digerir la derrota, todo se le indigesta,\u00a0despotrica contra sus enemigos, agrede, insulta, descalifica, acusa, demoniza,\u00a0denosta, humilla y ultraja \u00a0a otros mexicanos que simplemente no comparten sus ideas, el odio, la amargura, el resentimiento y el revanchismo siempre por delante, ahora son los diputados de la oposici\u00f3n\u00a0del\u00a0PRI, PAN, PRD Y MC sepultaron su reforma el\u00e9ctrica al rechazarla\u00a0y por eso ahora son traidores a la Patria,\u00a0curiosamente a su cabildero en la\u00a0C\u00e1mara\u00a0baja,\u00a0Ignacio Mier\u00a0que era el responsable de sacar adelante la aprobaci\u00f3n y que de plano no pudo y con amenazas, chantajes, intimidaciones\u00a0que fue lo que propuso a los coordinadores de las bancadas del PRI, PAN PRD y MC\u00a0hicieron que el ambiente se caldeara bastante y en buena medida el otro personaje que le echo le\u00f1a a la lumbre fue el se\u00f1or Mario Delgado\u00a0y su Secretaria General la Se\u00f1ora\u00a0Citlali\u00a0Hernandez\u00a0dirigentes\u00a0de MORENA y en medio de ese ambiente en donde o\u00a0est\u00e1s\u00a0conmigo o\u00a0est\u00e1s\u00a0contra\u00a0m\u00ed, hicieron que los dirigentes nacionales de las cuatros fuerzas pol\u00edticas,\u00a0cerraran filas y el resto de la historia ya la sabemos, como el Tabasque\u00f1o tiene perfectamente claro que en ambas c\u00e1maras su Partido no\u00a0cuenta con\u00a0la mayor\u00eda calificada y que dif\u00edcilmente cualquier otra reforma a la\u00a0Constituci\u00f3n\u00a0Pol\u00edtica\u00a0de los Estados UnidosMexicanos, no pasaran\u00a0ni\u00a0la Reforma\u00a0Pol\u00edtica\u00a0y\u00a0ni\u00a0la reforma sobre la Guardia nacional est\u00e1n destinadas al fracaso,\u00a0a que no pasen, los legisladores del PRI PAN PRD Y MC tienen claro y no van a permitir que se toque al Instituto Nacional Electoral ni a sus integrantes los Consejeros Electorales, el INE sigue siendo el organismo aut\u00f3nomo que\u00a0m\u00e1s\u00a0credibilidad tiene, incluso\u00a0por encima de las fuerzas armadas\u00a0y como el camino\u00a0m\u00e1s\u00a0f\u00e1cil es carg\u00e1ndole el costal de la derrota no a sus operadores,\u00a0que fueron los responsables a los que les falto sensibilidad pol\u00edtica, \u00a0no\u00a0todo el poder del Estado est\u00e1 encaminado a ir contra los que echaron abajo la aprobaci\u00f3n de la Reforma El\u00e9ctrica\u00a0y por ello Pablo\u00a0G\u00f3mez\u00a0titular de la UIF\u00a0y\u00a0por el otro Raquel Buenrostro titular del SAT afilan las espadas y van con todo en contra de Alejandro Moreno dirigente Nacional del PRI, y de Manuel Velazco Coello la b\u00fasqueda\u00a0est\u00e1\u00a0enfocada cuando ambos fueron gobernadores de Campeche y Chiapas, para ello est\u00e1n echando mano\u00a0de los gobernadores de MORENA que est\u00e1n en funciones\u00a0Layda\u00a0Sansores en Campeche y en Chiapas Rutilio\u00a0Escand\u00f3n, dicen los que est\u00e1n bien enterados que a Velazco Coello se le investigara por haber fallado en la negociaci\u00f3n y no haber podido convencer al l\u00edder nacional del PRI, como el periodo ordinario de sesiones\u00a0est\u00e1\u00a0a punto de terminar,\u00a0Andr\u00e9s\u00a0Manuel\u00a0L\u00f3pez\u00a0Obrador tendr\u00e1 que valorar si continua echando mano del que quiso pero no pudo sacar adelante su reforma emblem\u00e1tica Ignacio Mier o se decide porque primero sus iniciativas lleguen primero al Senado de la Republica y sea el colmilludo de Ricardo Monreal\u00a0\u00c1vila\u00a0de ser\u00a0as\u00ed\u00a0el se\u00f1or Presidente tendr\u00e1 que hacer de tripas coraz\u00f3n ya que\u00a0\u00e9l\u00a0fue quien\u00a0decidi\u00f3\u00a0se acabaron los desayunos en Palacio Nacional y que las relaciones entre el Tabasque\u00f1o y el Zacatecano se enfriaran al grado de que Ricardo Monreal\u00a0\u00c1vila\u00a0no ha sido invitado a eventos nacionales<\/p>\n","protected":false},"excerpt":{"rendered":"<p>Por Rodolfo Mendoza Olivo Con esa pol\u00edtica de odio que sigue generando a diario en&#8230;<\/p>\n","protected":false},"author":2,"featured_media":91914,"comment_status":"open","ping_status":"open","sticky":false,"template":"","format":"standard","meta":{"_monsterinsights_skip_tracking":false,"_monsterinsights_sitenote_active":false,"_monsterinsights_sitenote_note":"","_monsterinsights_sitenote_category":0,"footnotes":""},"categories":[2],"tags":[],"class_list":["post-91913","post","type-post","status-publish","format-standard","has-post-thumbnail","hentry","category-noticias"],"yoast_head":"<!-- This site is optimized with the Yoast SEO plugin v27.3 - https:\/\/yoast.com\/product\/yoast-seo-wordpress\/ -->\n<title>Ufff la politica\/\/\/Rodolfo Mendoza Olivo\/\/\/El odio desde Palacio -<\/title>\n<meta name=\"robots\" content=\"index, follow, max-snippet:-1, max-image-preview:large, max-video-preview:-1\" \/>\n<link rel=\"canonical\" href=\"https:\/\/quehacerpolitico.mx\/?p=91913\" \/>\n<meta property=\"og:locale\" content=\"es_MX\" \/>\n<meta property=\"og:type\" content=\"article\" \/>\n<meta property=\"og:title\" content=\"Ufff la politica\/\/\/Rodolfo Mendoza Olivo\/\/\/El odio desde Palacio -\" \/>\n<meta property=\"og:description\" content=\"Por Rodolfo Mendoza Olivo Con esa pol\u00edtica de odio que sigue generando a diario en...\" \/>\n<meta property=\"og:url\" content=\"https:\/\/quehacerpolitico.mx\/?p=91913\" \/>\n<meta property=\"article:published_time\" content=\"2022-04-28T17:11:03+00:00\" \/>\n<meta property=\"article:modified_time\" content=\"2022-04-28T17:11:07+00:00\" \/>\n<meta property=\"og:image\" content=\"https:\/\/quehacerpolitico.mx\/wp-content\/uploads\/2022\/04\/F9A5E9DC-02CD-42A5-ADBF-84ACFCB4FCF6.jpeg\" \/>\n\t<meta property=\"og:image:width\" content=\"678\" \/>\n\t<meta property=\"og:image:height\" content=\"452\" \/>\n\t<meta property=\"og:image:type\" content=\"image\/jpeg\" \/>\n<meta name=\"author\" content=\"Redacci\u00f3n QP\" \/>\n<meta name=\"twitter:card\" content=\"summary_large_image\" \/>\n<meta name=\"twitter:label1\" content=\"Escrito por\" \/>\n\t<meta name=\"twitter:data1\" content=\"Redacci\u00f3n QP\" \/>\n\t<meta name=\"twitter:label2\" content=\"Tiempo de lectura\" \/>\n\t<meta name=\"twitter:data2\" content=\"3 minutos\" \/>\n<script type=\"application\/ld+json\" class=\"yoast-schema-graph\">{\"@context\":\"https:\\\/\\\/schema.org\",\"@graph\":[{\"@type\":\"Article\",\"@id\":\"https:\\\/\\\/quehacerpolitico.mx\\\/?p=91913#article\",\"isPartOf\":{\"@id\":\"https:\\\/\\\/quehacerpolitico.mx\\\/?p=91913\"},\"author\":{\"name\":\"Redacci\u00f3n QP\",\"@id\":\"https:\\\/\\\/quehacerpolitico.mx\\\/#\\\/schema\\\/person\\\/496d8ad2d1d3f8036101dca7ee39e585\"},\"headline\":\"Ufff la politica\\\/\\\/\\\/Rodolfo Mendoza Olivo\\\/\\\/\\\/El odio desde Palacio\",\"datePublished\":\"2022-04-28T17:11:03+00:00\",\"dateModified\":\"2022-04-28T17:11:07+00:00\",\"mainEntityOfPage\":{\"@id\":\"https:\\\/\\\/quehacerpolitico.mx\\\/?p=91913\"},\"wordCount\":626,\"commentCount\":0,\"image\":{\"@id\":\"https:\\\/\\\/quehacerpolitico.mx\\\/?p=91913#primaryimage\"},\"thumbnailUrl\":\"https:\\\/\\\/quehacerpolitico.mx\\\/wp-content\\\/uploads\\\/2022\\\/04\\\/F9A5E9DC-02CD-42A5-ADBF-84ACFCB4FCF6.jpeg\",\"articleSection\":[\"Noticias\"],\"inLanguage\":\"es\",\"potentialAction\":[{\"@type\":\"CommentAction\",\"name\":\"Comment\",\"target\":[\"https:\\\/\\\/quehacerpolitico.mx\\\/?p=91913#respond\"]}]},{\"@type\":\"WebPage\",\"@id\":\"https:\\\/\\\/quehacerpolitico.mx\\\/?p=91913\",\"url\":\"https:\\\/\\\/quehacerpolitico.mx\\\/?p=91913\",\"name\":\"Ufff la politica\\\/\\\/\\\/Rodolfo Mendoza Olivo\\\/\\\/\\\/El odio desde Palacio -\",\"isPartOf\":{\"@id\":\"https:\\\/\\\/quehacerpolitico.mx\\\/#website\"},\"primaryImageOfPage\":{\"@id\":\"https:\\\/\\\/quehacerpolitico.mx\\\/?p=91913#primaryimage\"},\"image\":{\"@id\":\"https:\\\/\\\/quehacerpolitico.mx\\\/?p=91913#primaryimage\"},\"thumbnailUrl\":\"https:\\\/\\\/quehacerpolitico.mx\\\/wp-content\\\/uploads\\\/2022\\\/04\\\/F9A5E9DC-02CD-42A5-ADBF-84ACFCB4FCF6.jpeg\",\"datePublished\":\"2022-04-28T17:11:03+00:00\",\"dateModified\":\"2022-04-28T17:11:07+00:00\",\"author\":{\"@id\":\"https:\\\/\\\/quehacerpolitico.mx\\\/#\\\/schema\\\/person\\\/496d8ad2d1d3f8036101dca7ee39e585\"},\"breadcrumb\":{\"@id\":\"https:\\\/\\\/quehacerpolitico.mx\\\/?p=91913#breadcrumb\"},\"inLanguage\":\"es\",\"potentialAction\":[{\"@type\":\"ReadAction\",\"target\":[\"https:\\\/\\\/quehacerpolitico.mx\\\/?p=91913\"]}]},{\"@type\":\"ImageObject\",\"inLanguage\":\"es\",\"@id\":\"https:\\\/\\\/quehacerpolitico.mx\\\/?p=91913#primaryimage\",\"url\":\"https:\\\/\\\/quehacerpolitico.mx\\\/wp-content\\\/uploads\\\/2022\\\/04\\\/F9A5E9DC-02CD-42A5-ADBF-84ACFCB4FCF6.jpeg\",\"contentUrl\":\"https:\\\/\\\/quehacerpolitico.mx\\\/wp-content\\\/uploads\\\/2022\\\/04\\\/F9A5E9DC-02CD-42A5-ADBF-84ACFCB4FCF6.jpeg\",\"width\":678,\"height\":452},{\"@type\":\"BreadcrumbList\",\"@id\":\"https:\\\/\\\/quehacerpolitico.mx\\\/?p=91913#breadcrumb\",\"itemListElement\":[{\"@type\":\"ListItem\",\"position\":1,\"name\":\"Inicio\",\"item\":\"https:\\\/\\\/quehacerpolitico.mx\\\/\"},{\"@type\":\"ListItem\",\"position\":2,\"name\":\"Ufff la politica\\\/\\\/\\\/Rodolfo Mendoza Olivo\\\/\\\/\\\/El odio desde Palacio\"}]},{\"@type\":\"WebSite\",\"@id\":\"https:\\\/\\\/quehacerpolitico.mx\\\/#website\",\"url\":\"https:\\\/\\\/quehacerpolitico.mx\\\/\",\"name\":\"\",\"description\":\"\",\"potentialAction\":[{\"@type\":\"SearchAction\",\"target\":{\"@type\":\"EntryPoint\",\"urlTemplate\":\"https:\\\/\\\/quehacerpolitico.mx\\\/?s={search_term_string}\"},\"query-input\":{\"@type\":\"PropertyValueSpecification\",\"valueRequired\":true,\"valueName\":\"search_term_string\"}}],\"inLanguage\":\"es\"},{\"@type\":\"Person\",\"@id\":\"https:\\\/\\\/quehacerpolitico.mx\\\/#\\\/schema\\\/person\\\/496d8ad2d1d3f8036101dca7ee39e585\",\"name\":\"Redacci\u00f3n QP\",\"image\":{\"@type\":\"ImageObject\",\"inLanguage\":\"es\",\"@id\":\"https:\\\/\\\/secure.gravatar.com\\\/avatar\\\/c7164ed6fdec453195284ad24a5ae5b6e1eed2b848477fa2a4787ba9adf39a41?s=96&d=mm&r=g\",\"url\":\"https:\\\/\\\/secure.gravatar.com\\\/avatar\\\/c7164ed6fdec453195284ad24a5ae5b6e1eed2b848477fa2a4787ba9adf39a41?s=96&d=mm&r=g\",\"contentUrl\":\"https:\\\/\\\/secure.gravatar.com\\\/avatar\\\/c7164ed6fdec453195284ad24a5ae5b6e1eed2b848477fa2a4787ba9adf39a41?s=96&d=mm&r=g\",\"caption\":\"Redacci\u00f3n QP\"},\"url\":\"https:\\\/\\\/quehacerpolitico.mx\\\/?author=2\"}]}<\/script>\n<!-- \/ Yoast SEO plugin. -->","yoast_head_json":{"title":"Ufff la politica\/\/\/Rodolfo Mendoza Olivo\/\/\/El odio desde Palacio -","robots":{"index":"index","follow":"follow","max-snippet":"max-snippet:-1","max-image-preview":"max-image-preview:large","max-video-preview":"max-video-preview:-1"},"canonical":"https:\/\/quehacerpolitico.mx\/?p=91913","og_locale":"es_MX","og_type":"article","og_title":"Ufff la politica\/\/\/Rodolfo Mendoza Olivo\/\/\/El odio desde Palacio -","og_description":"Por Rodolfo Mendoza Olivo Con esa pol\u00edtica de odio que sigue generando a diario en...","og_url":"https:\/\/quehacerpolitico.mx\/?p=91913","article_published_time":"2022-04-28T17:11:03+00:00","article_modified_time":"2022-04-28T17:11:07+00:00","og_image":[{"width":678,"height":452,"url":"https:\/\/quehacerpolitico.mx\/wp-content\/uploads\/2022\/04\/F9A5E9DC-02CD-42A5-ADBF-84ACFCB4FCF6.jpeg","type":"image\/jpeg"}],"author":"Redacci\u00f3n QP","twitter_card":"summary_large_image","twitter_misc":{"Escrito por":"Redacci\u00f3n QP","Tiempo de lectura":"3 minutos"},"schema":{"@context":"https:\/\/schema.org","@graph":[{"@type":"Article","@id":"https:\/\/quehacerpolitico.mx\/?p=91913#article","isPartOf":{"@id":"https:\/\/quehacerpolitico.mx\/?p=91913"},"author":{"name":"Redacci\u00f3n QP","@id":"https:\/\/quehacerpolitico.mx\/#\/schema\/person\/496d8ad2d1d3f8036101dca7ee39e585"},"headline":"Ufff la politica\/\/\/Rodolfo Mendoza Olivo\/\/\/El odio desde Palacio","datePublished":"2022-04-28T17:11:03+00:00","dateModified":"2022-04-28T17:11:07+00:00","mainEntityOfPage":{"@id":"https:\/\/quehacerpolitico.mx\/?p=91913"},"wordCount":626,"commentCount":0,"image":{"@id":"https:\/\/quehacerpolitico.mx\/?p=91913#primaryimage"},"thumbnailUrl":"https:\/\/quehacerpolitico.mx\/wp-content\/uploads\/2022\/04\/F9A5E9DC-02CD-42A5-ADBF-84ACFCB4FCF6.jpeg","articleSection":["Noticias"],"inLanguage":"es","potentialAction":[{"@type":"CommentAction","name":"Comment","target":["https:\/\/quehacerpolitico.mx\/?p=91913#respond"]}]},{"@type":"WebPage","@id":"https:\/\/quehacerpolitico.mx\/?p=91913","url":"https:\/\/quehacerpolitico.mx\/?p=91913","name":"Ufff la politica\/\/\/Rodolfo Mendoza Olivo\/\/\/El odio desde Palacio -","isPartOf":{"@id":"https:\/\/quehacerpolitico.mx\/#website"},"primaryImageOfPage":{"@id":"https:\/\/quehacerpolitico.mx\/?p=91913#primaryimage"},"image":{"@id":"https:\/\/quehacerpolitico.mx\/?p=91913#primaryimage"},"thumbnailUrl":"https:\/\/quehacerpolitico.mx\/wp-content\/uploads\/2022\/04\/F9A5E9DC-02CD-42A5-ADBF-84ACFCB4FCF6.jpeg","datePublished":"2022-04-28T17:11:03+00:00","dateModified":"2022-04-28T17:11:07+00:00","author":{"@id":"https:\/\/quehacerpolitico.mx\/#\/schema\/person\/496d8ad2d1d3f8036101dca7ee39e585"},"breadcrumb":{"@id":"https:\/\/quehacerpolitico.mx\/?p=91913#breadcrumb"},"inLanguage":"es","potentialAction":[{"@type":"ReadAction","target":["https:\/\/quehacerpolitico.mx\/?p=91913"]}]},{"@type":"ImageObject","inLanguage":"es","@id":"https:\/\/quehacerpolitico.mx\/?p=91913#primaryimage","url":"https:\/\/quehacerpolitico.mx\/wp-content\/uploads\/2022\/04\/F9A5E9DC-02CD-42A5-ADBF-84ACFCB4FCF6.jpeg","contentUrl":"https:\/\/quehacerpolitico.mx\/wp-content\/uploads\/2022\/04\/F9A5E9DC-02CD-42A5-ADBF-84ACFCB4FCF6.jpeg","width":678,"height":452},{"@type":"BreadcrumbList","@id":"https:\/\/quehacerpolitico.mx\/?p=91913#breadcrumb","itemListElement":[{"@type":"ListItem","position":1,"name":"Inicio","item":"https:\/\/quehacerpolitico.mx\/"},{"@type":"ListItem","position":2,"name":"Ufff la politica\/\/\/Rodolfo Mendoza Olivo\/\/\/El odio desde Palacio"}]},{"@type":"WebSite","@id":"https:\/\/quehacerpolitico.mx\/#website","url":"https:\/\/quehacerpolitico.mx\/","name":"","description":"","potentialAction":[{"@type":"SearchAction","target":{"@type":"EntryPoint","urlTemplate":"https:\/\/quehacerpolitico.mx\/?s={search_term_string}"},"query-input":{"@type":"PropertyValueSpecification","valueRequired":true,"valueName":"search_term_string"}}],"inLanguage":"es"},{"@type":"Person","@id":"https:\/\/quehacerpolitico.mx\/#\/schema\/person\/496d8ad2d1d3f8036101dca7ee39e585","name":"Redacci\u00f3n QP","image":{"@type":"ImageObject","inLanguage":"es","@id":"https:\/\/secure.gravatar.com\/avatar\/c7164ed6fdec453195284ad24a5ae5b6e1eed2b848477fa2a4787ba9adf39a41?s=96&d=mm&r=g","url":"https:\/\/secure.gravatar.com\/avatar\/c7164ed6fdec453195284ad24a5ae5b6e1eed2b848477fa2a4787ba9adf39a41?s=96&d=mm&r=g","contentUrl":"https:\/\/secure.gravatar.com\/avatar\/c7164ed6fdec453195284ad24a5ae5b6e1eed2b848477fa2a4787ba9adf39a41?s=96&d=mm&r=g","caption":"Redacci\u00f3n QP"},"url":"https:\/\/quehacerpolitico.mx\/?author=2"}]}},"featured_image_urls":{"full":["https:\/\/quehacerpolitico.mx\/wp-content\/uploads\/2022\/04\/F9A5E9DC-02CD-42A5-ADBF-84ACFCB4FCF6.jpeg",678,452,false],"thumbnail":["https:\/\/quehacerpolitico.mx\/wp-content\/uploads\/2022\/04\/F9A5E9DC-02CD-42A5-ADBF-84ACFCB4FCF6-150x150.jpeg",150,150,true],"medium":["https:\/\/quehacerpolitico.mx\/wp-content\/uploads\/2022\/04\/F9A5E9DC-02CD-42A5-ADBF-84ACFCB4FCF6-300x200.jpeg",300,200,true],"medium_large":["https:\/\/quehacerpolitico.mx\/wp-content\/uploads\/2022\/04\/F9A5E9DC-02CD-42A5-ADBF-84ACFCB4FCF6.jpeg",640,427,false],"large":["https:\/\/quehacerpolitico.mx\/wp-content\/uploads\/2022\/04\/F9A5E9DC-02CD-42A5-ADBF-84ACFCB4FCF6.jpeg",640,427,false],"1536x1536":["https:\/\/quehacerpolitico.mx\/wp-content\/uploads\/2022\/04\/F9A5E9DC-02CD-42A5-ADBF-84ACFCB4FCF6.jpeg",678,452,false],"2048x2048":["https:\/\/quehacerpolitico.mx\/wp-content\/uploads\/2022\/04\/F9A5E9DC-02CD-42A5-ADBF-84ACFCB4FCF6.jpeg",678,452,false],"covernews-featured":["https:\/\/quehacerpolitico.mx\/wp-content\/uploads\/2022\/04\/F9A5E9DC-02CD-42A5-ADBF-84ACFCB4FCF6.jpeg",678,452,false],"covernews-medium":["https:\/\/quehacerpolitico.mx\/wp-content\/uploads\/2022\/04\/F9A5E9DC-02CD-42A5-ADBF-84ACFCB4FCF6.jpeg",510,340,false]},"author_info":{"display_name":"Redacci\u00f3n QP","author_link":"https:\/\/quehacerpolitico.mx\/?author=2"},"category_info":"<a href=\"https:\/\/quehacerpolitico.mx\/?cat=2\" rel=\"category\">Noticias<\/a>","tag_info":"Noticias","comment_count":"0","_links":{"self":[{"href":"https:\/\/quehacerpolitico.mx\/index.php?rest_route=\/wp\/v2\/posts\/91913","targetHints":{"allow":["GET"]}}],"collection":[{"href":"https:\/\/quehacerpolitico.mx\/index.php?rest_route=\/wp\/v2\/posts"}],"about":[{"href":"https:\/\/quehacerpolitico.mx\/index.php?rest_route=\/wp\/v2\/types\/post"}],"author":[{"embeddable":true,"href":"https:\/\/quehacerpolitico.mx\/index.php?rest_route=\/wp\/v2\/users\/2"}],"replies":[{"embeddable":true,"href":"https:\/\/quehacerpolitico.mx\/index.php?rest_route=%2Fwp%2Fv2%2Fcomments&post=91913"}],"version-history":[{"count":1,"href":"https:\/\/quehacerpolitico.mx\/index.php?rest_route=\/wp\/v2\/posts\/91913\/revisions"}],"predecessor-version":[{"id":91915,"href":"https:\/\/quehacerpolitico.mx\/index.php?rest_route=\/wp\/v2\/posts\/91913\/revisions\/91915"}],"wp:featuredmedia":[{"embeddable":true,"href":"https:\/\/quehacerpolitico.mx\/index.php?rest_route=\/wp\/v2\/media\/91914"}],"wp:attachment":[{"href":"https:\/\/quehacerpolitico.mx\/index.php?rest_route=%2Fwp%2Fv2%2Fmedia&parent=91913"}],"wp:term":[{"taxonomy":"category","embeddable":true,"href":"https:\/\/quehacerpolitico.mx\/index.php?rest_route=%2Fwp%2Fv2%2Fcategories&post=91913"},{"taxonomy":"post_tag","embeddable":true,"href":"https:\/\/quehacerpolitico.mx\/index.php?rest_route=%2Fwp%2Fv2%2Ftags&post=91913"}],"curies":[{"name":"wp","href":"https:\/\/api.w.org\/{rel}","templated":true}]}}