{"id":91906,"date":"2022-04-28T16:08:19","date_gmt":"2022-04-28T16:08:19","guid":{"rendered":"https:\/\/quehacerpolitico.mx\/?p=91906"},"modified":"2022-04-28T16:08:23","modified_gmt":"2022-04-28T16:08:23","slug":"lopez-obrador-busca-transformar-al-ine-con-la-reforma-electoral","status":"publish","type":"post","link":"https:\/\/quehacerpolitico.mx\/?p=91906","title":{"rendered":"L\u00f3pez Obrador busca transformar al INE con la reforma electoral\u00a0"},"content":{"rendered":"\n<p>Por Redacci\u00f3n QP<\/p>\n\n\n\n<p>El secretario de Gobernaci\u00f3n afirm\u00f3 que m\u00e1s que una &#8220;reforma electoral, es una reforma democr\u00e1tica&#8221;; checa de qu\u00e9 trata la iniciativa<\/p>\n\n\n\n<p>El Presidente de M\u00e9xico, Andr\u00e9s Manuel L\u00f3pez Obrador, inform\u00f3 durante la &#8220;ma\u00f1anera&#8221; que enviar\u00e1 al Congreso de la Uni\u00f3n la iniciativa de reforma electoral este jueves. En dicho proyecto busca crear el Instituto Nacional de Elecciones y Consultas, en reemplazo del INE.<\/p>\n\n\n\n<figure class=\"wp-block-embed is-type-rich is-provider-twitter wp-block-embed-twitter\"><div class=\"wp-block-embed__wrapper\">\n<blockquote class=\"twitter-tweet\" data-width=\"550\" data-dnt=\"true\"><p lang=\"es\" dir=\"ltr\">\ud83d\udea8<a href=\"https:\/\/twitter.com\/hashtag\/%C3%9ALTIMAHORA?src=hash&amp;ref_src=twsrc%5Etfw\">#\u00daLTIMAHORA<\/a> | REFORMA ELECTORAL \u00a1Qu\u00e9 nervios!<br><br>AMLO anuncia que hoy se presentar\u00e1 la iniciativa de <a href=\"https:\/\/twitter.com\/hashtag\/ReformaElectoral?src=hash&amp;ref_src=twsrc%5Etfw\">#ReformaElectoral<\/a> que se enviar\u00e1 al Congreso de la Uni\u00f3n para su discusi\u00f3n y aprobaci\u00f3n.<br><br>Hagan sus apuestas \u00bfVa a querer desaparecer al <a href=\"https:\/\/twitter.com\/hashtag\/INE?src=hash&amp;ref_src=twsrc%5Etfw\">#INE<\/a>? <a href=\"https:\/\/t.co\/vFniac1jgv\">pic.twitter.com\/vFniac1jgv<\/a><\/p>&mdash; Ruido en la Red (@RuidoEnLaRed) <a href=\"https:\/\/twitter.com\/RuidoEnLaRed\/status\/1519657482280443906?ref_src=twsrc%5Etfw\">April 28, 2022<\/a><\/blockquote><script async src=\"https:\/\/platform.twitter.com\/widgets.js\" charset=\"utf-8\"><\/script>\n<\/div><\/figure>\n\n\n\n<p>En su intervenci\u00f3n,\u00a0<strong>L\u00f3pez Hern\u00e1ndez aclar\u00f3 que m\u00e1s que una &#8220;reforma electoral, es una reforma democr\u00e1tica&#8221;<\/strong>, que buscar\u00e1 reducir las diputaciones plurinominales, la desaparici\u00f3n de los senadores listas, que los integrantes de los organismos electorales sean &#8220;electos de manera directa por los ciudadanos&#8221;, reducir el financiamiento a los partidos pol\u00edticos y tambi\u00e9n el costo de las elecciones.<\/p>\n\n\n\n<p>&#8220;Los procesos electorales en el pa\u00eds, atendiendo un reclamo ciudadano, dejar\u00e1n de ser los m\u00e1s caros del mundo y habr\u00e1 procedimientos modernos para finalmente que se instaure la vida democr\u00e1tica en el pa\u00eds con la participaci\u00f3n directa de los ciudadanos&#8221;, dijo Ad\u00e1n Augusto.<\/p>\n\n\n\n<figure class=\"wp-block-embed is-type-rich is-provider-twitter wp-block-embed-twitter\"><div class=\"wp-block-embed__wrapper\">\n<blockquote class=\"twitter-tweet\" data-width=\"550\" data-dnt=\"true\"><p lang=\"es\" dir=\"ltr\">La <a href=\"https:\/\/twitter.com\/hashtag\/ReformaElectoral?src=hash&amp;ref_src=twsrc%5Etfw\">#ReformaElectoral<\/a> de AMLO propone la reducci\u00f3n de plurinominales en San L\u00e1zaro y la eliminaci\u00f3n de pluris en el senado, adem\u00e1s de la reducci\u00f3n de financiamiento a partidos pol\u00edticos y el costo de las elecciones<br><br>Es lo que expone Ad\u00e1n Augusto. <a href=\"https:\/\/t.co\/WpRPQAyJBT\">pic.twitter.com\/WpRPQAyJBT<\/a><\/p>&mdash; Ruido en la Red (@RuidoEnLaRed) <a href=\"https:\/\/twitter.com\/RuidoEnLaRed\/status\/1519664397274263552?ref_src=twsrc%5Etfw\">April 28, 2022<\/a><\/blockquote><script async src=\"https:\/\/platform.twitter.com\/widgets.js\" charset=\"utf-8\"><\/script>\n<\/div><\/figure>\n\n\n\n<p>La reforma, que deber\u00e1 aprobarse por dos tercios del Congreso por ser constitucional, causa controversia porque desaparece al INE, antes Instituto Federal Electoral (IFE), que surgi\u00f3 en los 90 como \u00f3rgano aut\u00f3nomo para quitar el control de las elecciones a los Gobiernos del Partido Revolucionario Institucional (PRI).<\/p>\n\n\n\n<p>\u201cNo hay la intenci\u00f3n de que se imponga un partido \u00fanico, lo que queremos es que haya una aut\u00e9ntica, una verdadera democracia en el pa\u00eds, y que se termine con los fraudes electorales&#8221;, justific\u00f3 L\u00f3pez Obrador en su ma\u00f1anera.<\/p>\n\n\n\n<p><strong>El Presidente de M\u00e9xico justific\u00f3 que la reforma elimina el fraude, algo que \u00e9l insiste que padeci\u00f3 en 2006<\/strong>, cuando perdi\u00f3 la elecci\u00f3n presidencial ante Felipe Calder\u00f3n.<\/p>\n\n\n\n<figure class=\"wp-block-embed is-type-rich is-provider-twitter wp-block-embed-twitter\"><div class=\"wp-block-embed__wrapper\">\n<blockquote class=\"twitter-tweet\" data-width=\"550\" data-dnt=\"true\"><p lang=\"es\" dir=\"ltr\">&quot;No hay la intenci\u00f3n de que se imponga un partido \u00fanico, queremos una verdadera democracia en el pa\u00eds&quot;<br><br>Noooooombreee, qu\u00e9 tranquilidad \ud83e\udd72<br><br>Pensamos que con la <a href=\"https:\/\/twitter.com\/hashtag\/ReformaElectoral?src=hash&amp;ref_src=twsrc%5Etfw\">#ReformaElectoral<\/a> eran lo que quer\u00edan hacer, podremos dormir en paz <a href=\"https:\/\/t.co\/X70Hz2ZoPh\">pic.twitter.com\/X70Hz2ZoPh<\/a><\/p>&mdash; Ruido en la Red (@RuidoEnLaRed) <a href=\"https:\/\/twitter.com\/RuidoEnLaRed\/status\/1519673225659224065?ref_src=twsrc%5Etfw\">April 28, 2022<\/a><\/blockquote><script async src=\"https:\/\/platform.twitter.com\/widgets.js\" charset=\"utf-8\"><\/script>\n<\/div><\/figure>\n\n\n\n<p>&#8220;Nosotros venimos de una lucha por la democracia, y hemos padecido durante a\u00f1os de fraudes electorales, de imposiciones, somos v\u00edctimas de la antidemocracia, del fraude, llegamos a la presidencia por voluntad del pueblo&#8221;, indic\u00f3.<\/p>\n\n\n\n<p>El Gobierno tambi\u00e9n prometi\u00f3 crear el voto electr\u00f3nico y facilitar el sufragio de los ciudadanos en el extranjero.<br>Aunque el presidente gan\u00f3 la elecci\u00f3n de 2018 con m\u00e1s del 50 % de los votos y su alianza de partidos controla ahora la mayor\u00eda en el Congreso y la mitad de las gubernaturas estatales, L\u00f3pez Obrador insisti\u00f3 en la urgencia de la reforma porque el INE est\u00e1 &#8220;en su contra&#8221;.<\/p>\n\n\n\n<p>\u201cS\u00ed, pero no fue por decisi\u00f3n del INE, podr\u00eda decir que hasta en contra del INE, fue por voluntad del pueblo. Entonces ahora lo que queremos es que se acople, se ponga en correspondencia esa voluntad del pueblo de M\u00e9xico&#8221;, respondi\u00f3 L\u00f3pez Obrador a cuestionamientos.<\/p>\n\n\n\n<h4 class=\"wp-block-heading\">\u00bfQu\u00e9 incluye la reforma electoral?<\/h4>\n\n\n\n<p>-La propuesta de L\u00f3pez Obrador modificar\u00eda 18 art\u00edculos de la Constituci\u00f3n,\u00a0<strong>crear\u00eda el Instituto Nacional de Elecciones y Consultas para sustituir al IN<\/strong>E, y federalizar\u00eda las elecciones para desaparecer los \u00f3rganos electorales aut\u00f3nomos de los 32 estados.<\/p>\n\n\n\n<figure class=\"wp-block-embed is-type-rich is-provider-twitter wp-block-embed-twitter\"><div class=\"wp-block-embed__wrapper\">\n<blockquote class=\"twitter-tweet\" data-width=\"550\" data-dnt=\"true\"><p lang=\"es\" dir=\"ltr\">\ud83d\udea8<a href=\"https:\/\/twitter.com\/hashtag\/%C3%9ALTIMAHORA?src=hash&amp;ref_src=twsrc%5Etfw\">#\u00daLTIMAHORA<\/a> | YA NO SER\u00c1 <a href=\"https:\/\/twitter.com\/hashtag\/INE?src=hash&amp;ref_src=twsrc%5Etfw\">#INE<\/a>, ahora ser\u00e1 el Instituto Nacional de Elecciones y Consultas (INEC)<br><br>Con la <a href=\"https:\/\/twitter.com\/hashtag\/ReformaElectoral?src=hash&amp;ref_src=twsrc%5Etfw\">#ReformaElectoral<\/a> se bajar\u00e1 el n\u00famero de consejeros a 7; se eliminar\u00e1 los OPLEs y tribunales locales, habr\u00e1 300 legisladores federales y el senado tendr\u00e1 96 representantes. <a href=\"https:\/\/t.co\/WB2OrnjYe1\">pic.twitter.com\/WB2OrnjYe1<\/a><\/p>&mdash; Ruido en la Red (@RuidoEnLaRed) <a href=\"https:\/\/twitter.com\/RuidoEnLaRed\/status\/1519665476326109185?ref_src=twsrc%5Etfw\">April 28, 2022<\/a><\/blockquote><script async src=\"https:\/\/platform.twitter.com\/widgets.js\" charset=\"utf-8\"><\/script>\n<\/div><\/figure>\n\n\n\n<p>-Tambi\u00e9n&nbsp;<strong>elimina los legisladores de representaci\u00f3n proporcional o plurinominales<\/strong>, por lo que la C\u00e1mara de Diputados pasar\u00eda de tener 500 a 300, mientras que el Senado transitar\u00eda de 128 a solo 96.<\/p>\n\n\n\n<p>-Los congresos locales&nbsp;<strong>tendr\u00e1n ahora un m\u00ednimo de 15 y un m\u00e1ximo de 45 integrantes<\/strong>, mientras que los regidores de los ayuntamientos tambi\u00e9n decrecer\u00edan.<\/p>\n\n\n\n<p>-A diferencia del INE, que tiene 11 consejeros elegidos en consenso por el Congreso,&nbsp;<strong>el nuevo instituto electoral tendr\u00eda siete integrantes<\/strong>&nbsp;que deben elegirse por voto popular entre una lista de 60 candidatos presentados por los Poderes Ejecutivo, Legislativo y Judicial.<\/p>\n\n\n\n<p>-El Gobierno argumenta que la reforma permitir\u00eda ahorrar 24 mil millones de pesos.<\/p>\n\n\n\n<p>-La iniciativa tambi\u00e9n r<strong>educir\u00eda el financiamiento de los partidos pol\u00edticos<\/strong>, que ahora solo podr\u00e1n usar recursos pol\u00edticos en campa\u00f1as.<\/p>\n\n\n\n<p>-Al mismo tiempo,\u00a0<strong>se redefine la propaganda gubernamental<\/strong>\u00a0para que funcionarios del Gobierno puedan pronunciarse durante las campa\u00f1as, algo que ahora est\u00e1 prohibido por las vedas electorales.<\/p>\n\n\n\n<p>Con informaci\u00f3n de EFE<\/p>\n","protected":false},"excerpt":{"rendered":"<p>Por Redacci\u00f3n QP El secretario de Gobernaci\u00f3n afirm\u00f3 que m\u00e1s que una &#8220;reforma electoral, es&#8230;<\/p>\n","protected":false},"author":2,"featured_media":91907,"comment_status":"open","ping_status":"open","sticky":false,"template":"","format":"standard","meta":{"_monsterinsights_skip_tracking":false,"_monsterinsights_sitenote_active":false,"_monsterinsights_sitenote_note":"","_monsterinsights_sitenote_category":0,"footnotes":""},"categories":[2],"tags":[],"class_list":["post-91906","post","type-post","status-publish","format-standard","has-post-thumbnail","hentry","category-noticias"],"yoast_head":"<!-- This site is optimized with the Yoast SEO plugin v27.3 - https:\/\/yoast.com\/product\/yoast-seo-wordpress\/ -->\n<title>L\u00f3pez Obrador busca transformar al INE con la reforma electoral\u00a0 -<\/title>\n<meta name=\"robots\" content=\"index, follow, max-snippet:-1, max-image-preview:large, max-video-preview:-1\" \/>\n<link rel=\"canonical\" href=\"https:\/\/quehacerpolitico.mx\/?p=91906\" \/>\n<meta property=\"og:locale\" content=\"es_MX\" \/>\n<meta property=\"og:type\" content=\"article\" \/>\n<meta property=\"og:title\" content=\"L\u00f3pez Obrador busca transformar al INE con la reforma electoral\u00a0 -\" \/>\n<meta property=\"og:description\" content=\"Por Redacci\u00f3n QP El secretario de Gobernaci\u00f3n afirm\u00f3 que m\u00e1s que una &#8220;reforma electoral, es...\" \/>\n<meta property=\"og:url\" content=\"https:\/\/quehacerpolitico.mx\/?p=91906\" \/>\n<meta property=\"article:published_time\" content=\"2022-04-28T16:08:19+00:00\" \/>\n<meta property=\"article:modified_time\" content=\"2022-04-28T16:08:23+00:00\" \/>\n<meta property=\"og:image\" content=\"https:\/\/quehacerpolitico.mx\/wp-content\/uploads\/2022\/04\/C58288A4-3821-479C-BCA4-41CD2D7BF101.jpeg\" \/>\n\t<meta property=\"og:image:width\" content=\"1284\" \/>\n\t<meta property=\"og:image:height\" content=\"713\" \/>\n\t<meta property=\"og:image:type\" content=\"image\/jpeg\" \/>\n<meta name=\"author\" content=\"Redacci\u00f3n QP\" \/>\n<meta name=\"twitter:card\" content=\"summary_large_image\" \/>\n<meta name=\"twitter:label1\" content=\"Escrito por\" \/>\n\t<meta name=\"twitter:data1\" content=\"Redacci\u00f3n QP\" \/>\n\t<meta name=\"twitter:label2\" content=\"Tiempo de lectura\" \/>\n\t<meta name=\"twitter:data2\" content=\"4 minutos\" \/>\n<script type=\"application\/ld+json\" class=\"yoast-schema-graph\">{\"@context\":\"https:\\\/\\\/schema.org\",\"@graph\":[{\"@type\":\"Article\",\"@id\":\"https:\\\/\\\/quehacerpolitico.mx\\\/?p=91906#article\",\"isPartOf\":{\"@id\":\"https:\\\/\\\/quehacerpolitico.mx\\\/?p=91906\"},\"author\":{\"name\":\"Redacci\u00f3n QP\",\"@id\":\"https:\\\/\\\/quehacerpolitico.mx\\\/#\\\/schema\\\/person\\\/496d8ad2d1d3f8036101dca7ee39e585\"},\"headline\":\"L\u00f3pez Obrador busca transformar al INE con la reforma electoral\u00a0\",\"datePublished\":\"2022-04-28T16:08:19+00:00\",\"dateModified\":\"2022-04-28T16:08:23+00:00\",\"mainEntityOfPage\":{\"@id\":\"https:\\\/\\\/quehacerpolitico.mx\\\/?p=91906\"},\"wordCount\":756,\"commentCount\":0,\"image\":{\"@id\":\"https:\\\/\\\/quehacerpolitico.mx\\\/?p=91906#primaryimage\"},\"thumbnailUrl\":\"https:\\\/\\\/quehacerpolitico.mx\\\/wp-content\\\/uploads\\\/2022\\\/04\\\/C58288A4-3821-479C-BCA4-41CD2D7BF101.jpeg\",\"articleSection\":[\"Noticias\"],\"inLanguage\":\"es\",\"potentialAction\":[{\"@type\":\"CommentAction\",\"name\":\"Comment\",\"target\":[\"https:\\\/\\\/quehacerpolitico.mx\\\/?p=91906#respond\"]}]},{\"@type\":\"WebPage\",\"@id\":\"https:\\\/\\\/quehacerpolitico.mx\\\/?p=91906\",\"url\":\"https:\\\/\\\/quehacerpolitico.mx\\\/?p=91906\",\"name\":\"L\u00f3pez Obrador busca transformar al INE con la reforma electoral\u00a0 -\",\"isPartOf\":{\"@id\":\"https:\\\/\\\/quehacerpolitico.mx\\\/#website\"},\"primaryImageOfPage\":{\"@id\":\"https:\\\/\\\/quehacerpolitico.mx\\\/?p=91906#primaryimage\"},\"image\":{\"@id\":\"https:\\\/\\\/quehacerpolitico.mx\\\/?p=91906#primaryimage\"},\"thumbnailUrl\":\"https:\\\/\\\/quehacerpolitico.mx\\\/wp-content\\\/uploads\\\/2022\\\/04\\\/C58288A4-3821-479C-BCA4-41CD2D7BF101.jpeg\",\"datePublished\":\"2022-04-28T16:08:19+00:00\",\"dateModified\":\"2022-04-28T16:08:23+00:00\",\"author\":{\"@id\":\"https:\\\/\\\/quehacerpolitico.mx\\\/#\\\/schema\\\/person\\\/496d8ad2d1d3f8036101dca7ee39e585\"},\"breadcrumb\":{\"@id\":\"https:\\\/\\\/quehacerpolitico.mx\\\/?p=91906#breadcrumb\"},\"inLanguage\":\"es\",\"potentialAction\":[{\"@type\":\"ReadAction\",\"target\":[\"https:\\\/\\\/quehacerpolitico.mx\\\/?p=91906\"]}]},{\"@type\":\"ImageObject\",\"inLanguage\":\"es\",\"@id\":\"https:\\\/\\\/quehacerpolitico.mx\\\/?p=91906#primaryimage\",\"url\":\"https:\\\/\\\/quehacerpolitico.mx\\\/wp-content\\\/uploads\\\/2022\\\/04\\\/C58288A4-3821-479C-BCA4-41CD2D7BF101.jpeg\",\"contentUrl\":\"https:\\\/\\\/quehacerpolitico.mx\\\/wp-content\\\/uploads\\\/2022\\\/04\\\/C58288A4-3821-479C-BCA4-41CD2D7BF101.jpeg\",\"width\":1284,\"height\":713},{\"@type\":\"BreadcrumbList\",\"@id\":\"https:\\\/\\\/quehacerpolitico.mx\\\/?p=91906#breadcrumb\",\"itemListElement\":[{\"@type\":\"ListItem\",\"position\":1,\"name\":\"Inicio\",\"item\":\"https:\\\/\\\/quehacerpolitico.mx\\\/\"},{\"@type\":\"ListItem\",\"position\":2,\"name\":\"L\u00f3pez Obrador busca transformar al INE con la reforma electoral\u00a0\"}]},{\"@type\":\"WebSite\",\"@id\":\"https:\\\/\\\/quehacerpolitico.mx\\\/#website\",\"url\":\"https:\\\/\\\/quehacerpolitico.mx\\\/\",\"name\":\"\",\"description\":\"\",\"potentialAction\":[{\"@type\":\"SearchAction\",\"target\":{\"@type\":\"EntryPoint\",\"urlTemplate\":\"https:\\\/\\\/quehacerpolitico.mx\\\/?s={search_term_string}\"},\"query-input\":{\"@type\":\"PropertyValueSpecification\",\"valueRequired\":true,\"valueName\":\"search_term_string\"}}],\"inLanguage\":\"es\"},{\"@type\":\"Person\",\"@id\":\"https:\\\/\\\/quehacerpolitico.mx\\\/#\\\/schema\\\/person\\\/496d8ad2d1d3f8036101dca7ee39e585\",\"name\":\"Redacci\u00f3n QP\",\"image\":{\"@type\":\"ImageObject\",\"inLanguage\":\"es\",\"@id\":\"https:\\\/\\\/secure.gravatar.com\\\/avatar\\\/c7164ed6fdec453195284ad24a5ae5b6e1eed2b848477fa2a4787ba9adf39a41?s=96&d=mm&r=g\",\"url\":\"https:\\\/\\\/secure.gravatar.com\\\/avatar\\\/c7164ed6fdec453195284ad24a5ae5b6e1eed2b848477fa2a4787ba9adf39a41?s=96&d=mm&r=g\",\"contentUrl\":\"https:\\\/\\\/secure.gravatar.com\\\/avatar\\\/c7164ed6fdec453195284ad24a5ae5b6e1eed2b848477fa2a4787ba9adf39a41?s=96&d=mm&r=g\",\"caption\":\"Redacci\u00f3n QP\"},\"url\":\"https:\\\/\\\/quehacerpolitico.mx\\\/?author=2\"}]}<\/script>\n<!-- \/ Yoast SEO plugin. -->","yoast_head_json":{"title":"L\u00f3pez Obrador busca transformar al INE con la reforma electoral\u00a0 -","robots":{"index":"index","follow":"follow","max-snippet":"max-snippet:-1","max-image-preview":"max-image-preview:large","max-video-preview":"max-video-preview:-1"},"canonical":"https:\/\/quehacerpolitico.mx\/?p=91906","og_locale":"es_MX","og_type":"article","og_title":"L\u00f3pez Obrador busca transformar al INE con la reforma electoral\u00a0 -","og_description":"Por Redacci\u00f3n QP El secretario de Gobernaci\u00f3n afirm\u00f3 que m\u00e1s que una &#8220;reforma electoral, es...","og_url":"https:\/\/quehacerpolitico.mx\/?p=91906","article_published_time":"2022-04-28T16:08:19+00:00","article_modified_time":"2022-04-28T16:08:23+00:00","og_image":[{"width":1284,"height":713,"url":"https:\/\/quehacerpolitico.mx\/wp-content\/uploads\/2022\/04\/C58288A4-3821-479C-BCA4-41CD2D7BF101.jpeg","type":"image\/jpeg"}],"author":"Redacci\u00f3n QP","twitter_card":"summary_large_image","twitter_misc":{"Escrito por":"Redacci\u00f3n QP","Tiempo de lectura":"4 minutos"},"schema":{"@context":"https:\/\/schema.org","@graph":[{"@type":"Article","@id":"https:\/\/quehacerpolitico.mx\/?p=91906#article","isPartOf":{"@id":"https:\/\/quehacerpolitico.mx\/?p=91906"},"author":{"name":"Redacci\u00f3n QP","@id":"https:\/\/quehacerpolitico.mx\/#\/schema\/person\/496d8ad2d1d3f8036101dca7ee39e585"},"headline":"L\u00f3pez Obrador busca transformar al INE con la reforma electoral\u00a0","datePublished":"2022-04-28T16:08:19+00:00","dateModified":"2022-04-28T16:08:23+00:00","mainEntityOfPage":{"@id":"https:\/\/quehacerpolitico.mx\/?p=91906"},"wordCount":756,"commentCount":0,"image":{"@id":"https:\/\/quehacerpolitico.mx\/?p=91906#primaryimage"},"thumbnailUrl":"https:\/\/quehacerpolitico.mx\/wp-content\/uploads\/2022\/04\/C58288A4-3821-479C-BCA4-41CD2D7BF101.jpeg","articleSection":["Noticias"],"inLanguage":"es","potentialAction":[{"@type":"CommentAction","name":"Comment","target":["https:\/\/quehacerpolitico.mx\/?p=91906#respond"]}]},{"@type":"WebPage","@id":"https:\/\/quehacerpolitico.mx\/?p=91906","url":"https:\/\/quehacerpolitico.mx\/?p=91906","name":"L\u00f3pez Obrador busca transformar al INE con la reforma electoral\u00a0 -","isPartOf":{"@id":"https:\/\/quehacerpolitico.mx\/#website"},"primaryImageOfPage":{"@id":"https:\/\/quehacerpolitico.mx\/?p=91906#primaryimage"},"image":{"@id":"https:\/\/quehacerpolitico.mx\/?p=91906#primaryimage"},"thumbnailUrl":"https:\/\/quehacerpolitico.mx\/wp-content\/uploads\/2022\/04\/C58288A4-3821-479C-BCA4-41CD2D7BF101.jpeg","datePublished":"2022-04-28T16:08:19+00:00","dateModified":"2022-04-28T16:08:23+00:00","author":{"@id":"https:\/\/quehacerpolitico.mx\/#\/schema\/person\/496d8ad2d1d3f8036101dca7ee39e585"},"breadcrumb":{"@id":"https:\/\/quehacerpolitico.mx\/?p=91906#breadcrumb"},"inLanguage":"es","potentialAction":[{"@type":"ReadAction","target":["https:\/\/quehacerpolitico.mx\/?p=91906"]}]},{"@type":"ImageObject","inLanguage":"es","@id":"https:\/\/quehacerpolitico.mx\/?p=91906#primaryimage","url":"https:\/\/quehacerpolitico.mx\/wp-content\/uploads\/2022\/04\/C58288A4-3821-479C-BCA4-41CD2D7BF101.jpeg","contentUrl":"https:\/\/quehacerpolitico.mx\/wp-content\/uploads\/2022\/04\/C58288A4-3821-479C-BCA4-41CD2D7BF101.jpeg","width":1284,"height":713},{"@type":"BreadcrumbList","@id":"https:\/\/quehacerpolitico.mx\/?p=91906#breadcrumb","itemListElement":[{"@type":"ListItem","position":1,"name":"Inicio","item":"https:\/\/quehacerpolitico.mx\/"},{"@type":"ListItem","position":2,"name":"L\u00f3pez Obrador busca transformar al INE con la reforma electoral\u00a0"}]},{"@type":"WebSite","@id":"https:\/\/quehacerpolitico.mx\/#website","url":"https:\/\/quehacerpolitico.mx\/","name":"","description":"","potentialAction":[{"@type":"SearchAction","target":{"@type":"EntryPoint","urlTemplate":"https:\/\/quehacerpolitico.mx\/?s={search_term_string}"},"query-input":{"@type":"PropertyValueSpecification","valueRequired":true,"valueName":"search_term_string"}}],"inLanguage":"es"},{"@type":"Person","@id":"https:\/\/quehacerpolitico.mx\/#\/schema\/person\/496d8ad2d1d3f8036101dca7ee39e585","name":"Redacci\u00f3n QP","image":{"@type":"ImageObject","inLanguage":"es","@id":"https:\/\/secure.gravatar.com\/avatar\/c7164ed6fdec453195284ad24a5ae5b6e1eed2b848477fa2a4787ba9adf39a41?s=96&d=mm&r=g","url":"https:\/\/secure.gravatar.com\/avatar\/c7164ed6fdec453195284ad24a5ae5b6e1eed2b848477fa2a4787ba9adf39a41?s=96&d=mm&r=g","contentUrl":"https:\/\/secure.gravatar.com\/avatar\/c7164ed6fdec453195284ad24a5ae5b6e1eed2b848477fa2a4787ba9adf39a41?s=96&d=mm&r=g","caption":"Redacci\u00f3n QP"},"url":"https:\/\/quehacerpolitico.mx\/?author=2"}]}},"featured_image_urls":{"full":["https:\/\/quehacerpolitico.mx\/wp-content\/uploads\/2022\/04\/C58288A4-3821-479C-BCA4-41CD2D7BF101.jpeg",1284,713,false],"thumbnail":["https:\/\/quehacerpolitico.mx\/wp-content\/uploads\/2022\/04\/C58288A4-3821-479C-BCA4-41CD2D7BF101-150x150.jpeg",150,150,true],"medium":["https:\/\/quehacerpolitico.mx\/wp-content\/uploads\/2022\/04\/C58288A4-3821-479C-BCA4-41CD2D7BF101-300x167.jpeg",300,167,true],"medium_large":["https:\/\/quehacerpolitico.mx\/wp-content\/uploads\/2022\/04\/C58288A4-3821-479C-BCA4-41CD2D7BF101-768x426.jpeg",640,355,true],"large":["https:\/\/quehacerpolitico.mx\/wp-content\/uploads\/2022\/04\/C58288A4-3821-479C-BCA4-41CD2D7BF101-1024x569.jpeg",640,356,true],"1536x1536":["https:\/\/quehacerpolitico.mx\/wp-content\/uploads\/2022\/04\/C58288A4-3821-479C-BCA4-41CD2D7BF101.jpeg",1284,713,false],"2048x2048":["https:\/\/quehacerpolitico.mx\/wp-content\/uploads\/2022\/04\/C58288A4-3821-479C-BCA4-41CD2D7BF101.jpeg",1284,713,false],"covernews-featured":["https:\/\/quehacerpolitico.mx\/wp-content\/uploads\/2022\/04\/C58288A4-3821-479C-BCA4-41CD2D7BF101.jpeg",1024,569,false],"covernews-medium":["https:\/\/quehacerpolitico.mx\/wp-content\/uploads\/2022\/04\/C58288A4-3821-479C-BCA4-41CD2D7BF101.jpeg",540,300,false]},"author_info":{"display_name":"Redacci\u00f3n QP","author_link":"https:\/\/quehacerpolitico.mx\/?author=2"},"category_info":"<a href=\"https:\/\/quehacerpolitico.mx\/?cat=2\" rel=\"category\">Noticias<\/a>","tag_info":"Noticias","comment_count":"0","_links":{"self":[{"href":"https:\/\/quehacerpolitico.mx\/index.php?rest_route=\/wp\/v2\/posts\/91906","targetHints":{"allow":["GET"]}}],"collection":[{"href":"https:\/\/quehacerpolitico.mx\/index.php?rest_route=\/wp\/v2\/posts"}],"about":[{"href":"https:\/\/quehacerpolitico.mx\/index.php?rest_route=\/wp\/v2\/types\/post"}],"author":[{"embeddable":true,"href":"https:\/\/quehacerpolitico.mx\/index.php?rest_route=\/wp\/v2\/users\/2"}],"replies":[{"embeddable":true,"href":"https:\/\/quehacerpolitico.mx\/index.php?rest_route=%2Fwp%2Fv2%2Fcomments&post=91906"}],"version-history":[{"count":1,"href":"https:\/\/quehacerpolitico.mx\/index.php?rest_route=\/wp\/v2\/posts\/91906\/revisions"}],"predecessor-version":[{"id":91908,"href":"https:\/\/quehacerpolitico.mx\/index.php?rest_route=\/wp\/v2\/posts\/91906\/revisions\/91908"}],"wp:featuredmedia":[{"embeddable":true,"href":"https:\/\/quehacerpolitico.mx\/index.php?rest_route=\/wp\/v2\/media\/91907"}],"wp:attachment":[{"href":"https:\/\/quehacerpolitico.mx\/index.php?rest_route=%2Fwp%2Fv2%2Fmedia&parent=91906"}],"wp:term":[{"taxonomy":"category","embeddable":true,"href":"https:\/\/quehacerpolitico.mx\/index.php?rest_route=%2Fwp%2Fv2%2Fcategories&post=91906"},{"taxonomy":"post_tag","embeddable":true,"href":"https:\/\/quehacerpolitico.mx\/index.php?rest_route=%2Fwp%2Fv2%2Ftags&post=91906"}],"curies":[{"name":"wp","href":"https:\/\/api.w.org\/{rel}","templated":true}]}}