{"id":91897,"date":"2022-04-26T16:51:59","date_gmt":"2022-04-26T16:51:59","guid":{"rendered":"https:\/\/quehacerpolitico.mx\/?p=91897"},"modified":"2022-04-26T16:52:10","modified_gmt":"2022-04-26T16:52:10","slug":"ufff-la-politica-rodolfo-mendoza-olivo-traidores-a-la-patria","status":"publish","type":"post","link":"https:\/\/quehacerpolitico.mx\/?p=91897","title":{"rendered":"Ufff la politica\/\/\/Rodolfo Mendoza Olivo\/\/\/Traidores a la Patria"},"content":{"rendered":"\n<p>Por Rodolfo Mendoza Olivo<\/p>\n\n\n\n<p>As\u00ed\u00a0como el Presidente de la Republica inicio esta campa\u00f1a de linchamiento contra los legisladores de oposici\u00f3n que no aprobaron su Reforma\u00a0El\u00e9ctrica\u00a0a los cuales llamo \u201cTraidores a la Patria\u201d y de ah\u00ed para\u00a0ac\u00e1\u00a0sus corifeos un\u00a0d\u00eda\u00a0si y al siguiente tambi\u00e9n siguen en esa t\u00f3nica, por supuesto que diputados, senadores, gobernadores, diputados locales, Presidentes Municipales y no se diga el Mazacote llamado MORENA encabezados por los innombrables, Mario Delgado y\u00a0Citlalli\u00a0Hern\u00e1ndez, a esos diputados de PRI, PAN, PRD y MC ahora pretenden denunciarlos penalmente por\u00a0Traici\u00f3n\u00a0a la Patria, seg\u00fan ellos van a proceder contra los 225 diputados que echaron abajo la Reforma\u00a0El\u00e9ctrica\u00a0y con todo ese circo que han armado en donde la dichosa campa\u00f1ita no va a pasar de ser eso,\u00a0una campa\u00f1a de linchamiento y ah\u00ed va a parar,\u00a0pero por lo pronto el da\u00f1o\u00a0est\u00e1\u00a0hecho y\u00a0m\u00e1s\u00a0cuando el\u00a0numerito\u00a0lo manejaron en las benditas redes sociales, esa campa\u00f1a de difamaci\u00f3n se les puede revertir,\u00a0as\u00ed\u00a0que el bal\u00f3n\u00a0est\u00e1\u00a0en la cancha del Presidente\u00a0Andr\u00e9s\u00a0Manuel\u00a0L\u00f3pez\u00a0Obrador \u00a0 \u00a0para acabar con lo que inicio porque seguramente ya se\u00a0asesor\u00f3\u00a0y sabe que penalmente nada se puede hacer contra los legisladores\u00a0de\u00a0oposici\u00f3n,\u00a0acuerdo con lo que establece el\u00a0<strong>art\u00edculo\u00a061 de la\u00a0ConstitucionPolitica\u00a0de los Estados Unidos Mexicanos \u201cLOS DIPUTADOS Y SENADORES SON INVIOLABLES POR LAS OPINIONES QUE MANIFIESTEN EN EL DESEMPE\u00d1O DE SUS CARGOS Y JAMAS PODRAN SER RECONVENIDOS POR ELLAS \u201c\u00a0<\/strong>es la desesperaci\u00f3n del hu\u00e9sped de Palacio Nacional en donde el escenario se le ha venido complicando y como lo de\u00a0el, lo que se le da y muy bien, es estar constantemente en campa\u00f1as pol\u00edticas, por eso no debe extra\u00f1ar que hable mal de la candidata a la gubernatura de Hidalgo, y hable maravillas del senador Menchaca que es el candidato de MORENA al Gobierno del Estado de Hidalgo, los distractores deben de estar en todas las ma\u00f1aneras ya que para nadie es un secreto que los grandes problemas nacionales se le siguen indigestando y para todo tiene salida el Primer mandatario y como siempre \u201ctiene sus datos\u201d lo que hizo 24 horas antes de la cita que ya ten\u00edan programada en Palacio Nacional\u00a0ambientalistas y artistas al\u00a0cancelarles\u00a0argumentando que estos decidieron no ir, sin embargo todos dijeron acudir\u00edan a la cita que estaban listos, solo uno de ellos no acudir\u00eda por motivos de trabajo fuera del\u00a0Pa\u00eds, esos\u00a0artistas y ambientalistas\u00a0est\u00e1n denunciando el\u00a0ecocidio\u00a0que\u00a0est\u00e1\u00a0haciendo el Gobierno Federal con la construcci\u00f3n del tren maya, en donde cenotes, y toda la riqueza marina se echara a perder, esos son los costos de las improvisaciones, en donde se carece hasta de lo\u00a0m\u00e1s\u00a0elemental los estudios de Impacto ambiental, el\u00a0Pa\u00eds\u00a0entero se convulsiona con tantas manifestaciones\u00a0de mujeres j\u00f3venes y adultas\u00a0que\u00a0ya no sienten lo duro, sino lo tupido, el que menos las escucha es el Presidente las sigue ignorando, en sus ma\u00f1aneras ni un solo minuto para ellas y por ello se vuelven sus movimientos m\u00e1s violentos, m\u00e1s agresivos, su voz se seguir\u00e1 levantando tantos Feminicidios y desapariciones de jovencitas que han perdido la vida de manera tr\u00e1gica\u00a0y aun se sigue sin la f\u00f3rmula para poder detener tanta muerte, la inflaci\u00f3n\u00a0est\u00e1\u00a0en niveles hist\u00f3ricos y el\u00a0mini aumento\u00a0al salario\u00a0m\u00ednimoquedo pulverizado con tantos aumentos a los productos que integran la canasta b\u00e1sica,\u00a0el pueblo bueno, el pueblo sabio, se est\u00e1 cansando no hay respuestas a sus reclamos \u00a0<\/p>\n","protected":false},"excerpt":{"rendered":"<p>Por Rodolfo Mendoza Olivo As\u00ed\u00a0como el Presidente de la Republica inicio esta campa\u00f1a de linchamiento&#8230;<\/p>\n","protected":false},"author":2,"featured_media":91898,"comment_status":"open","ping_status":"open","sticky":false,"template":"","format":"standard","meta":{"_monsterinsights_skip_tracking":false,"_monsterinsights_sitenote_active":false,"_monsterinsights_sitenote_note":"","_monsterinsights_sitenote_category":0,"footnotes":""},"categories":[2],"tags":[],"class_list":["post-91897","post","type-post","status-publish","format-standard","has-post-thumbnail","hentry","category-noticias"],"yoast_head":"<!-- This site is optimized with the Yoast SEO plugin v27.3 - https:\/\/yoast.com\/product\/yoast-seo-wordpress\/ -->\n<title>Ufff la politica\/\/\/Rodolfo Mendoza Olivo\/\/\/Traidores a la Patria -<\/title>\n<meta name=\"robots\" content=\"index, follow, max-snippet:-1, max-image-preview:large, max-video-preview:-1\" \/>\n<link rel=\"canonical\" href=\"https:\/\/quehacerpolitico.mx\/?p=91897\" \/>\n<meta property=\"og:locale\" content=\"es_MX\" \/>\n<meta property=\"og:type\" content=\"article\" \/>\n<meta property=\"og:title\" content=\"Ufff la politica\/\/\/Rodolfo Mendoza Olivo\/\/\/Traidores a la Patria -\" \/>\n<meta property=\"og:description\" content=\"Por Rodolfo Mendoza Olivo As\u00ed\u00a0como el Presidente de la Republica inicio esta campa\u00f1a de linchamiento...\" \/>\n<meta property=\"og:url\" content=\"https:\/\/quehacerpolitico.mx\/?p=91897\" \/>\n<meta property=\"article:published_time\" content=\"2022-04-26T16:51:59+00:00\" \/>\n<meta property=\"article:modified_time\" content=\"2022-04-26T16:52:10+00:00\" \/>\n<meta property=\"og:image\" content=\"https:\/\/quehacerpolitico.mx\/wp-content\/uploads\/2022\/04\/DCE3E127-4311-4712-8C4F-70AC3DD9853D.jpeg\" \/>\n\t<meta property=\"og:image:width\" content=\"739\" \/>\n\t<meta property=\"og:image:height\" content=\"415\" \/>\n\t<meta property=\"og:image:type\" content=\"image\/jpeg\" \/>\n<meta name=\"author\" content=\"Redacci\u00f3n QP\" \/>\n<meta name=\"twitter:card\" content=\"summary_large_image\" \/>\n<meta name=\"twitter:label1\" content=\"Escrito por\" \/>\n\t<meta name=\"twitter:data1\" content=\"Redacci\u00f3n QP\" \/>\n\t<meta name=\"twitter:label2\" content=\"Tiempo de lectura\" \/>\n\t<meta name=\"twitter:data2\" content=\"3 minutos\" \/>\n<script type=\"application\/ld+json\" class=\"yoast-schema-graph\">{\"@context\":\"https:\\\/\\\/schema.org\",\"@graph\":[{\"@type\":\"Article\",\"@id\":\"https:\\\/\\\/quehacerpolitico.mx\\\/?p=91897#article\",\"isPartOf\":{\"@id\":\"https:\\\/\\\/quehacerpolitico.mx\\\/?p=91897\"},\"author\":{\"name\":\"Redacci\u00f3n QP\",\"@id\":\"https:\\\/\\\/quehacerpolitico.mx\\\/#\\\/schema\\\/person\\\/496d8ad2d1d3f8036101dca7ee39e585\"},\"headline\":\"Ufff la politica\\\/\\\/\\\/Rodolfo Mendoza Olivo\\\/\\\/\\\/Traidores a la Patria\",\"datePublished\":\"2022-04-26T16:51:59+00:00\",\"dateModified\":\"2022-04-26T16:52:10+00:00\",\"mainEntityOfPage\":{\"@id\":\"https:\\\/\\\/quehacerpolitico.mx\\\/?p=91897\"},\"wordCount\":638,\"commentCount\":0,\"image\":{\"@id\":\"https:\\\/\\\/quehacerpolitico.mx\\\/?p=91897#primaryimage\"},\"thumbnailUrl\":\"https:\\\/\\\/quehacerpolitico.mx\\\/wp-content\\\/uploads\\\/2022\\\/04\\\/DCE3E127-4311-4712-8C4F-70AC3DD9853D.jpeg\",\"articleSection\":[\"Noticias\"],\"inLanguage\":\"es\",\"potentialAction\":[{\"@type\":\"CommentAction\",\"name\":\"Comment\",\"target\":[\"https:\\\/\\\/quehacerpolitico.mx\\\/?p=91897#respond\"]}]},{\"@type\":\"WebPage\",\"@id\":\"https:\\\/\\\/quehacerpolitico.mx\\\/?p=91897\",\"url\":\"https:\\\/\\\/quehacerpolitico.mx\\\/?p=91897\",\"name\":\"Ufff la politica\\\/\\\/\\\/Rodolfo Mendoza Olivo\\\/\\\/\\\/Traidores a la Patria -\",\"isPartOf\":{\"@id\":\"https:\\\/\\\/quehacerpolitico.mx\\\/#website\"},\"primaryImageOfPage\":{\"@id\":\"https:\\\/\\\/quehacerpolitico.mx\\\/?p=91897#primaryimage\"},\"image\":{\"@id\":\"https:\\\/\\\/quehacerpolitico.mx\\\/?p=91897#primaryimage\"},\"thumbnailUrl\":\"https:\\\/\\\/quehacerpolitico.mx\\\/wp-content\\\/uploads\\\/2022\\\/04\\\/DCE3E127-4311-4712-8C4F-70AC3DD9853D.jpeg\",\"datePublished\":\"2022-04-26T16:51:59+00:00\",\"dateModified\":\"2022-04-26T16:52:10+00:00\",\"author\":{\"@id\":\"https:\\\/\\\/quehacerpolitico.mx\\\/#\\\/schema\\\/person\\\/496d8ad2d1d3f8036101dca7ee39e585\"},\"breadcrumb\":{\"@id\":\"https:\\\/\\\/quehacerpolitico.mx\\\/?p=91897#breadcrumb\"},\"inLanguage\":\"es\",\"potentialAction\":[{\"@type\":\"ReadAction\",\"target\":[\"https:\\\/\\\/quehacerpolitico.mx\\\/?p=91897\"]}]},{\"@type\":\"ImageObject\",\"inLanguage\":\"es\",\"@id\":\"https:\\\/\\\/quehacerpolitico.mx\\\/?p=91897#primaryimage\",\"url\":\"https:\\\/\\\/quehacerpolitico.mx\\\/wp-content\\\/uploads\\\/2022\\\/04\\\/DCE3E127-4311-4712-8C4F-70AC3DD9853D.jpeg\",\"contentUrl\":\"https:\\\/\\\/quehacerpolitico.mx\\\/wp-content\\\/uploads\\\/2022\\\/04\\\/DCE3E127-4311-4712-8C4F-70AC3DD9853D.jpeg\",\"width\":739,\"height\":415},{\"@type\":\"BreadcrumbList\",\"@id\":\"https:\\\/\\\/quehacerpolitico.mx\\\/?p=91897#breadcrumb\",\"itemListElement\":[{\"@type\":\"ListItem\",\"position\":1,\"name\":\"Inicio\",\"item\":\"https:\\\/\\\/quehacerpolitico.mx\\\/\"},{\"@type\":\"ListItem\",\"position\":2,\"name\":\"Ufff la politica\\\/\\\/\\\/Rodolfo Mendoza Olivo\\\/\\\/\\\/Traidores a la Patria\"}]},{\"@type\":\"WebSite\",\"@id\":\"https:\\\/\\\/quehacerpolitico.mx\\\/#website\",\"url\":\"https:\\\/\\\/quehacerpolitico.mx\\\/\",\"name\":\"\",\"description\":\"\",\"potentialAction\":[{\"@type\":\"SearchAction\",\"target\":{\"@type\":\"EntryPoint\",\"urlTemplate\":\"https:\\\/\\\/quehacerpolitico.mx\\\/?s={search_term_string}\"},\"query-input\":{\"@type\":\"PropertyValueSpecification\",\"valueRequired\":true,\"valueName\":\"search_term_string\"}}],\"inLanguage\":\"es\"},{\"@type\":\"Person\",\"@id\":\"https:\\\/\\\/quehacerpolitico.mx\\\/#\\\/schema\\\/person\\\/496d8ad2d1d3f8036101dca7ee39e585\",\"name\":\"Redacci\u00f3n QP\",\"image\":{\"@type\":\"ImageObject\",\"inLanguage\":\"es\",\"@id\":\"https:\\\/\\\/secure.gravatar.com\\\/avatar\\\/c7164ed6fdec453195284ad24a5ae5b6e1eed2b848477fa2a4787ba9adf39a41?s=96&d=mm&r=g\",\"url\":\"https:\\\/\\\/secure.gravatar.com\\\/avatar\\\/c7164ed6fdec453195284ad24a5ae5b6e1eed2b848477fa2a4787ba9adf39a41?s=96&d=mm&r=g\",\"contentUrl\":\"https:\\\/\\\/secure.gravatar.com\\\/avatar\\\/c7164ed6fdec453195284ad24a5ae5b6e1eed2b848477fa2a4787ba9adf39a41?s=96&d=mm&r=g\",\"caption\":\"Redacci\u00f3n QP\"},\"url\":\"https:\\\/\\\/quehacerpolitico.mx\\\/?author=2\"}]}<\/script>\n<!-- \/ Yoast SEO plugin. -->","yoast_head_json":{"title":"Ufff la politica\/\/\/Rodolfo Mendoza Olivo\/\/\/Traidores a la Patria -","robots":{"index":"index","follow":"follow","max-snippet":"max-snippet:-1","max-image-preview":"max-image-preview:large","max-video-preview":"max-video-preview:-1"},"canonical":"https:\/\/quehacerpolitico.mx\/?p=91897","og_locale":"es_MX","og_type":"article","og_title":"Ufff la politica\/\/\/Rodolfo Mendoza Olivo\/\/\/Traidores a la Patria -","og_description":"Por Rodolfo Mendoza Olivo As\u00ed\u00a0como el Presidente de la Republica inicio esta campa\u00f1a de linchamiento...","og_url":"https:\/\/quehacerpolitico.mx\/?p=91897","article_published_time":"2022-04-26T16:51:59+00:00","article_modified_time":"2022-04-26T16:52:10+00:00","og_image":[{"width":739,"height":415,"url":"https:\/\/quehacerpolitico.mx\/wp-content\/uploads\/2022\/04\/DCE3E127-4311-4712-8C4F-70AC3DD9853D.jpeg","type":"image\/jpeg"}],"author":"Redacci\u00f3n QP","twitter_card":"summary_large_image","twitter_misc":{"Escrito por":"Redacci\u00f3n QP","Tiempo de lectura":"3 minutos"},"schema":{"@context":"https:\/\/schema.org","@graph":[{"@type":"Article","@id":"https:\/\/quehacerpolitico.mx\/?p=91897#article","isPartOf":{"@id":"https:\/\/quehacerpolitico.mx\/?p=91897"},"author":{"name":"Redacci\u00f3n QP","@id":"https:\/\/quehacerpolitico.mx\/#\/schema\/person\/496d8ad2d1d3f8036101dca7ee39e585"},"headline":"Ufff la politica\/\/\/Rodolfo Mendoza Olivo\/\/\/Traidores a la Patria","datePublished":"2022-04-26T16:51:59+00:00","dateModified":"2022-04-26T16:52:10+00:00","mainEntityOfPage":{"@id":"https:\/\/quehacerpolitico.mx\/?p=91897"},"wordCount":638,"commentCount":0,"image":{"@id":"https:\/\/quehacerpolitico.mx\/?p=91897#primaryimage"},"thumbnailUrl":"https:\/\/quehacerpolitico.mx\/wp-content\/uploads\/2022\/04\/DCE3E127-4311-4712-8C4F-70AC3DD9853D.jpeg","articleSection":["Noticias"],"inLanguage":"es","potentialAction":[{"@type":"CommentAction","name":"Comment","target":["https:\/\/quehacerpolitico.mx\/?p=91897#respond"]}]},{"@type":"WebPage","@id":"https:\/\/quehacerpolitico.mx\/?p=91897","url":"https:\/\/quehacerpolitico.mx\/?p=91897","name":"Ufff la politica\/\/\/Rodolfo Mendoza Olivo\/\/\/Traidores a la Patria -","isPartOf":{"@id":"https:\/\/quehacerpolitico.mx\/#website"},"primaryImageOfPage":{"@id":"https:\/\/quehacerpolitico.mx\/?p=91897#primaryimage"},"image":{"@id":"https:\/\/quehacerpolitico.mx\/?p=91897#primaryimage"},"thumbnailUrl":"https:\/\/quehacerpolitico.mx\/wp-content\/uploads\/2022\/04\/DCE3E127-4311-4712-8C4F-70AC3DD9853D.jpeg","datePublished":"2022-04-26T16:51:59+00:00","dateModified":"2022-04-26T16:52:10+00:00","author":{"@id":"https:\/\/quehacerpolitico.mx\/#\/schema\/person\/496d8ad2d1d3f8036101dca7ee39e585"},"breadcrumb":{"@id":"https:\/\/quehacerpolitico.mx\/?p=91897#breadcrumb"},"inLanguage":"es","potentialAction":[{"@type":"ReadAction","target":["https:\/\/quehacerpolitico.mx\/?p=91897"]}]},{"@type":"ImageObject","inLanguage":"es","@id":"https:\/\/quehacerpolitico.mx\/?p=91897#primaryimage","url":"https:\/\/quehacerpolitico.mx\/wp-content\/uploads\/2022\/04\/DCE3E127-4311-4712-8C4F-70AC3DD9853D.jpeg","contentUrl":"https:\/\/quehacerpolitico.mx\/wp-content\/uploads\/2022\/04\/DCE3E127-4311-4712-8C4F-70AC3DD9853D.jpeg","width":739,"height":415},{"@type":"BreadcrumbList","@id":"https:\/\/quehacerpolitico.mx\/?p=91897#breadcrumb","itemListElement":[{"@type":"ListItem","position":1,"name":"Inicio","item":"https:\/\/quehacerpolitico.mx\/"},{"@type":"ListItem","position":2,"name":"Ufff la politica\/\/\/Rodolfo Mendoza Olivo\/\/\/Traidores a la Patria"}]},{"@type":"WebSite","@id":"https:\/\/quehacerpolitico.mx\/#website","url":"https:\/\/quehacerpolitico.mx\/","name":"","description":"","potentialAction":[{"@type":"SearchAction","target":{"@type":"EntryPoint","urlTemplate":"https:\/\/quehacerpolitico.mx\/?s={search_term_string}"},"query-input":{"@type":"PropertyValueSpecification","valueRequired":true,"valueName":"search_term_string"}}],"inLanguage":"es"},{"@type":"Person","@id":"https:\/\/quehacerpolitico.mx\/#\/schema\/person\/496d8ad2d1d3f8036101dca7ee39e585","name":"Redacci\u00f3n QP","image":{"@type":"ImageObject","inLanguage":"es","@id":"https:\/\/secure.gravatar.com\/avatar\/c7164ed6fdec453195284ad24a5ae5b6e1eed2b848477fa2a4787ba9adf39a41?s=96&d=mm&r=g","url":"https:\/\/secure.gravatar.com\/avatar\/c7164ed6fdec453195284ad24a5ae5b6e1eed2b848477fa2a4787ba9adf39a41?s=96&d=mm&r=g","contentUrl":"https:\/\/secure.gravatar.com\/avatar\/c7164ed6fdec453195284ad24a5ae5b6e1eed2b848477fa2a4787ba9adf39a41?s=96&d=mm&r=g","caption":"Redacci\u00f3n QP"},"url":"https:\/\/quehacerpolitico.mx\/?author=2"}]}},"featured_image_urls":{"full":["https:\/\/quehacerpolitico.mx\/wp-content\/uploads\/2022\/04\/DCE3E127-4311-4712-8C4F-70AC3DD9853D.jpeg",739,415,false],"thumbnail":["https:\/\/quehacerpolitico.mx\/wp-content\/uploads\/2022\/04\/DCE3E127-4311-4712-8C4F-70AC3DD9853D-150x150.jpeg",150,150,true],"medium":["https:\/\/quehacerpolitico.mx\/wp-content\/uploads\/2022\/04\/DCE3E127-4311-4712-8C4F-70AC3DD9853D-300x168.jpeg",300,168,true],"medium_large":["https:\/\/quehacerpolitico.mx\/wp-content\/uploads\/2022\/04\/DCE3E127-4311-4712-8C4F-70AC3DD9853D.jpeg",640,359,false],"large":["https:\/\/quehacerpolitico.mx\/wp-content\/uploads\/2022\/04\/DCE3E127-4311-4712-8C4F-70AC3DD9853D.jpeg",640,359,false],"1536x1536":["https:\/\/quehacerpolitico.mx\/wp-content\/uploads\/2022\/04\/DCE3E127-4311-4712-8C4F-70AC3DD9853D.jpeg",739,415,false],"2048x2048":["https:\/\/quehacerpolitico.mx\/wp-content\/uploads\/2022\/04\/DCE3E127-4311-4712-8C4F-70AC3DD9853D.jpeg",739,415,false],"covernews-featured":["https:\/\/quehacerpolitico.mx\/wp-content\/uploads\/2022\/04\/DCE3E127-4311-4712-8C4F-70AC3DD9853D.jpeg",739,415,false],"covernews-medium":["https:\/\/quehacerpolitico.mx\/wp-content\/uploads\/2022\/04\/DCE3E127-4311-4712-8C4F-70AC3DD9853D.jpeg",540,303,false]},"author_info":{"display_name":"Redacci\u00f3n QP","author_link":"https:\/\/quehacerpolitico.mx\/?author=2"},"category_info":"<a href=\"https:\/\/quehacerpolitico.mx\/?cat=2\" rel=\"category\">Noticias<\/a>","tag_info":"Noticias","comment_count":"0","_links":{"self":[{"href":"https:\/\/quehacerpolitico.mx\/index.php?rest_route=\/wp\/v2\/posts\/91897","targetHints":{"allow":["GET"]}}],"collection":[{"href":"https:\/\/quehacerpolitico.mx\/index.php?rest_route=\/wp\/v2\/posts"}],"about":[{"href":"https:\/\/quehacerpolitico.mx\/index.php?rest_route=\/wp\/v2\/types\/post"}],"author":[{"embeddable":true,"href":"https:\/\/quehacerpolitico.mx\/index.php?rest_route=\/wp\/v2\/users\/2"}],"replies":[{"embeddable":true,"href":"https:\/\/quehacerpolitico.mx\/index.php?rest_route=%2Fwp%2Fv2%2Fcomments&post=91897"}],"version-history":[{"count":1,"href":"https:\/\/quehacerpolitico.mx\/index.php?rest_route=\/wp\/v2\/posts\/91897\/revisions"}],"predecessor-version":[{"id":91899,"href":"https:\/\/quehacerpolitico.mx\/index.php?rest_route=\/wp\/v2\/posts\/91897\/revisions\/91899"}],"wp:featuredmedia":[{"embeddable":true,"href":"https:\/\/quehacerpolitico.mx\/index.php?rest_route=\/wp\/v2\/media\/91898"}],"wp:attachment":[{"href":"https:\/\/quehacerpolitico.mx\/index.php?rest_route=%2Fwp%2Fv2%2Fmedia&parent=91897"}],"wp:term":[{"taxonomy":"category","embeddable":true,"href":"https:\/\/quehacerpolitico.mx\/index.php?rest_route=%2Fwp%2Fv2%2Fcategories&post=91897"},{"taxonomy":"post_tag","embeddable":true,"href":"https:\/\/quehacerpolitico.mx\/index.php?rest_route=%2Fwp%2Fv2%2Ftags&post=91897"}],"curies":[{"name":"wp","href":"https:\/\/api.w.org\/{rel}","templated":true}]}}