{"id":91894,"date":"2022-04-26T16:39:09","date_gmt":"2022-04-26T16:39:09","guid":{"rendered":"https:\/\/quehacerpolitico.mx\/?p=91894"},"modified":"2022-04-26T16:39:13","modified_gmt":"2022-04-26T16:39:13","slug":"los-feminicidios-se-frenan-con-una-sociedad-mejor-lopez-obrador","status":"publish","type":"post","link":"https:\/\/quehacerpolitico.mx\/?p=91894","title":{"rendered":"Los feminicidios se frenan con una sociedad mejor: L\u00f3pez Obrador\u00a0"},"content":{"rendered":"\n<p>Por Redacci\u00f3n QP<\/p>\n\n\n\n<p>L\u00f3pez Obrador se\u00f1ala al sistema liberal como el principal culpable de los altos n\u00fameros en feminicidios<\/p>\n\n\n\n<p>El Presidente&nbsp;<strong>Andr\u00e9s Manuel L\u00f3pez Obrador&nbsp;<\/strong>culp\u00f3 el sistema neoliberal por incrementar la violencia contra las mujeres.<\/p>\n\n\n\n<p>&#8220;<strong>El problema, la falla de origen, es el modelo imperante durante mucho tiempo, se dejaron de promover principios valores, se quiso eclipsar todo el sistema de vida inspirado en nuestras culturas, por un sistema materialistas, individualista, ego\u00edsta.<\/strong>\u00a0Lo que aqu\u00ed mencion\u00f3 Max Arriaga en el enfoque neoliberal de la educaci\u00f3n&#8221;, coment\u00f3.<\/p>\n\n\n\n<figure class=\"wp-block-embed is-type-rich is-provider-twitter wp-block-embed-twitter\"><div class=\"wp-block-embed__wrapper\">\n<blockquote class=\"twitter-tweet\" data-width=\"550\" data-dnt=\"true\"><p lang=\"es\" dir=\"ltr\">Preguntaron al presidente L\u00f3pez Obrador su opini\u00f3n sobre c\u00f3mo darle soluci\u00f3n a las desapariciones de mujeres y los feminicidios en M\u00e9xico. Se\u00f1al\u00f3 que &quot;la base&quot; para erradicar la violencia contra las mujeres parte &quot;de una sociedad mejor&quot;.<br><br>M\u00e1s, en: <a href=\"https:\/\/t.co\/FY4Jdk3TMY\">https:\/\/t.co\/FY4Jdk3TMY<\/a> <a href=\"https:\/\/t.co\/giHuXFroLr\">pic.twitter.com\/giHuXFroLr<\/a><\/p>&mdash; Joaqu\u00edn L\u00f3pez-D\u00f3riga (@lopezdoriga) <a href=\"https:\/\/twitter.com\/lopezdoriga\/status\/1518953963890126848?ref_src=twsrc%5Etfw\">April 26, 2022<\/a><\/blockquote><script async src=\"https:\/\/platform.twitter.com\/widgets.js\" charset=\"utf-8\"><\/script>\n<\/div><\/figure>\n\n\n\n<p>Durante la &#8220;ma\u00f1anera&#8221; en Palacio Nacional, el Presidente subray\u00f3 que los feminicidios\u00a0<strong>disminuyen\u00a0<\/strong>con una sociedad mejor.<\/p>\n\n\n\n<p>Este martes, prensa document\u00f3 que los&nbsp;<strong>ataques contra mujeres<\/strong>&nbsp;siguen imparables, y en marzo alcanz\u00f3 cifras hist\u00f3ricas de incidencia en por lo menos&nbsp;<strong>cuatro delitos de alto impacto<\/strong>:&nbsp;extorsi\u00f3n, corrupci\u00f3n de menores, violaci\u00f3n y agresi\u00f3n de g\u00e9nero, de acuerdo con el reporte mensual sobre violencia contra ellas del Secretariado Ejecutivo del Sistema Nacional de Seguridad P\u00fablica (SESNSP).<\/p>\n\n\n\n<p>Ante esto, el L\u00f3pez Obrador se\u00f1al\u00f3 que la situaci\u00f3n se debe a\u00a0<strong>la decadencia<\/strong>, por ello destac\u00f3 que su gobierno trabaja para cambiar ese modelo, para que no sea el dinero, lo material, el triunfar a toda, lo b\u00e1sico.<\/p>\n\n\n\n<p>&#8220;<strong>Hay que regresar a infundir principios, valores, por eso es la transformaci\u00f3n, y todos tenemos que contribuir<\/strong>&#8220;.<\/p>\n\n\n\n<p>Destac\u00f3 que por eso su gobierno habla de una &#8220;<strong>Rep\u00fablica amorosa<\/strong>&#8220;, y que la felicidad no se obtiene con bienes materiales y con t\u00edtulos, porque la felicidad es estar bien con uno mismo.<\/p>\n\n\n\n<p>Con informaci\u00f3n de SUN<\/p>\n","protected":false},"excerpt":{"rendered":"<p>Por Redacci\u00f3n QP L\u00f3pez Obrador se\u00f1ala al sistema liberal como el principal culpable de los&#8230;<\/p>\n","protected":false},"author":2,"featured_media":91895,"comment_status":"open","ping_status":"open","sticky":false,"template":"","format":"standard","meta":{"_monsterinsights_skip_tracking":false,"_monsterinsights_sitenote_active":false,"_monsterinsights_sitenote_note":"","_monsterinsights_sitenote_category":0,"footnotes":""},"categories":[2],"tags":[],"class_list":["post-91894","post","type-post","status-publish","format-standard","has-post-thumbnail","hentry","category-noticias"],"yoast_head":"<!-- This site is optimized with the Yoast SEO plugin v27.3 - https:\/\/yoast.com\/product\/yoast-seo-wordpress\/ -->\n<title>Los feminicidios se frenan con una sociedad mejor: L\u00f3pez Obrador\u00a0 -<\/title>\n<meta name=\"robots\" content=\"index, follow, max-snippet:-1, max-image-preview:large, max-video-preview:-1\" \/>\n<link rel=\"canonical\" href=\"https:\/\/quehacerpolitico.mx\/?p=91894\" \/>\n<meta property=\"og:locale\" content=\"es_MX\" \/>\n<meta property=\"og:type\" content=\"article\" \/>\n<meta property=\"og:title\" content=\"Los feminicidios se frenan con una sociedad mejor: L\u00f3pez Obrador\u00a0 -\" \/>\n<meta property=\"og:description\" content=\"Por Redacci\u00f3n QP L\u00f3pez Obrador se\u00f1ala al sistema liberal como el principal culpable de los...\" \/>\n<meta property=\"og:url\" content=\"https:\/\/quehacerpolitico.mx\/?p=91894\" \/>\n<meta property=\"article:published_time\" content=\"2022-04-26T16:39:09+00:00\" \/>\n<meta property=\"article:modified_time\" content=\"2022-04-26T16:39:13+00:00\" \/>\n<meta property=\"og:image\" content=\"https:\/\/quehacerpolitico.mx\/wp-content\/uploads\/2022\/04\/77D26689-8B8A-45A6-BE62-7D253A02E00A.jpeg\" \/>\n\t<meta property=\"og:image:width\" content=\"1156\" \/>\n\t<meta property=\"og:image:height\" content=\"650\" \/>\n\t<meta property=\"og:image:type\" content=\"image\/jpeg\" \/>\n<meta name=\"author\" content=\"Redacci\u00f3n QP\" \/>\n<meta name=\"twitter:card\" content=\"summary_large_image\" \/>\n<meta name=\"twitter:label1\" content=\"Escrito por\" \/>\n\t<meta name=\"twitter:data1\" content=\"Redacci\u00f3n QP\" \/>\n\t<meta name=\"twitter:label2\" content=\"Tiempo de lectura\" \/>\n\t<meta name=\"twitter:data2\" content=\"1 minuto\" \/>\n<script type=\"application\/ld+json\" class=\"yoast-schema-graph\">{\"@context\":\"https:\\\/\\\/schema.org\",\"@graph\":[{\"@type\":\"Article\",\"@id\":\"https:\\\/\\\/quehacerpolitico.mx\\\/?p=91894#article\",\"isPartOf\":{\"@id\":\"https:\\\/\\\/quehacerpolitico.mx\\\/?p=91894\"},\"author\":{\"name\":\"Redacci\u00f3n QP\",\"@id\":\"https:\\\/\\\/quehacerpolitico.mx\\\/#\\\/schema\\\/person\\\/496d8ad2d1d3f8036101dca7ee39e585\"},\"headline\":\"Los feminicidios se frenan con una sociedad mejor: L\u00f3pez Obrador\u00a0\",\"datePublished\":\"2022-04-26T16:39:09+00:00\",\"dateModified\":\"2022-04-26T16:39:13+00:00\",\"mainEntityOfPage\":{\"@id\":\"https:\\\/\\\/quehacerpolitico.mx\\\/?p=91894\"},\"wordCount\":309,\"commentCount\":0,\"image\":{\"@id\":\"https:\\\/\\\/quehacerpolitico.mx\\\/?p=91894#primaryimage\"},\"thumbnailUrl\":\"https:\\\/\\\/quehacerpolitico.mx\\\/wp-content\\\/uploads\\\/2022\\\/04\\\/77D26689-8B8A-45A6-BE62-7D253A02E00A.jpeg\",\"articleSection\":[\"Noticias\"],\"inLanguage\":\"es\",\"potentialAction\":[{\"@type\":\"CommentAction\",\"name\":\"Comment\",\"target\":[\"https:\\\/\\\/quehacerpolitico.mx\\\/?p=91894#respond\"]}]},{\"@type\":\"WebPage\",\"@id\":\"https:\\\/\\\/quehacerpolitico.mx\\\/?p=91894\",\"url\":\"https:\\\/\\\/quehacerpolitico.mx\\\/?p=91894\",\"name\":\"Los feminicidios se frenan con una sociedad mejor: L\u00f3pez Obrador\u00a0 -\",\"isPartOf\":{\"@id\":\"https:\\\/\\\/quehacerpolitico.mx\\\/#website\"},\"primaryImageOfPage\":{\"@id\":\"https:\\\/\\\/quehacerpolitico.mx\\\/?p=91894#primaryimage\"},\"image\":{\"@id\":\"https:\\\/\\\/quehacerpolitico.mx\\\/?p=91894#primaryimage\"},\"thumbnailUrl\":\"https:\\\/\\\/quehacerpolitico.mx\\\/wp-content\\\/uploads\\\/2022\\\/04\\\/77D26689-8B8A-45A6-BE62-7D253A02E00A.jpeg\",\"datePublished\":\"2022-04-26T16:39:09+00:00\",\"dateModified\":\"2022-04-26T16:39:13+00:00\",\"author\":{\"@id\":\"https:\\\/\\\/quehacerpolitico.mx\\\/#\\\/schema\\\/person\\\/496d8ad2d1d3f8036101dca7ee39e585\"},\"breadcrumb\":{\"@id\":\"https:\\\/\\\/quehacerpolitico.mx\\\/?p=91894#breadcrumb\"},\"inLanguage\":\"es\",\"potentialAction\":[{\"@type\":\"ReadAction\",\"target\":[\"https:\\\/\\\/quehacerpolitico.mx\\\/?p=91894\"]}]},{\"@type\":\"ImageObject\",\"inLanguage\":\"es\",\"@id\":\"https:\\\/\\\/quehacerpolitico.mx\\\/?p=91894#primaryimage\",\"url\":\"https:\\\/\\\/quehacerpolitico.mx\\\/wp-content\\\/uploads\\\/2022\\\/04\\\/77D26689-8B8A-45A6-BE62-7D253A02E00A.jpeg\",\"contentUrl\":\"https:\\\/\\\/quehacerpolitico.mx\\\/wp-content\\\/uploads\\\/2022\\\/04\\\/77D26689-8B8A-45A6-BE62-7D253A02E00A.jpeg\",\"width\":1156,\"height\":650},{\"@type\":\"BreadcrumbList\",\"@id\":\"https:\\\/\\\/quehacerpolitico.mx\\\/?p=91894#breadcrumb\",\"itemListElement\":[{\"@type\":\"ListItem\",\"position\":1,\"name\":\"Inicio\",\"item\":\"https:\\\/\\\/quehacerpolitico.mx\\\/\"},{\"@type\":\"ListItem\",\"position\":2,\"name\":\"Los feminicidios se frenan con una sociedad mejor: L\u00f3pez Obrador\u00a0\"}]},{\"@type\":\"WebSite\",\"@id\":\"https:\\\/\\\/quehacerpolitico.mx\\\/#website\",\"url\":\"https:\\\/\\\/quehacerpolitico.mx\\\/\",\"name\":\"\",\"description\":\"\",\"potentialAction\":[{\"@type\":\"SearchAction\",\"target\":{\"@type\":\"EntryPoint\",\"urlTemplate\":\"https:\\\/\\\/quehacerpolitico.mx\\\/?s={search_term_string}\"},\"query-input\":{\"@type\":\"PropertyValueSpecification\",\"valueRequired\":true,\"valueName\":\"search_term_string\"}}],\"inLanguage\":\"es\"},{\"@type\":\"Person\",\"@id\":\"https:\\\/\\\/quehacerpolitico.mx\\\/#\\\/schema\\\/person\\\/496d8ad2d1d3f8036101dca7ee39e585\",\"name\":\"Redacci\u00f3n QP\",\"image\":{\"@type\":\"ImageObject\",\"inLanguage\":\"es\",\"@id\":\"https:\\\/\\\/secure.gravatar.com\\\/avatar\\\/c7164ed6fdec453195284ad24a5ae5b6e1eed2b848477fa2a4787ba9adf39a41?s=96&d=mm&r=g\",\"url\":\"https:\\\/\\\/secure.gravatar.com\\\/avatar\\\/c7164ed6fdec453195284ad24a5ae5b6e1eed2b848477fa2a4787ba9adf39a41?s=96&d=mm&r=g\",\"contentUrl\":\"https:\\\/\\\/secure.gravatar.com\\\/avatar\\\/c7164ed6fdec453195284ad24a5ae5b6e1eed2b848477fa2a4787ba9adf39a41?s=96&d=mm&r=g\",\"caption\":\"Redacci\u00f3n QP\"},\"url\":\"https:\\\/\\\/quehacerpolitico.mx\\\/?author=2\"}]}<\/script>\n<!-- \/ Yoast SEO plugin. -->","yoast_head_json":{"title":"Los feminicidios se frenan con una sociedad mejor: L\u00f3pez Obrador\u00a0 -","robots":{"index":"index","follow":"follow","max-snippet":"max-snippet:-1","max-image-preview":"max-image-preview:large","max-video-preview":"max-video-preview:-1"},"canonical":"https:\/\/quehacerpolitico.mx\/?p=91894","og_locale":"es_MX","og_type":"article","og_title":"Los feminicidios se frenan con una sociedad mejor: L\u00f3pez Obrador\u00a0 -","og_description":"Por Redacci\u00f3n QP L\u00f3pez Obrador se\u00f1ala al sistema liberal como el principal culpable de los...","og_url":"https:\/\/quehacerpolitico.mx\/?p=91894","article_published_time":"2022-04-26T16:39:09+00:00","article_modified_time":"2022-04-26T16:39:13+00:00","og_image":[{"width":1156,"height":650,"url":"https:\/\/quehacerpolitico.mx\/wp-content\/uploads\/2022\/04\/77D26689-8B8A-45A6-BE62-7D253A02E00A.jpeg","type":"image\/jpeg"}],"author":"Redacci\u00f3n QP","twitter_card":"summary_large_image","twitter_misc":{"Escrito por":"Redacci\u00f3n QP","Tiempo de lectura":"1 minuto"},"schema":{"@context":"https:\/\/schema.org","@graph":[{"@type":"Article","@id":"https:\/\/quehacerpolitico.mx\/?p=91894#article","isPartOf":{"@id":"https:\/\/quehacerpolitico.mx\/?p=91894"},"author":{"name":"Redacci\u00f3n QP","@id":"https:\/\/quehacerpolitico.mx\/#\/schema\/person\/496d8ad2d1d3f8036101dca7ee39e585"},"headline":"Los feminicidios se frenan con una sociedad mejor: L\u00f3pez Obrador\u00a0","datePublished":"2022-04-26T16:39:09+00:00","dateModified":"2022-04-26T16:39:13+00:00","mainEntityOfPage":{"@id":"https:\/\/quehacerpolitico.mx\/?p=91894"},"wordCount":309,"commentCount":0,"image":{"@id":"https:\/\/quehacerpolitico.mx\/?p=91894#primaryimage"},"thumbnailUrl":"https:\/\/quehacerpolitico.mx\/wp-content\/uploads\/2022\/04\/77D26689-8B8A-45A6-BE62-7D253A02E00A.jpeg","articleSection":["Noticias"],"inLanguage":"es","potentialAction":[{"@type":"CommentAction","name":"Comment","target":["https:\/\/quehacerpolitico.mx\/?p=91894#respond"]}]},{"@type":"WebPage","@id":"https:\/\/quehacerpolitico.mx\/?p=91894","url":"https:\/\/quehacerpolitico.mx\/?p=91894","name":"Los feminicidios se frenan con una sociedad mejor: L\u00f3pez Obrador\u00a0 -","isPartOf":{"@id":"https:\/\/quehacerpolitico.mx\/#website"},"primaryImageOfPage":{"@id":"https:\/\/quehacerpolitico.mx\/?p=91894#primaryimage"},"image":{"@id":"https:\/\/quehacerpolitico.mx\/?p=91894#primaryimage"},"thumbnailUrl":"https:\/\/quehacerpolitico.mx\/wp-content\/uploads\/2022\/04\/77D26689-8B8A-45A6-BE62-7D253A02E00A.jpeg","datePublished":"2022-04-26T16:39:09+00:00","dateModified":"2022-04-26T16:39:13+00:00","author":{"@id":"https:\/\/quehacerpolitico.mx\/#\/schema\/person\/496d8ad2d1d3f8036101dca7ee39e585"},"breadcrumb":{"@id":"https:\/\/quehacerpolitico.mx\/?p=91894#breadcrumb"},"inLanguage":"es","potentialAction":[{"@type":"ReadAction","target":["https:\/\/quehacerpolitico.mx\/?p=91894"]}]},{"@type":"ImageObject","inLanguage":"es","@id":"https:\/\/quehacerpolitico.mx\/?p=91894#primaryimage","url":"https:\/\/quehacerpolitico.mx\/wp-content\/uploads\/2022\/04\/77D26689-8B8A-45A6-BE62-7D253A02E00A.jpeg","contentUrl":"https:\/\/quehacerpolitico.mx\/wp-content\/uploads\/2022\/04\/77D26689-8B8A-45A6-BE62-7D253A02E00A.jpeg","width":1156,"height":650},{"@type":"BreadcrumbList","@id":"https:\/\/quehacerpolitico.mx\/?p=91894#breadcrumb","itemListElement":[{"@type":"ListItem","position":1,"name":"Inicio","item":"https:\/\/quehacerpolitico.mx\/"},{"@type":"ListItem","position":2,"name":"Los feminicidios se frenan con una sociedad mejor: L\u00f3pez Obrador\u00a0"}]},{"@type":"WebSite","@id":"https:\/\/quehacerpolitico.mx\/#website","url":"https:\/\/quehacerpolitico.mx\/","name":"","description":"","potentialAction":[{"@type":"SearchAction","target":{"@type":"EntryPoint","urlTemplate":"https:\/\/quehacerpolitico.mx\/?s={search_term_string}"},"query-input":{"@type":"PropertyValueSpecification","valueRequired":true,"valueName":"search_term_string"}}],"inLanguage":"es"},{"@type":"Person","@id":"https:\/\/quehacerpolitico.mx\/#\/schema\/person\/496d8ad2d1d3f8036101dca7ee39e585","name":"Redacci\u00f3n QP","image":{"@type":"ImageObject","inLanguage":"es","@id":"https:\/\/secure.gravatar.com\/avatar\/c7164ed6fdec453195284ad24a5ae5b6e1eed2b848477fa2a4787ba9adf39a41?s=96&d=mm&r=g","url":"https:\/\/secure.gravatar.com\/avatar\/c7164ed6fdec453195284ad24a5ae5b6e1eed2b848477fa2a4787ba9adf39a41?s=96&d=mm&r=g","contentUrl":"https:\/\/secure.gravatar.com\/avatar\/c7164ed6fdec453195284ad24a5ae5b6e1eed2b848477fa2a4787ba9adf39a41?s=96&d=mm&r=g","caption":"Redacci\u00f3n QP"},"url":"https:\/\/quehacerpolitico.mx\/?author=2"}]}},"featured_image_urls":{"full":["https:\/\/quehacerpolitico.mx\/wp-content\/uploads\/2022\/04\/77D26689-8B8A-45A6-BE62-7D253A02E00A.jpeg",1156,650,false],"thumbnail":["https:\/\/quehacerpolitico.mx\/wp-content\/uploads\/2022\/04\/77D26689-8B8A-45A6-BE62-7D253A02E00A-150x150.jpeg",150,150,true],"medium":["https:\/\/quehacerpolitico.mx\/wp-content\/uploads\/2022\/04\/77D26689-8B8A-45A6-BE62-7D253A02E00A-300x169.jpeg",300,169,true],"medium_large":["https:\/\/quehacerpolitico.mx\/wp-content\/uploads\/2022\/04\/77D26689-8B8A-45A6-BE62-7D253A02E00A-768x432.jpeg",640,360,true],"large":["https:\/\/quehacerpolitico.mx\/wp-content\/uploads\/2022\/04\/77D26689-8B8A-45A6-BE62-7D253A02E00A-1024x576.jpeg",640,360,true],"1536x1536":["https:\/\/quehacerpolitico.mx\/wp-content\/uploads\/2022\/04\/77D26689-8B8A-45A6-BE62-7D253A02E00A.jpeg",1156,650,false],"2048x2048":["https:\/\/quehacerpolitico.mx\/wp-content\/uploads\/2022\/04\/77D26689-8B8A-45A6-BE62-7D253A02E00A.jpeg",1156,650,false],"covernews-featured":["https:\/\/quehacerpolitico.mx\/wp-content\/uploads\/2022\/04\/77D26689-8B8A-45A6-BE62-7D253A02E00A.jpeg",1024,576,false],"covernews-medium":["https:\/\/quehacerpolitico.mx\/wp-content\/uploads\/2022\/04\/77D26689-8B8A-45A6-BE62-7D253A02E00A.jpeg",540,304,false]},"author_info":{"display_name":"Redacci\u00f3n QP","author_link":"https:\/\/quehacerpolitico.mx\/?author=2"},"category_info":"<a href=\"https:\/\/quehacerpolitico.mx\/?cat=2\" rel=\"category\">Noticias<\/a>","tag_info":"Noticias","comment_count":"0","_links":{"self":[{"href":"https:\/\/quehacerpolitico.mx\/index.php?rest_route=\/wp\/v2\/posts\/91894","targetHints":{"allow":["GET"]}}],"collection":[{"href":"https:\/\/quehacerpolitico.mx\/index.php?rest_route=\/wp\/v2\/posts"}],"about":[{"href":"https:\/\/quehacerpolitico.mx\/index.php?rest_route=\/wp\/v2\/types\/post"}],"author":[{"embeddable":true,"href":"https:\/\/quehacerpolitico.mx\/index.php?rest_route=\/wp\/v2\/users\/2"}],"replies":[{"embeddable":true,"href":"https:\/\/quehacerpolitico.mx\/index.php?rest_route=%2Fwp%2Fv2%2Fcomments&post=91894"}],"version-history":[{"count":1,"href":"https:\/\/quehacerpolitico.mx\/index.php?rest_route=\/wp\/v2\/posts\/91894\/revisions"}],"predecessor-version":[{"id":91896,"href":"https:\/\/quehacerpolitico.mx\/index.php?rest_route=\/wp\/v2\/posts\/91894\/revisions\/91896"}],"wp:featuredmedia":[{"embeddable":true,"href":"https:\/\/quehacerpolitico.mx\/index.php?rest_route=\/wp\/v2\/media\/91895"}],"wp:attachment":[{"href":"https:\/\/quehacerpolitico.mx\/index.php?rest_route=%2Fwp%2Fv2%2Fmedia&parent=91894"}],"wp:term":[{"taxonomy":"category","embeddable":true,"href":"https:\/\/quehacerpolitico.mx\/index.php?rest_route=%2Fwp%2Fv2%2Fcategories&post=91894"},{"taxonomy":"post_tag","embeddable":true,"href":"https:\/\/quehacerpolitico.mx\/index.php?rest_route=%2Fwp%2Fv2%2Ftags&post=91894"}],"curies":[{"name":"wp","href":"https:\/\/api.w.org\/{rel}","templated":true}]}}