{"id":91891,"date":"2022-04-26T16:14:08","date_gmt":"2022-04-26T16:14:08","guid":{"rendered":"https:\/\/quehacerpolitico.mx\/?p=91891"},"modified":"2022-04-26T16:14:21","modified_gmt":"2022-04-26T16:14:21","slug":"la-escuela-es-nuestra-tendra-horarios-ampliados-y-aumento-de-recursos-sep","status":"publish","type":"post","link":"https:\/\/quehacerpolitico.mx\/?p=91891","title":{"rendered":"&#8220;La Escuela es Nuestra&#8221; tendr\u00e1 horarios ampliados y aument\u00f3 de recursos: SEP\u00a0"},"content":{"rendered":"\n<p>Por Redacci\u00f3n QP<\/p>\n\n\n\n<p>Durante la &#8220;ma\u00f1anera&#8221; de L\u00f3pez Obrador, la secretaria de Educaci\u00f3n se\u00f1ala\u00a0que se aumentar\u00e1 el n\u00famero de escuelas beneficiadas<\/p>\n\n\n\n<p>Delfina G\u00f3mez, secretaria de Educaci\u00f3n, coment\u00f3 que el programa de &#8220;<strong>La Escuela es Nuestra<\/strong>&#8221; contar\u00e1 con una ampliaci\u00f3n presupuestal para alimentaci\u00f3n y horarios ampliados en esos planteles.&nbsp;<\/p>\n\n\n\n<p>&#8220;El Presidente nos pidi\u00f3 que hici\u00e9ramos un gran esfuerzo en ese an\u00e1lisis y propuesta para integrar componentes como es<strong>\u00a0horario ampliado<\/strong>\u00a0y como es\u00a0<strong>alimentaci\u00f3n<\/strong>\u00a0dentro de La Escuela Es Nuestra&#8221;, dijo Delfina.<\/p>\n\n\n\n<figure class=\"wp-block-embed is-type-video is-provider-youtube wp-block-embed-youtube wp-embed-aspect-16-9 wp-has-aspect-ratio\"><div class=\"wp-block-embed__wrapper\">\n<iframe loading=\"lazy\" title=\"La Escuela es Nuestra contar\u00e1 con horarios ampliados y recursos para alimentaci\u00f3n: Delfina G\u00f3mez\" width=\"640\" height=\"360\" src=\"https:\/\/www.youtube.com\/embed\/ijC-m_B_130?feature=oembed\" frameborder=\"0\" allow=\"accelerometer; autoplay; clipboard-write; encrypted-media; gyroscope; picture-in-picture; web-share\" referrerpolicy=\"strict-origin-when-cross-origin\" allowfullscreen><\/iframe>\n<\/div><\/figure>\n\n\n\n<p>&#8220;<strong>No solamente se va a aumentar el n\u00famero de escuelas beneficiadas, sino tambi\u00e9n se va a aumentar el monto que se le da a cada instituci\u00f3n<\/strong>&#8220;, se\u00f1al\u00f3.<\/p>\n\n\n\n<p>Durante la &#8220;<strong>ma\u00f1anera<\/strong>&#8221; del Presidente Andr\u00e9s Manuel L\u00f3pez Obrador, la secretaria remarc\u00f3&nbsp;que este modelo&nbsp;<strong>se trabaja en cuatro ejes<\/strong>: atenci\u00f3n con respeto y justicia maestros; actualizaci\u00f3n de los contenidos de libros de texto, otorgamiento de becas que se orienta a estudiantes que tienen la mayor necesidad y mantener en buen estado las instituciones educativas por medio del programa &#8220;La Escuela es Nuestra&#8221; que tendr\u00e1 alimentaci\u00f3n y horario ampliado.<\/p>\n\n\n\n<p>\u00a0&#8220;Partimos de que l<strong>a nueva escuela mexicana no puede ser est\u00e1tica<\/strong>, su dinamismo requiere de un nuevo paradigma en donde el reordenamiento que llevamos a cabo es producto del diagn\u00f3stico, de consenso y de los acuerdos entre los diferentes protagonistas del sector educativo&#8221;, coment\u00f3.<\/p>\n\n\n\n<p>Asimismo, detall\u00f3 que\u00a0<strong>29 millones 349 mil 470estudiantes\u00a0<\/strong>regresaron a clases tras el periodo vacacional de Semana Santa.<\/p>\n\n\n\n<p>\u00a0Mientras que en lo que se refiere a las maestras y maestros se tiene una presencia de dos millones\u00a0<strong>211 mil 630 docentes<\/strong>.<\/p>\n\n\n\n<p>\u00a0La titular de la\u00a0<strong>SEP\u00a0<\/strong>destac\u00f3 que gracias a la comunidad escolar fue un \u00e9xito este regreso a clases para terminar el ciclo escolar educativo nacional.<\/p>\n\n\n\n<p>Con informaci\u00f3n de SUN<\/p>\n","protected":false},"excerpt":{"rendered":"<p>Por Redacci\u00f3n QP Durante la &#8220;ma\u00f1anera&#8221; de L\u00f3pez Obrador, la secretaria de Educaci\u00f3n se\u00f1ala\u00a0que se&#8230;<\/p>\n","protected":false},"author":2,"featured_media":91892,"comment_status":"open","ping_status":"open","sticky":false,"template":"","format":"standard","meta":{"_monsterinsights_skip_tracking":false,"_monsterinsights_sitenote_active":false,"_monsterinsights_sitenote_note":"","_monsterinsights_sitenote_category":0,"footnotes":""},"categories":[2],"tags":[],"class_list":["post-91891","post","type-post","status-publish","format-standard","has-post-thumbnail","hentry","category-noticias"],"yoast_head":"<!-- This site is optimized with the Yoast SEO plugin v27.3 - https:\/\/yoast.com\/product\/yoast-seo-wordpress\/ -->\n<title>&quot;La Escuela es Nuestra&quot; tendr\u00e1 horarios ampliados y aument\u00f3 de recursos: SEP\u00a0 -<\/title>\n<meta name=\"robots\" content=\"index, follow, max-snippet:-1, max-image-preview:large, max-video-preview:-1\" \/>\n<link rel=\"canonical\" href=\"https:\/\/quehacerpolitico.mx\/?p=91891\" \/>\n<meta property=\"og:locale\" content=\"es_MX\" \/>\n<meta property=\"og:type\" content=\"article\" \/>\n<meta property=\"og:title\" content=\"&quot;La Escuela es Nuestra&quot; tendr\u00e1 horarios ampliados y aument\u00f3 de recursos: SEP\u00a0 -\" \/>\n<meta property=\"og:description\" content=\"Por Redacci\u00f3n QP Durante la &#8220;ma\u00f1anera&#8221; de L\u00f3pez Obrador, la secretaria de Educaci\u00f3n se\u00f1ala\u00a0que se...\" \/>\n<meta property=\"og:url\" content=\"https:\/\/quehacerpolitico.mx\/?p=91891\" \/>\n<meta property=\"article:published_time\" content=\"2022-04-26T16:14:08+00:00\" \/>\n<meta property=\"article:modified_time\" content=\"2022-04-26T16:14:21+00:00\" \/>\n<meta property=\"og:image\" content=\"https:\/\/quehacerpolitico.mx\/wp-content\/uploads\/2022\/04\/5A5540B7-60F7-427B-9D2C-D16079399A3F.jpeg\" \/>\n\t<meta property=\"og:image:width\" content=\"943\" \/>\n\t<meta property=\"og:image:height\" content=\"704\" \/>\n\t<meta property=\"og:image:type\" content=\"image\/jpeg\" \/>\n<meta name=\"author\" content=\"Redacci\u00f3n QP\" \/>\n<meta name=\"twitter:card\" content=\"summary_large_image\" \/>\n<meta name=\"twitter:label1\" content=\"Escrito por\" \/>\n\t<meta name=\"twitter:data1\" content=\"Redacci\u00f3n QP\" \/>\n\t<meta name=\"twitter:label2\" content=\"Tiempo de lectura\" \/>\n\t<meta name=\"twitter:data2\" content=\"2 minutos\" \/>\n<script type=\"application\/ld+json\" class=\"yoast-schema-graph\">{\"@context\":\"https:\\\/\\\/schema.org\",\"@graph\":[{\"@type\":\"Article\",\"@id\":\"https:\\\/\\\/quehacerpolitico.mx\\\/?p=91891#article\",\"isPartOf\":{\"@id\":\"https:\\\/\\\/quehacerpolitico.mx\\\/?p=91891\"},\"author\":{\"name\":\"Redacci\u00f3n QP\",\"@id\":\"https:\\\/\\\/quehacerpolitico.mx\\\/#\\\/schema\\\/person\\\/496d8ad2d1d3f8036101dca7ee39e585\"},\"headline\":\"&#8220;La Escuela es Nuestra&#8221; tendr\u00e1 horarios ampliados y aument\u00f3 de recursos: SEP\u00a0\",\"datePublished\":\"2022-04-26T16:14:08+00:00\",\"dateModified\":\"2022-04-26T16:14:21+00:00\",\"mainEntityOfPage\":{\"@id\":\"https:\\\/\\\/quehacerpolitico.mx\\\/?p=91891\"},\"wordCount\":335,\"commentCount\":0,\"image\":{\"@id\":\"https:\\\/\\\/quehacerpolitico.mx\\\/?p=91891#primaryimage\"},\"thumbnailUrl\":\"https:\\\/\\\/quehacerpolitico.mx\\\/wp-content\\\/uploads\\\/2022\\\/04\\\/5A5540B7-60F7-427B-9D2C-D16079399A3F.jpeg\",\"articleSection\":[\"Noticias\"],\"inLanguage\":\"es\",\"potentialAction\":[{\"@type\":\"CommentAction\",\"name\":\"Comment\",\"target\":[\"https:\\\/\\\/quehacerpolitico.mx\\\/?p=91891#respond\"]}]},{\"@type\":\"WebPage\",\"@id\":\"https:\\\/\\\/quehacerpolitico.mx\\\/?p=91891\",\"url\":\"https:\\\/\\\/quehacerpolitico.mx\\\/?p=91891\",\"name\":\"\\\"La Escuela es Nuestra\\\" tendr\u00e1 horarios ampliados y aument\u00f3 de recursos: SEP\u00a0 -\",\"isPartOf\":{\"@id\":\"https:\\\/\\\/quehacerpolitico.mx\\\/#website\"},\"primaryImageOfPage\":{\"@id\":\"https:\\\/\\\/quehacerpolitico.mx\\\/?p=91891#primaryimage\"},\"image\":{\"@id\":\"https:\\\/\\\/quehacerpolitico.mx\\\/?p=91891#primaryimage\"},\"thumbnailUrl\":\"https:\\\/\\\/quehacerpolitico.mx\\\/wp-content\\\/uploads\\\/2022\\\/04\\\/5A5540B7-60F7-427B-9D2C-D16079399A3F.jpeg\",\"datePublished\":\"2022-04-26T16:14:08+00:00\",\"dateModified\":\"2022-04-26T16:14:21+00:00\",\"author\":{\"@id\":\"https:\\\/\\\/quehacerpolitico.mx\\\/#\\\/schema\\\/person\\\/496d8ad2d1d3f8036101dca7ee39e585\"},\"breadcrumb\":{\"@id\":\"https:\\\/\\\/quehacerpolitico.mx\\\/?p=91891#breadcrumb\"},\"inLanguage\":\"es\",\"potentialAction\":[{\"@type\":\"ReadAction\",\"target\":[\"https:\\\/\\\/quehacerpolitico.mx\\\/?p=91891\"]}]},{\"@type\":\"ImageObject\",\"inLanguage\":\"es\",\"@id\":\"https:\\\/\\\/quehacerpolitico.mx\\\/?p=91891#primaryimage\",\"url\":\"https:\\\/\\\/quehacerpolitico.mx\\\/wp-content\\\/uploads\\\/2022\\\/04\\\/5A5540B7-60F7-427B-9D2C-D16079399A3F.jpeg\",\"contentUrl\":\"https:\\\/\\\/quehacerpolitico.mx\\\/wp-content\\\/uploads\\\/2022\\\/04\\\/5A5540B7-60F7-427B-9D2C-D16079399A3F.jpeg\",\"width\":943,\"height\":704},{\"@type\":\"BreadcrumbList\",\"@id\":\"https:\\\/\\\/quehacerpolitico.mx\\\/?p=91891#breadcrumb\",\"itemListElement\":[{\"@type\":\"ListItem\",\"position\":1,\"name\":\"Inicio\",\"item\":\"https:\\\/\\\/quehacerpolitico.mx\\\/\"},{\"@type\":\"ListItem\",\"position\":2,\"name\":\"&#8220;La Escuela es Nuestra&#8221; tendr\u00e1 horarios ampliados y aument\u00f3 de recursos: SEP\u00a0\"}]},{\"@type\":\"WebSite\",\"@id\":\"https:\\\/\\\/quehacerpolitico.mx\\\/#website\",\"url\":\"https:\\\/\\\/quehacerpolitico.mx\\\/\",\"name\":\"\",\"description\":\"\",\"potentialAction\":[{\"@type\":\"SearchAction\",\"target\":{\"@type\":\"EntryPoint\",\"urlTemplate\":\"https:\\\/\\\/quehacerpolitico.mx\\\/?s={search_term_string}\"},\"query-input\":{\"@type\":\"PropertyValueSpecification\",\"valueRequired\":true,\"valueName\":\"search_term_string\"}}],\"inLanguage\":\"es\"},{\"@type\":\"Person\",\"@id\":\"https:\\\/\\\/quehacerpolitico.mx\\\/#\\\/schema\\\/person\\\/496d8ad2d1d3f8036101dca7ee39e585\",\"name\":\"Redacci\u00f3n QP\",\"image\":{\"@type\":\"ImageObject\",\"inLanguage\":\"es\",\"@id\":\"https:\\\/\\\/secure.gravatar.com\\\/avatar\\\/c7164ed6fdec453195284ad24a5ae5b6e1eed2b848477fa2a4787ba9adf39a41?s=96&d=mm&r=g\",\"url\":\"https:\\\/\\\/secure.gravatar.com\\\/avatar\\\/c7164ed6fdec453195284ad24a5ae5b6e1eed2b848477fa2a4787ba9adf39a41?s=96&d=mm&r=g\",\"contentUrl\":\"https:\\\/\\\/secure.gravatar.com\\\/avatar\\\/c7164ed6fdec453195284ad24a5ae5b6e1eed2b848477fa2a4787ba9adf39a41?s=96&d=mm&r=g\",\"caption\":\"Redacci\u00f3n QP\"},\"url\":\"https:\\\/\\\/quehacerpolitico.mx\\\/?author=2\"}]}<\/script>\n<!-- \/ Yoast SEO plugin. -->","yoast_head_json":{"title":"\"La Escuela es Nuestra\" tendr\u00e1 horarios ampliados y aument\u00f3 de recursos: SEP\u00a0 -","robots":{"index":"index","follow":"follow","max-snippet":"max-snippet:-1","max-image-preview":"max-image-preview:large","max-video-preview":"max-video-preview:-1"},"canonical":"https:\/\/quehacerpolitico.mx\/?p=91891","og_locale":"es_MX","og_type":"article","og_title":"\"La Escuela es Nuestra\" tendr\u00e1 horarios ampliados y aument\u00f3 de recursos: SEP\u00a0 -","og_description":"Por Redacci\u00f3n QP Durante la &#8220;ma\u00f1anera&#8221; de L\u00f3pez Obrador, la secretaria de Educaci\u00f3n se\u00f1ala\u00a0que se...","og_url":"https:\/\/quehacerpolitico.mx\/?p=91891","article_published_time":"2022-04-26T16:14:08+00:00","article_modified_time":"2022-04-26T16:14:21+00:00","og_image":[{"width":943,"height":704,"url":"https:\/\/quehacerpolitico.mx\/wp-content\/uploads\/2022\/04\/5A5540B7-60F7-427B-9D2C-D16079399A3F.jpeg","type":"image\/jpeg"}],"author":"Redacci\u00f3n QP","twitter_card":"summary_large_image","twitter_misc":{"Escrito por":"Redacci\u00f3n QP","Tiempo de lectura":"2 minutos"},"schema":{"@context":"https:\/\/schema.org","@graph":[{"@type":"Article","@id":"https:\/\/quehacerpolitico.mx\/?p=91891#article","isPartOf":{"@id":"https:\/\/quehacerpolitico.mx\/?p=91891"},"author":{"name":"Redacci\u00f3n QP","@id":"https:\/\/quehacerpolitico.mx\/#\/schema\/person\/496d8ad2d1d3f8036101dca7ee39e585"},"headline":"&#8220;La Escuela es Nuestra&#8221; tendr\u00e1 horarios ampliados y aument\u00f3 de recursos: SEP\u00a0","datePublished":"2022-04-26T16:14:08+00:00","dateModified":"2022-04-26T16:14:21+00:00","mainEntityOfPage":{"@id":"https:\/\/quehacerpolitico.mx\/?p=91891"},"wordCount":335,"commentCount":0,"image":{"@id":"https:\/\/quehacerpolitico.mx\/?p=91891#primaryimage"},"thumbnailUrl":"https:\/\/quehacerpolitico.mx\/wp-content\/uploads\/2022\/04\/5A5540B7-60F7-427B-9D2C-D16079399A3F.jpeg","articleSection":["Noticias"],"inLanguage":"es","potentialAction":[{"@type":"CommentAction","name":"Comment","target":["https:\/\/quehacerpolitico.mx\/?p=91891#respond"]}]},{"@type":"WebPage","@id":"https:\/\/quehacerpolitico.mx\/?p=91891","url":"https:\/\/quehacerpolitico.mx\/?p=91891","name":"\"La Escuela es Nuestra\" tendr\u00e1 horarios ampliados y aument\u00f3 de recursos: SEP\u00a0 -","isPartOf":{"@id":"https:\/\/quehacerpolitico.mx\/#website"},"primaryImageOfPage":{"@id":"https:\/\/quehacerpolitico.mx\/?p=91891#primaryimage"},"image":{"@id":"https:\/\/quehacerpolitico.mx\/?p=91891#primaryimage"},"thumbnailUrl":"https:\/\/quehacerpolitico.mx\/wp-content\/uploads\/2022\/04\/5A5540B7-60F7-427B-9D2C-D16079399A3F.jpeg","datePublished":"2022-04-26T16:14:08+00:00","dateModified":"2022-04-26T16:14:21+00:00","author":{"@id":"https:\/\/quehacerpolitico.mx\/#\/schema\/person\/496d8ad2d1d3f8036101dca7ee39e585"},"breadcrumb":{"@id":"https:\/\/quehacerpolitico.mx\/?p=91891#breadcrumb"},"inLanguage":"es","potentialAction":[{"@type":"ReadAction","target":["https:\/\/quehacerpolitico.mx\/?p=91891"]}]},{"@type":"ImageObject","inLanguage":"es","@id":"https:\/\/quehacerpolitico.mx\/?p=91891#primaryimage","url":"https:\/\/quehacerpolitico.mx\/wp-content\/uploads\/2022\/04\/5A5540B7-60F7-427B-9D2C-D16079399A3F.jpeg","contentUrl":"https:\/\/quehacerpolitico.mx\/wp-content\/uploads\/2022\/04\/5A5540B7-60F7-427B-9D2C-D16079399A3F.jpeg","width":943,"height":704},{"@type":"BreadcrumbList","@id":"https:\/\/quehacerpolitico.mx\/?p=91891#breadcrumb","itemListElement":[{"@type":"ListItem","position":1,"name":"Inicio","item":"https:\/\/quehacerpolitico.mx\/"},{"@type":"ListItem","position":2,"name":"&#8220;La Escuela es Nuestra&#8221; tendr\u00e1 horarios ampliados y aument\u00f3 de recursos: SEP\u00a0"}]},{"@type":"WebSite","@id":"https:\/\/quehacerpolitico.mx\/#website","url":"https:\/\/quehacerpolitico.mx\/","name":"","description":"","potentialAction":[{"@type":"SearchAction","target":{"@type":"EntryPoint","urlTemplate":"https:\/\/quehacerpolitico.mx\/?s={search_term_string}"},"query-input":{"@type":"PropertyValueSpecification","valueRequired":true,"valueName":"search_term_string"}}],"inLanguage":"es"},{"@type":"Person","@id":"https:\/\/quehacerpolitico.mx\/#\/schema\/person\/496d8ad2d1d3f8036101dca7ee39e585","name":"Redacci\u00f3n QP","image":{"@type":"ImageObject","inLanguage":"es","@id":"https:\/\/secure.gravatar.com\/avatar\/c7164ed6fdec453195284ad24a5ae5b6e1eed2b848477fa2a4787ba9adf39a41?s=96&d=mm&r=g","url":"https:\/\/secure.gravatar.com\/avatar\/c7164ed6fdec453195284ad24a5ae5b6e1eed2b848477fa2a4787ba9adf39a41?s=96&d=mm&r=g","contentUrl":"https:\/\/secure.gravatar.com\/avatar\/c7164ed6fdec453195284ad24a5ae5b6e1eed2b848477fa2a4787ba9adf39a41?s=96&d=mm&r=g","caption":"Redacci\u00f3n QP"},"url":"https:\/\/quehacerpolitico.mx\/?author=2"}]}},"featured_image_urls":{"full":["https:\/\/quehacerpolitico.mx\/wp-content\/uploads\/2022\/04\/5A5540B7-60F7-427B-9D2C-D16079399A3F.jpeg",943,704,false],"thumbnail":["https:\/\/quehacerpolitico.mx\/wp-content\/uploads\/2022\/04\/5A5540B7-60F7-427B-9D2C-D16079399A3F-150x150.jpeg",150,150,true],"medium":["https:\/\/quehacerpolitico.mx\/wp-content\/uploads\/2022\/04\/5A5540B7-60F7-427B-9D2C-D16079399A3F-300x224.jpeg",300,224,true],"medium_large":["https:\/\/quehacerpolitico.mx\/wp-content\/uploads\/2022\/04\/5A5540B7-60F7-427B-9D2C-D16079399A3F-768x573.jpeg",640,478,true],"large":["https:\/\/quehacerpolitico.mx\/wp-content\/uploads\/2022\/04\/5A5540B7-60F7-427B-9D2C-D16079399A3F.jpeg",640,478,false],"1536x1536":["https:\/\/quehacerpolitico.mx\/wp-content\/uploads\/2022\/04\/5A5540B7-60F7-427B-9D2C-D16079399A3F.jpeg",943,704,false],"2048x2048":["https:\/\/quehacerpolitico.mx\/wp-content\/uploads\/2022\/04\/5A5540B7-60F7-427B-9D2C-D16079399A3F.jpeg",943,704,false],"covernews-featured":["https:\/\/quehacerpolitico.mx\/wp-content\/uploads\/2022\/04\/5A5540B7-60F7-427B-9D2C-D16079399A3F.jpeg",943,704,false],"covernews-medium":["https:\/\/quehacerpolitico.mx\/wp-content\/uploads\/2022\/04\/5A5540B7-60F7-427B-9D2C-D16079399A3F.jpeg",455,340,false]},"author_info":{"display_name":"Redacci\u00f3n QP","author_link":"https:\/\/quehacerpolitico.mx\/?author=2"},"category_info":"<a href=\"https:\/\/quehacerpolitico.mx\/?cat=2\" rel=\"category\">Noticias<\/a>","tag_info":"Noticias","comment_count":"0","_links":{"self":[{"href":"https:\/\/quehacerpolitico.mx\/index.php?rest_route=\/wp\/v2\/posts\/91891","targetHints":{"allow":["GET"]}}],"collection":[{"href":"https:\/\/quehacerpolitico.mx\/index.php?rest_route=\/wp\/v2\/posts"}],"about":[{"href":"https:\/\/quehacerpolitico.mx\/index.php?rest_route=\/wp\/v2\/types\/post"}],"author":[{"embeddable":true,"href":"https:\/\/quehacerpolitico.mx\/index.php?rest_route=\/wp\/v2\/users\/2"}],"replies":[{"embeddable":true,"href":"https:\/\/quehacerpolitico.mx\/index.php?rest_route=%2Fwp%2Fv2%2Fcomments&post=91891"}],"version-history":[{"count":1,"href":"https:\/\/quehacerpolitico.mx\/index.php?rest_route=\/wp\/v2\/posts\/91891\/revisions"}],"predecessor-version":[{"id":91893,"href":"https:\/\/quehacerpolitico.mx\/index.php?rest_route=\/wp\/v2\/posts\/91891\/revisions\/91893"}],"wp:featuredmedia":[{"embeddable":true,"href":"https:\/\/quehacerpolitico.mx\/index.php?rest_route=\/wp\/v2\/media\/91892"}],"wp:attachment":[{"href":"https:\/\/quehacerpolitico.mx\/index.php?rest_route=%2Fwp%2Fv2%2Fmedia&parent=91891"}],"wp:term":[{"taxonomy":"category","embeddable":true,"href":"https:\/\/quehacerpolitico.mx\/index.php?rest_route=%2Fwp%2Fv2%2Fcategories&post=91891"},{"taxonomy":"post_tag","embeddable":true,"href":"https:\/\/quehacerpolitico.mx\/index.php?rest_route=%2Fwp%2Fv2%2Ftags&post=91891"}],"curies":[{"name":"wp","href":"https:\/\/api.w.org\/{rel}","templated":true}]}}