{"id":91879,"date":"2022-04-26T13:47:48","date_gmt":"2022-04-26T13:47:48","guid":{"rendered":"https:\/\/quehacerpolitico.mx\/?p=91879"},"modified":"2022-04-26T13:47:51","modified_gmt":"2022-04-26T13:47:51","slug":"mexico-abrira-registro-de-vacunacion-contra-el-covid-para-ninos-mayores-de-12-anos","status":"publish","type":"post","link":"https:\/\/quehacerpolitico.mx\/?p=91879","title":{"rendered":"M\u00e9xico abrir\u00e1 registro de vacunaci\u00f3n contra el COVID para ni\u00f1os mayores de 12 a\u00f1os\u00a0"},"content":{"rendered":"\n<p>Por Redacci\u00f3n QP<\/p>\n\n\n\n<p>L\u00f3pez-Gatell anunci\u00f3 durante la &#8220;ma\u00f1anera&#8221; que el pr\u00f3ximo jueves 28 de abril iniciar\u00e1 el registro en la plataforma\u00a0<a href=\"https:\/\/mivacuna.salud.gob.mx\/\">mivacuna.salud.gob.mx<\/a><\/p>\n\n\n\n<p>Durante la &#8220;ma\u00f1anera&#8221; de hoy martes, el subsecretario de Salud, Hugo L\u00f3pez-Gatell inform\u00f3 que el pr\u00f3ximo jueves 28 de abril iniciar\u00e1 el registro para que los menores de 12 a\u00f1os en adelante se vacunen contra el COVID-19.<\/p>\n\n\n\n<figure class=\"wp-block-embed is-type-video is-provider-youtube wp-block-embed-youtube wp-embed-aspect-16-9 wp-has-aspect-ratio\"><div class=\"wp-block-embed__wrapper\">\n<iframe loading=\"lazy\" title=\"El jueves 28 de abril se abre registro de vacunaci\u00f3n Covid para ni\u00f1os de 12 a\u00f1os\" width=\"640\" height=\"360\" src=\"https:\/\/www.youtube.com\/embed\/D7vObdbICBo?feature=oembed\" frameborder=\"0\" allow=\"accelerometer; autoplay; clipboard-write; encrypted-media; gyroscope; picture-in-picture; web-share\" referrerpolicy=\"strict-origin-when-cross-origin\" allowfullscreen><\/iframe>\n<\/div><\/figure>\n\n\n\n<p>&#8220;No solamente ni\u00f1as y ni\u00f1os con comorbilidades como lo hemos venido haciendo hace cuatro meses y medio,\u00a0<strong>sino tambi\u00e9n todas las ni\u00f1as y ni\u00f1os sanos de 12 a\u00f1os en adelante (estar\u00e1n) disponibles las vacunas para que las reciban<\/strong>&#8220;, aclar\u00f3 L\u00f3pez-Gatell durante la &#8220;ma\u00f1anera&#8221;.<\/p>\n\n\n\n<p>Sin embargo, el funcionario no aclar\u00f3 cu\u00e1l ser\u00e1 la vacuna que implementen a este sector. El registro estar\u00e1 disponible en la p\u00e1gina habitual:\u00a0<strong><a href=\"https:\/\/mivacuna.salud.gob.mx\/\" target=\"_blank\" rel=\"noreferrer noopener\">https:\/\/mivacuna.salud.gob.mx<\/a><\/strong><\/p>\n\n\n\n<p>Con informaci\u00f3n de SUN<\/p>\n","protected":false},"excerpt":{"rendered":"<p>Por Redacci\u00f3n QP L\u00f3pez-Gatell anunci\u00f3 durante la &#8220;ma\u00f1anera&#8221; que el pr\u00f3ximo jueves 28 de abril&#8230;<\/p>\n","protected":false},"author":2,"featured_media":91880,"comment_status":"open","ping_status":"open","sticky":false,"template":"","format":"standard","meta":{"_monsterinsights_skip_tracking":false,"_monsterinsights_sitenote_active":false,"_monsterinsights_sitenote_note":"","_monsterinsights_sitenote_category":0,"footnotes":""},"categories":[2],"tags":[],"class_list":["post-91879","post","type-post","status-publish","format-standard","has-post-thumbnail","hentry","category-noticias"],"yoast_head":"<!-- This site is optimized with the Yoast SEO plugin v27.3 - https:\/\/yoast.com\/product\/yoast-seo-wordpress\/ -->\n<title>M\u00e9xico abrir\u00e1 registro de vacunaci\u00f3n contra el COVID para ni\u00f1os mayores de 12 a\u00f1os\u00a0 -<\/title>\n<meta name=\"robots\" content=\"index, follow, max-snippet:-1, max-image-preview:large, max-video-preview:-1\" \/>\n<link rel=\"canonical\" href=\"https:\/\/quehacerpolitico.mx\/?p=91879\" \/>\n<meta property=\"og:locale\" content=\"es_MX\" \/>\n<meta property=\"og:type\" content=\"article\" \/>\n<meta property=\"og:title\" content=\"M\u00e9xico abrir\u00e1 registro de vacunaci\u00f3n contra el COVID para ni\u00f1os mayores de 12 a\u00f1os\u00a0 -\" \/>\n<meta property=\"og:description\" content=\"Por Redacci\u00f3n QP L\u00f3pez-Gatell anunci\u00f3 durante la &#8220;ma\u00f1anera&#8221; que el pr\u00f3ximo jueves 28 de abril...\" \/>\n<meta property=\"og:url\" content=\"https:\/\/quehacerpolitico.mx\/?p=91879\" \/>\n<meta property=\"article:published_time\" content=\"2022-04-26T13:47:48+00:00\" \/>\n<meta property=\"article:modified_time\" content=\"2022-04-26T13:47:51+00:00\" \/>\n<meta property=\"og:image\" content=\"https:\/\/quehacerpolitico.mx\/wp-content\/uploads\/2022\/04\/621A4AFB-3CE9-4540-9793-9737D38D6641.jpeg\" \/>\n\t<meta property=\"og:image:width\" content=\"991\" \/>\n\t<meta property=\"og:image:height\" content=\"697\" \/>\n\t<meta property=\"og:image:type\" content=\"image\/jpeg\" \/>\n<meta name=\"author\" content=\"Redacci\u00f3n QP\" \/>\n<meta name=\"twitter:card\" content=\"summary_large_image\" \/>\n<meta name=\"twitter:label1\" content=\"Escrito por\" \/>\n\t<meta name=\"twitter:data1\" content=\"Redacci\u00f3n QP\" \/>\n\t<meta name=\"twitter:label2\" content=\"Tiempo de lectura\" \/>\n\t<meta name=\"twitter:data2\" content=\"1 minuto\" \/>\n<script type=\"application\/ld+json\" class=\"yoast-schema-graph\">{\"@context\":\"https:\\\/\\\/schema.org\",\"@graph\":[{\"@type\":\"Article\",\"@id\":\"https:\\\/\\\/quehacerpolitico.mx\\\/?p=91879#article\",\"isPartOf\":{\"@id\":\"https:\\\/\\\/quehacerpolitico.mx\\\/?p=91879\"},\"author\":{\"name\":\"Redacci\u00f3n QP\",\"@id\":\"https:\\\/\\\/quehacerpolitico.mx\\\/#\\\/schema\\\/person\\\/496d8ad2d1d3f8036101dca7ee39e585\"},\"headline\":\"M\u00e9xico abrir\u00e1 registro de vacunaci\u00f3n contra el COVID para ni\u00f1os mayores de 12 a\u00f1os\u00a0\",\"datePublished\":\"2022-04-26T13:47:48+00:00\",\"dateModified\":\"2022-04-26T13:47:51+00:00\",\"mainEntityOfPage\":{\"@id\":\"https:\\\/\\\/quehacerpolitico.mx\\\/?p=91879\"},\"wordCount\":175,\"commentCount\":0,\"image\":{\"@id\":\"https:\\\/\\\/quehacerpolitico.mx\\\/?p=91879#primaryimage\"},\"thumbnailUrl\":\"https:\\\/\\\/quehacerpolitico.mx\\\/wp-content\\\/uploads\\\/2022\\\/04\\\/621A4AFB-3CE9-4540-9793-9737D38D6641.jpeg\",\"articleSection\":[\"Noticias\"],\"inLanguage\":\"es\",\"potentialAction\":[{\"@type\":\"CommentAction\",\"name\":\"Comment\",\"target\":[\"https:\\\/\\\/quehacerpolitico.mx\\\/?p=91879#respond\"]}]},{\"@type\":\"WebPage\",\"@id\":\"https:\\\/\\\/quehacerpolitico.mx\\\/?p=91879\",\"url\":\"https:\\\/\\\/quehacerpolitico.mx\\\/?p=91879\",\"name\":\"M\u00e9xico abrir\u00e1 registro de vacunaci\u00f3n contra el COVID para ni\u00f1os mayores de 12 a\u00f1os\u00a0 -\",\"isPartOf\":{\"@id\":\"https:\\\/\\\/quehacerpolitico.mx\\\/#website\"},\"primaryImageOfPage\":{\"@id\":\"https:\\\/\\\/quehacerpolitico.mx\\\/?p=91879#primaryimage\"},\"image\":{\"@id\":\"https:\\\/\\\/quehacerpolitico.mx\\\/?p=91879#primaryimage\"},\"thumbnailUrl\":\"https:\\\/\\\/quehacerpolitico.mx\\\/wp-content\\\/uploads\\\/2022\\\/04\\\/621A4AFB-3CE9-4540-9793-9737D38D6641.jpeg\",\"datePublished\":\"2022-04-26T13:47:48+00:00\",\"dateModified\":\"2022-04-26T13:47:51+00:00\",\"author\":{\"@id\":\"https:\\\/\\\/quehacerpolitico.mx\\\/#\\\/schema\\\/person\\\/496d8ad2d1d3f8036101dca7ee39e585\"},\"breadcrumb\":{\"@id\":\"https:\\\/\\\/quehacerpolitico.mx\\\/?p=91879#breadcrumb\"},\"inLanguage\":\"es\",\"potentialAction\":[{\"@type\":\"ReadAction\",\"target\":[\"https:\\\/\\\/quehacerpolitico.mx\\\/?p=91879\"]}]},{\"@type\":\"ImageObject\",\"inLanguage\":\"es\",\"@id\":\"https:\\\/\\\/quehacerpolitico.mx\\\/?p=91879#primaryimage\",\"url\":\"https:\\\/\\\/quehacerpolitico.mx\\\/wp-content\\\/uploads\\\/2022\\\/04\\\/621A4AFB-3CE9-4540-9793-9737D38D6641.jpeg\",\"contentUrl\":\"https:\\\/\\\/quehacerpolitico.mx\\\/wp-content\\\/uploads\\\/2022\\\/04\\\/621A4AFB-3CE9-4540-9793-9737D38D6641.jpeg\",\"width\":991,\"height\":697},{\"@type\":\"BreadcrumbList\",\"@id\":\"https:\\\/\\\/quehacerpolitico.mx\\\/?p=91879#breadcrumb\",\"itemListElement\":[{\"@type\":\"ListItem\",\"position\":1,\"name\":\"Inicio\",\"item\":\"https:\\\/\\\/quehacerpolitico.mx\\\/\"},{\"@type\":\"ListItem\",\"position\":2,\"name\":\"M\u00e9xico abrir\u00e1 registro de vacunaci\u00f3n contra el COVID para ni\u00f1os mayores de 12 a\u00f1os\u00a0\"}]},{\"@type\":\"WebSite\",\"@id\":\"https:\\\/\\\/quehacerpolitico.mx\\\/#website\",\"url\":\"https:\\\/\\\/quehacerpolitico.mx\\\/\",\"name\":\"\",\"description\":\"\",\"potentialAction\":[{\"@type\":\"SearchAction\",\"target\":{\"@type\":\"EntryPoint\",\"urlTemplate\":\"https:\\\/\\\/quehacerpolitico.mx\\\/?s={search_term_string}\"},\"query-input\":{\"@type\":\"PropertyValueSpecification\",\"valueRequired\":true,\"valueName\":\"search_term_string\"}}],\"inLanguage\":\"es\"},{\"@type\":\"Person\",\"@id\":\"https:\\\/\\\/quehacerpolitico.mx\\\/#\\\/schema\\\/person\\\/496d8ad2d1d3f8036101dca7ee39e585\",\"name\":\"Redacci\u00f3n QP\",\"image\":{\"@type\":\"ImageObject\",\"inLanguage\":\"es\",\"@id\":\"https:\\\/\\\/secure.gravatar.com\\\/avatar\\\/c7164ed6fdec453195284ad24a5ae5b6e1eed2b848477fa2a4787ba9adf39a41?s=96&d=mm&r=g\",\"url\":\"https:\\\/\\\/secure.gravatar.com\\\/avatar\\\/c7164ed6fdec453195284ad24a5ae5b6e1eed2b848477fa2a4787ba9adf39a41?s=96&d=mm&r=g\",\"contentUrl\":\"https:\\\/\\\/secure.gravatar.com\\\/avatar\\\/c7164ed6fdec453195284ad24a5ae5b6e1eed2b848477fa2a4787ba9adf39a41?s=96&d=mm&r=g\",\"caption\":\"Redacci\u00f3n QP\"},\"url\":\"https:\\\/\\\/quehacerpolitico.mx\\\/?author=2\"}]}<\/script>\n<!-- \/ Yoast SEO plugin. -->","yoast_head_json":{"title":"M\u00e9xico abrir\u00e1 registro de vacunaci\u00f3n contra el COVID para ni\u00f1os mayores de 12 a\u00f1os\u00a0 -","robots":{"index":"index","follow":"follow","max-snippet":"max-snippet:-1","max-image-preview":"max-image-preview:large","max-video-preview":"max-video-preview:-1"},"canonical":"https:\/\/quehacerpolitico.mx\/?p=91879","og_locale":"es_MX","og_type":"article","og_title":"M\u00e9xico abrir\u00e1 registro de vacunaci\u00f3n contra el COVID para ni\u00f1os mayores de 12 a\u00f1os\u00a0 -","og_description":"Por Redacci\u00f3n QP L\u00f3pez-Gatell anunci\u00f3 durante la &#8220;ma\u00f1anera&#8221; que el pr\u00f3ximo jueves 28 de abril...","og_url":"https:\/\/quehacerpolitico.mx\/?p=91879","article_published_time":"2022-04-26T13:47:48+00:00","article_modified_time":"2022-04-26T13:47:51+00:00","og_image":[{"width":991,"height":697,"url":"https:\/\/quehacerpolitico.mx\/wp-content\/uploads\/2022\/04\/621A4AFB-3CE9-4540-9793-9737D38D6641.jpeg","type":"image\/jpeg"}],"author":"Redacci\u00f3n QP","twitter_card":"summary_large_image","twitter_misc":{"Escrito por":"Redacci\u00f3n QP","Tiempo de lectura":"1 minuto"},"schema":{"@context":"https:\/\/schema.org","@graph":[{"@type":"Article","@id":"https:\/\/quehacerpolitico.mx\/?p=91879#article","isPartOf":{"@id":"https:\/\/quehacerpolitico.mx\/?p=91879"},"author":{"name":"Redacci\u00f3n QP","@id":"https:\/\/quehacerpolitico.mx\/#\/schema\/person\/496d8ad2d1d3f8036101dca7ee39e585"},"headline":"M\u00e9xico abrir\u00e1 registro de vacunaci\u00f3n contra el COVID para ni\u00f1os mayores de 12 a\u00f1os\u00a0","datePublished":"2022-04-26T13:47:48+00:00","dateModified":"2022-04-26T13:47:51+00:00","mainEntityOfPage":{"@id":"https:\/\/quehacerpolitico.mx\/?p=91879"},"wordCount":175,"commentCount":0,"image":{"@id":"https:\/\/quehacerpolitico.mx\/?p=91879#primaryimage"},"thumbnailUrl":"https:\/\/quehacerpolitico.mx\/wp-content\/uploads\/2022\/04\/621A4AFB-3CE9-4540-9793-9737D38D6641.jpeg","articleSection":["Noticias"],"inLanguage":"es","potentialAction":[{"@type":"CommentAction","name":"Comment","target":["https:\/\/quehacerpolitico.mx\/?p=91879#respond"]}]},{"@type":"WebPage","@id":"https:\/\/quehacerpolitico.mx\/?p=91879","url":"https:\/\/quehacerpolitico.mx\/?p=91879","name":"M\u00e9xico abrir\u00e1 registro de vacunaci\u00f3n contra el COVID para ni\u00f1os mayores de 12 a\u00f1os\u00a0 -","isPartOf":{"@id":"https:\/\/quehacerpolitico.mx\/#website"},"primaryImageOfPage":{"@id":"https:\/\/quehacerpolitico.mx\/?p=91879#primaryimage"},"image":{"@id":"https:\/\/quehacerpolitico.mx\/?p=91879#primaryimage"},"thumbnailUrl":"https:\/\/quehacerpolitico.mx\/wp-content\/uploads\/2022\/04\/621A4AFB-3CE9-4540-9793-9737D38D6641.jpeg","datePublished":"2022-04-26T13:47:48+00:00","dateModified":"2022-04-26T13:47:51+00:00","author":{"@id":"https:\/\/quehacerpolitico.mx\/#\/schema\/person\/496d8ad2d1d3f8036101dca7ee39e585"},"breadcrumb":{"@id":"https:\/\/quehacerpolitico.mx\/?p=91879#breadcrumb"},"inLanguage":"es","potentialAction":[{"@type":"ReadAction","target":["https:\/\/quehacerpolitico.mx\/?p=91879"]}]},{"@type":"ImageObject","inLanguage":"es","@id":"https:\/\/quehacerpolitico.mx\/?p=91879#primaryimage","url":"https:\/\/quehacerpolitico.mx\/wp-content\/uploads\/2022\/04\/621A4AFB-3CE9-4540-9793-9737D38D6641.jpeg","contentUrl":"https:\/\/quehacerpolitico.mx\/wp-content\/uploads\/2022\/04\/621A4AFB-3CE9-4540-9793-9737D38D6641.jpeg","width":991,"height":697},{"@type":"BreadcrumbList","@id":"https:\/\/quehacerpolitico.mx\/?p=91879#breadcrumb","itemListElement":[{"@type":"ListItem","position":1,"name":"Inicio","item":"https:\/\/quehacerpolitico.mx\/"},{"@type":"ListItem","position":2,"name":"M\u00e9xico abrir\u00e1 registro de vacunaci\u00f3n contra el COVID para ni\u00f1os mayores de 12 a\u00f1os\u00a0"}]},{"@type":"WebSite","@id":"https:\/\/quehacerpolitico.mx\/#website","url":"https:\/\/quehacerpolitico.mx\/","name":"","description":"","potentialAction":[{"@type":"SearchAction","target":{"@type":"EntryPoint","urlTemplate":"https:\/\/quehacerpolitico.mx\/?s={search_term_string}"},"query-input":{"@type":"PropertyValueSpecification","valueRequired":true,"valueName":"search_term_string"}}],"inLanguage":"es"},{"@type":"Person","@id":"https:\/\/quehacerpolitico.mx\/#\/schema\/person\/496d8ad2d1d3f8036101dca7ee39e585","name":"Redacci\u00f3n QP","image":{"@type":"ImageObject","inLanguage":"es","@id":"https:\/\/secure.gravatar.com\/avatar\/c7164ed6fdec453195284ad24a5ae5b6e1eed2b848477fa2a4787ba9adf39a41?s=96&d=mm&r=g","url":"https:\/\/secure.gravatar.com\/avatar\/c7164ed6fdec453195284ad24a5ae5b6e1eed2b848477fa2a4787ba9adf39a41?s=96&d=mm&r=g","contentUrl":"https:\/\/secure.gravatar.com\/avatar\/c7164ed6fdec453195284ad24a5ae5b6e1eed2b848477fa2a4787ba9adf39a41?s=96&d=mm&r=g","caption":"Redacci\u00f3n QP"},"url":"https:\/\/quehacerpolitico.mx\/?author=2"}]}},"featured_image_urls":{"full":["https:\/\/quehacerpolitico.mx\/wp-content\/uploads\/2022\/04\/621A4AFB-3CE9-4540-9793-9737D38D6641.jpeg",991,697,false],"thumbnail":["https:\/\/quehacerpolitico.mx\/wp-content\/uploads\/2022\/04\/621A4AFB-3CE9-4540-9793-9737D38D6641-150x150.jpeg",150,150,true],"medium":["https:\/\/quehacerpolitico.mx\/wp-content\/uploads\/2022\/04\/621A4AFB-3CE9-4540-9793-9737D38D6641-300x211.jpeg",300,211,true],"medium_large":["https:\/\/quehacerpolitico.mx\/wp-content\/uploads\/2022\/04\/621A4AFB-3CE9-4540-9793-9737D38D6641-768x540.jpeg",640,450,true],"large":["https:\/\/quehacerpolitico.mx\/wp-content\/uploads\/2022\/04\/621A4AFB-3CE9-4540-9793-9737D38D6641.jpeg",640,450,false],"1536x1536":["https:\/\/quehacerpolitico.mx\/wp-content\/uploads\/2022\/04\/621A4AFB-3CE9-4540-9793-9737D38D6641.jpeg",991,697,false],"2048x2048":["https:\/\/quehacerpolitico.mx\/wp-content\/uploads\/2022\/04\/621A4AFB-3CE9-4540-9793-9737D38D6641.jpeg",991,697,false],"covernews-featured":["https:\/\/quehacerpolitico.mx\/wp-content\/uploads\/2022\/04\/621A4AFB-3CE9-4540-9793-9737D38D6641.jpeg",991,697,false],"covernews-medium":["https:\/\/quehacerpolitico.mx\/wp-content\/uploads\/2022\/04\/621A4AFB-3CE9-4540-9793-9737D38D6641.jpeg",483,340,false]},"author_info":{"display_name":"Redacci\u00f3n QP","author_link":"https:\/\/quehacerpolitico.mx\/?author=2"},"category_info":"<a href=\"https:\/\/quehacerpolitico.mx\/?cat=2\" rel=\"category\">Noticias<\/a>","tag_info":"Noticias","comment_count":"0","_links":{"self":[{"href":"https:\/\/quehacerpolitico.mx\/index.php?rest_route=\/wp\/v2\/posts\/91879","targetHints":{"allow":["GET"]}}],"collection":[{"href":"https:\/\/quehacerpolitico.mx\/index.php?rest_route=\/wp\/v2\/posts"}],"about":[{"href":"https:\/\/quehacerpolitico.mx\/index.php?rest_route=\/wp\/v2\/types\/post"}],"author":[{"embeddable":true,"href":"https:\/\/quehacerpolitico.mx\/index.php?rest_route=\/wp\/v2\/users\/2"}],"replies":[{"embeddable":true,"href":"https:\/\/quehacerpolitico.mx\/index.php?rest_route=%2Fwp%2Fv2%2Fcomments&post=91879"}],"version-history":[{"count":1,"href":"https:\/\/quehacerpolitico.mx\/index.php?rest_route=\/wp\/v2\/posts\/91879\/revisions"}],"predecessor-version":[{"id":91881,"href":"https:\/\/quehacerpolitico.mx\/index.php?rest_route=\/wp\/v2\/posts\/91879\/revisions\/91881"}],"wp:featuredmedia":[{"embeddable":true,"href":"https:\/\/quehacerpolitico.mx\/index.php?rest_route=\/wp\/v2\/media\/91880"}],"wp:attachment":[{"href":"https:\/\/quehacerpolitico.mx\/index.php?rest_route=%2Fwp%2Fv2%2Fmedia&parent=91879"}],"wp:term":[{"taxonomy":"category","embeddable":true,"href":"https:\/\/quehacerpolitico.mx\/index.php?rest_route=%2Fwp%2Fv2%2Fcategories&post=91879"},{"taxonomy":"post_tag","embeddable":true,"href":"https:\/\/quehacerpolitico.mx\/index.php?rest_route=%2Fwp%2Fv2%2Ftags&post=91879"}],"curies":[{"name":"wp","href":"https:\/\/api.w.org\/{rel}","templated":true}]}}