{"id":91873,"date":"2022-04-26T01:03:40","date_gmt":"2022-04-26T01:03:40","guid":{"rendered":"https:\/\/quehacerpolitico.mx\/?p=91873"},"modified":"2022-04-26T01:03:43","modified_gmt":"2022-04-26T01:03:43","slug":"reubicacion-del-planton-de-indigenas-triquis-fue-por-falta-de-soluciones-del-gobierno-de-oaxaca-sheinbaum","status":"publish","type":"post","link":"https:\/\/quehacerpolitico.mx\/?p=91873","title":{"rendered":"Reubicaci\u00f3n del plant\u00f3n de ind\u00edgenas triquis fue por falta de soluciones del gobierno de Oaxaca: Sheinbaum\u00a0"},"content":{"rendered":"\n<p>Por Redacci\u00f3n QP<\/p>\n\n\n\n<p>La jefa de Gobierno de la Ciudad de M\u00e9xico asegur\u00f3 que los ind\u00edgenas triquis fueron llevados a un lugar con mejores condiciones para los manifestantes.<\/p>\n\n\n\n<figure class=\"wp-block-embed is-type-rich is-provider-twitter wp-block-embed-twitter\"><div class=\"wp-block-embed__wrapper\">\n<blockquote class=\"twitter-tweet\" data-width=\"550\" data-dnt=\"true\"><p lang=\"es\" dir=\"ltr\">\u26a0\ufe0f<a href=\"https:\/\/twitter.com\/hashtag\/ATENCI%C3%93N?src=hash&amp;ref_src=twsrc%5Etfw\">#ATENCI\u00d3N<\/a> | DESALOJAN PLANT\u00d3N TRIQUI FRENTE A BELLAS ARTES<br><br>En plena madrugada desalojaron a integrantes del plant\u00f3n triqui. <br><br>Seg\u00fan informaci\u00f3n de <a href=\"https:\/\/twitter.com\/PdPagina?ref_src=twsrc%5Etfw\">@PdPagina<\/a>, ni siquiera dejaron que recogieran sus pertenencias y se las llevaron en camiones de basura.<a href=\"https:\/\/t.co\/FLwJQlZxTp\">pic.twitter.com\/FLwJQlZxTp<\/a><\/p>&mdash; Ruido en la Red (@RuidoEnLaRed) <a href=\"https:\/\/twitter.com\/RuidoEnLaRed\/status\/1518606724382474243?ref_src=twsrc%5Etfw\">April 25, 2022<\/a><\/blockquote><script async src=\"https:\/\/platform.twitter.com\/widgets.js\" charset=\"utf-8\"><\/script>\n<\/div><\/figure>\n\n\n\n<figure class=\"wp-block-embed is-type-rich is-provider-twitter wp-block-embed-twitter\"><div class=\"wp-block-embed__wrapper\">\n<blockquote class=\"twitter-tweet\" data-width=\"550\" data-dnt=\"true\"><p lang=\"es\" dir=\"ltr\">Aunque de acuerdo con informaci\u00f3n de reporteros que estuvieron en el lugar, la reubicaci\u00f3n se llevo a cabo sin mucha informaci\u00f3n.<br><br>Checa el hilo de <a href=\"https:\/\/twitter.com\/PdPagina?ref_src=twsrc%5Etfw\">@PdPagina<\/a> <br><br> <a href=\"https:\/\/t.co\/NRTJ14BXHs\">https:\/\/t.co\/NRTJ14BXHs<\/a><\/p>&mdash; Ruido en la Red (@RuidoEnLaRed) <a href=\"https:\/\/twitter.com\/RuidoEnLaRed\/status\/1518609003760295936?ref_src=twsrc%5Etfw\">April 25, 2022<\/a><\/blockquote><script async src=\"https:\/\/platform.twitter.com\/widgets.js\" charset=\"utf-8\"><\/script>\n<\/div><\/figure>\n\n\n\n<p>La jefa de Gobierno de la Ciudad de M\u00e9xico, Claudia&nbsp;<strong>Sheinbaum, asegur\u00f3 que la determinaci\u00f3n de reubicar el plant\u00f3n de la comunidad ind\u00edgena triqui en la capital del pa\u00eds fue para ofrecerle mejores condiciones sanitarias&nbsp;<\/strong>y se debi\u00f3 a que el estado de Oaxaca no ha brindado soluci\u00f3n a la problem\u00e1tica por la que se mantiene la protesta hace m\u00e1s de un a\u00f1o.&nbsp;<\/p>\n\n\n\n<p>De acuerdo con Sheinbaum, el gobierno de la Ciudad de M\u00e9xico recibi\u00f3 una notificaci\u00f3n de la Comisi\u00f3n de los Derechos Humanos, misma que&nbsp;<strong>se mostraba preocupada por la situaci\u00f3n en la que se encontraban los ni\u00f1os del campamento,<\/strong>&nbsp;por lo que se decidi\u00f3 trasladar a los habitantes de la comunidad triqui a un albergue con mejores condiciones salubres.&nbsp;<\/p>\n\n\n\n<blockquote class=\"wp-block-quote is-layout-flow wp-block-quote-is-layout-flow\"><p>\u201cHemos estado esperando una soluci\u00f3n en Oaxaca,&nbsp;<strong>porque hay que recordar esto, esto es un problema en Oaxaca y hemos estado esperando a que la soluci\u00f3n se diera en Oaxaca,&nbsp;<\/strong>entonces dado que no ha podido resolverse esta situaci\u00f3n para que ellos regresaran al pueblo de origen, la decisi\u00f3n que tomamos por los ni\u00f1os y ni\u00f1as y sus derechos humanos es trasladarlos a un albergue que tenga todas las condiciones, eso es lo que hicimos\u201d, dijo.<\/p><\/blockquote>\n\n\n\n<p>Durante la madrugada de este lunes, luego de un a\u00f1o y cuatro meses de que permaneciera en Avenida Ju\u00e1rez, casi esquina con Eje Central,&nbsp;<strong>el plant\u00f3n triqui fue reubicado a<\/strong>&nbsp;un inmueble de la colonia Valle G\u00f3mez.<\/p>\n\n\n\n<p>El secretario de Gobierno, Mart\u00ed Batres, explic\u00f3 que la reubicaci\u00f3n del plant\u00f3n de las personas triquis<strong>\u00a0se dio con el respeto de los derechos humanos de los miembros de la comunidad ind\u00edgena<\/strong>\u00a0y mediante una labor de convencimiento.<\/p>\n\n\n\n<figure class=\"wp-block-embed is-type-rich is-provider-twitter wp-block-embed-twitter\"><div class=\"wp-block-embed__wrapper\">\n<blockquote class=\"twitter-tweet\" data-width=\"550\" data-dnt=\"true\"><p lang=\"es\" dir=\"ltr\">Mart\u00ed Batres asegura que el desalojo de la comunidad triqui en <a href=\"https:\/\/twitter.com\/hashtag\/BellasArtes?src=hash&amp;ref_src=twsrc%5Etfw\">#BellasArtes<\/a>, se realiz\u00f3 con la observaci\u00f3n de la Comisi\u00f3n Nacional de los Humanos, para garantizar sus derechos, sobre todo de ni\u00f1os y ni\u00f1as.<br><br>\ud83c\udfa5<a href=\"https:\/\/twitter.com\/BernardoUribeV?ref_src=twsrc%5Etfw\">@BernardoUribeV<\/a> <a href=\"https:\/\/t.co\/yYaqS3J8pW\">pic.twitter.com\/yYaqS3J8pW<\/a><\/p>&mdash; Ruido en la Red (@RuidoEnLaRed) <a href=\"https:\/\/twitter.com\/RuidoEnLaRed\/status\/1518692550818869249?ref_src=twsrc%5Etfw\">April 25, 2022<\/a><\/blockquote><script async src=\"https:\/\/platform.twitter.com\/widgets.js\" charset=\"utf-8\"><\/script>\n<\/div><\/figure>\n\n\n\n<p>La semana pasada, la Comisi\u00f3n de Derechos Humanos de la Ciudad de M\u00e9xico le env\u00edo una solicitud urgente a la Secretar\u00eda de Gobierno para pedirle a Mart\u00ed Batres que se tomaran las medidas adecuadas en coordinaci\u00f3n con las instituciones que se consideren necesarias,<strong>\u00a0con el fin de garantizar el inter\u00e9s superior de ni\u00f1os y adolescentes que se encontraban en el plant\u00f3n triqui<\/strong>\u00a0ubicado frente al Palacio de Bellas Artes.<\/p>\n\n\n\n<p>El gobierno de la Ciudad de M\u00e9xico dispuso un albergue situado en la esquina de calle Rayas y Circuito Interior, en la colonia Valle G\u00f3mez,<strong>&nbsp;que cuenta con dormitorio equipado con catres y cobijas, ba\u00f1o, una carpa de servicios m\u00e9dicos<\/strong>&nbsp;y otra donde se dar\u00e1 atenci\u00f3n especial a los infantes.<\/p>\n\n\n\n<p>Seg\u00fan el oficio de Colaboraci\u00f3n Urgente Q-558-22 de la CDHCM, la solicitud deriva de una denuncia ciudadana an\u00f3nima al organismo, en la cual se&nbsp;<strong>refieren condiciones de vulnerabilidad para los menores de edad que ponen en riesgo su salud e integridad en este campamento<\/strong>instalado por el grupo ind\u00edgena proveniente de Tierra Blanca Copala, Oaxaca.<\/p>\n","protected":false},"excerpt":{"rendered":"<p>Por Redacci\u00f3n QP La jefa de Gobierno de la Ciudad de M\u00e9xico asegur\u00f3 que los&#8230;<\/p>\n","protected":false},"author":2,"featured_media":91874,"comment_status":"open","ping_status":"open","sticky":false,"template":"","format":"standard","meta":{"_monsterinsights_skip_tracking":false,"_monsterinsights_sitenote_active":false,"_monsterinsights_sitenote_note":"","_monsterinsights_sitenote_category":0,"footnotes":""},"categories":[55],"tags":[],"class_list":["post-91873","post","type-post","status-publish","format-standard","has-post-thumbnail","hentry","category-cdmx"],"yoast_head":"<!-- This site is optimized with the Yoast SEO plugin v27.3 - https:\/\/yoast.com\/product\/yoast-seo-wordpress\/ -->\n<title>Reubicaci\u00f3n del plant\u00f3n de ind\u00edgenas triquis fue por falta de soluciones del gobierno de Oaxaca: Sheinbaum\u00a0 -<\/title>\n<meta name=\"robots\" content=\"index, follow, max-snippet:-1, max-image-preview:large, max-video-preview:-1\" \/>\n<link rel=\"canonical\" href=\"https:\/\/quehacerpolitico.mx\/?p=91873\" \/>\n<meta property=\"og:locale\" content=\"es_MX\" \/>\n<meta property=\"og:type\" content=\"article\" \/>\n<meta property=\"og:title\" content=\"Reubicaci\u00f3n del plant\u00f3n de ind\u00edgenas triquis fue por falta de soluciones del gobierno de Oaxaca: Sheinbaum\u00a0 -\" \/>\n<meta property=\"og:description\" content=\"Por Redacci\u00f3n QP La jefa de Gobierno de la Ciudad de M\u00e9xico asegur\u00f3 que los...\" \/>\n<meta property=\"og:url\" content=\"https:\/\/quehacerpolitico.mx\/?p=91873\" \/>\n<meta property=\"article:published_time\" content=\"2022-04-26T01:03:40+00:00\" \/>\n<meta property=\"article:modified_time\" content=\"2022-04-26T01:03:43+00:00\" \/>\n<meta property=\"og:image\" content=\"https:\/\/quehacerpolitico.mx\/wp-content\/uploads\/2022\/04\/009973AE-8485-4DCB-A637-AE97772DE15B.jpeg\" \/>\n\t<meta property=\"og:image:width\" content=\"1267\" \/>\n\t<meta property=\"og:image:height\" content=\"721\" \/>\n\t<meta property=\"og:image:type\" content=\"image\/jpeg\" \/>\n<meta name=\"author\" content=\"Redacci\u00f3n QP\" \/>\n<meta name=\"twitter:card\" content=\"summary_large_image\" \/>\n<meta name=\"twitter:label1\" content=\"Escrito por\" \/>\n\t<meta name=\"twitter:data1\" content=\"Redacci\u00f3n QP\" \/>\n\t<meta name=\"twitter:label2\" content=\"Tiempo de lectura\" \/>\n\t<meta name=\"twitter:data2\" content=\"3 minutos\" \/>\n<script type=\"application\/ld+json\" class=\"yoast-schema-graph\">{\"@context\":\"https:\\\/\\\/schema.org\",\"@graph\":[{\"@type\":\"Article\",\"@id\":\"https:\\\/\\\/quehacerpolitico.mx\\\/?p=91873#article\",\"isPartOf\":{\"@id\":\"https:\\\/\\\/quehacerpolitico.mx\\\/?p=91873\"},\"author\":{\"name\":\"Redacci\u00f3n QP\",\"@id\":\"https:\\\/\\\/quehacerpolitico.mx\\\/#\\\/schema\\\/person\\\/496d8ad2d1d3f8036101dca7ee39e585\"},\"headline\":\"Reubicaci\u00f3n del plant\u00f3n de ind\u00edgenas triquis fue por falta de soluciones del gobierno de Oaxaca: Sheinbaum\u00a0\",\"datePublished\":\"2022-04-26T01:03:40+00:00\",\"dateModified\":\"2022-04-26T01:03:43+00:00\",\"mainEntityOfPage\":{\"@id\":\"https:\\\/\\\/quehacerpolitico.mx\\\/?p=91873\"},\"wordCount\":586,\"commentCount\":0,\"image\":{\"@id\":\"https:\\\/\\\/quehacerpolitico.mx\\\/?p=91873#primaryimage\"},\"thumbnailUrl\":\"https:\\\/\\\/quehacerpolitico.mx\\\/wp-content\\\/uploads\\\/2022\\\/04\\\/009973AE-8485-4DCB-A637-AE97772DE15B.jpeg\",\"articleSection\":[\"CDMX\"],\"inLanguage\":\"es\",\"potentialAction\":[{\"@type\":\"CommentAction\",\"name\":\"Comment\",\"target\":[\"https:\\\/\\\/quehacerpolitico.mx\\\/?p=91873#respond\"]}]},{\"@type\":\"WebPage\",\"@id\":\"https:\\\/\\\/quehacerpolitico.mx\\\/?p=91873\",\"url\":\"https:\\\/\\\/quehacerpolitico.mx\\\/?p=91873\",\"name\":\"Reubicaci\u00f3n del plant\u00f3n de ind\u00edgenas triquis fue por falta de soluciones del gobierno de Oaxaca: Sheinbaum\u00a0 -\",\"isPartOf\":{\"@id\":\"https:\\\/\\\/quehacerpolitico.mx\\\/#website\"},\"primaryImageOfPage\":{\"@id\":\"https:\\\/\\\/quehacerpolitico.mx\\\/?p=91873#primaryimage\"},\"image\":{\"@id\":\"https:\\\/\\\/quehacerpolitico.mx\\\/?p=91873#primaryimage\"},\"thumbnailUrl\":\"https:\\\/\\\/quehacerpolitico.mx\\\/wp-content\\\/uploads\\\/2022\\\/04\\\/009973AE-8485-4DCB-A637-AE97772DE15B.jpeg\",\"datePublished\":\"2022-04-26T01:03:40+00:00\",\"dateModified\":\"2022-04-26T01:03:43+00:00\",\"author\":{\"@id\":\"https:\\\/\\\/quehacerpolitico.mx\\\/#\\\/schema\\\/person\\\/496d8ad2d1d3f8036101dca7ee39e585\"},\"breadcrumb\":{\"@id\":\"https:\\\/\\\/quehacerpolitico.mx\\\/?p=91873#breadcrumb\"},\"inLanguage\":\"es\",\"potentialAction\":[{\"@type\":\"ReadAction\",\"target\":[\"https:\\\/\\\/quehacerpolitico.mx\\\/?p=91873\"]}]},{\"@type\":\"ImageObject\",\"inLanguage\":\"es\",\"@id\":\"https:\\\/\\\/quehacerpolitico.mx\\\/?p=91873#primaryimage\",\"url\":\"https:\\\/\\\/quehacerpolitico.mx\\\/wp-content\\\/uploads\\\/2022\\\/04\\\/009973AE-8485-4DCB-A637-AE97772DE15B.jpeg\",\"contentUrl\":\"https:\\\/\\\/quehacerpolitico.mx\\\/wp-content\\\/uploads\\\/2022\\\/04\\\/009973AE-8485-4DCB-A637-AE97772DE15B.jpeg\",\"width\":1267,\"height\":721},{\"@type\":\"BreadcrumbList\",\"@id\":\"https:\\\/\\\/quehacerpolitico.mx\\\/?p=91873#breadcrumb\",\"itemListElement\":[{\"@type\":\"ListItem\",\"position\":1,\"name\":\"Inicio\",\"item\":\"https:\\\/\\\/quehacerpolitico.mx\\\/\"},{\"@type\":\"ListItem\",\"position\":2,\"name\":\"Reubicaci\u00f3n del plant\u00f3n de ind\u00edgenas triquis fue por falta de soluciones del gobierno de Oaxaca: Sheinbaum\u00a0\"}]},{\"@type\":\"WebSite\",\"@id\":\"https:\\\/\\\/quehacerpolitico.mx\\\/#website\",\"url\":\"https:\\\/\\\/quehacerpolitico.mx\\\/\",\"name\":\"\",\"description\":\"\",\"potentialAction\":[{\"@type\":\"SearchAction\",\"target\":{\"@type\":\"EntryPoint\",\"urlTemplate\":\"https:\\\/\\\/quehacerpolitico.mx\\\/?s={search_term_string}\"},\"query-input\":{\"@type\":\"PropertyValueSpecification\",\"valueRequired\":true,\"valueName\":\"search_term_string\"}}],\"inLanguage\":\"es\"},{\"@type\":\"Person\",\"@id\":\"https:\\\/\\\/quehacerpolitico.mx\\\/#\\\/schema\\\/person\\\/496d8ad2d1d3f8036101dca7ee39e585\",\"name\":\"Redacci\u00f3n QP\",\"image\":{\"@type\":\"ImageObject\",\"inLanguage\":\"es\",\"@id\":\"https:\\\/\\\/secure.gravatar.com\\\/avatar\\\/c7164ed6fdec453195284ad24a5ae5b6e1eed2b848477fa2a4787ba9adf39a41?s=96&d=mm&r=g\",\"url\":\"https:\\\/\\\/secure.gravatar.com\\\/avatar\\\/c7164ed6fdec453195284ad24a5ae5b6e1eed2b848477fa2a4787ba9adf39a41?s=96&d=mm&r=g\",\"contentUrl\":\"https:\\\/\\\/secure.gravatar.com\\\/avatar\\\/c7164ed6fdec453195284ad24a5ae5b6e1eed2b848477fa2a4787ba9adf39a41?s=96&d=mm&r=g\",\"caption\":\"Redacci\u00f3n QP\"},\"url\":\"https:\\\/\\\/quehacerpolitico.mx\\\/?author=2\"}]}<\/script>\n<!-- \/ Yoast SEO plugin. -->","yoast_head_json":{"title":"Reubicaci\u00f3n del plant\u00f3n de ind\u00edgenas triquis fue por falta de soluciones del gobierno de Oaxaca: Sheinbaum\u00a0 -","robots":{"index":"index","follow":"follow","max-snippet":"max-snippet:-1","max-image-preview":"max-image-preview:large","max-video-preview":"max-video-preview:-1"},"canonical":"https:\/\/quehacerpolitico.mx\/?p=91873","og_locale":"es_MX","og_type":"article","og_title":"Reubicaci\u00f3n del plant\u00f3n de ind\u00edgenas triquis fue por falta de soluciones del gobierno de Oaxaca: Sheinbaum\u00a0 -","og_description":"Por Redacci\u00f3n QP La jefa de Gobierno de la Ciudad de M\u00e9xico asegur\u00f3 que los...","og_url":"https:\/\/quehacerpolitico.mx\/?p=91873","article_published_time":"2022-04-26T01:03:40+00:00","article_modified_time":"2022-04-26T01:03:43+00:00","og_image":[{"width":1267,"height":721,"url":"https:\/\/quehacerpolitico.mx\/wp-content\/uploads\/2022\/04\/009973AE-8485-4DCB-A637-AE97772DE15B.jpeg","type":"image\/jpeg"}],"author":"Redacci\u00f3n QP","twitter_card":"summary_large_image","twitter_misc":{"Escrito por":"Redacci\u00f3n QP","Tiempo de lectura":"3 minutos"},"schema":{"@context":"https:\/\/schema.org","@graph":[{"@type":"Article","@id":"https:\/\/quehacerpolitico.mx\/?p=91873#article","isPartOf":{"@id":"https:\/\/quehacerpolitico.mx\/?p=91873"},"author":{"name":"Redacci\u00f3n QP","@id":"https:\/\/quehacerpolitico.mx\/#\/schema\/person\/496d8ad2d1d3f8036101dca7ee39e585"},"headline":"Reubicaci\u00f3n del plant\u00f3n de ind\u00edgenas triquis fue por falta de soluciones del gobierno de Oaxaca: Sheinbaum\u00a0","datePublished":"2022-04-26T01:03:40+00:00","dateModified":"2022-04-26T01:03:43+00:00","mainEntityOfPage":{"@id":"https:\/\/quehacerpolitico.mx\/?p=91873"},"wordCount":586,"commentCount":0,"image":{"@id":"https:\/\/quehacerpolitico.mx\/?p=91873#primaryimage"},"thumbnailUrl":"https:\/\/quehacerpolitico.mx\/wp-content\/uploads\/2022\/04\/009973AE-8485-4DCB-A637-AE97772DE15B.jpeg","articleSection":["CDMX"],"inLanguage":"es","potentialAction":[{"@type":"CommentAction","name":"Comment","target":["https:\/\/quehacerpolitico.mx\/?p=91873#respond"]}]},{"@type":"WebPage","@id":"https:\/\/quehacerpolitico.mx\/?p=91873","url":"https:\/\/quehacerpolitico.mx\/?p=91873","name":"Reubicaci\u00f3n del plant\u00f3n de ind\u00edgenas triquis fue por falta de soluciones del gobierno de Oaxaca: Sheinbaum\u00a0 -","isPartOf":{"@id":"https:\/\/quehacerpolitico.mx\/#website"},"primaryImageOfPage":{"@id":"https:\/\/quehacerpolitico.mx\/?p=91873#primaryimage"},"image":{"@id":"https:\/\/quehacerpolitico.mx\/?p=91873#primaryimage"},"thumbnailUrl":"https:\/\/quehacerpolitico.mx\/wp-content\/uploads\/2022\/04\/009973AE-8485-4DCB-A637-AE97772DE15B.jpeg","datePublished":"2022-04-26T01:03:40+00:00","dateModified":"2022-04-26T01:03:43+00:00","author":{"@id":"https:\/\/quehacerpolitico.mx\/#\/schema\/person\/496d8ad2d1d3f8036101dca7ee39e585"},"breadcrumb":{"@id":"https:\/\/quehacerpolitico.mx\/?p=91873#breadcrumb"},"inLanguage":"es","potentialAction":[{"@type":"ReadAction","target":["https:\/\/quehacerpolitico.mx\/?p=91873"]}]},{"@type":"ImageObject","inLanguage":"es","@id":"https:\/\/quehacerpolitico.mx\/?p=91873#primaryimage","url":"https:\/\/quehacerpolitico.mx\/wp-content\/uploads\/2022\/04\/009973AE-8485-4DCB-A637-AE97772DE15B.jpeg","contentUrl":"https:\/\/quehacerpolitico.mx\/wp-content\/uploads\/2022\/04\/009973AE-8485-4DCB-A637-AE97772DE15B.jpeg","width":1267,"height":721},{"@type":"BreadcrumbList","@id":"https:\/\/quehacerpolitico.mx\/?p=91873#breadcrumb","itemListElement":[{"@type":"ListItem","position":1,"name":"Inicio","item":"https:\/\/quehacerpolitico.mx\/"},{"@type":"ListItem","position":2,"name":"Reubicaci\u00f3n del plant\u00f3n de ind\u00edgenas triquis fue por falta de soluciones del gobierno de Oaxaca: Sheinbaum\u00a0"}]},{"@type":"WebSite","@id":"https:\/\/quehacerpolitico.mx\/#website","url":"https:\/\/quehacerpolitico.mx\/","name":"","description":"","potentialAction":[{"@type":"SearchAction","target":{"@type":"EntryPoint","urlTemplate":"https:\/\/quehacerpolitico.mx\/?s={search_term_string}"},"query-input":{"@type":"PropertyValueSpecification","valueRequired":true,"valueName":"search_term_string"}}],"inLanguage":"es"},{"@type":"Person","@id":"https:\/\/quehacerpolitico.mx\/#\/schema\/person\/496d8ad2d1d3f8036101dca7ee39e585","name":"Redacci\u00f3n QP","image":{"@type":"ImageObject","inLanguage":"es","@id":"https:\/\/secure.gravatar.com\/avatar\/c7164ed6fdec453195284ad24a5ae5b6e1eed2b848477fa2a4787ba9adf39a41?s=96&d=mm&r=g","url":"https:\/\/secure.gravatar.com\/avatar\/c7164ed6fdec453195284ad24a5ae5b6e1eed2b848477fa2a4787ba9adf39a41?s=96&d=mm&r=g","contentUrl":"https:\/\/secure.gravatar.com\/avatar\/c7164ed6fdec453195284ad24a5ae5b6e1eed2b848477fa2a4787ba9adf39a41?s=96&d=mm&r=g","caption":"Redacci\u00f3n QP"},"url":"https:\/\/quehacerpolitico.mx\/?author=2"}]}},"featured_image_urls":{"full":["https:\/\/quehacerpolitico.mx\/wp-content\/uploads\/2022\/04\/009973AE-8485-4DCB-A637-AE97772DE15B.jpeg",1267,721,false],"thumbnail":["https:\/\/quehacerpolitico.mx\/wp-content\/uploads\/2022\/04\/009973AE-8485-4DCB-A637-AE97772DE15B-150x150.jpeg",150,150,true],"medium":["https:\/\/quehacerpolitico.mx\/wp-content\/uploads\/2022\/04\/009973AE-8485-4DCB-A637-AE97772DE15B-300x171.jpeg",300,171,true],"medium_large":["https:\/\/quehacerpolitico.mx\/wp-content\/uploads\/2022\/04\/009973AE-8485-4DCB-A637-AE97772DE15B-768x437.jpeg",640,364,true],"large":["https:\/\/quehacerpolitico.mx\/wp-content\/uploads\/2022\/04\/009973AE-8485-4DCB-A637-AE97772DE15B-1024x583.jpeg",640,364,true],"1536x1536":["https:\/\/quehacerpolitico.mx\/wp-content\/uploads\/2022\/04\/009973AE-8485-4DCB-A637-AE97772DE15B.jpeg",1267,721,false],"2048x2048":["https:\/\/quehacerpolitico.mx\/wp-content\/uploads\/2022\/04\/009973AE-8485-4DCB-A637-AE97772DE15B.jpeg",1267,721,false],"covernews-featured":["https:\/\/quehacerpolitico.mx\/wp-content\/uploads\/2022\/04\/009973AE-8485-4DCB-A637-AE97772DE15B.jpeg",1024,583,false],"covernews-medium":["https:\/\/quehacerpolitico.mx\/wp-content\/uploads\/2022\/04\/009973AE-8485-4DCB-A637-AE97772DE15B.jpeg",540,307,false]},"author_info":{"display_name":"Redacci\u00f3n QP","author_link":"https:\/\/quehacerpolitico.mx\/?author=2"},"category_info":"<a href=\"https:\/\/quehacerpolitico.mx\/?cat=55\" rel=\"category\">CDMX<\/a>","tag_info":"CDMX","comment_count":"0","_links":{"self":[{"href":"https:\/\/quehacerpolitico.mx\/index.php?rest_route=\/wp\/v2\/posts\/91873","targetHints":{"allow":["GET"]}}],"collection":[{"href":"https:\/\/quehacerpolitico.mx\/index.php?rest_route=\/wp\/v2\/posts"}],"about":[{"href":"https:\/\/quehacerpolitico.mx\/index.php?rest_route=\/wp\/v2\/types\/post"}],"author":[{"embeddable":true,"href":"https:\/\/quehacerpolitico.mx\/index.php?rest_route=\/wp\/v2\/users\/2"}],"replies":[{"embeddable":true,"href":"https:\/\/quehacerpolitico.mx\/index.php?rest_route=%2Fwp%2Fv2%2Fcomments&post=91873"}],"version-history":[{"count":1,"href":"https:\/\/quehacerpolitico.mx\/index.php?rest_route=\/wp\/v2\/posts\/91873\/revisions"}],"predecessor-version":[{"id":91875,"href":"https:\/\/quehacerpolitico.mx\/index.php?rest_route=\/wp\/v2\/posts\/91873\/revisions\/91875"}],"wp:featuredmedia":[{"embeddable":true,"href":"https:\/\/quehacerpolitico.mx\/index.php?rest_route=\/wp\/v2\/media\/91874"}],"wp:attachment":[{"href":"https:\/\/quehacerpolitico.mx\/index.php?rest_route=%2Fwp%2Fv2%2Fmedia&parent=91873"}],"wp:term":[{"taxonomy":"category","embeddable":true,"href":"https:\/\/quehacerpolitico.mx\/index.php?rest_route=%2Fwp%2Fv2%2Fcategories&post=91873"},{"taxonomy":"post_tag","embeddable":true,"href":"https:\/\/quehacerpolitico.mx\/index.php?rest_route=%2Fwp%2Fv2%2Ftags&post=91873"}],"curies":[{"name":"wp","href":"https:\/\/api.w.org\/{rel}","templated":true}]}}