{"id":91866,"date":"2022-04-25T23:44:33","date_gmt":"2022-04-25T23:44:33","guid":{"rendered":"https:\/\/quehacerpolitico.mx\/?p=91866"},"modified":"2022-04-25T23:44:37","modified_gmt":"2022-04-25T23:44:37","slug":"internacionales-carolina-alonso-romei-sudan-del-sur-la-onu-documenta-72-muertos-en-horrendo-brote-de-violencia","status":"publish","type":"post","link":"https:\/\/quehacerpolitico.mx\/?p=91866","title":{"rendered":"Internacionales\/\/\/Carolina Alonso Romei\/\/\/Sud\u00e1n del Sur: La ONU documenta 72 muertos en &#8220;horrendo&#8221; brote de violencia"},"content":{"rendered":"\n<p>Por Carolina Alonso Romei<\/p>\n\n\n\n<p>Internacionalista <\/p>\n\n\n\n<p>Los cr\u00edmenes incluyen decapitaciones, violaciones en grupo y quema de personas vivas, denuncia la ONU<\/p>\n\n\n\n<p>La Organizaci\u00f3n de las Naciones Unidas (ONU) ha documentado el asesinato de al menos 72 civiles, unos 40 mil desplazados y &#8220;horrendos&#8221; cr\u00edmenes que incluyeron<strong>\u00a0decapitaciones, violaciones en grupo y quema de personas vivas\u00a0<\/strong>desde febrero en un brote de violencia en un condado del norte de Sud\u00e1n del Sur.<\/p>\n\n\n\n<figure class=\"wp-block-image size-full\"><img loading=\"lazy\" decoding=\"async\" width=\"470\" height=\"300\" src=\"https:\/\/quehacerpolitico.mx\/wp-content\/uploads\/2022\/04\/image-82.jpeg\" alt=\"\" class=\"wp-image-91870\" srcset=\"https:\/\/quehacerpolitico.mx\/wp-content\/uploads\/2022\/04\/image-82.jpeg 470w, https:\/\/quehacerpolitico.mx\/wp-content\/uploads\/2022\/04\/image-82-300x191.jpeg 300w, https:\/\/quehacerpolitico.mx\/wp-content\/uploads\/2022\/04\/image-82-229x146.jpeg 229w, https:\/\/quehacerpolitico.mx\/wp-content\/uploads\/2022\/04\/image-82-50x32.jpeg 50w, https:\/\/quehacerpolitico.mx\/wp-content\/uploads\/2022\/04\/image-82-118x75.jpeg 118w\" sizes=\"auto, (max-width: 470px) 100vw, 470px\" \/><\/figure>\n\n\n\n<figure class=\"wp-block-image size-full\"><img loading=\"lazy\" decoding=\"async\" width=\"738\" height=\"415\" src=\"https:\/\/quehacerpolitico.mx\/wp-content\/uploads\/2022\/04\/image-79.jpeg\" alt=\"\" class=\"wp-image-91867\" srcset=\"https:\/\/quehacerpolitico.mx\/wp-content\/uploads\/2022\/04\/image-79.jpeg 738w, https:\/\/quehacerpolitico.mx\/wp-content\/uploads\/2022\/04\/image-79-300x169.jpeg 300w, https:\/\/quehacerpolitico.mx\/wp-content\/uploads\/2022\/04\/image-79-260x146.jpeg 260w, https:\/\/quehacerpolitico.mx\/wp-content\/uploads\/2022\/04\/image-79-50x28.jpeg 50w, https:\/\/quehacerpolitico.mx\/wp-content\/uploads\/2022\/04\/image-79-133x75.jpeg 133w\" sizes=\"auto, (max-width: 738px) 100vw, 738px\" \/><\/figure>\n\n\n\n<blockquote class=\"wp-block-quote is-layout-flow wp-block-quote-is-layout-flow\"><p>&#8220;Entre el 17 de febrero y el 7 de abril, unos 72 civiles fueron asesinados, al menos 11 heridos y se registraron 64 casos de violencia sexual&#8221;<\/p><\/blockquote>\n\n\n\n<p>&#8220;Entre el 17 de febrero y el 7 de abril, unos 72 civiles fueron asesinados, al menos 11 heridos y se registraron 64 casos de violencia sexual, seg\u00fan equipos de la Misi\u00f3n de la ONU en Sud\u00e1n del Sur que han llevado a cabo 10 misiones de verificaci\u00f3n en el \u00e1rea&#8221; del condado de Leer, indic\u00f3 el organismo este lunes en un comunicado.<\/p>\n\n\n\n<p>La misi\u00f3n de Naciones Unidas atribuy\u00f3 a &#8220;j\u00f3venes de armados&#8221; de los vecinos condados de Koch y Mayendit estos cr\u00edmenes, que incluyeron tambi\u00e9n\u00a0<strong>ataques a personal humanitario, el robo de ganado y saqueos de almacenes e instalaciones para la asistencia humanitaria,<\/strong>\u00a0que fueron adem\u00e1s incendiados.<\/p>\n\n\n\n<figure class=\"wp-block-image size-full\"><img loading=\"lazy\" decoding=\"async\" width=\"678\" height=\"452\" src=\"https:\/\/quehacerpolitico.mx\/wp-content\/uploads\/2022\/04\/image-81.jpeg\" alt=\"\" class=\"wp-image-91869\" srcset=\"https:\/\/quehacerpolitico.mx\/wp-content\/uploads\/2022\/04\/image-81.jpeg 678w, https:\/\/quehacerpolitico.mx\/wp-content\/uploads\/2022\/04\/image-81-300x200.jpeg 300w, https:\/\/quehacerpolitico.mx\/wp-content\/uploads\/2022\/04\/image-81-219x146.jpeg 219w, https:\/\/quehacerpolitico.mx\/wp-content\/uploads\/2022\/04\/image-81-50x33.jpeg 50w, https:\/\/quehacerpolitico.mx\/wp-content\/uploads\/2022\/04\/image-81-113x75.jpeg 113w\" sizes=\"auto, (max-width: 678px) 100vw, 678px\" \/><\/figure>\n\n\n\n<figure class=\"wp-block-image size-full\"><img loading=\"lazy\" decoding=\"async\" width=\"700\" height=\"394\" src=\"https:\/\/quehacerpolitico.mx\/wp-content\/uploads\/2022\/04\/image-80.jpeg\" alt=\"\" class=\"wp-image-91868\" srcset=\"https:\/\/quehacerpolitico.mx\/wp-content\/uploads\/2022\/04\/image-80.jpeg 700w, https:\/\/quehacerpolitico.mx\/wp-content\/uploads\/2022\/04\/image-80-300x169.jpeg 300w, https:\/\/quehacerpolitico.mx\/wp-content\/uploads\/2022\/04\/image-80-260x146.jpeg 260w, https:\/\/quehacerpolitico.mx\/wp-content\/uploads\/2022\/04\/image-80-50x28.jpeg 50w, https:\/\/quehacerpolitico.mx\/wp-content\/uploads\/2022\/04\/image-80-133x75.jpeg 133w\" sizes=\"auto, (max-width: 700px) 100vw, 700px\" \/><\/figure>\n\n\n\n<p>&#8220;Informes preliminares del condado de Leer, situado en el estado de Alto Nilo, indican que\u00a0<strong>unas 40 mil personas han huido de la violencia, y miles de ellos han cruzado el Nilo hacia Fangak<\/strong>, una comunidad en el estado de Jonglei&#8221;, a\u00f1adi\u00f3 la nota.<\/p>\n\n\n\n<p>La misi\u00f3n ha desplegado m\u00e1s cascos azules en Leer despu\u00e9s de conocer de estos hechos y el representante especial de la ONU en el pa\u00eds, Nicholas Haysom, ha urgido a las autoridades locales y nacionales a &#8220;tomar medidas para reducir la tensi\u00f3n y evitar una escalada y ataques de represalia&#8221;, seg\u00fan la nota.<\/p>\n\n\n\n<figure class=\"wp-block-embed is-type-video is-provider-youtube wp-block-embed-youtube wp-embed-aspect-16-9 wp-has-aspect-ratio\"><div class=\"wp-block-embed__wrapper\">\n<iframe loading=\"lazy\" title=\"UNICEF con los ni\u00f1os soldados de Sud\u00e1n del Sur\" width=\"640\" height=\"360\" src=\"https:\/\/www.youtube.com\/embed\/Td8PrLXOrXM?feature=oembed\" frameborder=\"0\" allow=\"accelerometer; autoplay; clipboard-write; encrypted-media; gyroscope; picture-in-picture; web-share\" referrerpolicy=\"strict-origin-when-cross-origin\" allowfullscreen><\/iframe>\n<\/div><\/figure>\n\n\n\n<p>Entre los testimonios recabados por Naciones Unidas est\u00e1n los de dos mujeres que aseguraron haber sido sometidas a violaciones en grupo tras haber salido de sus escondites en la jungla para buscar comida para la sus hijos y el de otra que dijo haber sido violada y golpeada durante tres d\u00edas.<\/p>\n\n\n\n<p>La semana pasada, la organizaci\u00f3n M\u00e9dicos Sin Fronteras ya hab\u00eda denunciado que &#8220;decenas de civiles&#8221;, entre ellos uno de sus trabajadores, hab\u00edan muerto por estos ataques.<\/p>\n\n\n\n<p>Con informaci\u00f3n de EFE<\/p>\n","protected":false},"excerpt":{"rendered":"<p>Por Carolina Alonso Romei Internacionalista Los cr\u00edmenes incluyen decapitaciones, violaciones en grupo y quema de&#8230;<\/p>\n","protected":false},"author":2,"featured_media":91871,"comment_status":"open","ping_status":"open","sticky":false,"template":"","format":"standard","meta":{"_monsterinsights_skip_tracking":false,"_monsterinsights_sitenote_active":false,"_monsterinsights_sitenote_note":"","_monsterinsights_sitenote_category":0,"footnotes":""},"categories":[1],"tags":[],"class_list":["post-91866","post","type-post","status-publish","format-standard","has-post-thumbnail","hentry","category-sin-categoria"],"yoast_head":"<!-- This site is optimized with the Yoast SEO plugin v27.3 - https:\/\/yoast.com\/product\/yoast-seo-wordpress\/ -->\n<title>Internacionales\/\/\/Carolina Alonso Romei\/\/\/Sud\u00e1n del Sur: La ONU documenta 72 muertos en &quot;horrendo&quot; brote de violencia -<\/title>\n<meta name=\"robots\" content=\"index, follow, max-snippet:-1, max-image-preview:large, max-video-preview:-1\" \/>\n<link rel=\"canonical\" href=\"https:\/\/quehacerpolitico.mx\/?p=91866\" \/>\n<meta property=\"og:locale\" content=\"es_MX\" \/>\n<meta property=\"og:type\" content=\"article\" \/>\n<meta property=\"og:title\" content=\"Internacionales\/\/\/Carolina Alonso Romei\/\/\/Sud\u00e1n del Sur: La ONU documenta 72 muertos en &quot;horrendo&quot; brote de violencia -\" \/>\n<meta property=\"og:description\" content=\"Por Carolina Alonso Romei Internacionalista Los cr\u00edmenes incluyen decapitaciones, violaciones en grupo y quema de...\" \/>\n<meta property=\"og:url\" content=\"https:\/\/quehacerpolitico.mx\/?p=91866\" \/>\n<meta property=\"article:published_time\" content=\"2022-04-25T23:44:33+00:00\" \/>\n<meta property=\"article:modified_time\" content=\"2022-04-25T23:44:37+00:00\" \/>\n<meta property=\"og:image\" content=\"https:\/\/quehacerpolitico.mx\/wp-content\/uploads\/2022\/04\/68DBE240-8C88-4B83-8F7F-69AD2E19F1D5.jpeg\" \/>\n\t<meta property=\"og:image:width\" content=\"683\" \/>\n\t<meta property=\"og:image:height\" content=\"449\" \/>\n\t<meta property=\"og:image:type\" content=\"image\/jpeg\" \/>\n<meta name=\"author\" content=\"Redacci\u00f3n QP\" \/>\n<meta name=\"twitter:card\" content=\"summary_large_image\" \/>\n<meta name=\"twitter:label1\" content=\"Escrito por\" \/>\n\t<meta name=\"twitter:data1\" content=\"Redacci\u00f3n QP\" \/>\n\t<meta name=\"twitter:label2\" content=\"Tiempo de lectura\" \/>\n\t<meta name=\"twitter:data2\" content=\"2 minutos\" \/>\n<script type=\"application\/ld+json\" class=\"yoast-schema-graph\">{\"@context\":\"https:\\\/\\\/schema.org\",\"@graph\":[{\"@type\":\"Article\",\"@id\":\"https:\\\/\\\/quehacerpolitico.mx\\\/?p=91866#article\",\"isPartOf\":{\"@id\":\"https:\\\/\\\/quehacerpolitico.mx\\\/?p=91866\"},\"author\":{\"name\":\"Redacci\u00f3n QP\",\"@id\":\"https:\\\/\\\/quehacerpolitico.mx\\\/#\\\/schema\\\/person\\\/496d8ad2d1d3f8036101dca7ee39e585\"},\"headline\":\"Internacionales\\\/\\\/\\\/Carolina Alonso Romei\\\/\\\/\\\/Sud\u00e1n del Sur: La ONU documenta 72 muertos en &#8220;horrendo&#8221; brote de violencia\",\"datePublished\":\"2022-04-25T23:44:33+00:00\",\"dateModified\":\"2022-04-25T23:44:37+00:00\",\"mainEntityOfPage\":{\"@id\":\"https:\\\/\\\/quehacerpolitico.mx\\\/?p=91866\"},\"wordCount\":418,\"commentCount\":0,\"image\":{\"@id\":\"https:\\\/\\\/quehacerpolitico.mx\\\/?p=91866#primaryimage\"},\"thumbnailUrl\":\"https:\\\/\\\/quehacerpolitico.mx\\\/wp-content\\\/uploads\\\/2022\\\/04\\\/68DBE240-8C88-4B83-8F7F-69AD2E19F1D5.jpeg\",\"articleSection\":[\"Internacionales\"],\"inLanguage\":\"es\",\"potentialAction\":[{\"@type\":\"CommentAction\",\"name\":\"Comment\",\"target\":[\"https:\\\/\\\/quehacerpolitico.mx\\\/?p=91866#respond\"]}]},{\"@type\":\"WebPage\",\"@id\":\"https:\\\/\\\/quehacerpolitico.mx\\\/?p=91866\",\"url\":\"https:\\\/\\\/quehacerpolitico.mx\\\/?p=91866\",\"name\":\"Internacionales\\\/\\\/\\\/Carolina Alonso Romei\\\/\\\/\\\/Sud\u00e1n del Sur: La ONU documenta 72 muertos en \\\"horrendo\\\" brote de violencia -\",\"isPartOf\":{\"@id\":\"https:\\\/\\\/quehacerpolitico.mx\\\/#website\"},\"primaryImageOfPage\":{\"@id\":\"https:\\\/\\\/quehacerpolitico.mx\\\/?p=91866#primaryimage\"},\"image\":{\"@id\":\"https:\\\/\\\/quehacerpolitico.mx\\\/?p=91866#primaryimage\"},\"thumbnailUrl\":\"https:\\\/\\\/quehacerpolitico.mx\\\/wp-content\\\/uploads\\\/2022\\\/04\\\/68DBE240-8C88-4B83-8F7F-69AD2E19F1D5.jpeg\",\"datePublished\":\"2022-04-25T23:44:33+00:00\",\"dateModified\":\"2022-04-25T23:44:37+00:00\",\"author\":{\"@id\":\"https:\\\/\\\/quehacerpolitico.mx\\\/#\\\/schema\\\/person\\\/496d8ad2d1d3f8036101dca7ee39e585\"},\"breadcrumb\":{\"@id\":\"https:\\\/\\\/quehacerpolitico.mx\\\/?p=91866#breadcrumb\"},\"inLanguage\":\"es\",\"potentialAction\":[{\"@type\":\"ReadAction\",\"target\":[\"https:\\\/\\\/quehacerpolitico.mx\\\/?p=91866\"]}]},{\"@type\":\"ImageObject\",\"inLanguage\":\"es\",\"@id\":\"https:\\\/\\\/quehacerpolitico.mx\\\/?p=91866#primaryimage\",\"url\":\"https:\\\/\\\/quehacerpolitico.mx\\\/wp-content\\\/uploads\\\/2022\\\/04\\\/68DBE240-8C88-4B83-8F7F-69AD2E19F1D5.jpeg\",\"contentUrl\":\"https:\\\/\\\/quehacerpolitico.mx\\\/wp-content\\\/uploads\\\/2022\\\/04\\\/68DBE240-8C88-4B83-8F7F-69AD2E19F1D5.jpeg\",\"width\":683,\"height\":449},{\"@type\":\"BreadcrumbList\",\"@id\":\"https:\\\/\\\/quehacerpolitico.mx\\\/?p=91866#breadcrumb\",\"itemListElement\":[{\"@type\":\"ListItem\",\"position\":1,\"name\":\"Inicio\",\"item\":\"https:\\\/\\\/quehacerpolitico.mx\\\/\"},{\"@type\":\"ListItem\",\"position\":2,\"name\":\"Internacionales\\\/\\\/\\\/Carolina Alonso Romei\\\/\\\/\\\/Sud\u00e1n del Sur: La ONU documenta 72 muertos en &#8220;horrendo&#8221; brote de violencia\"}]},{\"@type\":\"WebSite\",\"@id\":\"https:\\\/\\\/quehacerpolitico.mx\\\/#website\",\"url\":\"https:\\\/\\\/quehacerpolitico.mx\\\/\",\"name\":\"\",\"description\":\"\",\"potentialAction\":[{\"@type\":\"SearchAction\",\"target\":{\"@type\":\"EntryPoint\",\"urlTemplate\":\"https:\\\/\\\/quehacerpolitico.mx\\\/?s={search_term_string}\"},\"query-input\":{\"@type\":\"PropertyValueSpecification\",\"valueRequired\":true,\"valueName\":\"search_term_string\"}}],\"inLanguage\":\"es\"},{\"@type\":\"Person\",\"@id\":\"https:\\\/\\\/quehacerpolitico.mx\\\/#\\\/schema\\\/person\\\/496d8ad2d1d3f8036101dca7ee39e585\",\"name\":\"Redacci\u00f3n QP\",\"image\":{\"@type\":\"ImageObject\",\"inLanguage\":\"es\",\"@id\":\"https:\\\/\\\/secure.gravatar.com\\\/avatar\\\/c7164ed6fdec453195284ad24a5ae5b6e1eed2b848477fa2a4787ba9adf39a41?s=96&d=mm&r=g\",\"url\":\"https:\\\/\\\/secure.gravatar.com\\\/avatar\\\/c7164ed6fdec453195284ad24a5ae5b6e1eed2b848477fa2a4787ba9adf39a41?s=96&d=mm&r=g\",\"contentUrl\":\"https:\\\/\\\/secure.gravatar.com\\\/avatar\\\/c7164ed6fdec453195284ad24a5ae5b6e1eed2b848477fa2a4787ba9adf39a41?s=96&d=mm&r=g\",\"caption\":\"Redacci\u00f3n QP\"},\"url\":\"https:\\\/\\\/quehacerpolitico.mx\\\/?author=2\"}]}<\/script>\n<!-- \/ Yoast SEO plugin. -->","yoast_head_json":{"title":"Internacionales\/\/\/Carolina Alonso Romei\/\/\/Sud\u00e1n del Sur: La ONU documenta 72 muertos en \"horrendo\" brote de violencia -","robots":{"index":"index","follow":"follow","max-snippet":"max-snippet:-1","max-image-preview":"max-image-preview:large","max-video-preview":"max-video-preview:-1"},"canonical":"https:\/\/quehacerpolitico.mx\/?p=91866","og_locale":"es_MX","og_type":"article","og_title":"Internacionales\/\/\/Carolina Alonso Romei\/\/\/Sud\u00e1n del Sur: La ONU documenta 72 muertos en \"horrendo\" brote de violencia -","og_description":"Por Carolina Alonso Romei Internacionalista Los cr\u00edmenes incluyen decapitaciones, violaciones en grupo y quema de...","og_url":"https:\/\/quehacerpolitico.mx\/?p=91866","article_published_time":"2022-04-25T23:44:33+00:00","article_modified_time":"2022-04-25T23:44:37+00:00","og_image":[{"width":683,"height":449,"url":"https:\/\/quehacerpolitico.mx\/wp-content\/uploads\/2022\/04\/68DBE240-8C88-4B83-8F7F-69AD2E19F1D5.jpeg","type":"image\/jpeg"}],"author":"Redacci\u00f3n QP","twitter_card":"summary_large_image","twitter_misc":{"Escrito por":"Redacci\u00f3n QP","Tiempo de lectura":"2 minutos"},"schema":{"@context":"https:\/\/schema.org","@graph":[{"@type":"Article","@id":"https:\/\/quehacerpolitico.mx\/?p=91866#article","isPartOf":{"@id":"https:\/\/quehacerpolitico.mx\/?p=91866"},"author":{"name":"Redacci\u00f3n QP","@id":"https:\/\/quehacerpolitico.mx\/#\/schema\/person\/496d8ad2d1d3f8036101dca7ee39e585"},"headline":"Internacionales\/\/\/Carolina Alonso Romei\/\/\/Sud\u00e1n del Sur: La ONU documenta 72 muertos en &#8220;horrendo&#8221; brote de violencia","datePublished":"2022-04-25T23:44:33+00:00","dateModified":"2022-04-25T23:44:37+00:00","mainEntityOfPage":{"@id":"https:\/\/quehacerpolitico.mx\/?p=91866"},"wordCount":418,"commentCount":0,"image":{"@id":"https:\/\/quehacerpolitico.mx\/?p=91866#primaryimage"},"thumbnailUrl":"https:\/\/quehacerpolitico.mx\/wp-content\/uploads\/2022\/04\/68DBE240-8C88-4B83-8F7F-69AD2E19F1D5.jpeg","articleSection":["Internacionales"],"inLanguage":"es","potentialAction":[{"@type":"CommentAction","name":"Comment","target":["https:\/\/quehacerpolitico.mx\/?p=91866#respond"]}]},{"@type":"WebPage","@id":"https:\/\/quehacerpolitico.mx\/?p=91866","url":"https:\/\/quehacerpolitico.mx\/?p=91866","name":"Internacionales\/\/\/Carolina Alonso Romei\/\/\/Sud\u00e1n del Sur: La ONU documenta 72 muertos en \"horrendo\" brote de violencia -","isPartOf":{"@id":"https:\/\/quehacerpolitico.mx\/#website"},"primaryImageOfPage":{"@id":"https:\/\/quehacerpolitico.mx\/?p=91866#primaryimage"},"image":{"@id":"https:\/\/quehacerpolitico.mx\/?p=91866#primaryimage"},"thumbnailUrl":"https:\/\/quehacerpolitico.mx\/wp-content\/uploads\/2022\/04\/68DBE240-8C88-4B83-8F7F-69AD2E19F1D5.jpeg","datePublished":"2022-04-25T23:44:33+00:00","dateModified":"2022-04-25T23:44:37+00:00","author":{"@id":"https:\/\/quehacerpolitico.mx\/#\/schema\/person\/496d8ad2d1d3f8036101dca7ee39e585"},"breadcrumb":{"@id":"https:\/\/quehacerpolitico.mx\/?p=91866#breadcrumb"},"inLanguage":"es","potentialAction":[{"@type":"ReadAction","target":["https:\/\/quehacerpolitico.mx\/?p=91866"]}]},{"@type":"ImageObject","inLanguage":"es","@id":"https:\/\/quehacerpolitico.mx\/?p=91866#primaryimage","url":"https:\/\/quehacerpolitico.mx\/wp-content\/uploads\/2022\/04\/68DBE240-8C88-4B83-8F7F-69AD2E19F1D5.jpeg","contentUrl":"https:\/\/quehacerpolitico.mx\/wp-content\/uploads\/2022\/04\/68DBE240-8C88-4B83-8F7F-69AD2E19F1D5.jpeg","width":683,"height":449},{"@type":"BreadcrumbList","@id":"https:\/\/quehacerpolitico.mx\/?p=91866#breadcrumb","itemListElement":[{"@type":"ListItem","position":1,"name":"Inicio","item":"https:\/\/quehacerpolitico.mx\/"},{"@type":"ListItem","position":2,"name":"Internacionales\/\/\/Carolina Alonso Romei\/\/\/Sud\u00e1n del Sur: La ONU documenta 72 muertos en &#8220;horrendo&#8221; brote de violencia"}]},{"@type":"WebSite","@id":"https:\/\/quehacerpolitico.mx\/#website","url":"https:\/\/quehacerpolitico.mx\/","name":"","description":"","potentialAction":[{"@type":"SearchAction","target":{"@type":"EntryPoint","urlTemplate":"https:\/\/quehacerpolitico.mx\/?s={search_term_string}"},"query-input":{"@type":"PropertyValueSpecification","valueRequired":true,"valueName":"search_term_string"}}],"inLanguage":"es"},{"@type":"Person","@id":"https:\/\/quehacerpolitico.mx\/#\/schema\/person\/496d8ad2d1d3f8036101dca7ee39e585","name":"Redacci\u00f3n QP","image":{"@type":"ImageObject","inLanguage":"es","@id":"https:\/\/secure.gravatar.com\/avatar\/c7164ed6fdec453195284ad24a5ae5b6e1eed2b848477fa2a4787ba9adf39a41?s=96&d=mm&r=g","url":"https:\/\/secure.gravatar.com\/avatar\/c7164ed6fdec453195284ad24a5ae5b6e1eed2b848477fa2a4787ba9adf39a41?s=96&d=mm&r=g","contentUrl":"https:\/\/secure.gravatar.com\/avatar\/c7164ed6fdec453195284ad24a5ae5b6e1eed2b848477fa2a4787ba9adf39a41?s=96&d=mm&r=g","caption":"Redacci\u00f3n QP"},"url":"https:\/\/quehacerpolitico.mx\/?author=2"}]}},"featured_image_urls":{"full":["https:\/\/quehacerpolitico.mx\/wp-content\/uploads\/2022\/04\/68DBE240-8C88-4B83-8F7F-69AD2E19F1D5.jpeg",683,449,false],"thumbnail":["https:\/\/quehacerpolitico.mx\/wp-content\/uploads\/2022\/04\/68DBE240-8C88-4B83-8F7F-69AD2E19F1D5-150x150.jpeg",150,150,true],"medium":["https:\/\/quehacerpolitico.mx\/wp-content\/uploads\/2022\/04\/68DBE240-8C88-4B83-8F7F-69AD2E19F1D5-300x197.jpeg",300,197,true],"medium_large":["https:\/\/quehacerpolitico.mx\/wp-content\/uploads\/2022\/04\/68DBE240-8C88-4B83-8F7F-69AD2E19F1D5.jpeg",640,421,false],"large":["https:\/\/quehacerpolitico.mx\/wp-content\/uploads\/2022\/04\/68DBE240-8C88-4B83-8F7F-69AD2E19F1D5.jpeg",640,421,false],"1536x1536":["https:\/\/quehacerpolitico.mx\/wp-content\/uploads\/2022\/04\/68DBE240-8C88-4B83-8F7F-69AD2E19F1D5.jpeg",683,449,false],"2048x2048":["https:\/\/quehacerpolitico.mx\/wp-content\/uploads\/2022\/04\/68DBE240-8C88-4B83-8F7F-69AD2E19F1D5.jpeg",683,449,false],"covernews-featured":["https:\/\/quehacerpolitico.mx\/wp-content\/uploads\/2022\/04\/68DBE240-8C88-4B83-8F7F-69AD2E19F1D5.jpeg",683,449,false],"covernews-medium":["https:\/\/quehacerpolitico.mx\/wp-content\/uploads\/2022\/04\/68DBE240-8C88-4B83-8F7F-69AD2E19F1D5.jpeg",517,340,false]},"author_info":{"display_name":"Redacci\u00f3n QP","author_link":"https:\/\/quehacerpolitico.mx\/?author=2"},"category_info":"<a href=\"https:\/\/quehacerpolitico.mx\/?cat=1\" rel=\"category\">Internacionales<\/a>","tag_info":"Internacionales","comment_count":"0","_links":{"self":[{"href":"https:\/\/quehacerpolitico.mx\/index.php?rest_route=\/wp\/v2\/posts\/91866","targetHints":{"allow":["GET"]}}],"collection":[{"href":"https:\/\/quehacerpolitico.mx\/index.php?rest_route=\/wp\/v2\/posts"}],"about":[{"href":"https:\/\/quehacerpolitico.mx\/index.php?rest_route=\/wp\/v2\/types\/post"}],"author":[{"embeddable":true,"href":"https:\/\/quehacerpolitico.mx\/index.php?rest_route=\/wp\/v2\/users\/2"}],"replies":[{"embeddable":true,"href":"https:\/\/quehacerpolitico.mx\/index.php?rest_route=%2Fwp%2Fv2%2Fcomments&post=91866"}],"version-history":[{"count":1,"href":"https:\/\/quehacerpolitico.mx\/index.php?rest_route=\/wp\/v2\/posts\/91866\/revisions"}],"predecessor-version":[{"id":91872,"href":"https:\/\/quehacerpolitico.mx\/index.php?rest_route=\/wp\/v2\/posts\/91866\/revisions\/91872"}],"wp:featuredmedia":[{"embeddable":true,"href":"https:\/\/quehacerpolitico.mx\/index.php?rest_route=\/wp\/v2\/media\/91871"}],"wp:attachment":[{"href":"https:\/\/quehacerpolitico.mx\/index.php?rest_route=%2Fwp%2Fv2%2Fmedia&parent=91866"}],"wp:term":[{"taxonomy":"category","embeddable":true,"href":"https:\/\/quehacerpolitico.mx\/index.php?rest_route=%2Fwp%2Fv2%2Fcategories&post=91866"},{"taxonomy":"post_tag","embeddable":true,"href":"https:\/\/quehacerpolitico.mx\/index.php?rest_route=%2Fwp%2Fv2%2Ftags&post=91866"}],"curies":[{"name":"wp","href":"https:\/\/api.w.org\/{rel}","templated":true}]}}