{"id":91858,"date":"2022-04-25T23:07:11","date_gmt":"2022-04-25T23:07:11","guid":{"rendered":"https:\/\/quehacerpolitico.mx\/?p=91858"},"modified":"2022-04-25T23:24:09","modified_gmt":"2022-04-25T23:24:09","slug":"internacionales-carolina-alonso-romei-2","status":"publish","type":"post","link":"https:\/\/quehacerpolitico.mx\/?p=91858","title":{"rendered":"Internacionales\/\/\/Carolina Alonso Romei\/\/\/Estados Unidos reabre su embajada en Ucrania"},"content":{"rendered":"\n<p>Por Carolina Alonso Romei<\/p>\n\n\n\n<p>Internacionalista <\/p>\n\n\n\n<p>En su visita a Kiev los secretarios Austin y Blinken informaron que Estados Unidos reabrir\u00e1 su embajada en Ucrania<\/p>\n\n\n\n<figure class=\"wp-block-embed is-type-rich is-provider-twitter wp-block-embed-twitter\"><div class=\"wp-block-embed__wrapper\">\n<blockquote class=\"twitter-tweet\" data-width=\"550\" data-dnt=\"true\"><p lang=\"en\" dir=\"ltr\">President Putin sought to take away Ukraine&#39;s sovereignty and independence. He failed. Ukraine is sovereign and independent and will remain so for far longer than Vladimir Putin is on the scene. We will support them for as long as it takes to succeed. <a href=\"https:\/\/t.co\/CndU6ZfAwL\">pic.twitter.com\/CndU6ZfAwL<\/a><\/p>&mdash; Secretary Antony Blinken (@SecBlinken) <a href=\"https:\/\/twitter.com\/SecBlinken\/status\/1518635754498441223?ref_src=twsrc%5Etfw\">April 25, 2022<\/a><\/blockquote><script async src=\"https:\/\/platform.twitter.com\/widgets.js\" charset=\"utf-8\"><\/script>\n<\/div><\/figure>\n\n\n\n<p>El Gobierno de&nbsp;<strong>Estados Unidos<\/strong>&nbsp;reabrir\u00e1 esta semana su&nbsp;<strong>embajada<\/strong>&nbsp;en&nbsp;<strong>Ucrania<\/strong>, cerrada tras el comienzo de la invasi\u00f3n de Rusia, y cree que, con la oportuna asistencia, Kiev puede ganar esta guerra, de la que&nbsp;este domingo se cumplieron dos meses.<\/p>\n\n\n\n<p>\u201cEl primer paso para ganar es creer que puedes ganar y nosotros creemos que Ucrania puede ganar si recibe el apoyo que necesita\u201d, asegur\u00f3 el secretario de Defensa estadounidense,&nbsp;<strong>Lloyd Austin<\/strong>, quien visit\u00f3 Kiev junto al secretario de Estado,&nbsp;<strong>Antony Blinken<\/strong>, y se reuni\u00f3 con el presidente ucraniano,&nbsp;<strong>Volodimir Zelenski<\/strong>.<\/p>\n\n\n\n<figure class=\"wp-block-image size-large\"><img loading=\"lazy\" decoding=\"async\" width=\"1024\" height=\"465\" src=\"https:\/\/quehacerpolitico.mx\/wp-content\/uploads\/2022\/04\/image-78-1024x465.jpeg\" alt=\"\" class=\"wp-image-91859\" srcset=\"https:\/\/quehacerpolitico.mx\/wp-content\/uploads\/2022\/04\/image-78-1024x465.jpeg 1024w, https:\/\/quehacerpolitico.mx\/wp-content\/uploads\/2022\/04\/image-78-300x136.jpeg 300w, https:\/\/quehacerpolitico.mx\/wp-content\/uploads\/2022\/04\/image-78-768x349.jpeg 768w, https:\/\/quehacerpolitico.mx\/wp-content\/uploads\/2022\/04\/image-78-260x118.jpeg 260w, https:\/\/quehacerpolitico.mx\/wp-content\/uploads\/2022\/04\/image-78-50x23.jpeg 50w, https:\/\/quehacerpolitico.mx\/wp-content\/uploads\/2022\/04\/image-78-150x68.jpeg 150w, https:\/\/quehacerpolitico.mx\/wp-content\/uploads\/2022\/04\/image-78-1280x583.jpeg 1280w, https:\/\/quehacerpolitico.mx\/wp-content\/uploads\/2022\/04\/image-78.jpeg 1284w\" sizes=\"auto, (max-width: 1024px) 100vw, 1024px\" \/><\/figure>\n\n\n\n<figure class=\"wp-block-embed is-type-rich is-provider-twitter wp-block-embed-twitter\"><div class=\"wp-block-embed__wrapper\">\n<blockquote class=\"twitter-tweet\" data-width=\"550\" data-dnt=\"true\"><p lang=\"en\" dir=\"ltr\">.<a href=\"https:\/\/twitter.com\/SecBlinken?ref_src=twsrc%5Etfw\">@SecBlinken<\/a> and I visited Kyiv yesterday to directly demonstrate the United States&#39; strong support for the Ukrainian Government and the incredibly brave Ukrainian people. We felt it was an important moment to be there \u2014 in person \u2014 a chance to have face to face conversations. <a href=\"https:\/\/t.co\/qtKpD4nStN\">pic.twitter.com\/qtKpD4nStN<\/a><\/p>&mdash; Secretary of Defense Lloyd J. Austin III (@SecDef) <a href=\"https:\/\/twitter.com\/SecDef\/status\/1518558793696690179?ref_src=twsrc%5Etfw\">April 25, 2022<\/a><\/blockquote><script async src=\"https:\/\/platform.twitter.com\/widgets.js\" charset=\"utf-8\"><\/script>\n<\/div><\/figure>\n\n\n\n<p>En una rueda de prensa en la frontera polaco-ucraniana, Austin calific\u00f3 de \u201cmuy positiva\u201d la reuni\u00f3n con Zelenski que se centr\u00f3, sobre todo, en lo que Ucrania necesita ahora para repeler la invasi\u00f3n.<\/p>\n\n\n\n<p>Austin tiene previsto celebrar este martes en Berl\u00edn un encuentro con responsables de Defensa europeos, incluido el ministro ucraniano del ramo, Oleksii Reznikov.<\/p>\n\n\n\n<p>Blinken, por su parte, afirm\u00f3 que \u201cRusia ya fracas\u00f3 y Ucrania logr\u00f3 el \u00e9xito\u201d, porque el objetivo de Mosc\u00fa era privar a los ucranianos de su soberan\u00eda e independencia, algo que no ha logrado.<\/p>\n\n\n\n<p>En medio de la sorpresiva y breve visita de los dos altos funcionarios de&nbsp;<strong>EE.UU.<\/strong>&nbsp;a Kiev, llevada a cabo en el mayor de los hermetismos, se supo que Washington reanudar\u00e1 su&nbsp;<strong>actividad diplom\u00e1tica<\/strong>&nbsp;en&nbsp;<strong>Ucrania<\/strong>&nbsp;esta semana con el regreso de su personal inicialmente a la ciudad de Le\u00f3polis, en el oeste del pa\u00eds, una poblaci\u00f3n cercana a la frontera con Polonia que no ha sufrido apenas los bombardeos del Ej\u00e9rcito ruso.<\/p>\n\n\n\n<p>As\u00ed, la administraci\u00f3n de Joe Biden anunciar\u00e1 oficialmente en breve el nombramiento de un nuevo embajador en Ucrania, cargo que recaer\u00e1 en&nbsp;<strong>Bridget<\/strong>&nbsp;<strong>Brink<\/strong>, diplom\u00e1tica de carrera que actualmente es la titular de la embajada estadounidense en Eslovaquia, seg\u00fan medios locales norteamericanos.<\/p>\n\n\n\n<p>En el encuentro en Kiev, Blinken y Austin hablaron con Zelenski de asuntos relacionados con la asistencia en materia de&nbsp;<strong>defensa<\/strong>, el&nbsp;<strong>apoyo financiero<\/strong>&nbsp;y las&nbsp;<strong>garant\u00edas de seguridad<\/strong>&nbsp;que precisa Ucrania tras haber sido invadida militarmente por Rusia, inform\u00f3 el servicio de prensa del presidente ucraniano.<\/p>\n\n\n\n<p>Zelenski entreg\u00f3 a la parte estadounidense un plan de acci\u00f3n para fortalecer las sanciones contra la Federaci\u00f3n Rusa redactado por el grupo internacional de expertos Yermak-McFaul, que fue creado por iniciativa del propio presidente ucraniano.<\/p>\n\n\n\n<p>En particular, este plan propone la ampliaci\u00f3n de&nbsp;<strong>sanciones<\/strong>&nbsp;a&nbsp;<strong>Rusia<\/strong>&nbsp;que incluyan al&nbsp;<strong>petr\u00f3leo<\/strong>&nbsp;y al&nbsp;<strong>gas<\/strong>, el&nbsp;<strong>transporte<\/strong>, nuevas prohibiciones en el \u00e1rea financiera y m\u00e1s restricciones a la actividad de empresas estatales rusas.<\/p>\n\n\n\n<p>Tambi\u00e9n se pide reconocer a&nbsp;<strong>Rusia<\/strong>&nbsp;como un&nbsp;<strong>estado patrocinador del terrorismo<\/strong>.<\/p>\n\n\n\n<p>\u201cAgradecemos la asistencia sin precedentes de Estados Unidos a Ucrania. Me gustar\u00eda agradecer al presidente Biden personalmente y en nombre de todo el pueblo ucraniano su liderazgo en el apoyo a Ucrania, por su clara posici\u00f3n personal\u201d, dijo Zelenski en su nota.<\/p>\n\n\n\n<p>Tambi\u00e9n subray\u00f3 que el apoyo de 3 mil 400 millones de d\u00f3lares ya proporcionado por Estados Unidos es la mayor contribuci\u00f3n para fortalecer las capacidades de defensa de Ucrania.<\/p>\n\n\n\n<p>Seg\u00fan el presidente, \u201cesta asistencia ya ha ayudado a llevar las capacidades de defensa de Ucrania a un nivel cualitativamente nuevo, lo cual es extremadamente importante para las tropas ucranianas que defienden la patria en el frente\u201d.<\/p>\n\n\n\n<p>Y en este tema insisti\u00f3 Blinken: la estrategia para el futuro consiste en \u201cun apoyo masivo a Ucrania y una presi\u00f3n masiva sobre Rusia\u201d.<\/p>\n\n\n\n<p>Este lunes, Blinken tambi\u00e9n tuite\u00f3: \u201cVi el coraje y la resiliencia del pueblo ucraniano de primera mano durante mi visita a Kiev con @SecDef Austin. Durante nuestra reuni\u00f3n con el presidente @ZelenskyyUA, reafirmamos nuestro apoyo inquebrantable a Ucrania mientras resiste la agresi\u00f3n rusa\u201d.<\/p>\n\n\n\n<p>Mosc\u00fa sigue intentando separar a Occidente y a la OTAN, pero en tanto hay nuevos estados que buscan adherirse a la Alianza Atl\u00e1ntica. \u201cQueremos ver una comunidad internacional m\u00e1s unida, especialmente la OTAN\u201d, dijo Austin por su parte.<\/p>\n\n\n\n<p>De forma paralela a esta visita, Biden public\u00f3 un mensaje en su cuenta de Twitter en el que record\u00f3 que este domingo se cumplieron dos meses del inicio de la invasi\u00f3n de Ucrania por parte del Ej\u00e9rcito ruso.<\/p>\n\n\n\n<p>\u201cDos meses despu\u00e9s de que (el presidente ruso Vladimir) Putin lanzara un ataque no provocado e injustificado contra Ucrania, Kiev sigue en pie. El presidente Zelenski y su gobierno elegido democr\u00e1ticamente permanecen en el poder, asegur\u00f3 Biden.<\/p>\n\n\n\n<figure class=\"wp-block-embed is-type-rich is-provider-twitter wp-block-embed-twitter\"><div class=\"wp-block-embed__wrapper\">\n<blockquote class=\"twitter-tweet\" data-width=\"550\" data-dnt=\"true\"><p lang=\"en\" dir=\"ltr\">Two months after Putin launched an unprovoked and unjustified attack on Ukraine, Kyiv still stands. President Zelenskyy and his democratically-elected government remain in power.<br> <br>We will continue to support Ukrainians in their fight to defend their homeland.<\/p>&mdash; President Biden (@POTUS) <a href=\"https:\/\/twitter.com\/POTUS\/status\/1518291602975989762?ref_src=twsrc%5Etfw\">April 24, 2022<\/a><\/blockquote><script async src=\"https:\/\/platform.twitter.com\/widgets.js\" charset=\"utf-8\"><\/script>\n<\/div><\/figure>\n\n\n\n<p>Han pasado \u201cdos meses de heroica resistencia nacional a la agresi\u00f3n rusa. Estoy agradecido a @POTUS (Biden) y al pueblo de EE.UU. por su liderazgo en el apoyo a Ucrania. \u00a1Hoy el pueblo ucraniano est\u00e1 unido y fuerte, y la amistad y la asociaci\u00f3n (entre los dos pa\u00edses) son m\u00e1s fuertes que nunca!\u201d, contest\u00f3, a su vez, el mandatario ucraniano en Twitter.<\/p>\n\n\n\n<p>Mientras, el Ej\u00e9rcito ruso continu\u00f3 una jornada m\u00e1s centrando sus ataques en poblaciones de las regiones prorrusas de Lugansk y Donetsk, en el este de Ucrania, donde se han producido asaltos y bombardeos de diversa \u00edndole.<\/p>\n\n\n\n<p>Con esta nueva ofensiva, Mosc\u00fa pretende ocupar zonas de estas regiones y establecer una ruta que le permita unir esos territorios y la pen\u00ednsula de Crimea, en el sur del pa\u00eds y ocupada por los rusos desde 2014.<\/p>\n\n\n\n<p>Con informaci\u00f3n de EFE<\/p>\n","protected":false},"excerpt":{"rendered":"<p>Por Carolina Alonso Romei Internacionalista En su visita a Kiev los secretarios Austin y Blinken&#8230;<\/p>\n","protected":false},"author":2,"featured_media":91860,"comment_status":"open","ping_status":"open","sticky":false,"template":"","format":"standard","meta":{"_monsterinsights_skip_tracking":false,"_monsterinsights_sitenote_active":false,"_monsterinsights_sitenote_note":"","_monsterinsights_sitenote_category":0,"footnotes":""},"categories":[1],"tags":[],"class_list":["post-91858","post","type-post","status-publish","format-standard","has-post-thumbnail","hentry","category-sin-categoria"],"yoast_head":"<!-- This site is optimized with the Yoast SEO plugin v27.3 - https:\/\/yoast.com\/product\/yoast-seo-wordpress\/ -->\n<title>Internacionales\/\/\/Carolina Alonso Romei\/\/\/Estados Unidos reabre su embajada en Ucrania -<\/title>\n<meta name=\"robots\" content=\"index, follow, max-snippet:-1, max-image-preview:large, max-video-preview:-1\" \/>\n<link rel=\"canonical\" href=\"https:\/\/quehacerpolitico.mx\/?p=91858\" \/>\n<meta property=\"og:locale\" content=\"es_MX\" \/>\n<meta property=\"og:type\" content=\"article\" \/>\n<meta property=\"og:title\" content=\"Internacionales\/\/\/Carolina Alonso Romei\/\/\/Estados Unidos reabre su embajada en Ucrania -\" \/>\n<meta property=\"og:description\" content=\"Por Carolina Alonso Romei Internacionalista En su visita a Kiev los secretarios Austin y Blinken...\" \/>\n<meta property=\"og:url\" content=\"https:\/\/quehacerpolitico.mx\/?p=91858\" \/>\n<meta property=\"article:published_time\" content=\"2022-04-25T23:07:11+00:00\" \/>\n<meta property=\"article:modified_time\" content=\"2022-04-25T23:24:09+00:00\" \/>\n<meta property=\"og:image\" content=\"https:\/\/quehacerpolitico.mx\/wp-content\/uploads\/2022\/04\/0BEED837-3830-4975-9957-F45E5F7F794B.jpeg\" \/>\n\t<meta property=\"og:image:width\" content=\"1000\" \/>\n\t<meta property=\"og:image:height\" content=\"667\" \/>\n\t<meta property=\"og:image:type\" content=\"image\/jpeg\" \/>\n<meta name=\"author\" content=\"Redacci\u00f3n QP\" \/>\n<meta name=\"twitter:card\" content=\"summary_large_image\" \/>\n<meta name=\"twitter:label1\" content=\"Escrito por\" \/>\n\t<meta name=\"twitter:data1\" content=\"Redacci\u00f3n QP\" \/>\n\t<meta name=\"twitter:label2\" content=\"Tiempo de lectura\" \/>\n\t<meta name=\"twitter:data2\" content=\"5 minutos\" \/>\n<script type=\"application\/ld+json\" class=\"yoast-schema-graph\">{\"@context\":\"https:\\\/\\\/schema.org\",\"@graph\":[{\"@type\":\"Article\",\"@id\":\"https:\\\/\\\/quehacerpolitico.mx\\\/?p=91858#article\",\"isPartOf\":{\"@id\":\"https:\\\/\\\/quehacerpolitico.mx\\\/?p=91858\"},\"author\":{\"name\":\"Redacci\u00f3n QP\",\"@id\":\"https:\\\/\\\/quehacerpolitico.mx\\\/#\\\/schema\\\/person\\\/496d8ad2d1d3f8036101dca7ee39e585\"},\"headline\":\"Internacionales\\\/\\\/\\\/Carolina Alonso Romei\\\/\\\/\\\/Estados Unidos reabre su embajada en Ucrania\",\"datePublished\":\"2022-04-25T23:07:11+00:00\",\"dateModified\":\"2022-04-25T23:24:09+00:00\",\"mainEntityOfPage\":{\"@id\":\"https:\\\/\\\/quehacerpolitico.mx\\\/?p=91858\"},\"wordCount\":1000,\"commentCount\":0,\"image\":{\"@id\":\"https:\\\/\\\/quehacerpolitico.mx\\\/?p=91858#primaryimage\"},\"thumbnailUrl\":\"https:\\\/\\\/quehacerpolitico.mx\\\/wp-content\\\/uploads\\\/2022\\\/04\\\/0BEED837-3830-4975-9957-F45E5F7F794B.jpeg\",\"articleSection\":[\"Internacionales\"],\"inLanguage\":\"es\",\"potentialAction\":[{\"@type\":\"CommentAction\",\"name\":\"Comment\",\"target\":[\"https:\\\/\\\/quehacerpolitico.mx\\\/?p=91858#respond\"]}]},{\"@type\":\"WebPage\",\"@id\":\"https:\\\/\\\/quehacerpolitico.mx\\\/?p=91858\",\"url\":\"https:\\\/\\\/quehacerpolitico.mx\\\/?p=91858\",\"name\":\"Internacionales\\\/\\\/\\\/Carolina Alonso Romei\\\/\\\/\\\/Estados Unidos reabre su embajada en Ucrania -\",\"isPartOf\":{\"@id\":\"https:\\\/\\\/quehacerpolitico.mx\\\/#website\"},\"primaryImageOfPage\":{\"@id\":\"https:\\\/\\\/quehacerpolitico.mx\\\/?p=91858#primaryimage\"},\"image\":{\"@id\":\"https:\\\/\\\/quehacerpolitico.mx\\\/?p=91858#primaryimage\"},\"thumbnailUrl\":\"https:\\\/\\\/quehacerpolitico.mx\\\/wp-content\\\/uploads\\\/2022\\\/04\\\/0BEED837-3830-4975-9957-F45E5F7F794B.jpeg\",\"datePublished\":\"2022-04-25T23:07:11+00:00\",\"dateModified\":\"2022-04-25T23:24:09+00:00\",\"author\":{\"@id\":\"https:\\\/\\\/quehacerpolitico.mx\\\/#\\\/schema\\\/person\\\/496d8ad2d1d3f8036101dca7ee39e585\"},\"breadcrumb\":{\"@id\":\"https:\\\/\\\/quehacerpolitico.mx\\\/?p=91858#breadcrumb\"},\"inLanguage\":\"es\",\"potentialAction\":[{\"@type\":\"ReadAction\",\"target\":[\"https:\\\/\\\/quehacerpolitico.mx\\\/?p=91858\"]}]},{\"@type\":\"ImageObject\",\"inLanguage\":\"es\",\"@id\":\"https:\\\/\\\/quehacerpolitico.mx\\\/?p=91858#primaryimage\",\"url\":\"https:\\\/\\\/quehacerpolitico.mx\\\/wp-content\\\/uploads\\\/2022\\\/04\\\/0BEED837-3830-4975-9957-F45E5F7F794B.jpeg\",\"contentUrl\":\"https:\\\/\\\/quehacerpolitico.mx\\\/wp-content\\\/uploads\\\/2022\\\/04\\\/0BEED837-3830-4975-9957-F45E5F7F794B.jpeg\",\"width\":1000,\"height\":667},{\"@type\":\"BreadcrumbList\",\"@id\":\"https:\\\/\\\/quehacerpolitico.mx\\\/?p=91858#breadcrumb\",\"itemListElement\":[{\"@type\":\"ListItem\",\"position\":1,\"name\":\"Inicio\",\"item\":\"https:\\\/\\\/quehacerpolitico.mx\\\/\"},{\"@type\":\"ListItem\",\"position\":2,\"name\":\"Internacionales\\\/\\\/\\\/Carolina Alonso Romei\\\/\\\/\\\/Estados Unidos reabre su embajada en Ucrania\"}]},{\"@type\":\"WebSite\",\"@id\":\"https:\\\/\\\/quehacerpolitico.mx\\\/#website\",\"url\":\"https:\\\/\\\/quehacerpolitico.mx\\\/\",\"name\":\"\",\"description\":\"\",\"potentialAction\":[{\"@type\":\"SearchAction\",\"target\":{\"@type\":\"EntryPoint\",\"urlTemplate\":\"https:\\\/\\\/quehacerpolitico.mx\\\/?s={search_term_string}\"},\"query-input\":{\"@type\":\"PropertyValueSpecification\",\"valueRequired\":true,\"valueName\":\"search_term_string\"}}],\"inLanguage\":\"es\"},{\"@type\":\"Person\",\"@id\":\"https:\\\/\\\/quehacerpolitico.mx\\\/#\\\/schema\\\/person\\\/496d8ad2d1d3f8036101dca7ee39e585\",\"name\":\"Redacci\u00f3n QP\",\"image\":{\"@type\":\"ImageObject\",\"inLanguage\":\"es\",\"@id\":\"https:\\\/\\\/secure.gravatar.com\\\/avatar\\\/c7164ed6fdec453195284ad24a5ae5b6e1eed2b848477fa2a4787ba9adf39a41?s=96&d=mm&r=g\",\"url\":\"https:\\\/\\\/secure.gravatar.com\\\/avatar\\\/c7164ed6fdec453195284ad24a5ae5b6e1eed2b848477fa2a4787ba9adf39a41?s=96&d=mm&r=g\",\"contentUrl\":\"https:\\\/\\\/secure.gravatar.com\\\/avatar\\\/c7164ed6fdec453195284ad24a5ae5b6e1eed2b848477fa2a4787ba9adf39a41?s=96&d=mm&r=g\",\"caption\":\"Redacci\u00f3n QP\"},\"url\":\"https:\\\/\\\/quehacerpolitico.mx\\\/?author=2\"}]}<\/script>\n<!-- \/ Yoast SEO plugin. -->","yoast_head_json":{"title":"Internacionales\/\/\/Carolina Alonso Romei\/\/\/Estados Unidos reabre su embajada en Ucrania -","robots":{"index":"index","follow":"follow","max-snippet":"max-snippet:-1","max-image-preview":"max-image-preview:large","max-video-preview":"max-video-preview:-1"},"canonical":"https:\/\/quehacerpolitico.mx\/?p=91858","og_locale":"es_MX","og_type":"article","og_title":"Internacionales\/\/\/Carolina Alonso Romei\/\/\/Estados Unidos reabre su embajada en Ucrania -","og_description":"Por Carolina Alonso Romei Internacionalista En su visita a Kiev los secretarios Austin y Blinken...","og_url":"https:\/\/quehacerpolitico.mx\/?p=91858","article_published_time":"2022-04-25T23:07:11+00:00","article_modified_time":"2022-04-25T23:24:09+00:00","og_image":[{"width":1000,"height":667,"url":"https:\/\/quehacerpolitico.mx\/wp-content\/uploads\/2022\/04\/0BEED837-3830-4975-9957-F45E5F7F794B.jpeg","type":"image\/jpeg"}],"author":"Redacci\u00f3n QP","twitter_card":"summary_large_image","twitter_misc":{"Escrito por":"Redacci\u00f3n QP","Tiempo de lectura":"5 minutos"},"schema":{"@context":"https:\/\/schema.org","@graph":[{"@type":"Article","@id":"https:\/\/quehacerpolitico.mx\/?p=91858#article","isPartOf":{"@id":"https:\/\/quehacerpolitico.mx\/?p=91858"},"author":{"name":"Redacci\u00f3n QP","@id":"https:\/\/quehacerpolitico.mx\/#\/schema\/person\/496d8ad2d1d3f8036101dca7ee39e585"},"headline":"Internacionales\/\/\/Carolina Alonso Romei\/\/\/Estados Unidos reabre su embajada en Ucrania","datePublished":"2022-04-25T23:07:11+00:00","dateModified":"2022-04-25T23:24:09+00:00","mainEntityOfPage":{"@id":"https:\/\/quehacerpolitico.mx\/?p=91858"},"wordCount":1000,"commentCount":0,"image":{"@id":"https:\/\/quehacerpolitico.mx\/?p=91858#primaryimage"},"thumbnailUrl":"https:\/\/quehacerpolitico.mx\/wp-content\/uploads\/2022\/04\/0BEED837-3830-4975-9957-F45E5F7F794B.jpeg","articleSection":["Internacionales"],"inLanguage":"es","potentialAction":[{"@type":"CommentAction","name":"Comment","target":["https:\/\/quehacerpolitico.mx\/?p=91858#respond"]}]},{"@type":"WebPage","@id":"https:\/\/quehacerpolitico.mx\/?p=91858","url":"https:\/\/quehacerpolitico.mx\/?p=91858","name":"Internacionales\/\/\/Carolina Alonso Romei\/\/\/Estados Unidos reabre su embajada en Ucrania -","isPartOf":{"@id":"https:\/\/quehacerpolitico.mx\/#website"},"primaryImageOfPage":{"@id":"https:\/\/quehacerpolitico.mx\/?p=91858#primaryimage"},"image":{"@id":"https:\/\/quehacerpolitico.mx\/?p=91858#primaryimage"},"thumbnailUrl":"https:\/\/quehacerpolitico.mx\/wp-content\/uploads\/2022\/04\/0BEED837-3830-4975-9957-F45E5F7F794B.jpeg","datePublished":"2022-04-25T23:07:11+00:00","dateModified":"2022-04-25T23:24:09+00:00","author":{"@id":"https:\/\/quehacerpolitico.mx\/#\/schema\/person\/496d8ad2d1d3f8036101dca7ee39e585"},"breadcrumb":{"@id":"https:\/\/quehacerpolitico.mx\/?p=91858#breadcrumb"},"inLanguage":"es","potentialAction":[{"@type":"ReadAction","target":["https:\/\/quehacerpolitico.mx\/?p=91858"]}]},{"@type":"ImageObject","inLanguage":"es","@id":"https:\/\/quehacerpolitico.mx\/?p=91858#primaryimage","url":"https:\/\/quehacerpolitico.mx\/wp-content\/uploads\/2022\/04\/0BEED837-3830-4975-9957-F45E5F7F794B.jpeg","contentUrl":"https:\/\/quehacerpolitico.mx\/wp-content\/uploads\/2022\/04\/0BEED837-3830-4975-9957-F45E5F7F794B.jpeg","width":1000,"height":667},{"@type":"BreadcrumbList","@id":"https:\/\/quehacerpolitico.mx\/?p=91858#breadcrumb","itemListElement":[{"@type":"ListItem","position":1,"name":"Inicio","item":"https:\/\/quehacerpolitico.mx\/"},{"@type":"ListItem","position":2,"name":"Internacionales\/\/\/Carolina Alonso Romei\/\/\/Estados Unidos reabre su embajada en Ucrania"}]},{"@type":"WebSite","@id":"https:\/\/quehacerpolitico.mx\/#website","url":"https:\/\/quehacerpolitico.mx\/","name":"","description":"","potentialAction":[{"@type":"SearchAction","target":{"@type":"EntryPoint","urlTemplate":"https:\/\/quehacerpolitico.mx\/?s={search_term_string}"},"query-input":{"@type":"PropertyValueSpecification","valueRequired":true,"valueName":"search_term_string"}}],"inLanguage":"es"},{"@type":"Person","@id":"https:\/\/quehacerpolitico.mx\/#\/schema\/person\/496d8ad2d1d3f8036101dca7ee39e585","name":"Redacci\u00f3n QP","image":{"@type":"ImageObject","inLanguage":"es","@id":"https:\/\/secure.gravatar.com\/avatar\/c7164ed6fdec453195284ad24a5ae5b6e1eed2b848477fa2a4787ba9adf39a41?s=96&d=mm&r=g","url":"https:\/\/secure.gravatar.com\/avatar\/c7164ed6fdec453195284ad24a5ae5b6e1eed2b848477fa2a4787ba9adf39a41?s=96&d=mm&r=g","contentUrl":"https:\/\/secure.gravatar.com\/avatar\/c7164ed6fdec453195284ad24a5ae5b6e1eed2b848477fa2a4787ba9adf39a41?s=96&d=mm&r=g","caption":"Redacci\u00f3n QP"},"url":"https:\/\/quehacerpolitico.mx\/?author=2"}]}},"featured_image_urls":{"full":["https:\/\/quehacerpolitico.mx\/wp-content\/uploads\/2022\/04\/0BEED837-3830-4975-9957-F45E5F7F794B.jpeg",1000,667,false],"thumbnail":["https:\/\/quehacerpolitico.mx\/wp-content\/uploads\/2022\/04\/0BEED837-3830-4975-9957-F45E5F7F794B-150x150.jpeg",150,150,true],"medium":["https:\/\/quehacerpolitico.mx\/wp-content\/uploads\/2022\/04\/0BEED837-3830-4975-9957-F45E5F7F794B-300x200.jpeg",300,200,true],"medium_large":["https:\/\/quehacerpolitico.mx\/wp-content\/uploads\/2022\/04\/0BEED837-3830-4975-9957-F45E5F7F794B-768x512.jpeg",640,427,true],"large":["https:\/\/quehacerpolitico.mx\/wp-content\/uploads\/2022\/04\/0BEED837-3830-4975-9957-F45E5F7F794B.jpeg",640,427,false],"1536x1536":["https:\/\/quehacerpolitico.mx\/wp-content\/uploads\/2022\/04\/0BEED837-3830-4975-9957-F45E5F7F794B.jpeg",1000,667,false],"2048x2048":["https:\/\/quehacerpolitico.mx\/wp-content\/uploads\/2022\/04\/0BEED837-3830-4975-9957-F45E5F7F794B.jpeg",1000,667,false],"covernews-featured":["https:\/\/quehacerpolitico.mx\/wp-content\/uploads\/2022\/04\/0BEED837-3830-4975-9957-F45E5F7F794B.jpeg",1000,667,false],"covernews-medium":["https:\/\/quehacerpolitico.mx\/wp-content\/uploads\/2022\/04\/0BEED837-3830-4975-9957-F45E5F7F794B.jpeg",510,340,false]},"author_info":{"display_name":"Redacci\u00f3n QP","author_link":"https:\/\/quehacerpolitico.mx\/?author=2"},"category_info":"<a href=\"https:\/\/quehacerpolitico.mx\/?cat=1\" rel=\"category\">Internacionales<\/a>","tag_info":"Internacionales","comment_count":"0","_links":{"self":[{"href":"https:\/\/quehacerpolitico.mx\/index.php?rest_route=\/wp\/v2\/posts\/91858","targetHints":{"allow":["GET"]}}],"collection":[{"href":"https:\/\/quehacerpolitico.mx\/index.php?rest_route=\/wp\/v2\/posts"}],"about":[{"href":"https:\/\/quehacerpolitico.mx\/index.php?rest_route=\/wp\/v2\/types\/post"}],"author":[{"embeddable":true,"href":"https:\/\/quehacerpolitico.mx\/index.php?rest_route=\/wp\/v2\/users\/2"}],"replies":[{"embeddable":true,"href":"https:\/\/quehacerpolitico.mx\/index.php?rest_route=%2Fwp%2Fv2%2Fcomments&post=91858"}],"version-history":[{"count":2,"href":"https:\/\/quehacerpolitico.mx\/index.php?rest_route=\/wp\/v2\/posts\/91858\/revisions"}],"predecessor-version":[{"id":91864,"href":"https:\/\/quehacerpolitico.mx\/index.php?rest_route=\/wp\/v2\/posts\/91858\/revisions\/91864"}],"wp:featuredmedia":[{"embeddable":true,"href":"https:\/\/quehacerpolitico.mx\/index.php?rest_route=\/wp\/v2\/media\/91860"}],"wp:attachment":[{"href":"https:\/\/quehacerpolitico.mx\/index.php?rest_route=%2Fwp%2Fv2%2Fmedia&parent=91858"}],"wp:term":[{"taxonomy":"category","embeddable":true,"href":"https:\/\/quehacerpolitico.mx\/index.php?rest_route=%2Fwp%2Fv2%2Fcategories&post=91858"},{"taxonomy":"post_tag","embeddable":true,"href":"https:\/\/quehacerpolitico.mx\/index.php?rest_route=%2Fwp%2Fv2%2Ftags&post=91858"}],"curies":[{"name":"wp","href":"https:\/\/api.w.org\/{rel}","templated":true}]}}