{"id":91848,"date":"2022-04-25T22:07:39","date_gmt":"2022-04-25T22:07:39","guid":{"rendered":"https:\/\/quehacerpolitico.mx\/?p=91848"},"modified":"2022-04-25T22:07:42","modified_gmt":"2022-04-25T22:07:42","slug":"elon-musk-el-nuevo-dueno-de-twitter","status":"publish","type":"post","link":"https:\/\/quehacerpolitico.mx\/?p=91848","title":{"rendered":"Elon Musk el nuevo due\u00f1o de Twitter"},"content":{"rendered":"\n<p>Por Redacci\u00f3n QP<\/p>\n\n\n\n<p>El acuerdo de Elon Musk y Twitter es por aproximadamente 44 mil millones de d\u00f3lares<\/p>\n\n\n\n<p>Luego de varios d\u00edas de negociaciones,\u00a0<strong>Elon Musk<\/strong>\u2014CEO de Tesla y SpaceX\u2014 lleg\u00f3 a un acuerdo para comprar\u00a0<strong>Twitter\u00a0por aproximadamente 44 mil millones de d\u00f3lares.<\/strong><\/p>\n\n\n\n<p>Seg\u00fan el acuerdo,\u00a0<strong>se espera que la negociaci\u00f3n se cierre a finales de este a\u00f1o<\/strong>, por lo que las acciones de Twitter dejar\u00e1n de cotizar en la bolsa de valores.<\/p>\n\n\n\n<h2 class=\"wp-block-heading\">Twitter deja de cotizar en Wall Street<\/h2>\n\n\n\n<p>La Bolsa de Nueva York y el \u00edndice Nasdaq suspendieron este lunes por la tarde<strong>\u00a0la cotizaci\u00f3n de Twitter a la espera de &#8220;noticias&#8221;<\/strong>\u00a0mientras se esperaba un posible acuerdo de compra de la red social por parte de Elon Musk.<\/p>\n\n\n\n<figure class=\"wp-block-image size-large\"><img loading=\"lazy\" decoding=\"async\" width=\"1024\" height=\"892\" src=\"https:\/\/quehacerpolitico.mx\/wp-content\/uploads\/2022\/04\/image-77-1024x892.jpeg\" alt=\"\" class=\"wp-image-91849\" srcset=\"https:\/\/quehacerpolitico.mx\/wp-content\/uploads\/2022\/04\/image-77-1024x892.jpeg 1024w, https:\/\/quehacerpolitico.mx\/wp-content\/uploads\/2022\/04\/image-77-300x261.jpeg 300w, https:\/\/quehacerpolitico.mx\/wp-content\/uploads\/2022\/04\/image-77-768x669.jpeg 768w, https:\/\/quehacerpolitico.mx\/wp-content\/uploads\/2022\/04\/image-77-168x146.jpeg 168w, https:\/\/quehacerpolitico.mx\/wp-content\/uploads\/2022\/04\/image-77-50x44.jpeg 50w, https:\/\/quehacerpolitico.mx\/wp-content\/uploads\/2022\/04\/image-77-86x75.jpeg 86w, https:\/\/quehacerpolitico.mx\/wp-content\/uploads\/2022\/04\/image-77.jpeg 1284w\" sizes=\"auto, (max-width: 1024px) 100vw, 1024px\" \/><\/figure>\n\n\n\n<figure class=\"wp-block-embed is-type-rich is-provider-twitter wp-block-embed-twitter\"><div class=\"wp-block-embed__wrapper\">\n<blockquote class=\"twitter-tweet\" data-width=\"550\" data-dnt=\"true\"><p lang=\"en\" dir=\"ltr\">I hope that even my worst critics remain on Twitter, because that is what free speech means<\/p>&mdash; Elon Musk (@elonmusk) <a href=\"https:\/\/twitter.com\/elonmusk\/status\/1518623997054918657?ref_src=twsrc%5Etfw\">April 25, 2022<\/a><\/blockquote><script async src=\"https:\/\/platform.twitter.com\/widgets.js\" charset=\"utf-8\"><\/script>\n<\/div><\/figure>\n\n\n\n<figure class=\"wp-block-embed is-type-rich is-provider-twitter wp-block-embed-twitter\"><div class=\"wp-block-embed__wrapper\">\n<blockquote class=\"twitter-tweet\" data-width=\"550\" data-dnt=\"true\"><p lang=\"und\" dir=\"ltr\">\ud83d\ude80\ud83d\udcab\u2665\ufe0f Yesss!!! \u2665\ufe0f\ud83d\udcab\ud83d\ude80 <a href=\"https:\/\/t.co\/0T9HzUHuh6\">pic.twitter.com\/0T9HzUHuh6<\/a><\/p>&mdash; Elon Musk (@elonmusk) <a href=\"https:\/\/twitter.com\/elonmusk\/status\/1518677066325053441?ref_src=twsrc%5Etfw\">April 25, 2022<\/a><\/blockquote><script async src=\"https:\/\/platform.twitter.com\/widgets.js\" charset=\"utf-8\"><\/script>\n<\/div><\/figure>\n\n\n\n<p>Ambos mercados indicaron la paralizaci\u00f3n a las 14.41 hora local de Nueva York bajo la etiqueta &#8220;pendiente de noticias&#8221; cuando Twitter estaba subiendo&nbsp;<strong>en torno al 5.5 % en medio de un gran volumen de negociaci\u00f3n.<\/strong><\/p>\n\n\n\n<p>Elon Musk, hombre m\u00e1s rico del mundo, ofreci\u00f3 43 mil millones de d\u00f3lares por la empresa este mes y d\u00edas despu\u00e9s dijo que\u00a0<strong>dispon\u00eda de 46 mil 500 millones de d\u00f3lares de financiaci\u00f3n para realizar la operaci\u00f3n.<\/strong><\/p>\n\n\n\n<h3 class=\"wp-block-heading\">\u00bfPor qu\u00e9 Elon Musk compr\u00f3 Twitter?<\/h3>\n\n\n\n<figure class=\"wp-block-image\"><img decoding=\"async\" src=\"https:\/\/www.informador.mx\/export\/sites\/elinformador\/img\/2022\/04\/25\/801159-01-07_x7455206x.jpg_348344665.jpg\" alt=\"\" title=\"\"\/><figcaption>Elon Musk ha subrayado algunas posibles reformas a Twitter. AFP \/ ARCHIVO&nbsp;<\/figcaption><\/figure>\n\n\n\n<p>Musk ha declarado que\u00a0deseaba comprar Twitter porque no cree que la red social est\u00e1 cumpliendo su promesa de servir como plataforma de libre expresi\u00f3n.<\/p>\n\n\n\n<p>En semanas recientes, Elon Musk ha subrayado algunas posibles reformas a Twitter, como por ejemplo\u00a0<strong>la relajaci\u00f3n de las restricciones a sus contenidos<\/strong>\u00a0\u2014como las usadas para suspender la cuenta del ex presidente\u00a0<strong>Donald Trump<\/strong>\u2014 y la necesidad de<strong>\u00a0expulsar las cuentas falsas o automatizadas.<\/strong><\/p>\n\n\n\n<p>Musk es la persona m\u00e1s acaudalada del mundo, con un valor estimado, seg\u00fan la revista Forbes, de 279 mil millones de d\u00f3lares. Pero gran parte de su fortuna est\u00e1 atada a acciones de Tesla \u2014posee 17% de la compa\u00f1\u00eda, seg\u00fan FactSet\u2014 y de SpaceX, su compa\u00f1\u00eda de viajes espaciales. No se sabe a ciencia cierta cu\u00e1nto dinero l\u00edquido tiene Musk.<\/p>\n\n\n\n<p><em>Con informaci\u00f3n de EFE.<\/em><\/p>\n","protected":false},"excerpt":{"rendered":"<p>Por Redacci\u00f3n QP El acuerdo de Elon Musk y Twitter es por aproximadamente 44 mil&#8230;<\/p>\n","protected":false},"author":2,"featured_media":91850,"comment_status":"open","ping_status":"open","sticky":false,"template":"","format":"standard","meta":{"_monsterinsights_skip_tracking":false,"_monsterinsights_sitenote_active":false,"_monsterinsights_sitenote_note":"","_monsterinsights_sitenote_category":0,"footnotes":""},"categories":[56],"tags":[],"class_list":["post-91848","post","type-post","status-publish","format-standard","has-post-thumbnail","hentry","category-economia"],"yoast_head":"<!-- This site is optimized with the Yoast SEO plugin v27.3 - https:\/\/yoast.com\/product\/yoast-seo-wordpress\/ -->\n<title>Elon Musk el nuevo due\u00f1o de Twitter -<\/title>\n<meta name=\"robots\" content=\"index, follow, max-snippet:-1, max-image-preview:large, max-video-preview:-1\" \/>\n<link rel=\"canonical\" href=\"https:\/\/quehacerpolitico.mx\/?p=91848\" \/>\n<meta property=\"og:locale\" content=\"es_MX\" \/>\n<meta property=\"og:type\" content=\"article\" \/>\n<meta property=\"og:title\" content=\"Elon Musk el nuevo due\u00f1o de Twitter -\" \/>\n<meta property=\"og:description\" content=\"Por Redacci\u00f3n QP El acuerdo de Elon Musk y Twitter es por aproximadamente 44 mil...\" \/>\n<meta property=\"og:url\" content=\"https:\/\/quehacerpolitico.mx\/?p=91848\" \/>\n<meta property=\"article:published_time\" content=\"2022-04-25T22:07:39+00:00\" \/>\n<meta property=\"article:modified_time\" content=\"2022-04-25T22:07:42+00:00\" \/>\n<meta property=\"og:image\" content=\"https:\/\/quehacerpolitico.mx\/wp-content\/uploads\/2022\/04\/BB6A4C9B-31F2-4B3C-A774-FE9A2ADC68C5.jpeg\" \/>\n\t<meta property=\"og:image:width\" content=\"1200\" \/>\n\t<meta property=\"og:image:height\" content=\"675\" \/>\n\t<meta property=\"og:image:type\" content=\"image\/jpeg\" \/>\n<meta name=\"author\" content=\"Redacci\u00f3n QP\" \/>\n<meta name=\"twitter:card\" content=\"summary_large_image\" \/>\n<meta name=\"twitter:label1\" content=\"Escrito por\" \/>\n\t<meta name=\"twitter:data1\" content=\"Redacci\u00f3n QP\" \/>\n\t<meta name=\"twitter:label2\" content=\"Tiempo de lectura\" \/>\n\t<meta name=\"twitter:data2\" content=\"2 minutos\" \/>\n<script type=\"application\/ld+json\" class=\"yoast-schema-graph\">{\"@context\":\"https:\\\/\\\/schema.org\",\"@graph\":[{\"@type\":\"Article\",\"@id\":\"https:\\\/\\\/quehacerpolitico.mx\\\/?p=91848#article\",\"isPartOf\":{\"@id\":\"https:\\\/\\\/quehacerpolitico.mx\\\/?p=91848\"},\"author\":{\"name\":\"Redacci\u00f3n QP\",\"@id\":\"https:\\\/\\\/quehacerpolitico.mx\\\/#\\\/schema\\\/person\\\/496d8ad2d1d3f8036101dca7ee39e585\"},\"headline\":\"Elon Musk el nuevo due\u00f1o de Twitter\",\"datePublished\":\"2022-04-25T22:07:39+00:00\",\"dateModified\":\"2022-04-25T22:07:42+00:00\",\"mainEntityOfPage\":{\"@id\":\"https:\\\/\\\/quehacerpolitico.mx\\\/?p=91848\"},\"wordCount\":397,\"commentCount\":0,\"image\":{\"@id\":\"https:\\\/\\\/quehacerpolitico.mx\\\/?p=91848#primaryimage\"},\"thumbnailUrl\":\"https:\\\/\\\/quehacerpolitico.mx\\\/wp-content\\\/uploads\\\/2022\\\/04\\\/BB6A4C9B-31F2-4B3C-A774-FE9A2ADC68C5.jpeg\",\"articleSection\":[\"Econom\u00eda\"],\"inLanguage\":\"es\",\"potentialAction\":[{\"@type\":\"CommentAction\",\"name\":\"Comment\",\"target\":[\"https:\\\/\\\/quehacerpolitico.mx\\\/?p=91848#respond\"]}]},{\"@type\":\"WebPage\",\"@id\":\"https:\\\/\\\/quehacerpolitico.mx\\\/?p=91848\",\"url\":\"https:\\\/\\\/quehacerpolitico.mx\\\/?p=91848\",\"name\":\"Elon Musk el nuevo due\u00f1o de Twitter -\",\"isPartOf\":{\"@id\":\"https:\\\/\\\/quehacerpolitico.mx\\\/#website\"},\"primaryImageOfPage\":{\"@id\":\"https:\\\/\\\/quehacerpolitico.mx\\\/?p=91848#primaryimage\"},\"image\":{\"@id\":\"https:\\\/\\\/quehacerpolitico.mx\\\/?p=91848#primaryimage\"},\"thumbnailUrl\":\"https:\\\/\\\/quehacerpolitico.mx\\\/wp-content\\\/uploads\\\/2022\\\/04\\\/BB6A4C9B-31F2-4B3C-A774-FE9A2ADC68C5.jpeg\",\"datePublished\":\"2022-04-25T22:07:39+00:00\",\"dateModified\":\"2022-04-25T22:07:42+00:00\",\"author\":{\"@id\":\"https:\\\/\\\/quehacerpolitico.mx\\\/#\\\/schema\\\/person\\\/496d8ad2d1d3f8036101dca7ee39e585\"},\"breadcrumb\":{\"@id\":\"https:\\\/\\\/quehacerpolitico.mx\\\/?p=91848#breadcrumb\"},\"inLanguage\":\"es\",\"potentialAction\":[{\"@type\":\"ReadAction\",\"target\":[\"https:\\\/\\\/quehacerpolitico.mx\\\/?p=91848\"]}]},{\"@type\":\"ImageObject\",\"inLanguage\":\"es\",\"@id\":\"https:\\\/\\\/quehacerpolitico.mx\\\/?p=91848#primaryimage\",\"url\":\"https:\\\/\\\/quehacerpolitico.mx\\\/wp-content\\\/uploads\\\/2022\\\/04\\\/BB6A4C9B-31F2-4B3C-A774-FE9A2ADC68C5.jpeg\",\"contentUrl\":\"https:\\\/\\\/quehacerpolitico.mx\\\/wp-content\\\/uploads\\\/2022\\\/04\\\/BB6A4C9B-31F2-4B3C-A774-FE9A2ADC68C5.jpeg\",\"width\":1200,\"height\":675},{\"@type\":\"BreadcrumbList\",\"@id\":\"https:\\\/\\\/quehacerpolitico.mx\\\/?p=91848#breadcrumb\",\"itemListElement\":[{\"@type\":\"ListItem\",\"position\":1,\"name\":\"Inicio\",\"item\":\"https:\\\/\\\/quehacerpolitico.mx\\\/\"},{\"@type\":\"ListItem\",\"position\":2,\"name\":\"Elon Musk el nuevo due\u00f1o de Twitter\"}]},{\"@type\":\"WebSite\",\"@id\":\"https:\\\/\\\/quehacerpolitico.mx\\\/#website\",\"url\":\"https:\\\/\\\/quehacerpolitico.mx\\\/\",\"name\":\"\",\"description\":\"\",\"potentialAction\":[{\"@type\":\"SearchAction\",\"target\":{\"@type\":\"EntryPoint\",\"urlTemplate\":\"https:\\\/\\\/quehacerpolitico.mx\\\/?s={search_term_string}\"},\"query-input\":{\"@type\":\"PropertyValueSpecification\",\"valueRequired\":true,\"valueName\":\"search_term_string\"}}],\"inLanguage\":\"es\"},{\"@type\":\"Person\",\"@id\":\"https:\\\/\\\/quehacerpolitico.mx\\\/#\\\/schema\\\/person\\\/496d8ad2d1d3f8036101dca7ee39e585\",\"name\":\"Redacci\u00f3n QP\",\"image\":{\"@type\":\"ImageObject\",\"inLanguage\":\"es\",\"@id\":\"https:\\\/\\\/secure.gravatar.com\\\/avatar\\\/c7164ed6fdec453195284ad24a5ae5b6e1eed2b848477fa2a4787ba9adf39a41?s=96&d=mm&r=g\",\"url\":\"https:\\\/\\\/secure.gravatar.com\\\/avatar\\\/c7164ed6fdec453195284ad24a5ae5b6e1eed2b848477fa2a4787ba9adf39a41?s=96&d=mm&r=g\",\"contentUrl\":\"https:\\\/\\\/secure.gravatar.com\\\/avatar\\\/c7164ed6fdec453195284ad24a5ae5b6e1eed2b848477fa2a4787ba9adf39a41?s=96&d=mm&r=g\",\"caption\":\"Redacci\u00f3n QP\"},\"url\":\"https:\\\/\\\/quehacerpolitico.mx\\\/?author=2\"}]}<\/script>\n<!-- \/ Yoast SEO plugin. -->","yoast_head_json":{"title":"Elon Musk el nuevo due\u00f1o de Twitter -","robots":{"index":"index","follow":"follow","max-snippet":"max-snippet:-1","max-image-preview":"max-image-preview:large","max-video-preview":"max-video-preview:-1"},"canonical":"https:\/\/quehacerpolitico.mx\/?p=91848","og_locale":"es_MX","og_type":"article","og_title":"Elon Musk el nuevo due\u00f1o de Twitter -","og_description":"Por Redacci\u00f3n QP El acuerdo de Elon Musk y Twitter es por aproximadamente 44 mil...","og_url":"https:\/\/quehacerpolitico.mx\/?p=91848","article_published_time":"2022-04-25T22:07:39+00:00","article_modified_time":"2022-04-25T22:07:42+00:00","og_image":[{"width":1200,"height":675,"url":"https:\/\/quehacerpolitico.mx\/wp-content\/uploads\/2022\/04\/BB6A4C9B-31F2-4B3C-A774-FE9A2ADC68C5.jpeg","type":"image\/jpeg"}],"author":"Redacci\u00f3n QP","twitter_card":"summary_large_image","twitter_misc":{"Escrito por":"Redacci\u00f3n QP","Tiempo de lectura":"2 minutos"},"schema":{"@context":"https:\/\/schema.org","@graph":[{"@type":"Article","@id":"https:\/\/quehacerpolitico.mx\/?p=91848#article","isPartOf":{"@id":"https:\/\/quehacerpolitico.mx\/?p=91848"},"author":{"name":"Redacci\u00f3n QP","@id":"https:\/\/quehacerpolitico.mx\/#\/schema\/person\/496d8ad2d1d3f8036101dca7ee39e585"},"headline":"Elon Musk el nuevo due\u00f1o de Twitter","datePublished":"2022-04-25T22:07:39+00:00","dateModified":"2022-04-25T22:07:42+00:00","mainEntityOfPage":{"@id":"https:\/\/quehacerpolitico.mx\/?p=91848"},"wordCount":397,"commentCount":0,"image":{"@id":"https:\/\/quehacerpolitico.mx\/?p=91848#primaryimage"},"thumbnailUrl":"https:\/\/quehacerpolitico.mx\/wp-content\/uploads\/2022\/04\/BB6A4C9B-31F2-4B3C-A774-FE9A2ADC68C5.jpeg","articleSection":["Econom\u00eda"],"inLanguage":"es","potentialAction":[{"@type":"CommentAction","name":"Comment","target":["https:\/\/quehacerpolitico.mx\/?p=91848#respond"]}]},{"@type":"WebPage","@id":"https:\/\/quehacerpolitico.mx\/?p=91848","url":"https:\/\/quehacerpolitico.mx\/?p=91848","name":"Elon Musk el nuevo due\u00f1o de Twitter -","isPartOf":{"@id":"https:\/\/quehacerpolitico.mx\/#website"},"primaryImageOfPage":{"@id":"https:\/\/quehacerpolitico.mx\/?p=91848#primaryimage"},"image":{"@id":"https:\/\/quehacerpolitico.mx\/?p=91848#primaryimage"},"thumbnailUrl":"https:\/\/quehacerpolitico.mx\/wp-content\/uploads\/2022\/04\/BB6A4C9B-31F2-4B3C-A774-FE9A2ADC68C5.jpeg","datePublished":"2022-04-25T22:07:39+00:00","dateModified":"2022-04-25T22:07:42+00:00","author":{"@id":"https:\/\/quehacerpolitico.mx\/#\/schema\/person\/496d8ad2d1d3f8036101dca7ee39e585"},"breadcrumb":{"@id":"https:\/\/quehacerpolitico.mx\/?p=91848#breadcrumb"},"inLanguage":"es","potentialAction":[{"@type":"ReadAction","target":["https:\/\/quehacerpolitico.mx\/?p=91848"]}]},{"@type":"ImageObject","inLanguage":"es","@id":"https:\/\/quehacerpolitico.mx\/?p=91848#primaryimage","url":"https:\/\/quehacerpolitico.mx\/wp-content\/uploads\/2022\/04\/BB6A4C9B-31F2-4B3C-A774-FE9A2ADC68C5.jpeg","contentUrl":"https:\/\/quehacerpolitico.mx\/wp-content\/uploads\/2022\/04\/BB6A4C9B-31F2-4B3C-A774-FE9A2ADC68C5.jpeg","width":1200,"height":675},{"@type":"BreadcrumbList","@id":"https:\/\/quehacerpolitico.mx\/?p=91848#breadcrumb","itemListElement":[{"@type":"ListItem","position":1,"name":"Inicio","item":"https:\/\/quehacerpolitico.mx\/"},{"@type":"ListItem","position":2,"name":"Elon Musk el nuevo due\u00f1o de Twitter"}]},{"@type":"WebSite","@id":"https:\/\/quehacerpolitico.mx\/#website","url":"https:\/\/quehacerpolitico.mx\/","name":"","description":"","potentialAction":[{"@type":"SearchAction","target":{"@type":"EntryPoint","urlTemplate":"https:\/\/quehacerpolitico.mx\/?s={search_term_string}"},"query-input":{"@type":"PropertyValueSpecification","valueRequired":true,"valueName":"search_term_string"}}],"inLanguage":"es"},{"@type":"Person","@id":"https:\/\/quehacerpolitico.mx\/#\/schema\/person\/496d8ad2d1d3f8036101dca7ee39e585","name":"Redacci\u00f3n QP","image":{"@type":"ImageObject","inLanguage":"es","@id":"https:\/\/secure.gravatar.com\/avatar\/c7164ed6fdec453195284ad24a5ae5b6e1eed2b848477fa2a4787ba9adf39a41?s=96&d=mm&r=g","url":"https:\/\/secure.gravatar.com\/avatar\/c7164ed6fdec453195284ad24a5ae5b6e1eed2b848477fa2a4787ba9adf39a41?s=96&d=mm&r=g","contentUrl":"https:\/\/secure.gravatar.com\/avatar\/c7164ed6fdec453195284ad24a5ae5b6e1eed2b848477fa2a4787ba9adf39a41?s=96&d=mm&r=g","caption":"Redacci\u00f3n QP"},"url":"https:\/\/quehacerpolitico.mx\/?author=2"}]}},"featured_image_urls":{"full":["https:\/\/quehacerpolitico.mx\/wp-content\/uploads\/2022\/04\/BB6A4C9B-31F2-4B3C-A774-FE9A2ADC68C5.jpeg",1200,675,false],"thumbnail":["https:\/\/quehacerpolitico.mx\/wp-content\/uploads\/2022\/04\/BB6A4C9B-31F2-4B3C-A774-FE9A2ADC68C5-150x150.jpeg",150,150,true],"medium":["https:\/\/quehacerpolitico.mx\/wp-content\/uploads\/2022\/04\/BB6A4C9B-31F2-4B3C-A774-FE9A2ADC68C5-300x169.jpeg",300,169,true],"medium_large":["https:\/\/quehacerpolitico.mx\/wp-content\/uploads\/2022\/04\/BB6A4C9B-31F2-4B3C-A774-FE9A2ADC68C5-768x432.jpeg",640,360,true],"large":["https:\/\/quehacerpolitico.mx\/wp-content\/uploads\/2022\/04\/BB6A4C9B-31F2-4B3C-A774-FE9A2ADC68C5-1024x576.jpeg",640,360,true],"1536x1536":["https:\/\/quehacerpolitico.mx\/wp-content\/uploads\/2022\/04\/BB6A4C9B-31F2-4B3C-A774-FE9A2ADC68C5.jpeg",1200,675,false],"2048x2048":["https:\/\/quehacerpolitico.mx\/wp-content\/uploads\/2022\/04\/BB6A4C9B-31F2-4B3C-A774-FE9A2ADC68C5.jpeg",1200,675,false],"covernews-featured":["https:\/\/quehacerpolitico.mx\/wp-content\/uploads\/2022\/04\/BB6A4C9B-31F2-4B3C-A774-FE9A2ADC68C5.jpeg",1024,576,false],"covernews-medium":["https:\/\/quehacerpolitico.mx\/wp-content\/uploads\/2022\/04\/BB6A4C9B-31F2-4B3C-A774-FE9A2ADC68C5.jpeg",540,304,false]},"author_info":{"display_name":"Redacci\u00f3n QP","author_link":"https:\/\/quehacerpolitico.mx\/?author=2"},"category_info":"<a href=\"https:\/\/quehacerpolitico.mx\/?cat=56\" rel=\"category\">Econom\u00eda<\/a>","tag_info":"Econom\u00eda","comment_count":"0","_links":{"self":[{"href":"https:\/\/quehacerpolitico.mx\/index.php?rest_route=\/wp\/v2\/posts\/91848","targetHints":{"allow":["GET"]}}],"collection":[{"href":"https:\/\/quehacerpolitico.mx\/index.php?rest_route=\/wp\/v2\/posts"}],"about":[{"href":"https:\/\/quehacerpolitico.mx\/index.php?rest_route=\/wp\/v2\/types\/post"}],"author":[{"embeddable":true,"href":"https:\/\/quehacerpolitico.mx\/index.php?rest_route=\/wp\/v2\/users\/2"}],"replies":[{"embeddable":true,"href":"https:\/\/quehacerpolitico.mx\/index.php?rest_route=%2Fwp%2Fv2%2Fcomments&post=91848"}],"version-history":[{"count":1,"href":"https:\/\/quehacerpolitico.mx\/index.php?rest_route=\/wp\/v2\/posts\/91848\/revisions"}],"predecessor-version":[{"id":91851,"href":"https:\/\/quehacerpolitico.mx\/index.php?rest_route=\/wp\/v2\/posts\/91848\/revisions\/91851"}],"wp:featuredmedia":[{"embeddable":true,"href":"https:\/\/quehacerpolitico.mx\/index.php?rest_route=\/wp\/v2\/media\/91850"}],"wp:attachment":[{"href":"https:\/\/quehacerpolitico.mx\/index.php?rest_route=%2Fwp%2Fv2%2Fmedia&parent=91848"}],"wp:term":[{"taxonomy":"category","embeddable":true,"href":"https:\/\/quehacerpolitico.mx\/index.php?rest_route=%2Fwp%2Fv2%2Fcategories&post=91848"},{"taxonomy":"post_tag","embeddable":true,"href":"https:\/\/quehacerpolitico.mx\/index.php?rest_route=%2Fwp%2Fv2%2Ftags&post=91848"}],"curies":[{"name":"wp","href":"https:\/\/api.w.org\/{rel}","templated":true}]}}