{"id":91844,"date":"2022-04-25T20:00:24","date_gmt":"2022-04-25T20:00:24","guid":{"rendered":"https:\/\/quehacerpolitico.mx\/?p=91844"},"modified":"2022-04-25T20:00:28","modified_gmt":"2022-04-25T20:00:28","slug":"los-fideicomisos-de-infraestructura-y-bienes-raicesfibras-en-mexico","status":"publish","type":"post","link":"https:\/\/quehacerpolitico.mx\/?p=91844","title":{"rendered":"Los Fideicomisos de Infraestructura y Bienes Ra\u00edces(FIBRAs) en Mexico"},"content":{"rendered":"\n<p>Por Redacci\u00f3n NotiExpress | La Revista del Sector Inmobiliario<\/p>\n\n\n\n<p>Los Fideicomisos de Infraestructura y Bienes Ra\u00edces<strong>(FIBRAs) son veh\u00edculos destinados al financiamiento para la adquisici\u00f3n y\/o construcci\u00f3n de bienes inmuebles<\/strong>\u00a0que tienen como fin su arrendamiento o la adquisici\u00f3n del derecho a recibir los ingresos provenientes del alquiler de dichos bienes, seg\u00fan la Bolsa Mexicana de Valores.<\/p>\n\n\n\n<h3 class=\"wp-block-heading\">FIBRA INN<\/h3>\n\n\n\n<p><img decoding=\"async\" srcset=\"https:\/\/inmobiliare.com\/himalaya\/wp-content\/uploads\/2021\/12\/fibras-las-principales-compan%CC%83i%CC%81as-lideres-de-mexico-1-alt.png 754w, https:\/\/inmobiliare.com\/himalaya\/wp-content\/uploads\/2021\/12\/fibras-las-principales-compan%CC%83i%CC%81as-lideres-de-mexico-1-alt-300x190.png 300w\" src=\"https:\/\/inmobiliare.com\/himalaya\/wp-content\/uploads\/2021\/12\/fibras-las-principales-compan%CC%83i%CC%81as-lideres-de-mexico-1-alt.png\" alt=\"fibras-las-principales-compa\u00f1\u00edas-lideres-de-mexico-1-alt\">Se crea en 2013 para\u00a0<strong>adquirir, desarrollar y rentar un grupo de propiedades destinadas al hospedaje en M\u00e9xico<\/strong>, para servir al viajero de negocios. Los hoteles que actualmente forman parte del Patrimonio del Fideicomiso est\u00e1n clasificados en los segmentos de Servicios Limitados, Selectos, Completos y Servicios de Estancia Prolongada.<\/p>\n\n\n\n<h3 class=\"wp-block-heading\">FIBRA NOVA<\/h3>\n\n\n\n<p><img decoding=\"async\" srcset=\"https:\/\/inmobiliare.com\/himalaya\/wp-content\/uploads\/2021\/12\/fibras-las-principales-compan%CC%83i%CC%81as-lideres-de-mexico-2-alt.png 812w, https:\/\/inmobiliare.com\/himalaya\/wp-content\/uploads\/2021\/12\/fibras-las-principales-compan%CC%83i%CC%81as-lideres-de-mexico-2-alt-300x166.png 300w, https:\/\/inmobiliare.com\/himalaya\/wp-content\/uploads\/2021\/12\/fibras-las-principales-compan%CC%83i%CC%81as-lideres-de-mexico-2-alt-768x424.png 768w\" src=\"https:\/\/inmobiliare.com\/himalaya\/wp-content\/uploads\/2021\/12\/fibras-las-principales-compan%CC%83i%CC%81as-lideres-de-mexico-2-alt.png\" alt=\"fibras-las-principales-compa\u00f1\u00edas-lideres-de-mexico-2-alt\">En agosto de 2017 empez\u00f3 a cotizar en la Bolsa Mexicana de Valores; actualmente cuenta con un portafolio de\u00a0<strong>373 mil m2 en 100 propiedades<\/strong>, diversificado en distintas ciudades del pa\u00eds e industrias:\u00a0<strong>log\u00edstica, manufactura, educativo y retail<\/strong>\u00a0con 100% de ocupaci\u00f3n.<\/p>\n\n\n\n<p>FIBRA PROLOGIS<\/p>\n\n\n\n<p><img decoding=\"async\" srcset=\"https:\/\/inmobiliare.com\/himalaya\/wp-content\/uploads\/2021\/12\/fibras-las-principales-compan%CC%83i%CC%81as-lideres-de-mexico-3-alt.png 778w, https:\/\/inmobiliare.com\/himalaya\/wp-content\/uploads\/2021\/12\/fibras-las-principales-compan%CC%83i%CC%81as-lideres-de-mexico-3-alt-300x137.png 300w, https:\/\/inmobiliare.com\/himalaya\/wp-content\/uploads\/2021\/12\/fibras-las-principales-compan%CC%83i%CC%81as-lideres-de-mexico-3-alt-768x349.png 768w\" src=\"https:\/\/inmobiliare.com\/himalaya\/wp-content\/uploads\/2021\/12\/fibras-las-principales-compan%CC%83i%CC%81as-lideres-de-mexico-3-alt.png\" alt=\"fibras-las-principales-compa\u00f1\u00edas-lideres-de-mexico-3-alt\">Es un fideicomiso de inversi\u00f3n inmobiliaria (REIT)<strong>l\u00edder ubicado en una de las econom\u00edas m\u00e1s grandes de Am\u00e9rica Latina.<\/strong>\u00a0Est\u00e1n enfocados en adquirir, poseer y administrar\u00a0<strong>instalaciones de fabricaci\u00f3n y log\u00edstica de Clase A,<\/strong>\u00a0ubicados en seis mercados industriales (Ciudad de M\u00e9xico, Guadalajara, Monterrey, Reynosa, Tijuana y Ciudad Ju\u00e1rez).<\/p>\n\n\n\n<h3 class=\"wp-block-heading\">FIBRA SHOP<\/h3>\n\n\n\n<p><img decoding=\"async\" srcset=\"https:\/\/inmobiliare.com\/himalaya\/wp-content\/uploads\/2021\/12\/fibras-las-principales-compan%CC%83i%CC%81as-lideres-de-mexico-4-alt.png 738w, https:\/\/inmobiliare.com\/himalaya\/wp-content\/uploads\/2021\/12\/fibras-las-principales-compan%CC%83i%CC%81as-lideres-de-mexico-4-alt-300x163.png 300w\" src=\"https:\/\/inmobiliare.com\/himalaya\/wp-content\/uploads\/2021\/12\/fibras-las-principales-compan%CC%83i%CC%81as-lideres-de-mexico-4-alt.png\" alt=\"fibras-las-principales-compa\u00f1\u00edas-lideres-de-mexico-4-alt\">Especializada en centros comerciales, fue creada en 2013 para adquirir, desarrollar y operar este tipo de inmuebles. El portafolio est\u00e1 integrado por\u00a0<strong>17 bienes inmuebles en operaci\u00f3n<\/strong>, uno coinversi\u00f3n en operaci\u00f3n y uno coinversi\u00f3n en desarrollo. Ubicados en los estados de Guanajuato, Quer\u00e9taro, Veracruz, Baja California Sur, Quintana Roo, Jalisco, Sonora, Morelos, Chiapas, Estado de M\u00e9xico, Chihuahua y Puebla.<\/p>\n\n\n\n<h3 class=\"wp-block-heading\">FIBRA STORAGE<\/h3>\n\n\n\n<p><img decoding=\"async\" srcset=\"https:\/\/inmobiliare.com\/himalaya\/wp-content\/uploads\/2021\/12\/fibras-las-principales-compan%CC%83i%CC%81as-lideres-de-mexico-5-alt.png 772w, https:\/\/inmobiliare.com\/himalaya\/wp-content\/uploads\/2021\/12\/fibras-las-principales-compan%CC%83i%CC%81as-lideres-de-mexico-5-alt-300x140.png 300w, https:\/\/inmobiliare.com\/himalaya\/wp-content\/uploads\/2021\/12\/fibras-las-principales-compan%CC%83i%CC%81as-lideres-de-mexico-5-alt-768x358.png 768w\" src=\"https:\/\/inmobiliare.com\/himalaya\/wp-content\/uploads\/2021\/12\/fibras-las-principales-compan%CC%83i%CC%81as-lideres-de-mexico-5-alt.png\" alt=\"fibras-las-principales-compa\u00f1\u00edas-lideres-de-mexico-5-alt\">Enfocado al\u00a0<strong>sector del auto-almacenaje<\/strong>, especializado en operar y desarrollar mini-bodegas. Hoy en d\u00eda tienen 16 propiedades, de las cuales ocho se encuentran en operaci\u00f3n, tres en etapa de construcci\u00f3n y cinco son terrenos en distintas etapas de desarrollo; los activos en conjunto comprenden m\u00e1s de<strong>\u00a097 mil m2<\/strong>, que se traducen en aproximadamente 9 mil mini-bodegas.<\/p>\n\n\n\n<h3 class=\"wp-block-heading\">TERRAFINA<\/h3>\n\n\n\n<p><img decoding=\"async\" srcset=\"https:\/\/inmobiliare.com\/himalaya\/wp-content\/uploads\/2021\/12\/fibras-las-principales-compan%CC%83i%CC%81as-lideres-de-mexico-6-alt.png 814w, https:\/\/inmobiliare.com\/himalaya\/wp-content\/uploads\/2021\/12\/fibras-las-principales-compan%CC%83i%CC%81as-lideres-de-mexico-6-alt-300x131.png 300w, https:\/\/inmobiliare.com\/himalaya\/wp-content\/uploads\/2021\/12\/fibras-las-principales-compan%CC%83i%CC%81as-lideres-de-mexico-6-alt-768x336.png 768w\" src=\"https:\/\/inmobiliare.com\/himalaya\/wp-content\/uploads\/2021\/12\/fibras-las-principales-compan%CC%83i%CC%81as-lideres-de-mexico-6-alt.png\" alt=\"fibras-las-principales-compa\u00f1\u00edas-lideres-de-mexico-6-alt\">Este Fideicomiso est\u00e1 especializado en la administraci\u00f3n de un portafolio exclusivamente\u00a0<strong>industrial<\/strong>\u00a0conformado por propiedades de<strong>manufactura ligera y almacenaje<\/strong>\u00a0ubicados estrat\u00e9gicamente en los principales mercados del Norte, Baj\u00edo y Centro de M\u00e9xico.<\/p>\n\n\n\n<h3 class=\"wp-block-heading\">UPSITE<\/h3>\n\n\n\n<p><img decoding=\"async\" srcset=\"https:\/\/inmobiliare.com\/himalaya\/wp-content\/uploads\/2021\/12\/fibras-las-principales-compan%CC%83i%CC%81as-lideres-de-mexico-7-alt.png 756w, https:\/\/inmobiliare.com\/himalaya\/wp-content\/uploads\/2021\/12\/fibras-las-principales-compan%CC%83i%CC%81as-lideres-de-mexico-7-alt-300x119.png 300w\" src=\"https:\/\/inmobiliare.com\/himalaya\/wp-content\/uploads\/2021\/12\/fibras-las-principales-compan%CC%83i%CC%81as-lideres-de-mexico-7-alt.png\" alt=\"fibras-las-principales-compa\u00f1\u00edas-lideres-de-mexico-7-alt\">En 2018 esta FIBRA levant\u00f3 capital por<strong>\u00a0554 millones de pesos en la BMV;<\/strong>\u00a0se especializa en el desarrollo de naves industriales de\u00a0<strong>coworking y clusters<\/strong>, algunos de ellos son bajo pedido de empresas peque\u00f1as y medianas.<\/p>\n\n\n\n<h3 class=\"wp-block-heading\">FIBRA SOMA<\/h3>\n\n\n\n<p><img decoding=\"async\" srcset=\"https:\/\/inmobiliare.com\/himalaya\/wp-content\/uploads\/2021\/12\/fibras-las-principales-compan%CC%83i%CC%81as-lideres-de-mexico-8-alt.png 750w, https:\/\/inmobiliare.com\/himalaya\/wp-content\/uploads\/2021\/12\/fibras-las-principales-compan%CC%83i%CC%81as-lideres-de-mexico-8-alt-300x119.png 300w\" src=\"https:\/\/inmobiliare.com\/himalaya\/wp-content\/uploads\/2021\/12\/fibras-las-principales-compan%CC%83i%CC%81as-lideres-de-mexico-8-alt.png\" alt=\"fibras-las-principales-compa\u00f1\u00edas-lideres-de-mexico-8-alt\">Es el primer Fideicomiso que se coloca en BIVA, est\u00e1 enfocado en la adquisici\u00f3n, arrendamiento y administraci\u00f3n de bienes inmuebles. Su portafolio est\u00e1 compuesto por\u00a0<strong>12 propiedades ubicadas en las principales ciudades de M\u00e9xico.<\/strong><\/p>\n\n\n\n<p>No se te olvide que?<\/p>\n\n\n\n<p>En\u00a0NotiExpress | La Revista del Sector Inmobiliario nos ocupamos en la difusi\u00f3n de la industria inmobiliaria generamos contenidos que te ayudar\u00e1n a mantenerte a la vanguardia en tecnolog\u00eda y en tendencias del sector inmobiliario para que puedas ofrecer el mejor servicio y generar m\u00e1s clientes.<\/p>\n\n\n\n<p>\u00c9chale una miradita a nuestra revista mensual donde encontrar\u00e1s la informaci\u00f3n precisa y oportuna con todo lo relacionado al sector inmobiliario aqu\u00ed\u00a0?<a href=\"https:\/\/issuu.com\/notiexpressmx\/docs\/notiexpress_07\">https:\/\/issuu.com\/notiexpressmx\/docs\/notiexpress_07\u00a0<\/a>\u00a0NotiExpress | La Revista del Sector Inmobiliario<\/p>\n\n\n\n<figure class=\"wp-block-image size-large\"><img loading=\"lazy\" decoding=\"async\" width=\"1024\" height=\"499\" src=\"https:\/\/quehacerpolitico.mx\/wp-content\/uploads\/2022\/04\/image-76-1024x499.jpeg\" alt=\"\" class=\"wp-image-91845\" srcset=\"https:\/\/quehacerpolitico.mx\/wp-content\/uploads\/2022\/04\/image-76-1024x499.jpeg 1024w, https:\/\/quehacerpolitico.mx\/wp-content\/uploads\/2022\/04\/image-76-300x146.jpeg 300w, https:\/\/quehacerpolitico.mx\/wp-content\/uploads\/2022\/04\/image-76-768x374.jpeg 768w, https:\/\/quehacerpolitico.mx\/wp-content\/uploads\/2022\/04\/image-76-260x127.jpeg 260w, https:\/\/quehacerpolitico.mx\/wp-content\/uploads\/2022\/04\/image-76-50x24.jpeg 50w, https:\/\/quehacerpolitico.mx\/wp-content\/uploads\/2022\/04\/image-76-150x73.jpeg 150w, https:\/\/quehacerpolitico.mx\/wp-content\/uploads\/2022\/04\/image-76-1280x625.jpeg 1280w, https:\/\/quehacerpolitico.mx\/wp-content\/uploads\/2022\/04\/image-76.jpeg 1283w\" sizes=\"auto, (max-width: 1024px) 100vw, 1024px\" \/><\/figure>\n","protected":false},"excerpt":{"rendered":"<p>Por Redacci\u00f3n NotiExpress | La Revista del Sector Inmobiliario Los Fideicomisos de Infraestructura y Bienes&#8230;<\/p>\n","protected":false},"author":2,"featured_media":91846,"comment_status":"open","ping_status":"open","sticky":false,"template":"","format":"standard","meta":{"_monsterinsights_skip_tracking":false,"_monsterinsights_sitenote_active":false,"_monsterinsights_sitenote_note":"","_monsterinsights_sitenote_category":0,"footnotes":""},"categories":[56],"tags":[],"class_list":["post-91844","post","type-post","status-publish","format-standard","has-post-thumbnail","hentry","category-economia"],"yoast_head":"<!-- This site is optimized with the Yoast SEO plugin v27.3 - https:\/\/yoast.com\/product\/yoast-seo-wordpress\/ -->\n<title>Los Fideicomisos de Infraestructura y Bienes Ra\u00edces(FIBRAs) en Mexico -<\/title>\n<meta name=\"robots\" content=\"index, follow, max-snippet:-1, max-image-preview:large, max-video-preview:-1\" \/>\n<link rel=\"canonical\" href=\"https:\/\/quehacerpolitico.mx\/?p=91844\" \/>\n<meta property=\"og:locale\" content=\"es_MX\" \/>\n<meta property=\"og:type\" content=\"article\" \/>\n<meta property=\"og:title\" content=\"Los Fideicomisos de Infraestructura y Bienes Ra\u00edces(FIBRAs) en Mexico -\" \/>\n<meta property=\"og:description\" content=\"Por Redacci\u00f3n NotiExpress | La Revista del Sector Inmobiliario Los Fideicomisos de Infraestructura y Bienes...\" \/>\n<meta property=\"og:url\" content=\"https:\/\/quehacerpolitico.mx\/?p=91844\" \/>\n<meta property=\"article:published_time\" content=\"2022-04-25T20:00:24+00:00\" \/>\n<meta property=\"article:modified_time\" content=\"2022-04-25T20:00:28+00:00\" \/>\n<meta property=\"og:image\" content=\"https:\/\/quehacerpolitico.mx\/wp-content\/uploads\/2022\/04\/052E7C1A-4CB5-49AA-8594-360DAA8903B9.jpeg\" \/>\n\t<meta property=\"og:image:width\" content=\"2025\" \/>\n\t<meta property=\"og:image:height\" content=\"988\" \/>\n\t<meta property=\"og:image:type\" content=\"image\/jpeg\" \/>\n<meta name=\"author\" content=\"Redacci\u00f3n QP\" \/>\n<meta name=\"twitter:card\" content=\"summary_large_image\" \/>\n<meta name=\"twitter:label1\" content=\"Escrito por\" \/>\n\t<meta name=\"twitter:data1\" content=\"Redacci\u00f3n QP\" \/>\n\t<meta name=\"twitter:label2\" content=\"Tiempo de lectura\" \/>\n\t<meta name=\"twitter:data2\" content=\"3 minutos\" \/>\n<script type=\"application\/ld+json\" class=\"yoast-schema-graph\">{\"@context\":\"https:\\\/\\\/schema.org\",\"@graph\":[{\"@type\":\"Article\",\"@id\":\"https:\\\/\\\/quehacerpolitico.mx\\\/?p=91844#article\",\"isPartOf\":{\"@id\":\"https:\\\/\\\/quehacerpolitico.mx\\\/?p=91844\"},\"author\":{\"name\":\"Redacci\u00f3n QP\",\"@id\":\"https:\\\/\\\/quehacerpolitico.mx\\\/#\\\/schema\\\/person\\\/496d8ad2d1d3f8036101dca7ee39e585\"},\"headline\":\"Los Fideicomisos de Infraestructura y Bienes Ra\u00edces(FIBRAs) en Mexico\",\"datePublished\":\"2022-04-25T20:00:24+00:00\",\"dateModified\":\"2022-04-25T20:00:28+00:00\",\"mainEntityOfPage\":{\"@id\":\"https:\\\/\\\/quehacerpolitico.mx\\\/?p=91844\"},\"wordCount\":558,\"commentCount\":0,\"image\":{\"@id\":\"https:\\\/\\\/quehacerpolitico.mx\\\/?p=91844#primaryimage\"},\"thumbnailUrl\":\"https:\\\/\\\/quehacerpolitico.mx\\\/wp-content\\\/uploads\\\/2022\\\/04\\\/052E7C1A-4CB5-49AA-8594-360DAA8903B9.jpeg\",\"articleSection\":[\"Econom\u00eda\"],\"inLanguage\":\"es\",\"potentialAction\":[{\"@type\":\"CommentAction\",\"name\":\"Comment\",\"target\":[\"https:\\\/\\\/quehacerpolitico.mx\\\/?p=91844#respond\"]}]},{\"@type\":\"WebPage\",\"@id\":\"https:\\\/\\\/quehacerpolitico.mx\\\/?p=91844\",\"url\":\"https:\\\/\\\/quehacerpolitico.mx\\\/?p=91844\",\"name\":\"Los Fideicomisos de Infraestructura y Bienes Ra\u00edces(FIBRAs) en Mexico -\",\"isPartOf\":{\"@id\":\"https:\\\/\\\/quehacerpolitico.mx\\\/#website\"},\"primaryImageOfPage\":{\"@id\":\"https:\\\/\\\/quehacerpolitico.mx\\\/?p=91844#primaryimage\"},\"image\":{\"@id\":\"https:\\\/\\\/quehacerpolitico.mx\\\/?p=91844#primaryimage\"},\"thumbnailUrl\":\"https:\\\/\\\/quehacerpolitico.mx\\\/wp-content\\\/uploads\\\/2022\\\/04\\\/052E7C1A-4CB5-49AA-8594-360DAA8903B9.jpeg\",\"datePublished\":\"2022-04-25T20:00:24+00:00\",\"dateModified\":\"2022-04-25T20:00:28+00:00\",\"author\":{\"@id\":\"https:\\\/\\\/quehacerpolitico.mx\\\/#\\\/schema\\\/person\\\/496d8ad2d1d3f8036101dca7ee39e585\"},\"breadcrumb\":{\"@id\":\"https:\\\/\\\/quehacerpolitico.mx\\\/?p=91844#breadcrumb\"},\"inLanguage\":\"es\",\"potentialAction\":[{\"@type\":\"ReadAction\",\"target\":[\"https:\\\/\\\/quehacerpolitico.mx\\\/?p=91844\"]}]},{\"@type\":\"ImageObject\",\"inLanguage\":\"es\",\"@id\":\"https:\\\/\\\/quehacerpolitico.mx\\\/?p=91844#primaryimage\",\"url\":\"https:\\\/\\\/quehacerpolitico.mx\\\/wp-content\\\/uploads\\\/2022\\\/04\\\/052E7C1A-4CB5-49AA-8594-360DAA8903B9.jpeg\",\"contentUrl\":\"https:\\\/\\\/quehacerpolitico.mx\\\/wp-content\\\/uploads\\\/2022\\\/04\\\/052E7C1A-4CB5-49AA-8594-360DAA8903B9.jpeg\",\"width\":2025,\"height\":988},{\"@type\":\"BreadcrumbList\",\"@id\":\"https:\\\/\\\/quehacerpolitico.mx\\\/?p=91844#breadcrumb\",\"itemListElement\":[{\"@type\":\"ListItem\",\"position\":1,\"name\":\"Inicio\",\"item\":\"https:\\\/\\\/quehacerpolitico.mx\\\/\"},{\"@type\":\"ListItem\",\"position\":2,\"name\":\"Los Fideicomisos de Infraestructura y Bienes Ra\u00edces(FIBRAs) en Mexico\"}]},{\"@type\":\"WebSite\",\"@id\":\"https:\\\/\\\/quehacerpolitico.mx\\\/#website\",\"url\":\"https:\\\/\\\/quehacerpolitico.mx\\\/\",\"name\":\"\",\"description\":\"\",\"potentialAction\":[{\"@type\":\"SearchAction\",\"target\":{\"@type\":\"EntryPoint\",\"urlTemplate\":\"https:\\\/\\\/quehacerpolitico.mx\\\/?s={search_term_string}\"},\"query-input\":{\"@type\":\"PropertyValueSpecification\",\"valueRequired\":true,\"valueName\":\"search_term_string\"}}],\"inLanguage\":\"es\"},{\"@type\":\"Person\",\"@id\":\"https:\\\/\\\/quehacerpolitico.mx\\\/#\\\/schema\\\/person\\\/496d8ad2d1d3f8036101dca7ee39e585\",\"name\":\"Redacci\u00f3n QP\",\"image\":{\"@type\":\"ImageObject\",\"inLanguage\":\"es\",\"@id\":\"https:\\\/\\\/secure.gravatar.com\\\/avatar\\\/c7164ed6fdec453195284ad24a5ae5b6e1eed2b848477fa2a4787ba9adf39a41?s=96&d=mm&r=g\",\"url\":\"https:\\\/\\\/secure.gravatar.com\\\/avatar\\\/c7164ed6fdec453195284ad24a5ae5b6e1eed2b848477fa2a4787ba9adf39a41?s=96&d=mm&r=g\",\"contentUrl\":\"https:\\\/\\\/secure.gravatar.com\\\/avatar\\\/c7164ed6fdec453195284ad24a5ae5b6e1eed2b848477fa2a4787ba9adf39a41?s=96&d=mm&r=g\",\"caption\":\"Redacci\u00f3n QP\"},\"url\":\"https:\\\/\\\/quehacerpolitico.mx\\\/?author=2\"}]}<\/script>\n<!-- \/ Yoast SEO plugin. -->","yoast_head_json":{"title":"Los Fideicomisos de Infraestructura y Bienes Ra\u00edces(FIBRAs) en Mexico -","robots":{"index":"index","follow":"follow","max-snippet":"max-snippet:-1","max-image-preview":"max-image-preview:large","max-video-preview":"max-video-preview:-1"},"canonical":"https:\/\/quehacerpolitico.mx\/?p=91844","og_locale":"es_MX","og_type":"article","og_title":"Los Fideicomisos de Infraestructura y Bienes Ra\u00edces(FIBRAs) en Mexico -","og_description":"Por Redacci\u00f3n NotiExpress | La Revista del Sector Inmobiliario Los Fideicomisos de Infraestructura y Bienes...","og_url":"https:\/\/quehacerpolitico.mx\/?p=91844","article_published_time":"2022-04-25T20:00:24+00:00","article_modified_time":"2022-04-25T20:00:28+00:00","og_image":[{"width":2025,"height":988,"url":"https:\/\/quehacerpolitico.mx\/wp-content\/uploads\/2022\/04\/052E7C1A-4CB5-49AA-8594-360DAA8903B9.jpeg","type":"image\/jpeg"}],"author":"Redacci\u00f3n QP","twitter_card":"summary_large_image","twitter_misc":{"Escrito por":"Redacci\u00f3n QP","Tiempo de lectura":"3 minutos"},"schema":{"@context":"https:\/\/schema.org","@graph":[{"@type":"Article","@id":"https:\/\/quehacerpolitico.mx\/?p=91844#article","isPartOf":{"@id":"https:\/\/quehacerpolitico.mx\/?p=91844"},"author":{"name":"Redacci\u00f3n QP","@id":"https:\/\/quehacerpolitico.mx\/#\/schema\/person\/496d8ad2d1d3f8036101dca7ee39e585"},"headline":"Los Fideicomisos de Infraestructura y Bienes Ra\u00edces(FIBRAs) en Mexico","datePublished":"2022-04-25T20:00:24+00:00","dateModified":"2022-04-25T20:00:28+00:00","mainEntityOfPage":{"@id":"https:\/\/quehacerpolitico.mx\/?p=91844"},"wordCount":558,"commentCount":0,"image":{"@id":"https:\/\/quehacerpolitico.mx\/?p=91844#primaryimage"},"thumbnailUrl":"https:\/\/quehacerpolitico.mx\/wp-content\/uploads\/2022\/04\/052E7C1A-4CB5-49AA-8594-360DAA8903B9.jpeg","articleSection":["Econom\u00eda"],"inLanguage":"es","potentialAction":[{"@type":"CommentAction","name":"Comment","target":["https:\/\/quehacerpolitico.mx\/?p=91844#respond"]}]},{"@type":"WebPage","@id":"https:\/\/quehacerpolitico.mx\/?p=91844","url":"https:\/\/quehacerpolitico.mx\/?p=91844","name":"Los Fideicomisos de Infraestructura y Bienes Ra\u00edces(FIBRAs) en Mexico -","isPartOf":{"@id":"https:\/\/quehacerpolitico.mx\/#website"},"primaryImageOfPage":{"@id":"https:\/\/quehacerpolitico.mx\/?p=91844#primaryimage"},"image":{"@id":"https:\/\/quehacerpolitico.mx\/?p=91844#primaryimage"},"thumbnailUrl":"https:\/\/quehacerpolitico.mx\/wp-content\/uploads\/2022\/04\/052E7C1A-4CB5-49AA-8594-360DAA8903B9.jpeg","datePublished":"2022-04-25T20:00:24+00:00","dateModified":"2022-04-25T20:00:28+00:00","author":{"@id":"https:\/\/quehacerpolitico.mx\/#\/schema\/person\/496d8ad2d1d3f8036101dca7ee39e585"},"breadcrumb":{"@id":"https:\/\/quehacerpolitico.mx\/?p=91844#breadcrumb"},"inLanguage":"es","potentialAction":[{"@type":"ReadAction","target":["https:\/\/quehacerpolitico.mx\/?p=91844"]}]},{"@type":"ImageObject","inLanguage":"es","@id":"https:\/\/quehacerpolitico.mx\/?p=91844#primaryimage","url":"https:\/\/quehacerpolitico.mx\/wp-content\/uploads\/2022\/04\/052E7C1A-4CB5-49AA-8594-360DAA8903B9.jpeg","contentUrl":"https:\/\/quehacerpolitico.mx\/wp-content\/uploads\/2022\/04\/052E7C1A-4CB5-49AA-8594-360DAA8903B9.jpeg","width":2025,"height":988},{"@type":"BreadcrumbList","@id":"https:\/\/quehacerpolitico.mx\/?p=91844#breadcrumb","itemListElement":[{"@type":"ListItem","position":1,"name":"Inicio","item":"https:\/\/quehacerpolitico.mx\/"},{"@type":"ListItem","position":2,"name":"Los Fideicomisos de Infraestructura y Bienes Ra\u00edces(FIBRAs) en Mexico"}]},{"@type":"WebSite","@id":"https:\/\/quehacerpolitico.mx\/#website","url":"https:\/\/quehacerpolitico.mx\/","name":"","description":"","potentialAction":[{"@type":"SearchAction","target":{"@type":"EntryPoint","urlTemplate":"https:\/\/quehacerpolitico.mx\/?s={search_term_string}"},"query-input":{"@type":"PropertyValueSpecification","valueRequired":true,"valueName":"search_term_string"}}],"inLanguage":"es"},{"@type":"Person","@id":"https:\/\/quehacerpolitico.mx\/#\/schema\/person\/496d8ad2d1d3f8036101dca7ee39e585","name":"Redacci\u00f3n QP","image":{"@type":"ImageObject","inLanguage":"es","@id":"https:\/\/secure.gravatar.com\/avatar\/c7164ed6fdec453195284ad24a5ae5b6e1eed2b848477fa2a4787ba9adf39a41?s=96&d=mm&r=g","url":"https:\/\/secure.gravatar.com\/avatar\/c7164ed6fdec453195284ad24a5ae5b6e1eed2b848477fa2a4787ba9adf39a41?s=96&d=mm&r=g","contentUrl":"https:\/\/secure.gravatar.com\/avatar\/c7164ed6fdec453195284ad24a5ae5b6e1eed2b848477fa2a4787ba9adf39a41?s=96&d=mm&r=g","caption":"Redacci\u00f3n QP"},"url":"https:\/\/quehacerpolitico.mx\/?author=2"}]}},"featured_image_urls":{"full":["https:\/\/quehacerpolitico.mx\/wp-content\/uploads\/2022\/04\/052E7C1A-4CB5-49AA-8594-360DAA8903B9.jpeg",2025,988,false],"thumbnail":["https:\/\/quehacerpolitico.mx\/wp-content\/uploads\/2022\/04\/052E7C1A-4CB5-49AA-8594-360DAA8903B9-150x150.jpeg",150,150,true],"medium":["https:\/\/quehacerpolitico.mx\/wp-content\/uploads\/2022\/04\/052E7C1A-4CB5-49AA-8594-360DAA8903B9-300x146.jpeg",300,146,true],"medium_large":["https:\/\/quehacerpolitico.mx\/wp-content\/uploads\/2022\/04\/052E7C1A-4CB5-49AA-8594-360DAA8903B9-768x375.jpeg",640,313,true],"large":["https:\/\/quehacerpolitico.mx\/wp-content\/uploads\/2022\/04\/052E7C1A-4CB5-49AA-8594-360DAA8903B9-1024x500.jpeg",640,313,true],"1536x1536":["https:\/\/quehacerpolitico.mx\/wp-content\/uploads\/2022\/04\/052E7C1A-4CB5-49AA-8594-360DAA8903B9-1536x749.jpeg",1536,749,true],"2048x2048":["https:\/\/quehacerpolitico.mx\/wp-content\/uploads\/2022\/04\/052E7C1A-4CB5-49AA-8594-360DAA8903B9.jpeg",2025,988,false],"covernews-featured":["https:\/\/quehacerpolitico.mx\/wp-content\/uploads\/2022\/04\/052E7C1A-4CB5-49AA-8594-360DAA8903B9.jpeg",1024,500,false],"covernews-medium":["https:\/\/quehacerpolitico.mx\/wp-content\/uploads\/2022\/04\/052E7C1A-4CB5-49AA-8594-360DAA8903B9.jpeg",540,263,false]},"author_info":{"display_name":"Redacci\u00f3n QP","author_link":"https:\/\/quehacerpolitico.mx\/?author=2"},"category_info":"<a href=\"https:\/\/quehacerpolitico.mx\/?cat=56\" rel=\"category\">Econom\u00eda<\/a>","tag_info":"Econom\u00eda","comment_count":"0","_links":{"self":[{"href":"https:\/\/quehacerpolitico.mx\/index.php?rest_route=\/wp\/v2\/posts\/91844","targetHints":{"allow":["GET"]}}],"collection":[{"href":"https:\/\/quehacerpolitico.mx\/index.php?rest_route=\/wp\/v2\/posts"}],"about":[{"href":"https:\/\/quehacerpolitico.mx\/index.php?rest_route=\/wp\/v2\/types\/post"}],"author":[{"embeddable":true,"href":"https:\/\/quehacerpolitico.mx\/index.php?rest_route=\/wp\/v2\/users\/2"}],"replies":[{"embeddable":true,"href":"https:\/\/quehacerpolitico.mx\/index.php?rest_route=%2Fwp%2Fv2%2Fcomments&post=91844"}],"version-history":[{"count":1,"href":"https:\/\/quehacerpolitico.mx\/index.php?rest_route=\/wp\/v2\/posts\/91844\/revisions"}],"predecessor-version":[{"id":91847,"href":"https:\/\/quehacerpolitico.mx\/index.php?rest_route=\/wp\/v2\/posts\/91844\/revisions\/91847"}],"wp:featuredmedia":[{"embeddable":true,"href":"https:\/\/quehacerpolitico.mx\/index.php?rest_route=\/wp\/v2\/media\/91846"}],"wp:attachment":[{"href":"https:\/\/quehacerpolitico.mx\/index.php?rest_route=%2Fwp%2Fv2%2Fmedia&parent=91844"}],"wp:term":[{"taxonomy":"category","embeddable":true,"href":"https:\/\/quehacerpolitico.mx\/index.php?rest_route=%2Fwp%2Fv2%2Fcategories&post=91844"},{"taxonomy":"post_tag","embeddable":true,"href":"https:\/\/quehacerpolitico.mx\/index.php?rest_route=%2Fwp%2Fv2%2Ftags&post=91844"}],"curies":[{"name":"wp","href":"https:\/\/api.w.org\/{rel}","templated":true}]}}