{"id":91838,"date":"2022-04-25T19:31:14","date_gmt":"2022-04-25T19:31:14","guid":{"rendered":"https:\/\/quehacerpolitico.mx\/?p=91838"},"modified":"2022-04-25T19:31:19","modified_gmt":"2022-04-25T19:31:19","slug":"zona-conurbada-de-edomex-e-hidalgo-tiene-mas-demanda-de-vivienda-que-la-cdmx%ef%bf%bc%ef%bf%bc","status":"publish","type":"post","link":"https:\/\/quehacerpolitico.mx\/?p=91838","title":{"rendered":"Zona conurbada de EdoM\u00e9x e Hidalgo tiene mas demanda de vivienda que la CDMX\ufffc\ufffc"},"content":{"rendered":"\n<p>Por Redacci\u00f3n NotiExpress | La Revista del Sector Inmobiliario<\/p>\n\n\n\n<p>Durante el primer trimestre del 2022\u00a0<strong>se vendieron m\u00e1s viviendas en los municipios conurbados del EdoM\u00e9x e\u00a0<\/strong><strong>Hidalgo que en Ciudad de M\u00e9xico<\/strong>.\u00a0<\/p>\n\n\n\n<p>De acuerdo con Tinsa de las 5,415 unidades vendidas de enero a marzo,<strong>&nbsp;el 56% corresponden a los municipios conurbados de EdoM\u00e9x e Hidalgo<\/strong>&nbsp;y 44% a la CDMX.&nbsp;<\/p>\n\n\n\n<p>Cabe se\u00f1alar que \u201clos resultados muestran una baja del -6.9% trimestral y del 3.6% anual en las viviendas comercializadas\u201d.\u00a0<\/p>\n\n\n\n<p>Tambi\u00e9n inform\u00f3 que durante el periodo antes mencionado\u00a0<strong>se registraron 1,563 proyectos activos<\/strong>, donde el 90% corresponde a desarrollos de vivienda vertical y 10% a horizontal.<\/p>\n\n\n\n<figure class=\"wp-block-image size-full\"><img loading=\"lazy\" decoding=\"async\" width=\"400\" height=\"250\" src=\"https:\/\/quehacerpolitico.mx\/wp-content\/uploads\/2022\/04\/image-74.jpeg\" alt=\"\" class=\"wp-image-91840\" srcset=\"https:\/\/quehacerpolitico.mx\/wp-content\/uploads\/2022\/04\/image-74.jpeg 400w, https:\/\/quehacerpolitico.mx\/wp-content\/uploads\/2022\/04\/image-74-300x188.jpeg 300w, https:\/\/quehacerpolitico.mx\/wp-content\/uploads\/2022\/04\/image-74-234x146.jpeg 234w, https:\/\/quehacerpolitico.mx\/wp-content\/uploads\/2022\/04\/image-74-50x31.jpeg 50w, https:\/\/quehacerpolitico.mx\/wp-content\/uploads\/2022\/04\/image-74-120x75.jpeg 120w\" sizes=\"auto, (max-width: 400px) 100vw, 400px\" \/><\/figure>\n\n\n\n<p>Con respecto al stock disponible de viviendas en&nbsp;<strong>EdoM\u00e9x, Hidalgo y CDMX durante el 1T2022 vs 4T2021<\/strong>, Tinsa indic\u00f3 que hay una variaci\u00f3n del 5.4%, pasando de 59,091 a 61,255 unidades disponibles.&nbsp;<\/p>\n\n\n\n<p>Con el tema de los precios por metro cuadrado, tambi\u00e9n hubo una variaci\u00f3n trimestral del 2.5% con un ticket promedio de 5.4 millones de pesos para departamentos y 1.5 millones de pesos para casa, principalmente desarrolladas en la zona conurbada.<\/p>\n\n\n\n<figure class=\"wp-block-image\"><img decoding=\"async\" src=\"https:\/\/inmobiliare.com\/himalaya\/wp-content\/uploads\/2022\/04\/viviendas-EdoMe%CC%81x-2-alt.jpg\" alt=\"\"\/><\/figure>\n\n\n\n<h2 class=\"wp-block-heading\"><strong>Situaci\u00f3n actual de las viviendas en EdoM\u00e9x, Hidalgo y CDMX&nbsp;&nbsp;<\/strong>&nbsp;<\/h2>\n\n\n\n<p>En la sub&nbsp;<strong>zona centro en el actual trimestre se registran 12,259 unidades disponibles<\/strong>&nbsp;y 423 proyectos activos.&nbsp;<\/p>\n\n\n\n<p>El precio por metro cuadrado actual de las unidades es de 53,442 pesos; el tama\u00f1o promedio de las unidades es de 68 por metro cuadrado.&nbsp;<\/p>\n\n\n\n<p>Mientras que en la sub zona\u00a0<strong>sur se reportan 6,499\u00a0<\/strong>viviendas disponibles y 530 proyectos activos.\u00a0<\/p>\n\n\n\n<p>El costo por metro cuadrado es de 60,537 pesos, con una superficie promedio de 93 metros cuadrados.&nbsp;<\/p>\n\n\n\n<p>Con respecto a la sub zona\u00a0<strong>poniente,\u00a0Tinsa comunic\u00f3 que registran 12,749 unidades<\/strong>\u00a0disponibles y hay un total de 501 proyectos.\u00a0<\/p>\n\n\n\n<p>El precio promedio por metro cuadrado actual es de 65,110 pesos con una superficie promedio de 132 metros cuadrados habitables.<\/p>\n\n\n\n<p>En la sub zona\u00a0<strong>oriente se tienen contabilizados 1,517 unidades disponibles<\/strong>\u00a0y hay un total de 30 proyectos.<\/p>\n\n\n\n<figure class=\"wp-block-image size-full\"><img loading=\"lazy\" decoding=\"async\" width=\"400\" height=\"250\" src=\"https:\/\/quehacerpolitico.mx\/wp-content\/uploads\/2022\/04\/image-75.jpeg\" alt=\"\" class=\"wp-image-91841\" srcset=\"https:\/\/quehacerpolitico.mx\/wp-content\/uploads\/2022\/04\/image-75.jpeg 400w, https:\/\/quehacerpolitico.mx\/wp-content\/uploads\/2022\/04\/image-75-300x188.jpeg 300w, https:\/\/quehacerpolitico.mx\/wp-content\/uploads\/2022\/04\/image-75-234x146.jpeg 234w, https:\/\/quehacerpolitico.mx\/wp-content\/uploads\/2022\/04\/image-75-50x31.jpeg 50w, https:\/\/quehacerpolitico.mx\/wp-content\/uploads\/2022\/04\/image-75-120x75.jpeg 120w\" sizes=\"auto, (max-width: 400px) 100vw, 400px\" \/><\/figure>\n\n\n\n<p>El valor por metro cuadrado es de 17,593 pesos con una superficie promedio de 75 metros cuadrados.&nbsp;<\/p>\n\n\n\n<p>Y en la sub zona norte, Tinsa reporta un stock disponible de 28,221 unidades y un total de 80 proyectos en venta. El precio por metro cuadrado es de 14,625 pesos y tama\u00f1o promedio de las unidades es de 77 metros cuadrados.<\/p>\n\n\n\n<p>No se te olvide que?<\/p>\n\n\n\n<p>En\u00a0NotiExpress | La Revista del Sector Inmobiliario nos ocupamos en la difusi\u00f3n de la industria inmobiliaria generamos contenidos que te ayudar\u00e1n a mantenerte a la vanguardia en tecnolog\u00eda y en tendencias del sector inmobiliario para que puedas ofrecer el mejor servicio y generar m\u00e1s clientes.<\/p>\n\n\n\n<p>\u00c9chale una miradita a nuestra revista mensual donde encontrar\u00e1s la informaci\u00f3n precisa y oportuna con todo lo relacionado al sector inmobiliario aqu\u00ed\u00a0?<a href=\"https:\/\/issuu.com\/notiexpressmx\/docs\/notiexpress_07\">https:\/\/issuu.com\/notiexpressmx\/docs\/notiexpress_07\u00a0<\/a>\u00a0NotiExpress | La Revista del Sector Inmobiliario<\/p>\n\n\n\n<figure class=\"wp-block-image size-large\"><img loading=\"lazy\" decoding=\"async\" width=\"1024\" height=\"499\" src=\"https:\/\/quehacerpolitico.mx\/wp-content\/uploads\/2022\/04\/image-73-1024x499.jpeg\" alt=\"\" class=\"wp-image-91839\" srcset=\"https:\/\/quehacerpolitico.mx\/wp-content\/uploads\/2022\/04\/image-73-1024x499.jpeg 1024w, https:\/\/quehacerpolitico.mx\/wp-content\/uploads\/2022\/04\/image-73-300x146.jpeg 300w, https:\/\/quehacerpolitico.mx\/wp-content\/uploads\/2022\/04\/image-73-768x374.jpeg 768w, https:\/\/quehacerpolitico.mx\/wp-content\/uploads\/2022\/04\/image-73-260x127.jpeg 260w, https:\/\/quehacerpolitico.mx\/wp-content\/uploads\/2022\/04\/image-73-50x24.jpeg 50w, https:\/\/quehacerpolitico.mx\/wp-content\/uploads\/2022\/04\/image-73-150x73.jpeg 150w, https:\/\/quehacerpolitico.mx\/wp-content\/uploads\/2022\/04\/image-73-1280x625.jpeg 1280w, https:\/\/quehacerpolitico.mx\/wp-content\/uploads\/2022\/04\/image-73.jpeg 1283w\" sizes=\"auto, (max-width: 1024px) 100vw, 1024px\" \/><\/figure>\n","protected":false},"excerpt":{"rendered":"<p>Por Redacci\u00f3n NotiExpress | La Revista del Sector Inmobiliario Durante el primer trimestre del 2022\u00a0se&#8230;<\/p>\n","protected":false},"author":2,"featured_media":91842,"comment_status":"open","ping_status":"open","sticky":false,"template":"","format":"standard","meta":{"_monsterinsights_skip_tracking":false,"_monsterinsights_sitenote_active":false,"_monsterinsights_sitenote_note":"","_monsterinsights_sitenote_category":0,"footnotes":""},"categories":[56],"tags":[],"class_list":["post-91838","post","type-post","status-publish","format-standard","has-post-thumbnail","hentry","category-economia"],"yoast_head":"<!-- This site is optimized with the Yoast SEO plugin v27.3 - https:\/\/yoast.com\/product\/yoast-seo-wordpress\/ -->\n<title>Zona conurbada de EdoM\u00e9x e Hidalgo tiene mas demanda de vivienda que la CDMX\ufffc\ufffc -<\/title>\n<meta name=\"robots\" content=\"index, follow, max-snippet:-1, max-image-preview:large, max-video-preview:-1\" \/>\n<link rel=\"canonical\" href=\"https:\/\/quehacerpolitico.mx\/?p=91838\" \/>\n<meta property=\"og:locale\" content=\"es_MX\" \/>\n<meta property=\"og:type\" content=\"article\" \/>\n<meta property=\"og:title\" content=\"Zona conurbada de EdoM\u00e9x e Hidalgo tiene mas demanda de vivienda que la CDMX\ufffc\ufffc -\" \/>\n<meta property=\"og:description\" content=\"Por Redacci\u00f3n NotiExpress | La Revista del Sector Inmobiliario Durante el primer trimestre del 2022\u00a0se...\" \/>\n<meta property=\"og:url\" content=\"https:\/\/quehacerpolitico.mx\/?p=91838\" \/>\n<meta property=\"article:published_time\" content=\"2022-04-25T19:31:14+00:00\" \/>\n<meta property=\"article:modified_time\" content=\"2022-04-25T19:31:19+00:00\" \/>\n<meta property=\"og:image\" content=\"https:\/\/quehacerpolitico.mx\/wp-content\/uploads\/2022\/04\/9BAC3A74-1B37-449E-98B5-782EF8B24612.jpeg\" \/>\n\t<meta property=\"og:image:width\" content=\"2048\" \/>\n\t<meta property=\"og:image:height\" content=\"1245\" \/>\n\t<meta property=\"og:image:type\" content=\"image\/jpeg\" \/>\n<meta name=\"author\" content=\"Redacci\u00f3n QP\" \/>\n<meta name=\"twitter:card\" content=\"summary_large_image\" \/>\n<meta name=\"twitter:label1\" content=\"Escrito por\" \/>\n\t<meta name=\"twitter:data1\" content=\"Redacci\u00f3n QP\" \/>\n\t<meta name=\"twitter:label2\" content=\"Tiempo de lectura\" \/>\n\t<meta name=\"twitter:data2\" content=\"2 minutos\" \/>\n<script type=\"application\/ld+json\" class=\"yoast-schema-graph\">{\"@context\":\"https:\\\/\\\/schema.org\",\"@graph\":[{\"@type\":\"Article\",\"@id\":\"https:\\\/\\\/quehacerpolitico.mx\\\/?p=91838#article\",\"isPartOf\":{\"@id\":\"https:\\\/\\\/quehacerpolitico.mx\\\/?p=91838\"},\"author\":{\"name\":\"Redacci\u00f3n QP\",\"@id\":\"https:\\\/\\\/quehacerpolitico.mx\\\/#\\\/schema\\\/person\\\/496d8ad2d1d3f8036101dca7ee39e585\"},\"headline\":\"Zona conurbada de EdoM\u00e9x e Hidalgo tiene mas demanda de vivienda que la CDMX\ufffc\ufffc\",\"datePublished\":\"2022-04-25T19:31:14+00:00\",\"dateModified\":\"2022-04-25T19:31:19+00:00\",\"mainEntityOfPage\":{\"@id\":\"https:\\\/\\\/quehacerpolitico.mx\\\/?p=91838\"},\"wordCount\":481,\"commentCount\":0,\"image\":{\"@id\":\"https:\\\/\\\/quehacerpolitico.mx\\\/?p=91838#primaryimage\"},\"thumbnailUrl\":\"https:\\\/\\\/quehacerpolitico.mx\\\/wp-content\\\/uploads\\\/2022\\\/04\\\/9BAC3A74-1B37-449E-98B5-782EF8B24612.jpeg\",\"articleSection\":[\"Econom\u00eda\"],\"inLanguage\":\"es\",\"potentialAction\":[{\"@type\":\"CommentAction\",\"name\":\"Comment\",\"target\":[\"https:\\\/\\\/quehacerpolitico.mx\\\/?p=91838#respond\"]}]},{\"@type\":\"WebPage\",\"@id\":\"https:\\\/\\\/quehacerpolitico.mx\\\/?p=91838\",\"url\":\"https:\\\/\\\/quehacerpolitico.mx\\\/?p=91838\",\"name\":\"Zona conurbada de EdoM\u00e9x e Hidalgo tiene mas demanda de vivienda que la CDMX\ufffc\ufffc -\",\"isPartOf\":{\"@id\":\"https:\\\/\\\/quehacerpolitico.mx\\\/#website\"},\"primaryImageOfPage\":{\"@id\":\"https:\\\/\\\/quehacerpolitico.mx\\\/?p=91838#primaryimage\"},\"image\":{\"@id\":\"https:\\\/\\\/quehacerpolitico.mx\\\/?p=91838#primaryimage\"},\"thumbnailUrl\":\"https:\\\/\\\/quehacerpolitico.mx\\\/wp-content\\\/uploads\\\/2022\\\/04\\\/9BAC3A74-1B37-449E-98B5-782EF8B24612.jpeg\",\"datePublished\":\"2022-04-25T19:31:14+00:00\",\"dateModified\":\"2022-04-25T19:31:19+00:00\",\"author\":{\"@id\":\"https:\\\/\\\/quehacerpolitico.mx\\\/#\\\/schema\\\/person\\\/496d8ad2d1d3f8036101dca7ee39e585\"},\"breadcrumb\":{\"@id\":\"https:\\\/\\\/quehacerpolitico.mx\\\/?p=91838#breadcrumb\"},\"inLanguage\":\"es\",\"potentialAction\":[{\"@type\":\"ReadAction\",\"target\":[\"https:\\\/\\\/quehacerpolitico.mx\\\/?p=91838\"]}]},{\"@type\":\"ImageObject\",\"inLanguage\":\"es\",\"@id\":\"https:\\\/\\\/quehacerpolitico.mx\\\/?p=91838#primaryimage\",\"url\":\"https:\\\/\\\/quehacerpolitico.mx\\\/wp-content\\\/uploads\\\/2022\\\/04\\\/9BAC3A74-1B37-449E-98B5-782EF8B24612.jpeg\",\"contentUrl\":\"https:\\\/\\\/quehacerpolitico.mx\\\/wp-content\\\/uploads\\\/2022\\\/04\\\/9BAC3A74-1B37-449E-98B5-782EF8B24612.jpeg\",\"width\":2048,\"height\":1245},{\"@type\":\"BreadcrumbList\",\"@id\":\"https:\\\/\\\/quehacerpolitico.mx\\\/?p=91838#breadcrumb\",\"itemListElement\":[{\"@type\":\"ListItem\",\"position\":1,\"name\":\"Inicio\",\"item\":\"https:\\\/\\\/quehacerpolitico.mx\\\/\"},{\"@type\":\"ListItem\",\"position\":2,\"name\":\"Zona conurbada de EdoM\u00e9x e Hidalgo tiene mas demanda de vivienda que la CDMX\ufffc\ufffc\"}]},{\"@type\":\"WebSite\",\"@id\":\"https:\\\/\\\/quehacerpolitico.mx\\\/#website\",\"url\":\"https:\\\/\\\/quehacerpolitico.mx\\\/\",\"name\":\"\",\"description\":\"\",\"potentialAction\":[{\"@type\":\"SearchAction\",\"target\":{\"@type\":\"EntryPoint\",\"urlTemplate\":\"https:\\\/\\\/quehacerpolitico.mx\\\/?s={search_term_string}\"},\"query-input\":{\"@type\":\"PropertyValueSpecification\",\"valueRequired\":true,\"valueName\":\"search_term_string\"}}],\"inLanguage\":\"es\"},{\"@type\":\"Person\",\"@id\":\"https:\\\/\\\/quehacerpolitico.mx\\\/#\\\/schema\\\/person\\\/496d8ad2d1d3f8036101dca7ee39e585\",\"name\":\"Redacci\u00f3n QP\",\"image\":{\"@type\":\"ImageObject\",\"inLanguage\":\"es\",\"@id\":\"https:\\\/\\\/secure.gravatar.com\\\/avatar\\\/c7164ed6fdec453195284ad24a5ae5b6e1eed2b848477fa2a4787ba9adf39a41?s=96&d=mm&r=g\",\"url\":\"https:\\\/\\\/secure.gravatar.com\\\/avatar\\\/c7164ed6fdec453195284ad24a5ae5b6e1eed2b848477fa2a4787ba9adf39a41?s=96&d=mm&r=g\",\"contentUrl\":\"https:\\\/\\\/secure.gravatar.com\\\/avatar\\\/c7164ed6fdec453195284ad24a5ae5b6e1eed2b848477fa2a4787ba9adf39a41?s=96&d=mm&r=g\",\"caption\":\"Redacci\u00f3n QP\"},\"url\":\"https:\\\/\\\/quehacerpolitico.mx\\\/?author=2\"}]}<\/script>\n<!-- \/ Yoast SEO plugin. -->","yoast_head_json":{"title":"Zona conurbada de EdoM\u00e9x e Hidalgo tiene mas demanda de vivienda que la CDMX\ufffc\ufffc -","robots":{"index":"index","follow":"follow","max-snippet":"max-snippet:-1","max-image-preview":"max-image-preview:large","max-video-preview":"max-video-preview:-1"},"canonical":"https:\/\/quehacerpolitico.mx\/?p=91838","og_locale":"es_MX","og_type":"article","og_title":"Zona conurbada de EdoM\u00e9x e Hidalgo tiene mas demanda de vivienda que la CDMX\ufffc\ufffc -","og_description":"Por Redacci\u00f3n NotiExpress | La Revista del Sector Inmobiliario Durante el primer trimestre del 2022\u00a0se...","og_url":"https:\/\/quehacerpolitico.mx\/?p=91838","article_published_time":"2022-04-25T19:31:14+00:00","article_modified_time":"2022-04-25T19:31:19+00:00","og_image":[{"width":2048,"height":1245,"url":"https:\/\/quehacerpolitico.mx\/wp-content\/uploads\/2022\/04\/9BAC3A74-1B37-449E-98B5-782EF8B24612.jpeg","type":"image\/jpeg"}],"author":"Redacci\u00f3n QP","twitter_card":"summary_large_image","twitter_misc":{"Escrito por":"Redacci\u00f3n QP","Tiempo de lectura":"2 minutos"},"schema":{"@context":"https:\/\/schema.org","@graph":[{"@type":"Article","@id":"https:\/\/quehacerpolitico.mx\/?p=91838#article","isPartOf":{"@id":"https:\/\/quehacerpolitico.mx\/?p=91838"},"author":{"name":"Redacci\u00f3n QP","@id":"https:\/\/quehacerpolitico.mx\/#\/schema\/person\/496d8ad2d1d3f8036101dca7ee39e585"},"headline":"Zona conurbada de EdoM\u00e9x e Hidalgo tiene mas demanda de vivienda que la CDMX\ufffc\ufffc","datePublished":"2022-04-25T19:31:14+00:00","dateModified":"2022-04-25T19:31:19+00:00","mainEntityOfPage":{"@id":"https:\/\/quehacerpolitico.mx\/?p=91838"},"wordCount":481,"commentCount":0,"image":{"@id":"https:\/\/quehacerpolitico.mx\/?p=91838#primaryimage"},"thumbnailUrl":"https:\/\/quehacerpolitico.mx\/wp-content\/uploads\/2022\/04\/9BAC3A74-1B37-449E-98B5-782EF8B24612.jpeg","articleSection":["Econom\u00eda"],"inLanguage":"es","potentialAction":[{"@type":"CommentAction","name":"Comment","target":["https:\/\/quehacerpolitico.mx\/?p=91838#respond"]}]},{"@type":"WebPage","@id":"https:\/\/quehacerpolitico.mx\/?p=91838","url":"https:\/\/quehacerpolitico.mx\/?p=91838","name":"Zona conurbada de EdoM\u00e9x e Hidalgo tiene mas demanda de vivienda que la CDMX\ufffc\ufffc -","isPartOf":{"@id":"https:\/\/quehacerpolitico.mx\/#website"},"primaryImageOfPage":{"@id":"https:\/\/quehacerpolitico.mx\/?p=91838#primaryimage"},"image":{"@id":"https:\/\/quehacerpolitico.mx\/?p=91838#primaryimage"},"thumbnailUrl":"https:\/\/quehacerpolitico.mx\/wp-content\/uploads\/2022\/04\/9BAC3A74-1B37-449E-98B5-782EF8B24612.jpeg","datePublished":"2022-04-25T19:31:14+00:00","dateModified":"2022-04-25T19:31:19+00:00","author":{"@id":"https:\/\/quehacerpolitico.mx\/#\/schema\/person\/496d8ad2d1d3f8036101dca7ee39e585"},"breadcrumb":{"@id":"https:\/\/quehacerpolitico.mx\/?p=91838#breadcrumb"},"inLanguage":"es","potentialAction":[{"@type":"ReadAction","target":["https:\/\/quehacerpolitico.mx\/?p=91838"]}]},{"@type":"ImageObject","inLanguage":"es","@id":"https:\/\/quehacerpolitico.mx\/?p=91838#primaryimage","url":"https:\/\/quehacerpolitico.mx\/wp-content\/uploads\/2022\/04\/9BAC3A74-1B37-449E-98B5-782EF8B24612.jpeg","contentUrl":"https:\/\/quehacerpolitico.mx\/wp-content\/uploads\/2022\/04\/9BAC3A74-1B37-449E-98B5-782EF8B24612.jpeg","width":2048,"height":1245},{"@type":"BreadcrumbList","@id":"https:\/\/quehacerpolitico.mx\/?p=91838#breadcrumb","itemListElement":[{"@type":"ListItem","position":1,"name":"Inicio","item":"https:\/\/quehacerpolitico.mx\/"},{"@type":"ListItem","position":2,"name":"Zona conurbada de EdoM\u00e9x e Hidalgo tiene mas demanda de vivienda que la CDMX\ufffc\ufffc"}]},{"@type":"WebSite","@id":"https:\/\/quehacerpolitico.mx\/#website","url":"https:\/\/quehacerpolitico.mx\/","name":"","description":"","potentialAction":[{"@type":"SearchAction","target":{"@type":"EntryPoint","urlTemplate":"https:\/\/quehacerpolitico.mx\/?s={search_term_string}"},"query-input":{"@type":"PropertyValueSpecification","valueRequired":true,"valueName":"search_term_string"}}],"inLanguage":"es"},{"@type":"Person","@id":"https:\/\/quehacerpolitico.mx\/#\/schema\/person\/496d8ad2d1d3f8036101dca7ee39e585","name":"Redacci\u00f3n QP","image":{"@type":"ImageObject","inLanguage":"es","@id":"https:\/\/secure.gravatar.com\/avatar\/c7164ed6fdec453195284ad24a5ae5b6e1eed2b848477fa2a4787ba9adf39a41?s=96&d=mm&r=g","url":"https:\/\/secure.gravatar.com\/avatar\/c7164ed6fdec453195284ad24a5ae5b6e1eed2b848477fa2a4787ba9adf39a41?s=96&d=mm&r=g","contentUrl":"https:\/\/secure.gravatar.com\/avatar\/c7164ed6fdec453195284ad24a5ae5b6e1eed2b848477fa2a4787ba9adf39a41?s=96&d=mm&r=g","caption":"Redacci\u00f3n QP"},"url":"https:\/\/quehacerpolitico.mx\/?author=2"}]}},"featured_image_urls":{"full":["https:\/\/quehacerpolitico.mx\/wp-content\/uploads\/2022\/04\/9BAC3A74-1B37-449E-98B5-782EF8B24612.jpeg",2048,1245,false],"thumbnail":["https:\/\/quehacerpolitico.mx\/wp-content\/uploads\/2022\/04\/9BAC3A74-1B37-449E-98B5-782EF8B24612-150x150.jpeg",150,150,true],"medium":["https:\/\/quehacerpolitico.mx\/wp-content\/uploads\/2022\/04\/9BAC3A74-1B37-449E-98B5-782EF8B24612-300x182.jpeg",300,182,true],"medium_large":["https:\/\/quehacerpolitico.mx\/wp-content\/uploads\/2022\/04\/9BAC3A74-1B37-449E-98B5-782EF8B24612-768x467.jpeg",640,389,true],"large":["https:\/\/quehacerpolitico.mx\/wp-content\/uploads\/2022\/04\/9BAC3A74-1B37-449E-98B5-782EF8B24612-1024x623.jpeg",640,389,true],"1536x1536":["https:\/\/quehacerpolitico.mx\/wp-content\/uploads\/2022\/04\/9BAC3A74-1B37-449E-98B5-782EF8B24612-1536x934.jpeg",1536,934,true],"2048x2048":["https:\/\/quehacerpolitico.mx\/wp-content\/uploads\/2022\/04\/9BAC3A74-1B37-449E-98B5-782EF8B24612.jpeg",2048,1245,false],"covernews-featured":["https:\/\/quehacerpolitico.mx\/wp-content\/uploads\/2022\/04\/9BAC3A74-1B37-449E-98B5-782EF8B24612.jpeg",1024,623,false],"covernews-medium":["https:\/\/quehacerpolitico.mx\/wp-content\/uploads\/2022\/04\/9BAC3A74-1B37-449E-98B5-782EF8B24612.jpeg",540,328,false]},"author_info":{"display_name":"Redacci\u00f3n QP","author_link":"https:\/\/quehacerpolitico.mx\/?author=2"},"category_info":"<a href=\"https:\/\/quehacerpolitico.mx\/?cat=56\" rel=\"category\">Econom\u00eda<\/a>","tag_info":"Econom\u00eda","comment_count":"0","_links":{"self":[{"href":"https:\/\/quehacerpolitico.mx\/index.php?rest_route=\/wp\/v2\/posts\/91838","targetHints":{"allow":["GET"]}}],"collection":[{"href":"https:\/\/quehacerpolitico.mx\/index.php?rest_route=\/wp\/v2\/posts"}],"about":[{"href":"https:\/\/quehacerpolitico.mx\/index.php?rest_route=\/wp\/v2\/types\/post"}],"author":[{"embeddable":true,"href":"https:\/\/quehacerpolitico.mx\/index.php?rest_route=\/wp\/v2\/users\/2"}],"replies":[{"embeddable":true,"href":"https:\/\/quehacerpolitico.mx\/index.php?rest_route=%2Fwp%2Fv2%2Fcomments&post=91838"}],"version-history":[{"count":1,"href":"https:\/\/quehacerpolitico.mx\/index.php?rest_route=\/wp\/v2\/posts\/91838\/revisions"}],"predecessor-version":[{"id":91843,"href":"https:\/\/quehacerpolitico.mx\/index.php?rest_route=\/wp\/v2\/posts\/91838\/revisions\/91843"}],"wp:featuredmedia":[{"embeddable":true,"href":"https:\/\/quehacerpolitico.mx\/index.php?rest_route=\/wp\/v2\/media\/91842"}],"wp:attachment":[{"href":"https:\/\/quehacerpolitico.mx\/index.php?rest_route=%2Fwp%2Fv2%2Fmedia&parent=91838"}],"wp:term":[{"taxonomy":"category","embeddable":true,"href":"https:\/\/quehacerpolitico.mx\/index.php?rest_route=%2Fwp%2Fv2%2Fcategories&post=91838"},{"taxonomy":"post_tag","embeddable":true,"href":"https:\/\/quehacerpolitico.mx\/index.php?rest_route=%2Fwp%2Fv2%2Ftags&post=91838"}],"curies":[{"name":"wp","href":"https:\/\/api.w.org\/{rel}","templated":true}]}}