{"id":91829,"date":"2022-04-25T17:04:14","date_gmt":"2022-04-25T17:04:14","guid":{"rendered":"https:\/\/quehacerpolitico.mx\/?p=91829"},"modified":"2022-04-25T17:04:18","modified_gmt":"2022-04-25T17:04:18","slug":"lopez-obrador-admite-que-no-se-ha-podido-desterrar-la-corrupcion-del-gobierno","status":"publish","type":"post","link":"https:\/\/quehacerpolitico.mx\/?p=91829","title":{"rendered":"L\u00f3pez Obrador admite que no se ha podido desterrar la corrupci\u00f3n del gobierno\u00a0"},"content":{"rendered":"\n<p>Por Redacci\u00f3n QP<\/p>\n\n\n\n<p>L\u00f3pez Obrador reconoce\u00a0que va a llevar tiempo limpiar al Gobierno federal de la corrupci\u00f3n que &#8220;se enquist\u00f3 durante todo el periodo neoliberal&#8221;<\/p>\n\n\n\n<p>El Presidente\u00a0Andres Manuel Lopez Obrador reconocio que no se ha podido desterrar la corrupci\u00f3n de su gobierno,\u00a0<strong>pero asegur\u00f3 que se ha logrado avanzar en ese prop\u00f3sito<\/strong>, que es fundamental para liberar fondos para el desarrollo.<\/p>\n\n\n\n<blockquote class=\"wp-block-quote is-layout-flow wp-block-quote-is-layout-flow\"><p>&#8220;Se dedicaron a saquear, a robar. Entonces lleva tiempo limpiar&#8221;<\/p><\/blockquote>\n\n\n\n<p>En su\u00a0conferencia \u201cma\u00f1anera\u201d de este lunes en Palacio Nacional, L\u00f3pez Obrador\u00a0<strong>admiti\u00f3 que va a llevar tiempo limpiar al Gobierno federal de la corrupci\u00f3n que &#8220;se enquist\u00f3 durante todo el periodo neoliberal&#8221;<\/strong>.<\/p>\n\n\n\n<p><strong>&#8220;Siento que hemos avanzado bastante, mucho, en el combate a la corrupci\u00f3n, pero todav\u00eda falta seguir limpiando, porque fueron siglos de corrupci\u00f3n y sobre todo el \u00faltimo periodo, del 82 a 2018; 36 a\u00f1os, el periodo neoliberal&#8221;<\/strong>.<\/p>\n\n\n\n<figure class=\"wp-block-embed is-type-video is-provider-youtube wp-block-embed-youtube wp-embed-aspect-16-9 wp-has-aspect-ratio\"><div class=\"wp-block-embed__wrapper\">\n<iframe loading=\"lazy\" title=\"No se ha podido desterrar la corrupci\u00f3n del gobierno, reconoce AMLO\" width=\"640\" height=\"360\" src=\"https:\/\/www.youtube.com\/embed\/U9R3JH6Fhvo?feature=oembed\" frameborder=\"0\" allow=\"accelerometer; autoplay; clipboard-write; encrypted-media; gyroscope; picture-in-picture; web-share\" referrerpolicy=\"strict-origin-when-cross-origin\" allowfullscreen><\/iframe>\n<\/div><\/figure>\n\n\n\n<p><strong>&#8220;Se dedicaron a saquear, a robar. Entonces lleva tiempo limpiar<\/strong>, lo importante es no cansarnos y seguir denunciando y seguir combatiendo la corrupci\u00f3n, porque entre otras cosas, y eso es tambi\u00e9n importante que se considere, si se acaba la corrupci\u00f3n, tenemos fondos para el desarrollo. Cuando hay corrupci\u00f3n, el presupuesto no alcanza para beneficiar al pueblo, se lo roban&#8221;, remarc\u00f3.<\/p>\n\n\n\n<p><strong>Record\u00f3 que un prop\u00f3sito de su gobierno es desterrar la corrupci\u00f3n, porque eso es lo que m\u00e1s da\u00f1o ha causado a M\u00e9xico<\/strong>: &#8220;No es pandemia, es peste, que es lo peor, es la causa principal de la pobreza, de la desigualdad, de la violencia. Entonces estamos desde el principio combatiendo la corrupci\u00f3n de arriba abajo, no permitiendo arriba, porque eso era lo peor, el mal ejemplo&#8221;.<\/p>\n\n\n\n<p>L\u00f3pez Obrador se\u00f1al\u00f3 que la corrupci\u00f3n hay que combatirla no solo por razones \u00e9ticas o morales, sino porque es mucho lo que se va &#8220;por el ca\u00f1o de la corrupci\u00f3n&#8221;.<\/p>\n\n\n\n<p><strong>&#8220;Nosotros podemos hacer obras sin deuda porque no hay corrupci\u00f3n<\/strong>. \u00bfC\u00f3mo podr\u00edamos haber hecho el nuevo Aeropuerto con corrupci\u00f3n? Si estaba estimado el aeropuerto de Texcoco en 300 mil millones e hicimos el nuevo aeropuerto Felipe \u00c1ngeles en 75 mil; a\u00fan pagando a las empresas que ya ten\u00edan contrato 100 mil millones, tenemos un ahorro de 125 mil millones de pesos y as\u00ed puedo hablar de cu\u00e1nto se le daba por ejemplo a Antorcha Campesina, a los dirigentes, cada a\u00f1o 15, 20 mil millones de pesos, ahora se entrega el dinero de manera directa a la gente&#8221;, destac\u00f3.<\/p>\n\n\n\n<p>Asegur\u00f3 que en sexenios anteriores hab\u00eda un fideicomiso en el que los impuestos que se cobran a los turistas, supuestamente se utilizaban para la promoci\u00f3n tur\u00edstica, pero el dinero se utilizaba para publicidad del gobierno y no hab\u00eda ninguna promoci\u00f3n tur\u00edstica, sino que a las empresas de comunicaci\u00f3n se les pagaba como 10 mil millones de pesos.<\/p>\n\n\n\n<p>El Presidente de la Rep\u00fablica\u00a0<strong>sostuvo que la corrupci\u00f3n en el gobierno tambi\u00e9n tiene que ver mucho con las convicciones de los servidores p\u00fablicos<\/strong>, por lo que &#8220;es muy importante seguir moralizando, por eso el cambio generacional tiene que apoyarse y sostenerse la moralizaci\u00f3n de la vida p\u00fablica, en purificar la vida p\u00fablica, los j\u00f3venes que se dediquen al noble oficio de la pol\u00edtica tienen que entender que la pol\u00edtica es un imperativo \u00e9tico y que no es para robar&#8221;.<\/p>\n\n\n\n<p>Con informaci\u00f3n de SUN<\/p>\n","protected":false},"excerpt":{"rendered":"<p>Por Redacci\u00f3n QP L\u00f3pez Obrador reconoce\u00a0que va a llevar tiempo limpiar al Gobierno federal de&#8230;<\/p>\n","protected":false},"author":2,"featured_media":91830,"comment_status":"open","ping_status":"open","sticky":false,"template":"","format":"standard","meta":{"_monsterinsights_skip_tracking":false,"_monsterinsights_sitenote_active":false,"_monsterinsights_sitenote_note":"","_monsterinsights_sitenote_category":0,"footnotes":""},"categories":[2],"tags":[],"class_list":["post-91829","post","type-post","status-publish","format-standard","has-post-thumbnail","hentry","category-noticias"],"yoast_head":"<!-- This site is optimized with the Yoast SEO plugin v27.3 - https:\/\/yoast.com\/product\/yoast-seo-wordpress\/ -->\n<title>L\u00f3pez Obrador admite que no se ha podido desterrar la corrupci\u00f3n del gobierno\u00a0 -<\/title>\n<meta name=\"robots\" content=\"index, follow, max-snippet:-1, max-image-preview:large, max-video-preview:-1\" \/>\n<link rel=\"canonical\" href=\"https:\/\/quehacerpolitico.mx\/?p=91829\" \/>\n<meta property=\"og:locale\" content=\"es_MX\" \/>\n<meta property=\"og:type\" content=\"article\" \/>\n<meta property=\"og:title\" content=\"L\u00f3pez Obrador admite que no se ha podido desterrar la corrupci\u00f3n del gobierno\u00a0 -\" \/>\n<meta property=\"og:description\" content=\"Por Redacci\u00f3n QP L\u00f3pez Obrador reconoce\u00a0que va a llevar tiempo limpiar al Gobierno federal de...\" \/>\n<meta property=\"og:url\" content=\"https:\/\/quehacerpolitico.mx\/?p=91829\" \/>\n<meta property=\"article:published_time\" content=\"2022-04-25T17:04:14+00:00\" \/>\n<meta property=\"article:modified_time\" content=\"2022-04-25T17:04:18+00:00\" \/>\n<meta property=\"og:image\" content=\"https:\/\/quehacerpolitico.mx\/wp-content\/uploads\/2022\/04\/9F9EDB9E-C188-4A4E-9283-DD8709D27797.jpeg\" \/>\n\t<meta property=\"og:image:width\" content=\"943\" \/>\n\t<meta property=\"og:image:height\" content=\"708\" \/>\n\t<meta property=\"og:image:type\" content=\"image\/jpeg\" \/>\n<meta name=\"author\" content=\"Redacci\u00f3n QP\" \/>\n<meta name=\"twitter:card\" content=\"summary_large_image\" \/>\n<meta name=\"twitter:label1\" content=\"Escrito por\" \/>\n\t<meta name=\"twitter:data1\" content=\"Redacci\u00f3n QP\" \/>\n\t<meta name=\"twitter:label2\" content=\"Tiempo de lectura\" \/>\n\t<meta name=\"twitter:data2\" content=\"3 minutos\" \/>\n<script type=\"application\/ld+json\" class=\"yoast-schema-graph\">{\"@context\":\"https:\\\/\\\/schema.org\",\"@graph\":[{\"@type\":\"Article\",\"@id\":\"https:\\\/\\\/quehacerpolitico.mx\\\/?p=91829#article\",\"isPartOf\":{\"@id\":\"https:\\\/\\\/quehacerpolitico.mx\\\/?p=91829\"},\"author\":{\"name\":\"Redacci\u00f3n QP\",\"@id\":\"https:\\\/\\\/quehacerpolitico.mx\\\/#\\\/schema\\\/person\\\/496d8ad2d1d3f8036101dca7ee39e585\"},\"headline\":\"L\u00f3pez Obrador admite que no se ha podido desterrar la corrupci\u00f3n del gobierno\u00a0\",\"datePublished\":\"2022-04-25T17:04:14+00:00\",\"dateModified\":\"2022-04-25T17:04:18+00:00\",\"mainEntityOfPage\":{\"@id\":\"https:\\\/\\\/quehacerpolitico.mx\\\/?p=91829\"},\"wordCount\":603,\"commentCount\":0,\"image\":{\"@id\":\"https:\\\/\\\/quehacerpolitico.mx\\\/?p=91829#primaryimage\"},\"thumbnailUrl\":\"https:\\\/\\\/quehacerpolitico.mx\\\/wp-content\\\/uploads\\\/2022\\\/04\\\/9F9EDB9E-C188-4A4E-9283-DD8709D27797.jpeg\",\"articleSection\":[\"Noticias\"],\"inLanguage\":\"es\",\"potentialAction\":[{\"@type\":\"CommentAction\",\"name\":\"Comment\",\"target\":[\"https:\\\/\\\/quehacerpolitico.mx\\\/?p=91829#respond\"]}]},{\"@type\":\"WebPage\",\"@id\":\"https:\\\/\\\/quehacerpolitico.mx\\\/?p=91829\",\"url\":\"https:\\\/\\\/quehacerpolitico.mx\\\/?p=91829\",\"name\":\"L\u00f3pez Obrador admite que no se ha podido desterrar la corrupci\u00f3n del gobierno\u00a0 -\",\"isPartOf\":{\"@id\":\"https:\\\/\\\/quehacerpolitico.mx\\\/#website\"},\"primaryImageOfPage\":{\"@id\":\"https:\\\/\\\/quehacerpolitico.mx\\\/?p=91829#primaryimage\"},\"image\":{\"@id\":\"https:\\\/\\\/quehacerpolitico.mx\\\/?p=91829#primaryimage\"},\"thumbnailUrl\":\"https:\\\/\\\/quehacerpolitico.mx\\\/wp-content\\\/uploads\\\/2022\\\/04\\\/9F9EDB9E-C188-4A4E-9283-DD8709D27797.jpeg\",\"datePublished\":\"2022-04-25T17:04:14+00:00\",\"dateModified\":\"2022-04-25T17:04:18+00:00\",\"author\":{\"@id\":\"https:\\\/\\\/quehacerpolitico.mx\\\/#\\\/schema\\\/person\\\/496d8ad2d1d3f8036101dca7ee39e585\"},\"breadcrumb\":{\"@id\":\"https:\\\/\\\/quehacerpolitico.mx\\\/?p=91829#breadcrumb\"},\"inLanguage\":\"es\",\"potentialAction\":[{\"@type\":\"ReadAction\",\"target\":[\"https:\\\/\\\/quehacerpolitico.mx\\\/?p=91829\"]}]},{\"@type\":\"ImageObject\",\"inLanguage\":\"es\",\"@id\":\"https:\\\/\\\/quehacerpolitico.mx\\\/?p=91829#primaryimage\",\"url\":\"https:\\\/\\\/quehacerpolitico.mx\\\/wp-content\\\/uploads\\\/2022\\\/04\\\/9F9EDB9E-C188-4A4E-9283-DD8709D27797.jpeg\",\"contentUrl\":\"https:\\\/\\\/quehacerpolitico.mx\\\/wp-content\\\/uploads\\\/2022\\\/04\\\/9F9EDB9E-C188-4A4E-9283-DD8709D27797.jpeg\",\"width\":943,\"height\":708},{\"@type\":\"BreadcrumbList\",\"@id\":\"https:\\\/\\\/quehacerpolitico.mx\\\/?p=91829#breadcrumb\",\"itemListElement\":[{\"@type\":\"ListItem\",\"position\":1,\"name\":\"Inicio\",\"item\":\"https:\\\/\\\/quehacerpolitico.mx\\\/\"},{\"@type\":\"ListItem\",\"position\":2,\"name\":\"L\u00f3pez Obrador admite que no se ha podido desterrar la corrupci\u00f3n del gobierno\u00a0\"}]},{\"@type\":\"WebSite\",\"@id\":\"https:\\\/\\\/quehacerpolitico.mx\\\/#website\",\"url\":\"https:\\\/\\\/quehacerpolitico.mx\\\/\",\"name\":\"\",\"description\":\"\",\"potentialAction\":[{\"@type\":\"SearchAction\",\"target\":{\"@type\":\"EntryPoint\",\"urlTemplate\":\"https:\\\/\\\/quehacerpolitico.mx\\\/?s={search_term_string}\"},\"query-input\":{\"@type\":\"PropertyValueSpecification\",\"valueRequired\":true,\"valueName\":\"search_term_string\"}}],\"inLanguage\":\"es\"},{\"@type\":\"Person\",\"@id\":\"https:\\\/\\\/quehacerpolitico.mx\\\/#\\\/schema\\\/person\\\/496d8ad2d1d3f8036101dca7ee39e585\",\"name\":\"Redacci\u00f3n QP\",\"image\":{\"@type\":\"ImageObject\",\"inLanguage\":\"es\",\"@id\":\"https:\\\/\\\/secure.gravatar.com\\\/avatar\\\/c7164ed6fdec453195284ad24a5ae5b6e1eed2b848477fa2a4787ba9adf39a41?s=96&d=mm&r=g\",\"url\":\"https:\\\/\\\/secure.gravatar.com\\\/avatar\\\/c7164ed6fdec453195284ad24a5ae5b6e1eed2b848477fa2a4787ba9adf39a41?s=96&d=mm&r=g\",\"contentUrl\":\"https:\\\/\\\/secure.gravatar.com\\\/avatar\\\/c7164ed6fdec453195284ad24a5ae5b6e1eed2b848477fa2a4787ba9adf39a41?s=96&d=mm&r=g\",\"caption\":\"Redacci\u00f3n QP\"},\"url\":\"https:\\\/\\\/quehacerpolitico.mx\\\/?author=2\"}]}<\/script>\n<!-- \/ Yoast SEO plugin. -->","yoast_head_json":{"title":"L\u00f3pez Obrador admite que no se ha podido desterrar la corrupci\u00f3n del gobierno\u00a0 -","robots":{"index":"index","follow":"follow","max-snippet":"max-snippet:-1","max-image-preview":"max-image-preview:large","max-video-preview":"max-video-preview:-1"},"canonical":"https:\/\/quehacerpolitico.mx\/?p=91829","og_locale":"es_MX","og_type":"article","og_title":"L\u00f3pez Obrador admite que no se ha podido desterrar la corrupci\u00f3n del gobierno\u00a0 -","og_description":"Por Redacci\u00f3n QP L\u00f3pez Obrador reconoce\u00a0que va a llevar tiempo limpiar al Gobierno federal de...","og_url":"https:\/\/quehacerpolitico.mx\/?p=91829","article_published_time":"2022-04-25T17:04:14+00:00","article_modified_time":"2022-04-25T17:04:18+00:00","og_image":[{"width":943,"height":708,"url":"https:\/\/quehacerpolitico.mx\/wp-content\/uploads\/2022\/04\/9F9EDB9E-C188-4A4E-9283-DD8709D27797.jpeg","type":"image\/jpeg"}],"author":"Redacci\u00f3n QP","twitter_card":"summary_large_image","twitter_misc":{"Escrito por":"Redacci\u00f3n QP","Tiempo de lectura":"3 minutos"},"schema":{"@context":"https:\/\/schema.org","@graph":[{"@type":"Article","@id":"https:\/\/quehacerpolitico.mx\/?p=91829#article","isPartOf":{"@id":"https:\/\/quehacerpolitico.mx\/?p=91829"},"author":{"name":"Redacci\u00f3n QP","@id":"https:\/\/quehacerpolitico.mx\/#\/schema\/person\/496d8ad2d1d3f8036101dca7ee39e585"},"headline":"L\u00f3pez Obrador admite que no se ha podido desterrar la corrupci\u00f3n del gobierno\u00a0","datePublished":"2022-04-25T17:04:14+00:00","dateModified":"2022-04-25T17:04:18+00:00","mainEntityOfPage":{"@id":"https:\/\/quehacerpolitico.mx\/?p=91829"},"wordCount":603,"commentCount":0,"image":{"@id":"https:\/\/quehacerpolitico.mx\/?p=91829#primaryimage"},"thumbnailUrl":"https:\/\/quehacerpolitico.mx\/wp-content\/uploads\/2022\/04\/9F9EDB9E-C188-4A4E-9283-DD8709D27797.jpeg","articleSection":["Noticias"],"inLanguage":"es","potentialAction":[{"@type":"CommentAction","name":"Comment","target":["https:\/\/quehacerpolitico.mx\/?p=91829#respond"]}]},{"@type":"WebPage","@id":"https:\/\/quehacerpolitico.mx\/?p=91829","url":"https:\/\/quehacerpolitico.mx\/?p=91829","name":"L\u00f3pez Obrador admite que no se ha podido desterrar la corrupci\u00f3n del gobierno\u00a0 -","isPartOf":{"@id":"https:\/\/quehacerpolitico.mx\/#website"},"primaryImageOfPage":{"@id":"https:\/\/quehacerpolitico.mx\/?p=91829#primaryimage"},"image":{"@id":"https:\/\/quehacerpolitico.mx\/?p=91829#primaryimage"},"thumbnailUrl":"https:\/\/quehacerpolitico.mx\/wp-content\/uploads\/2022\/04\/9F9EDB9E-C188-4A4E-9283-DD8709D27797.jpeg","datePublished":"2022-04-25T17:04:14+00:00","dateModified":"2022-04-25T17:04:18+00:00","author":{"@id":"https:\/\/quehacerpolitico.mx\/#\/schema\/person\/496d8ad2d1d3f8036101dca7ee39e585"},"breadcrumb":{"@id":"https:\/\/quehacerpolitico.mx\/?p=91829#breadcrumb"},"inLanguage":"es","potentialAction":[{"@type":"ReadAction","target":["https:\/\/quehacerpolitico.mx\/?p=91829"]}]},{"@type":"ImageObject","inLanguage":"es","@id":"https:\/\/quehacerpolitico.mx\/?p=91829#primaryimage","url":"https:\/\/quehacerpolitico.mx\/wp-content\/uploads\/2022\/04\/9F9EDB9E-C188-4A4E-9283-DD8709D27797.jpeg","contentUrl":"https:\/\/quehacerpolitico.mx\/wp-content\/uploads\/2022\/04\/9F9EDB9E-C188-4A4E-9283-DD8709D27797.jpeg","width":943,"height":708},{"@type":"BreadcrumbList","@id":"https:\/\/quehacerpolitico.mx\/?p=91829#breadcrumb","itemListElement":[{"@type":"ListItem","position":1,"name":"Inicio","item":"https:\/\/quehacerpolitico.mx\/"},{"@type":"ListItem","position":2,"name":"L\u00f3pez Obrador admite que no se ha podido desterrar la corrupci\u00f3n del gobierno\u00a0"}]},{"@type":"WebSite","@id":"https:\/\/quehacerpolitico.mx\/#website","url":"https:\/\/quehacerpolitico.mx\/","name":"","description":"","potentialAction":[{"@type":"SearchAction","target":{"@type":"EntryPoint","urlTemplate":"https:\/\/quehacerpolitico.mx\/?s={search_term_string}"},"query-input":{"@type":"PropertyValueSpecification","valueRequired":true,"valueName":"search_term_string"}}],"inLanguage":"es"},{"@type":"Person","@id":"https:\/\/quehacerpolitico.mx\/#\/schema\/person\/496d8ad2d1d3f8036101dca7ee39e585","name":"Redacci\u00f3n QP","image":{"@type":"ImageObject","inLanguage":"es","@id":"https:\/\/secure.gravatar.com\/avatar\/c7164ed6fdec453195284ad24a5ae5b6e1eed2b848477fa2a4787ba9adf39a41?s=96&d=mm&r=g","url":"https:\/\/secure.gravatar.com\/avatar\/c7164ed6fdec453195284ad24a5ae5b6e1eed2b848477fa2a4787ba9adf39a41?s=96&d=mm&r=g","contentUrl":"https:\/\/secure.gravatar.com\/avatar\/c7164ed6fdec453195284ad24a5ae5b6e1eed2b848477fa2a4787ba9adf39a41?s=96&d=mm&r=g","caption":"Redacci\u00f3n QP"},"url":"https:\/\/quehacerpolitico.mx\/?author=2"}]}},"featured_image_urls":{"full":["https:\/\/quehacerpolitico.mx\/wp-content\/uploads\/2022\/04\/9F9EDB9E-C188-4A4E-9283-DD8709D27797.jpeg",943,708,false],"thumbnail":["https:\/\/quehacerpolitico.mx\/wp-content\/uploads\/2022\/04\/9F9EDB9E-C188-4A4E-9283-DD8709D27797-150x150.jpeg",150,150,true],"medium":["https:\/\/quehacerpolitico.mx\/wp-content\/uploads\/2022\/04\/9F9EDB9E-C188-4A4E-9283-DD8709D27797-300x225.jpeg",300,225,true],"medium_large":["https:\/\/quehacerpolitico.mx\/wp-content\/uploads\/2022\/04\/9F9EDB9E-C188-4A4E-9283-DD8709D27797-768x577.jpeg",640,481,true],"large":["https:\/\/quehacerpolitico.mx\/wp-content\/uploads\/2022\/04\/9F9EDB9E-C188-4A4E-9283-DD8709D27797.jpeg",640,481,false],"1536x1536":["https:\/\/quehacerpolitico.mx\/wp-content\/uploads\/2022\/04\/9F9EDB9E-C188-4A4E-9283-DD8709D27797.jpeg",943,708,false],"2048x2048":["https:\/\/quehacerpolitico.mx\/wp-content\/uploads\/2022\/04\/9F9EDB9E-C188-4A4E-9283-DD8709D27797.jpeg",943,708,false],"covernews-featured":["https:\/\/quehacerpolitico.mx\/wp-content\/uploads\/2022\/04\/9F9EDB9E-C188-4A4E-9283-DD8709D27797.jpeg",943,708,false],"covernews-medium":["https:\/\/quehacerpolitico.mx\/wp-content\/uploads\/2022\/04\/9F9EDB9E-C188-4A4E-9283-DD8709D27797.jpeg",453,340,false]},"author_info":{"display_name":"Redacci\u00f3n QP","author_link":"https:\/\/quehacerpolitico.mx\/?author=2"},"category_info":"<a href=\"https:\/\/quehacerpolitico.mx\/?cat=2\" rel=\"category\">Noticias<\/a>","tag_info":"Noticias","comment_count":"0","_links":{"self":[{"href":"https:\/\/quehacerpolitico.mx\/index.php?rest_route=\/wp\/v2\/posts\/91829","targetHints":{"allow":["GET"]}}],"collection":[{"href":"https:\/\/quehacerpolitico.mx\/index.php?rest_route=\/wp\/v2\/posts"}],"about":[{"href":"https:\/\/quehacerpolitico.mx\/index.php?rest_route=\/wp\/v2\/types\/post"}],"author":[{"embeddable":true,"href":"https:\/\/quehacerpolitico.mx\/index.php?rest_route=\/wp\/v2\/users\/2"}],"replies":[{"embeddable":true,"href":"https:\/\/quehacerpolitico.mx\/index.php?rest_route=%2Fwp%2Fv2%2Fcomments&post=91829"}],"version-history":[{"count":1,"href":"https:\/\/quehacerpolitico.mx\/index.php?rest_route=\/wp\/v2\/posts\/91829\/revisions"}],"predecessor-version":[{"id":91831,"href":"https:\/\/quehacerpolitico.mx\/index.php?rest_route=\/wp\/v2\/posts\/91829\/revisions\/91831"}],"wp:featuredmedia":[{"embeddable":true,"href":"https:\/\/quehacerpolitico.mx\/index.php?rest_route=\/wp\/v2\/media\/91830"}],"wp:attachment":[{"href":"https:\/\/quehacerpolitico.mx\/index.php?rest_route=%2Fwp%2Fv2%2Fmedia&parent=91829"}],"wp:term":[{"taxonomy":"category","embeddable":true,"href":"https:\/\/quehacerpolitico.mx\/index.php?rest_route=%2Fwp%2Fv2%2Fcategories&post=91829"},{"taxonomy":"post_tag","embeddable":true,"href":"https:\/\/quehacerpolitico.mx\/index.php?rest_route=%2Fwp%2Fv2%2Ftags&post=91829"}],"curies":[{"name":"wp","href":"https:\/\/api.w.org\/{rel}","templated":true}]}}