{"id":91826,"date":"2022-04-25T16:50:49","date_gmt":"2022-04-25T16:50:49","guid":{"rendered":"https:\/\/quehacerpolitico.mx\/?p=91826"},"modified":"2022-04-25T16:50:52","modified_gmt":"2022-04-25T16:50:52","slug":"ebrard-destaca-entereza-de-lopez-obrador-frente-a-gobierno-de-trump","status":"publish","type":"post","link":"https:\/\/quehacerpolitico.mx\/?p=91826","title":{"rendered":"Ebrard destaca &#8220;entereza&#8221; de L\u00f3pez Obrador frente a gobierno de Trump\u00a0"},"content":{"rendered":"\n<p>Por Redacci\u00f3n QP<\/p>\n\n\n\n<p>Ebrard asegura\u00a0que gracias a la &#8220;entereza&#8221; de L\u00f3pez Obrador\u00a0fue posible excluir el cap\u00edtulo de integraci\u00f3n energ\u00e9tica en el\u00a0T-MEC<\/p>\n\n\n\n<p>El secretario de Relaciones Exteriores (SRE), Marcelo Ebrard, destac\u00f3 el actuar del presidente Andres Manuel Lopez Obrador\u00a0ante &#8220;momentos cr\u00edticos&#8221; y rechaz\u00f3 los dichos del expresidente de Estados Unidos, Donald Trump, quien\u00a0aseguro que doblo al gobierno de Mexico en materia migratoria.<\/p>\n\n\n\n<p>Luego de que este domingo el republicano resalt\u00f3 que en su administraci\u00f3n se &#8220;dobleg\u00f3&#8221; al gobierno de L\u00f3pez Obrador para que se colocaran 28 mil elementos de la Guardia Nacional en la frontera sur para frenar la migraci\u00f3n,\u00a0<strong>el canciller enumer\u00f3 acciones del primer mandatario en los que neg\u00f3 un trato inferior hacia M\u00e9xico<\/strong>.<\/p>\n\n\n\n<p>En su cuenta de Twitter, el titular de la SRE puso de ejemplo que\u00a0<strong>durante la presi\u00f3n del gobierno de Donald Trump sobre la imposici\u00f3n de aranceles, L\u00f3pez Obrador rechaz\u00f3 hacer de M\u00e9xico un &#8220;tercer pa\u00eds seguro&#8221;<\/strong>, condici\u00f3n que solicit\u00f3 Estados Unidos para detener el incremento en los impuestos.<\/p>\n\n\n\n<p>Asegur\u00f3 que\u00a0<strong>gracias a la &#8220;entereza&#8221; del jefe del Ejecutivo federal fue posible excluir el cap\u00edtulo de integraci\u00f3n energ\u00e9tica en el Tratado entre M\u00e9xico, Estados Unidos y Canad\u00e1<\/strong>, que ya se hab\u00eda negociado con el equipo del gobierno saliente, y que &#8220;de haberse aceptado ser\u00eda imposible la autonom\u00eda que hoy tenemos&#8221;.<\/p>\n\n\n\n<p>De no ser por el Presidente L\u00f3pez Obrador, M\u00e9xico<strong>tampoco habr\u00eda podido diferir en su posici\u00f3n respecto a la relaci\u00f3n entre Venezuela y Estados Unidos, y no se hubiese podido rescatar a Evo Morales<\/strong>, expresidente de Bolivia, cuando fue exiliado de su pa\u00eds, dijo Ebrard.<\/p>\n\n\n\n<p>Al igual que lo hizo el Presidente L\u00f3pez Obrador durante su\u00a0conferencia \u201dma\u00f1anera\u201d Marcelo Ebrard record\u00f3 que\u00a0<strong>en Estados Unidos se lleva a cabo un proceso de campa\u00f1as electorales, lo que incit\u00f3 a Donald Trump a realizar dichas declaraciones<\/strong>.<\/p>\n\n\n\n<p>&#8220;Lo de ayer es un hombre en campa\u00f1a agitando el anti-mexicanismo que lo caracteriza. Lo que nos califica son los hechos no sus dichos&#8221;, escribi\u00f3.<\/p>\n\n\n\n<figure class=\"wp-block-image\"><img decoding=\"async\" src=\"https:\/\/www.informador.mx\/export\/sites\/elinformador\/img\/2022\/04\/25\/ebrard.png_1365165867.png\" alt=\"\" title=\"\"\/><figcaption>TWITTER \/ @m_ebrard&nbsp;<\/figcaption><\/figure>\n\n\n\n<p>En este sentido, manifest\u00f3 que el gobierno de L\u00f3pez Obrador es un&nbsp;patriota, del que no tiene nada de que avergonzarse.<\/p>\n\n\n\n<p><strong>&#8220;Muy orgulloso de servir a M\u00e9xico y formar parte del equipo del Presidente L\u00f3pez Obrador&#8221;<\/strong>, finaliz\u00f3.<\/p>\n\n\n\n<p>Con informaci\u00f3n de SUN<\/p>\n","protected":false},"excerpt":{"rendered":"<p>Por Redacci\u00f3n QP Ebrard asegura\u00a0que gracias a la &#8220;entereza&#8221; de L\u00f3pez Obrador\u00a0fue posible excluir el&#8230;<\/p>\n","protected":false},"author":2,"featured_media":91827,"comment_status":"open","ping_status":"open","sticky":false,"template":"","format":"standard","meta":{"_monsterinsights_skip_tracking":false,"_monsterinsights_sitenote_active":false,"_monsterinsights_sitenote_note":"","_monsterinsights_sitenote_category":0,"footnotes":""},"categories":[2],"tags":[],"class_list":["post-91826","post","type-post","status-publish","format-standard","has-post-thumbnail","hentry","category-noticias"],"yoast_head":"<!-- This site is optimized with the Yoast SEO plugin v27.3 - https:\/\/yoast.com\/product\/yoast-seo-wordpress\/ -->\n<title>Ebrard destaca &quot;entereza&quot; de L\u00f3pez Obrador frente a gobierno de Trump\u00a0 -<\/title>\n<meta name=\"robots\" content=\"index, follow, max-snippet:-1, max-image-preview:large, max-video-preview:-1\" \/>\n<link rel=\"canonical\" href=\"https:\/\/quehacerpolitico.mx\/?p=91826\" \/>\n<meta property=\"og:locale\" content=\"es_MX\" \/>\n<meta property=\"og:type\" content=\"article\" \/>\n<meta property=\"og:title\" content=\"Ebrard destaca &quot;entereza&quot; de L\u00f3pez Obrador frente a gobierno de Trump\u00a0 -\" \/>\n<meta property=\"og:description\" content=\"Por Redacci\u00f3n QP Ebrard asegura\u00a0que gracias a la &#8220;entereza&#8221; de L\u00f3pez Obrador\u00a0fue posible excluir el...\" \/>\n<meta property=\"og:url\" content=\"https:\/\/quehacerpolitico.mx\/?p=91826\" \/>\n<meta property=\"article:published_time\" content=\"2022-04-25T16:50:49+00:00\" \/>\n<meta property=\"article:modified_time\" content=\"2022-04-25T16:50:52+00:00\" \/>\n<meta property=\"og:image\" content=\"https:\/\/quehacerpolitico.mx\/wp-content\/uploads\/2022\/04\/FD4F03E0-52AF-4282-ABD4-9AEE360ED414.jpeg\" \/>\n\t<meta property=\"og:image:width\" content=\"640\" \/>\n\t<meta property=\"og:image:height\" content=\"360\" \/>\n\t<meta property=\"og:image:type\" content=\"image\/jpeg\" \/>\n<meta name=\"author\" content=\"Redacci\u00f3n QP\" \/>\n<meta name=\"twitter:card\" content=\"summary_large_image\" \/>\n<meta name=\"twitter:label1\" content=\"Escrito por\" \/>\n\t<meta name=\"twitter:data1\" content=\"Redacci\u00f3n QP\" \/>\n\t<meta name=\"twitter:label2\" content=\"Tiempo de lectura\" \/>\n\t<meta name=\"twitter:data2\" content=\"2 minutos\" \/>\n<script type=\"application\/ld+json\" class=\"yoast-schema-graph\">{\"@context\":\"https:\\\/\\\/schema.org\",\"@graph\":[{\"@type\":\"Article\",\"@id\":\"https:\\\/\\\/quehacerpolitico.mx\\\/?p=91826#article\",\"isPartOf\":{\"@id\":\"https:\\\/\\\/quehacerpolitico.mx\\\/?p=91826\"},\"author\":{\"name\":\"Redacci\u00f3n QP\",\"@id\":\"https:\\\/\\\/quehacerpolitico.mx\\\/#\\\/schema\\\/person\\\/496d8ad2d1d3f8036101dca7ee39e585\"},\"headline\":\"Ebrard destaca &#8220;entereza&#8221; de L\u00f3pez Obrador frente a gobierno de Trump\u00a0\",\"datePublished\":\"2022-04-25T16:50:49+00:00\",\"dateModified\":\"2022-04-25T16:50:52+00:00\",\"mainEntityOfPage\":{\"@id\":\"https:\\\/\\\/quehacerpolitico.mx\\\/?p=91826\"},\"wordCount\":422,\"commentCount\":0,\"image\":{\"@id\":\"https:\\\/\\\/quehacerpolitico.mx\\\/?p=91826#primaryimage\"},\"thumbnailUrl\":\"https:\\\/\\\/quehacerpolitico.mx\\\/wp-content\\\/uploads\\\/2022\\\/04\\\/FD4F03E0-52AF-4282-ABD4-9AEE360ED414.jpeg\",\"articleSection\":[\"Noticias\"],\"inLanguage\":\"es\",\"potentialAction\":[{\"@type\":\"CommentAction\",\"name\":\"Comment\",\"target\":[\"https:\\\/\\\/quehacerpolitico.mx\\\/?p=91826#respond\"]}]},{\"@type\":\"WebPage\",\"@id\":\"https:\\\/\\\/quehacerpolitico.mx\\\/?p=91826\",\"url\":\"https:\\\/\\\/quehacerpolitico.mx\\\/?p=91826\",\"name\":\"Ebrard destaca \\\"entereza\\\" de L\u00f3pez Obrador frente a gobierno de Trump\u00a0 -\",\"isPartOf\":{\"@id\":\"https:\\\/\\\/quehacerpolitico.mx\\\/#website\"},\"primaryImageOfPage\":{\"@id\":\"https:\\\/\\\/quehacerpolitico.mx\\\/?p=91826#primaryimage\"},\"image\":{\"@id\":\"https:\\\/\\\/quehacerpolitico.mx\\\/?p=91826#primaryimage\"},\"thumbnailUrl\":\"https:\\\/\\\/quehacerpolitico.mx\\\/wp-content\\\/uploads\\\/2022\\\/04\\\/FD4F03E0-52AF-4282-ABD4-9AEE360ED414.jpeg\",\"datePublished\":\"2022-04-25T16:50:49+00:00\",\"dateModified\":\"2022-04-25T16:50:52+00:00\",\"author\":{\"@id\":\"https:\\\/\\\/quehacerpolitico.mx\\\/#\\\/schema\\\/person\\\/496d8ad2d1d3f8036101dca7ee39e585\"},\"breadcrumb\":{\"@id\":\"https:\\\/\\\/quehacerpolitico.mx\\\/?p=91826#breadcrumb\"},\"inLanguage\":\"es\",\"potentialAction\":[{\"@type\":\"ReadAction\",\"target\":[\"https:\\\/\\\/quehacerpolitico.mx\\\/?p=91826\"]}]},{\"@type\":\"ImageObject\",\"inLanguage\":\"es\",\"@id\":\"https:\\\/\\\/quehacerpolitico.mx\\\/?p=91826#primaryimage\",\"url\":\"https:\\\/\\\/quehacerpolitico.mx\\\/wp-content\\\/uploads\\\/2022\\\/04\\\/FD4F03E0-52AF-4282-ABD4-9AEE360ED414.jpeg\",\"contentUrl\":\"https:\\\/\\\/quehacerpolitico.mx\\\/wp-content\\\/uploads\\\/2022\\\/04\\\/FD4F03E0-52AF-4282-ABD4-9AEE360ED414.jpeg\",\"width\":640,\"height\":360},{\"@type\":\"BreadcrumbList\",\"@id\":\"https:\\\/\\\/quehacerpolitico.mx\\\/?p=91826#breadcrumb\",\"itemListElement\":[{\"@type\":\"ListItem\",\"position\":1,\"name\":\"Inicio\",\"item\":\"https:\\\/\\\/quehacerpolitico.mx\\\/\"},{\"@type\":\"ListItem\",\"position\":2,\"name\":\"Ebrard destaca &#8220;entereza&#8221; de L\u00f3pez Obrador frente a gobierno de Trump\u00a0\"}]},{\"@type\":\"WebSite\",\"@id\":\"https:\\\/\\\/quehacerpolitico.mx\\\/#website\",\"url\":\"https:\\\/\\\/quehacerpolitico.mx\\\/\",\"name\":\"\",\"description\":\"\",\"potentialAction\":[{\"@type\":\"SearchAction\",\"target\":{\"@type\":\"EntryPoint\",\"urlTemplate\":\"https:\\\/\\\/quehacerpolitico.mx\\\/?s={search_term_string}\"},\"query-input\":{\"@type\":\"PropertyValueSpecification\",\"valueRequired\":true,\"valueName\":\"search_term_string\"}}],\"inLanguage\":\"es\"},{\"@type\":\"Person\",\"@id\":\"https:\\\/\\\/quehacerpolitico.mx\\\/#\\\/schema\\\/person\\\/496d8ad2d1d3f8036101dca7ee39e585\",\"name\":\"Redacci\u00f3n QP\",\"image\":{\"@type\":\"ImageObject\",\"inLanguage\":\"es\",\"@id\":\"https:\\\/\\\/secure.gravatar.com\\\/avatar\\\/c7164ed6fdec453195284ad24a5ae5b6e1eed2b848477fa2a4787ba9adf39a41?s=96&d=mm&r=g\",\"url\":\"https:\\\/\\\/secure.gravatar.com\\\/avatar\\\/c7164ed6fdec453195284ad24a5ae5b6e1eed2b848477fa2a4787ba9adf39a41?s=96&d=mm&r=g\",\"contentUrl\":\"https:\\\/\\\/secure.gravatar.com\\\/avatar\\\/c7164ed6fdec453195284ad24a5ae5b6e1eed2b848477fa2a4787ba9adf39a41?s=96&d=mm&r=g\",\"caption\":\"Redacci\u00f3n QP\"},\"url\":\"https:\\\/\\\/quehacerpolitico.mx\\\/?author=2\"}]}<\/script>\n<!-- \/ Yoast SEO plugin. -->","yoast_head_json":{"title":"Ebrard destaca \"entereza\" de L\u00f3pez Obrador frente a gobierno de Trump\u00a0 -","robots":{"index":"index","follow":"follow","max-snippet":"max-snippet:-1","max-image-preview":"max-image-preview:large","max-video-preview":"max-video-preview:-1"},"canonical":"https:\/\/quehacerpolitico.mx\/?p=91826","og_locale":"es_MX","og_type":"article","og_title":"Ebrard destaca \"entereza\" de L\u00f3pez Obrador frente a gobierno de Trump\u00a0 -","og_description":"Por Redacci\u00f3n QP Ebrard asegura\u00a0que gracias a la &#8220;entereza&#8221; de L\u00f3pez Obrador\u00a0fue posible excluir el...","og_url":"https:\/\/quehacerpolitico.mx\/?p=91826","article_published_time":"2022-04-25T16:50:49+00:00","article_modified_time":"2022-04-25T16:50:52+00:00","og_image":[{"width":640,"height":360,"url":"https:\/\/quehacerpolitico.mx\/wp-content\/uploads\/2022\/04\/FD4F03E0-52AF-4282-ABD4-9AEE360ED414.jpeg","type":"image\/jpeg"}],"author":"Redacci\u00f3n QP","twitter_card":"summary_large_image","twitter_misc":{"Escrito por":"Redacci\u00f3n QP","Tiempo de lectura":"2 minutos"},"schema":{"@context":"https:\/\/schema.org","@graph":[{"@type":"Article","@id":"https:\/\/quehacerpolitico.mx\/?p=91826#article","isPartOf":{"@id":"https:\/\/quehacerpolitico.mx\/?p=91826"},"author":{"name":"Redacci\u00f3n QP","@id":"https:\/\/quehacerpolitico.mx\/#\/schema\/person\/496d8ad2d1d3f8036101dca7ee39e585"},"headline":"Ebrard destaca &#8220;entereza&#8221; de L\u00f3pez Obrador frente a gobierno de Trump\u00a0","datePublished":"2022-04-25T16:50:49+00:00","dateModified":"2022-04-25T16:50:52+00:00","mainEntityOfPage":{"@id":"https:\/\/quehacerpolitico.mx\/?p=91826"},"wordCount":422,"commentCount":0,"image":{"@id":"https:\/\/quehacerpolitico.mx\/?p=91826#primaryimage"},"thumbnailUrl":"https:\/\/quehacerpolitico.mx\/wp-content\/uploads\/2022\/04\/FD4F03E0-52AF-4282-ABD4-9AEE360ED414.jpeg","articleSection":["Noticias"],"inLanguage":"es","potentialAction":[{"@type":"CommentAction","name":"Comment","target":["https:\/\/quehacerpolitico.mx\/?p=91826#respond"]}]},{"@type":"WebPage","@id":"https:\/\/quehacerpolitico.mx\/?p=91826","url":"https:\/\/quehacerpolitico.mx\/?p=91826","name":"Ebrard destaca \"entereza\" de L\u00f3pez Obrador frente a gobierno de Trump\u00a0 -","isPartOf":{"@id":"https:\/\/quehacerpolitico.mx\/#website"},"primaryImageOfPage":{"@id":"https:\/\/quehacerpolitico.mx\/?p=91826#primaryimage"},"image":{"@id":"https:\/\/quehacerpolitico.mx\/?p=91826#primaryimage"},"thumbnailUrl":"https:\/\/quehacerpolitico.mx\/wp-content\/uploads\/2022\/04\/FD4F03E0-52AF-4282-ABD4-9AEE360ED414.jpeg","datePublished":"2022-04-25T16:50:49+00:00","dateModified":"2022-04-25T16:50:52+00:00","author":{"@id":"https:\/\/quehacerpolitico.mx\/#\/schema\/person\/496d8ad2d1d3f8036101dca7ee39e585"},"breadcrumb":{"@id":"https:\/\/quehacerpolitico.mx\/?p=91826#breadcrumb"},"inLanguage":"es","potentialAction":[{"@type":"ReadAction","target":["https:\/\/quehacerpolitico.mx\/?p=91826"]}]},{"@type":"ImageObject","inLanguage":"es","@id":"https:\/\/quehacerpolitico.mx\/?p=91826#primaryimage","url":"https:\/\/quehacerpolitico.mx\/wp-content\/uploads\/2022\/04\/FD4F03E0-52AF-4282-ABD4-9AEE360ED414.jpeg","contentUrl":"https:\/\/quehacerpolitico.mx\/wp-content\/uploads\/2022\/04\/FD4F03E0-52AF-4282-ABD4-9AEE360ED414.jpeg","width":640,"height":360},{"@type":"BreadcrumbList","@id":"https:\/\/quehacerpolitico.mx\/?p=91826#breadcrumb","itemListElement":[{"@type":"ListItem","position":1,"name":"Inicio","item":"https:\/\/quehacerpolitico.mx\/"},{"@type":"ListItem","position":2,"name":"Ebrard destaca &#8220;entereza&#8221; de L\u00f3pez Obrador frente a gobierno de Trump\u00a0"}]},{"@type":"WebSite","@id":"https:\/\/quehacerpolitico.mx\/#website","url":"https:\/\/quehacerpolitico.mx\/","name":"","description":"","potentialAction":[{"@type":"SearchAction","target":{"@type":"EntryPoint","urlTemplate":"https:\/\/quehacerpolitico.mx\/?s={search_term_string}"},"query-input":{"@type":"PropertyValueSpecification","valueRequired":true,"valueName":"search_term_string"}}],"inLanguage":"es"},{"@type":"Person","@id":"https:\/\/quehacerpolitico.mx\/#\/schema\/person\/496d8ad2d1d3f8036101dca7ee39e585","name":"Redacci\u00f3n QP","image":{"@type":"ImageObject","inLanguage":"es","@id":"https:\/\/secure.gravatar.com\/avatar\/c7164ed6fdec453195284ad24a5ae5b6e1eed2b848477fa2a4787ba9adf39a41?s=96&d=mm&r=g","url":"https:\/\/secure.gravatar.com\/avatar\/c7164ed6fdec453195284ad24a5ae5b6e1eed2b848477fa2a4787ba9adf39a41?s=96&d=mm&r=g","contentUrl":"https:\/\/secure.gravatar.com\/avatar\/c7164ed6fdec453195284ad24a5ae5b6e1eed2b848477fa2a4787ba9adf39a41?s=96&d=mm&r=g","caption":"Redacci\u00f3n QP"},"url":"https:\/\/quehacerpolitico.mx\/?author=2"}]}},"featured_image_urls":{"full":["https:\/\/quehacerpolitico.mx\/wp-content\/uploads\/2022\/04\/FD4F03E0-52AF-4282-ABD4-9AEE360ED414.jpeg",640,360,false],"thumbnail":["https:\/\/quehacerpolitico.mx\/wp-content\/uploads\/2022\/04\/FD4F03E0-52AF-4282-ABD4-9AEE360ED414-150x150.jpeg",150,150,true],"medium":["https:\/\/quehacerpolitico.mx\/wp-content\/uploads\/2022\/04\/FD4F03E0-52AF-4282-ABD4-9AEE360ED414-300x169.jpeg",300,169,true],"medium_large":["https:\/\/quehacerpolitico.mx\/wp-content\/uploads\/2022\/04\/FD4F03E0-52AF-4282-ABD4-9AEE360ED414.jpeg",640,360,false],"large":["https:\/\/quehacerpolitico.mx\/wp-content\/uploads\/2022\/04\/FD4F03E0-52AF-4282-ABD4-9AEE360ED414.jpeg",640,360,false],"1536x1536":["https:\/\/quehacerpolitico.mx\/wp-content\/uploads\/2022\/04\/FD4F03E0-52AF-4282-ABD4-9AEE360ED414.jpeg",640,360,false],"2048x2048":["https:\/\/quehacerpolitico.mx\/wp-content\/uploads\/2022\/04\/FD4F03E0-52AF-4282-ABD4-9AEE360ED414.jpeg",640,360,false],"covernews-featured":["https:\/\/quehacerpolitico.mx\/wp-content\/uploads\/2022\/04\/FD4F03E0-52AF-4282-ABD4-9AEE360ED414.jpeg",640,360,false],"covernews-medium":["https:\/\/quehacerpolitico.mx\/wp-content\/uploads\/2022\/04\/FD4F03E0-52AF-4282-ABD4-9AEE360ED414.jpeg",540,304,false]},"author_info":{"display_name":"Redacci\u00f3n QP","author_link":"https:\/\/quehacerpolitico.mx\/?author=2"},"category_info":"<a href=\"https:\/\/quehacerpolitico.mx\/?cat=2\" rel=\"category\">Noticias<\/a>","tag_info":"Noticias","comment_count":"0","_links":{"self":[{"href":"https:\/\/quehacerpolitico.mx\/index.php?rest_route=\/wp\/v2\/posts\/91826","targetHints":{"allow":["GET"]}}],"collection":[{"href":"https:\/\/quehacerpolitico.mx\/index.php?rest_route=\/wp\/v2\/posts"}],"about":[{"href":"https:\/\/quehacerpolitico.mx\/index.php?rest_route=\/wp\/v2\/types\/post"}],"author":[{"embeddable":true,"href":"https:\/\/quehacerpolitico.mx\/index.php?rest_route=\/wp\/v2\/users\/2"}],"replies":[{"embeddable":true,"href":"https:\/\/quehacerpolitico.mx\/index.php?rest_route=%2Fwp%2Fv2%2Fcomments&post=91826"}],"version-history":[{"count":1,"href":"https:\/\/quehacerpolitico.mx\/index.php?rest_route=\/wp\/v2\/posts\/91826\/revisions"}],"predecessor-version":[{"id":91828,"href":"https:\/\/quehacerpolitico.mx\/index.php?rest_route=\/wp\/v2\/posts\/91826\/revisions\/91828"}],"wp:featuredmedia":[{"embeddable":true,"href":"https:\/\/quehacerpolitico.mx\/index.php?rest_route=\/wp\/v2\/media\/91827"}],"wp:attachment":[{"href":"https:\/\/quehacerpolitico.mx\/index.php?rest_route=%2Fwp%2Fv2%2Fmedia&parent=91826"}],"wp:term":[{"taxonomy":"category","embeddable":true,"href":"https:\/\/quehacerpolitico.mx\/index.php?rest_route=%2Fwp%2Fv2%2Fcategories&post=91826"},{"taxonomy":"post_tag","embeddable":true,"href":"https:\/\/quehacerpolitico.mx\/index.php?rest_route=%2Fwp%2Fv2%2Ftags&post=91826"}],"curies":[{"name":"wp","href":"https:\/\/api.w.org\/{rel}","templated":true}]}}