{"id":91823,"date":"2022-04-25T16:37:51","date_gmt":"2022-04-25T16:37:51","guid":{"rendered":"https:\/\/quehacerpolitico.mx\/?p=91823"},"modified":"2022-04-25T16:37:54","modified_gmt":"2022-04-25T16:37:54","slug":"lopez-obrador-muestra-supuesto-departamento-de-loret-de-mola","status":"publish","type":"post","link":"https:\/\/quehacerpolitico.mx\/?p=91823","title":{"rendered":"L\u00f3pez Obrador muestra supuesto departamento de Loret de Mola\u00a0"},"content":{"rendered":"\n<p>Por Redacci\u00f3n QP<\/p>\n\n\n\n<p>El supuesto departamento de Carlos Loret de Mola fue adquirido por 48 MDP en 2019, hoy est\u00e1 valuado en m\u00e1s de 120 MDP, seg\u00fan L\u00f3pez Obrador<\/p>\n\n\n\n<p>El Presidente\u00a0Andres Manuel Lopez Obrador difundio esta ma\u00f1ana de lunes informaci\u00f3n sobre\u00a0<strong>un supuesto departamento que compr\u00f3 el periodista Carlos Loret de Mola en Polanco en 2019, por el que pag\u00f3 48 millones y que hoy est\u00e1 valuado en m\u00e1s de 120 millones de pesos,<\/strong>\u00a0por lo que, manifest\u00f3, que &#8220;se ray\u00f3&#8221;.<\/p>\n\n\n\n<p>En su\u00a0conferencia \u201dma\u00f1anera\u201d\u00a0de este lunes en Palacio Nacional, L\u00f3pez Obrador asegur\u00f3 que\u00a0<strong>Loret de Mola compr\u00f3 el departamento por medio de su entonces abogado Ignacio Morales Lechuga<\/strong>, exprocurador general de la Rep\u00fablica.<\/p>\n\n\n\n<p><strong>&#8220;Qued\u00e9 en que les iba a mostrar lo del departamento que compr\u00f3 Loret de Mola y ya tenemos la informaci\u00f3n. Pero no es lo \u00fanico, \u00a1eh!, su familia tiene como 12 departamento<\/strong>s. \u00c9l tiene una mansi\u00f3n en Valle de Bravo de cerca de 40 mil metros cuadrados, que vale una fortuna, pero esto es nada m\u00e1s una muestra y voy a seguir esperando que d\u00e9 a conocer cu\u00e1nto tiene, porque este departamento lo compr\u00f3, creo que en 2019 su abogado, una fin\u00edsima persona, notario p\u00fablico Morales Lechuga&#8221;, dijo L\u00f3pez Obrador.<\/p>\n\n\n\n<figure class=\"wp-block-embed is-type-rich is-provider-twitter wp-block-embed-twitter\"><div class=\"wp-block-embed__wrapper\">\n<blockquote class=\"twitter-tweet\" data-width=\"550\" data-dnt=\"true\"><p lang=\"es\" dir=\"ltr\">Y dale con Loret de Mola \ud83e\udd26\u200d\u2640\ufe0f<br><br>Empezamos la semana violando la privacidad de un periodista y el presidente revela lo que presuntamente es el costo de un departamento de Loret de Mola en Polanco con un valor de 48 millones de pesos <a href=\"https:\/\/t.co\/Bt3G9HeVLp\">pic.twitter.com\/Bt3G9HeVLp<\/a><\/p>&mdash; Ruido en la Red (@RuidoEnLaRed) <a href=\"https:\/\/twitter.com\/RuidoEnLaRed\/status\/1518576816830701569?ref_src=twsrc%5Etfw\">April 25, 2022<\/a><\/blockquote><script async src=\"https:\/\/platform.twitter.com\/widgets.js\" charset=\"utf-8\"><\/script>\n<\/div><\/figure>\n\n\n\n<p><strong>L\u00f3pez Obrador acus\u00f3 que en Polanco, cuando hay votaciones, su movimiento no alcanza ni el 10% de votaci\u00f3n<\/strong>&nbsp;porque, asegur\u00f3, ah\u00ed viven &#8220;muchos aspirantes a fif\u00eds&#8221; y beneficiarios del r\u00e9gimen de corrupci\u00f3n, de injusticias y de privilegios que domin\u00f3 por m\u00e1s de tres d\u00e9cadas.<\/p>\n\n\n\n<p>&#8220;\u00bfEn d\u00f3nde est\u00e1? \u00bfEn Polanco? \u00a1Ah, no saben c\u00f3mo salimos en Polanco cuando hay votaci\u00f3n! No sacamos ni el 10% de los votos, como se dice en el beisbol, paliza, porque los que aqu\u00ed viven -no todos, desde luego, no quiero generalizar-, pero s\u00ed muchos aspirantes a fif\u00eds, y beneficiarios del r\u00e9gimen de corrupci\u00f3n, de injusticias, de privilegios, que imper\u00f3, que domin\u00f3, que se impuso, por m\u00e1s de tres d\u00e9cadas&#8221;.<\/p>\n\n\n\n<p><strong>&#8220;\u00bfCu\u00e1nto vale?&#8221;, pregunt\u00f3 a su vocero Jes\u00fas Ram\u00edrez Cuevas<\/strong>.<\/p>\n\n\n\n<p><strong>&#8220;48 millones&#8221;, le respondi\u00f3<\/strong>.<\/p>\n\n\n\n<p><strong>&#8220;\u00bfCu\u00e1nto vale actualmente?&#8221;<\/strong>, le sigui\u00f3 cuestionando a su vocero.<\/p>\n\n\n\n<p><strong>&#8220;Vale 122 millones (\u2026) No, pues s\u00ed se ray\u00f3<\/strong>&#8220;, dijo.<\/p>\n\n\n\n<figure class=\"wp-block-image\"><img decoding=\"async\" src=\"https:\/\/www.informador.mx\/export\/sites\/elinformador\/img\/2022\/04\/25\/loret_de_mola_1.png_350372664.png\" alt=\"\" title=\"\"\/><figcaption>TWITTER \/ @CarlosLoret&nbsp;<\/figcaption><\/figure>\n\n\n\n<p>Tras las declaraciones de L\u00f3pez Obrador,&nbsp;<strong>Loret de Mola dijo que no contestar\u00eda al Presidente de M\u00e9xico y le pidi\u00f3 ocuparse de enfrentar la exigencia de las mujeres en todo el pa\u00eds, &#8220;porque las est\u00e1n matando cada vez m\u00e1s&#8221;<\/strong>.<\/p>\n\n\n\n<p>&#8220;Presidente L\u00f3pez Obrador: hoy no voy a contestar a sus calumnias. Me parece desalmado y ruin que usted hable de m\u00ed para no enfrentar la exigencia de las mujeres en todo el pa\u00eds porque las est\u00e1n matando cada vez m\u00e1s. Oc\u00fapese&#8221;, escribi\u00f3 el periodista en redes sociales.<\/p>\n\n\n\n<p>Con informaci\u00f3n de SUN<\/p>\n","protected":false},"excerpt":{"rendered":"<p>Por Redacci\u00f3n QP El supuesto departamento de Carlos Loret de Mola fue adquirido por 48&#8230;<\/p>\n","protected":false},"author":2,"featured_media":91824,"comment_status":"open","ping_status":"open","sticky":false,"template":"","format":"standard","meta":{"_monsterinsights_skip_tracking":false,"_monsterinsights_sitenote_active":false,"_monsterinsights_sitenote_note":"","_monsterinsights_sitenote_category":0,"footnotes":""},"categories":[2],"tags":[],"class_list":["post-91823","post","type-post","status-publish","format-standard","has-post-thumbnail","hentry","category-noticias"],"yoast_head":"<!-- This site is optimized with the Yoast SEO plugin v27.3 - https:\/\/yoast.com\/product\/yoast-seo-wordpress\/ -->\n<title>L\u00f3pez Obrador muestra supuesto departamento de Loret de Mola\u00a0 -<\/title>\n<meta name=\"robots\" content=\"index, follow, max-snippet:-1, max-image-preview:large, max-video-preview:-1\" \/>\n<link rel=\"canonical\" href=\"https:\/\/quehacerpolitico.mx\/?p=91823\" \/>\n<meta property=\"og:locale\" content=\"es_MX\" \/>\n<meta property=\"og:type\" content=\"article\" \/>\n<meta property=\"og:title\" content=\"L\u00f3pez Obrador muestra supuesto departamento de Loret de Mola\u00a0 -\" \/>\n<meta property=\"og:description\" content=\"Por Redacci\u00f3n QP El supuesto departamento de Carlos Loret de Mola fue adquirido por 48...\" \/>\n<meta property=\"og:url\" content=\"https:\/\/quehacerpolitico.mx\/?p=91823\" \/>\n<meta property=\"article:published_time\" content=\"2022-04-25T16:37:51+00:00\" \/>\n<meta property=\"article:modified_time\" content=\"2022-04-25T16:37:54+00:00\" \/>\n<meta property=\"og:image\" content=\"https:\/\/quehacerpolitico.mx\/wp-content\/uploads\/2022\/04\/A3521CDF-77CE-4203-B24C-4FB454A133BC.jpeg\" \/>\n\t<meta property=\"og:image:width\" content=\"1284\" \/>\n\t<meta property=\"og:image:height\" content=\"699\" \/>\n\t<meta property=\"og:image:type\" content=\"image\/jpeg\" \/>\n<meta name=\"author\" content=\"Redacci\u00f3n QP\" \/>\n<meta name=\"twitter:card\" content=\"summary_large_image\" \/>\n<meta name=\"twitter:label1\" content=\"Escrito por\" \/>\n\t<meta name=\"twitter:data1\" content=\"Redacci\u00f3n QP\" \/>\n\t<meta name=\"twitter:label2\" content=\"Tiempo de lectura\" \/>\n\t<meta name=\"twitter:data2\" content=\"2 minutos\" \/>\n<script type=\"application\/ld+json\" class=\"yoast-schema-graph\">{\"@context\":\"https:\\\/\\\/schema.org\",\"@graph\":[{\"@type\":\"Article\",\"@id\":\"https:\\\/\\\/quehacerpolitico.mx\\\/?p=91823#article\",\"isPartOf\":{\"@id\":\"https:\\\/\\\/quehacerpolitico.mx\\\/?p=91823\"},\"author\":{\"name\":\"Redacci\u00f3n QP\",\"@id\":\"https:\\\/\\\/quehacerpolitico.mx\\\/#\\\/schema\\\/person\\\/496d8ad2d1d3f8036101dca7ee39e585\"},\"headline\":\"L\u00f3pez Obrador muestra supuesto departamento de Loret de Mola\u00a0\",\"datePublished\":\"2022-04-25T16:37:51+00:00\",\"dateModified\":\"2022-04-25T16:37:54+00:00\",\"mainEntityOfPage\":{\"@id\":\"https:\\\/\\\/quehacerpolitico.mx\\\/?p=91823\"},\"wordCount\":502,\"commentCount\":0,\"image\":{\"@id\":\"https:\\\/\\\/quehacerpolitico.mx\\\/?p=91823#primaryimage\"},\"thumbnailUrl\":\"https:\\\/\\\/quehacerpolitico.mx\\\/wp-content\\\/uploads\\\/2022\\\/04\\\/A3521CDF-77CE-4203-B24C-4FB454A133BC.jpeg\",\"articleSection\":[\"Noticias\"],\"inLanguage\":\"es\",\"potentialAction\":[{\"@type\":\"CommentAction\",\"name\":\"Comment\",\"target\":[\"https:\\\/\\\/quehacerpolitico.mx\\\/?p=91823#respond\"]}]},{\"@type\":\"WebPage\",\"@id\":\"https:\\\/\\\/quehacerpolitico.mx\\\/?p=91823\",\"url\":\"https:\\\/\\\/quehacerpolitico.mx\\\/?p=91823\",\"name\":\"L\u00f3pez Obrador muestra supuesto departamento de Loret de Mola\u00a0 -\",\"isPartOf\":{\"@id\":\"https:\\\/\\\/quehacerpolitico.mx\\\/#website\"},\"primaryImageOfPage\":{\"@id\":\"https:\\\/\\\/quehacerpolitico.mx\\\/?p=91823#primaryimage\"},\"image\":{\"@id\":\"https:\\\/\\\/quehacerpolitico.mx\\\/?p=91823#primaryimage\"},\"thumbnailUrl\":\"https:\\\/\\\/quehacerpolitico.mx\\\/wp-content\\\/uploads\\\/2022\\\/04\\\/A3521CDF-77CE-4203-B24C-4FB454A133BC.jpeg\",\"datePublished\":\"2022-04-25T16:37:51+00:00\",\"dateModified\":\"2022-04-25T16:37:54+00:00\",\"author\":{\"@id\":\"https:\\\/\\\/quehacerpolitico.mx\\\/#\\\/schema\\\/person\\\/496d8ad2d1d3f8036101dca7ee39e585\"},\"breadcrumb\":{\"@id\":\"https:\\\/\\\/quehacerpolitico.mx\\\/?p=91823#breadcrumb\"},\"inLanguage\":\"es\",\"potentialAction\":[{\"@type\":\"ReadAction\",\"target\":[\"https:\\\/\\\/quehacerpolitico.mx\\\/?p=91823\"]}]},{\"@type\":\"ImageObject\",\"inLanguage\":\"es\",\"@id\":\"https:\\\/\\\/quehacerpolitico.mx\\\/?p=91823#primaryimage\",\"url\":\"https:\\\/\\\/quehacerpolitico.mx\\\/wp-content\\\/uploads\\\/2022\\\/04\\\/A3521CDF-77CE-4203-B24C-4FB454A133BC.jpeg\",\"contentUrl\":\"https:\\\/\\\/quehacerpolitico.mx\\\/wp-content\\\/uploads\\\/2022\\\/04\\\/A3521CDF-77CE-4203-B24C-4FB454A133BC.jpeg\",\"width\":1284,\"height\":699},{\"@type\":\"BreadcrumbList\",\"@id\":\"https:\\\/\\\/quehacerpolitico.mx\\\/?p=91823#breadcrumb\",\"itemListElement\":[{\"@type\":\"ListItem\",\"position\":1,\"name\":\"Inicio\",\"item\":\"https:\\\/\\\/quehacerpolitico.mx\\\/\"},{\"@type\":\"ListItem\",\"position\":2,\"name\":\"L\u00f3pez Obrador muestra supuesto departamento de Loret de Mola\u00a0\"}]},{\"@type\":\"WebSite\",\"@id\":\"https:\\\/\\\/quehacerpolitico.mx\\\/#website\",\"url\":\"https:\\\/\\\/quehacerpolitico.mx\\\/\",\"name\":\"\",\"description\":\"\",\"potentialAction\":[{\"@type\":\"SearchAction\",\"target\":{\"@type\":\"EntryPoint\",\"urlTemplate\":\"https:\\\/\\\/quehacerpolitico.mx\\\/?s={search_term_string}\"},\"query-input\":{\"@type\":\"PropertyValueSpecification\",\"valueRequired\":true,\"valueName\":\"search_term_string\"}}],\"inLanguage\":\"es\"},{\"@type\":\"Person\",\"@id\":\"https:\\\/\\\/quehacerpolitico.mx\\\/#\\\/schema\\\/person\\\/496d8ad2d1d3f8036101dca7ee39e585\",\"name\":\"Redacci\u00f3n QP\",\"image\":{\"@type\":\"ImageObject\",\"inLanguage\":\"es\",\"@id\":\"https:\\\/\\\/secure.gravatar.com\\\/avatar\\\/c7164ed6fdec453195284ad24a5ae5b6e1eed2b848477fa2a4787ba9adf39a41?s=96&d=mm&r=g\",\"url\":\"https:\\\/\\\/secure.gravatar.com\\\/avatar\\\/c7164ed6fdec453195284ad24a5ae5b6e1eed2b848477fa2a4787ba9adf39a41?s=96&d=mm&r=g\",\"contentUrl\":\"https:\\\/\\\/secure.gravatar.com\\\/avatar\\\/c7164ed6fdec453195284ad24a5ae5b6e1eed2b848477fa2a4787ba9adf39a41?s=96&d=mm&r=g\",\"caption\":\"Redacci\u00f3n QP\"},\"url\":\"https:\\\/\\\/quehacerpolitico.mx\\\/?author=2\"}]}<\/script>\n<!-- \/ Yoast SEO plugin. -->","yoast_head_json":{"title":"L\u00f3pez Obrador muestra supuesto departamento de Loret de Mola\u00a0 -","robots":{"index":"index","follow":"follow","max-snippet":"max-snippet:-1","max-image-preview":"max-image-preview:large","max-video-preview":"max-video-preview:-1"},"canonical":"https:\/\/quehacerpolitico.mx\/?p=91823","og_locale":"es_MX","og_type":"article","og_title":"L\u00f3pez Obrador muestra supuesto departamento de Loret de Mola\u00a0 -","og_description":"Por Redacci\u00f3n QP El supuesto departamento de Carlos Loret de Mola fue adquirido por 48...","og_url":"https:\/\/quehacerpolitico.mx\/?p=91823","article_published_time":"2022-04-25T16:37:51+00:00","article_modified_time":"2022-04-25T16:37:54+00:00","og_image":[{"width":1284,"height":699,"url":"https:\/\/quehacerpolitico.mx\/wp-content\/uploads\/2022\/04\/A3521CDF-77CE-4203-B24C-4FB454A133BC.jpeg","type":"image\/jpeg"}],"author":"Redacci\u00f3n QP","twitter_card":"summary_large_image","twitter_misc":{"Escrito por":"Redacci\u00f3n QP","Tiempo de lectura":"2 minutos"},"schema":{"@context":"https:\/\/schema.org","@graph":[{"@type":"Article","@id":"https:\/\/quehacerpolitico.mx\/?p=91823#article","isPartOf":{"@id":"https:\/\/quehacerpolitico.mx\/?p=91823"},"author":{"name":"Redacci\u00f3n QP","@id":"https:\/\/quehacerpolitico.mx\/#\/schema\/person\/496d8ad2d1d3f8036101dca7ee39e585"},"headline":"L\u00f3pez Obrador muestra supuesto departamento de Loret de Mola\u00a0","datePublished":"2022-04-25T16:37:51+00:00","dateModified":"2022-04-25T16:37:54+00:00","mainEntityOfPage":{"@id":"https:\/\/quehacerpolitico.mx\/?p=91823"},"wordCount":502,"commentCount":0,"image":{"@id":"https:\/\/quehacerpolitico.mx\/?p=91823#primaryimage"},"thumbnailUrl":"https:\/\/quehacerpolitico.mx\/wp-content\/uploads\/2022\/04\/A3521CDF-77CE-4203-B24C-4FB454A133BC.jpeg","articleSection":["Noticias"],"inLanguage":"es","potentialAction":[{"@type":"CommentAction","name":"Comment","target":["https:\/\/quehacerpolitico.mx\/?p=91823#respond"]}]},{"@type":"WebPage","@id":"https:\/\/quehacerpolitico.mx\/?p=91823","url":"https:\/\/quehacerpolitico.mx\/?p=91823","name":"L\u00f3pez Obrador muestra supuesto departamento de Loret de Mola\u00a0 -","isPartOf":{"@id":"https:\/\/quehacerpolitico.mx\/#website"},"primaryImageOfPage":{"@id":"https:\/\/quehacerpolitico.mx\/?p=91823#primaryimage"},"image":{"@id":"https:\/\/quehacerpolitico.mx\/?p=91823#primaryimage"},"thumbnailUrl":"https:\/\/quehacerpolitico.mx\/wp-content\/uploads\/2022\/04\/A3521CDF-77CE-4203-B24C-4FB454A133BC.jpeg","datePublished":"2022-04-25T16:37:51+00:00","dateModified":"2022-04-25T16:37:54+00:00","author":{"@id":"https:\/\/quehacerpolitico.mx\/#\/schema\/person\/496d8ad2d1d3f8036101dca7ee39e585"},"breadcrumb":{"@id":"https:\/\/quehacerpolitico.mx\/?p=91823#breadcrumb"},"inLanguage":"es","potentialAction":[{"@type":"ReadAction","target":["https:\/\/quehacerpolitico.mx\/?p=91823"]}]},{"@type":"ImageObject","inLanguage":"es","@id":"https:\/\/quehacerpolitico.mx\/?p=91823#primaryimage","url":"https:\/\/quehacerpolitico.mx\/wp-content\/uploads\/2022\/04\/A3521CDF-77CE-4203-B24C-4FB454A133BC.jpeg","contentUrl":"https:\/\/quehacerpolitico.mx\/wp-content\/uploads\/2022\/04\/A3521CDF-77CE-4203-B24C-4FB454A133BC.jpeg","width":1284,"height":699},{"@type":"BreadcrumbList","@id":"https:\/\/quehacerpolitico.mx\/?p=91823#breadcrumb","itemListElement":[{"@type":"ListItem","position":1,"name":"Inicio","item":"https:\/\/quehacerpolitico.mx\/"},{"@type":"ListItem","position":2,"name":"L\u00f3pez Obrador muestra supuesto departamento de Loret de Mola\u00a0"}]},{"@type":"WebSite","@id":"https:\/\/quehacerpolitico.mx\/#website","url":"https:\/\/quehacerpolitico.mx\/","name":"","description":"","potentialAction":[{"@type":"SearchAction","target":{"@type":"EntryPoint","urlTemplate":"https:\/\/quehacerpolitico.mx\/?s={search_term_string}"},"query-input":{"@type":"PropertyValueSpecification","valueRequired":true,"valueName":"search_term_string"}}],"inLanguage":"es"},{"@type":"Person","@id":"https:\/\/quehacerpolitico.mx\/#\/schema\/person\/496d8ad2d1d3f8036101dca7ee39e585","name":"Redacci\u00f3n QP","image":{"@type":"ImageObject","inLanguage":"es","@id":"https:\/\/secure.gravatar.com\/avatar\/c7164ed6fdec453195284ad24a5ae5b6e1eed2b848477fa2a4787ba9adf39a41?s=96&d=mm&r=g","url":"https:\/\/secure.gravatar.com\/avatar\/c7164ed6fdec453195284ad24a5ae5b6e1eed2b848477fa2a4787ba9adf39a41?s=96&d=mm&r=g","contentUrl":"https:\/\/secure.gravatar.com\/avatar\/c7164ed6fdec453195284ad24a5ae5b6e1eed2b848477fa2a4787ba9adf39a41?s=96&d=mm&r=g","caption":"Redacci\u00f3n QP"},"url":"https:\/\/quehacerpolitico.mx\/?author=2"}]}},"featured_image_urls":{"full":["https:\/\/quehacerpolitico.mx\/wp-content\/uploads\/2022\/04\/A3521CDF-77CE-4203-B24C-4FB454A133BC.jpeg",1284,699,false],"thumbnail":["https:\/\/quehacerpolitico.mx\/wp-content\/uploads\/2022\/04\/A3521CDF-77CE-4203-B24C-4FB454A133BC-150x150.jpeg",150,150,true],"medium":["https:\/\/quehacerpolitico.mx\/wp-content\/uploads\/2022\/04\/A3521CDF-77CE-4203-B24C-4FB454A133BC-300x163.jpeg",300,163,true],"medium_large":["https:\/\/quehacerpolitico.mx\/wp-content\/uploads\/2022\/04\/A3521CDF-77CE-4203-B24C-4FB454A133BC-768x418.jpeg",640,348,true],"large":["https:\/\/quehacerpolitico.mx\/wp-content\/uploads\/2022\/04\/A3521CDF-77CE-4203-B24C-4FB454A133BC-1024x557.jpeg",640,348,true],"1536x1536":["https:\/\/quehacerpolitico.mx\/wp-content\/uploads\/2022\/04\/A3521CDF-77CE-4203-B24C-4FB454A133BC.jpeg",1284,699,false],"2048x2048":["https:\/\/quehacerpolitico.mx\/wp-content\/uploads\/2022\/04\/A3521CDF-77CE-4203-B24C-4FB454A133BC.jpeg",1284,699,false],"covernews-featured":["https:\/\/quehacerpolitico.mx\/wp-content\/uploads\/2022\/04\/A3521CDF-77CE-4203-B24C-4FB454A133BC.jpeg",1024,557,false],"covernews-medium":["https:\/\/quehacerpolitico.mx\/wp-content\/uploads\/2022\/04\/A3521CDF-77CE-4203-B24C-4FB454A133BC.jpeg",540,294,false]},"author_info":{"display_name":"Redacci\u00f3n QP","author_link":"https:\/\/quehacerpolitico.mx\/?author=2"},"category_info":"<a href=\"https:\/\/quehacerpolitico.mx\/?cat=2\" rel=\"category\">Noticias<\/a>","tag_info":"Noticias","comment_count":"0","_links":{"self":[{"href":"https:\/\/quehacerpolitico.mx\/index.php?rest_route=\/wp\/v2\/posts\/91823","targetHints":{"allow":["GET"]}}],"collection":[{"href":"https:\/\/quehacerpolitico.mx\/index.php?rest_route=\/wp\/v2\/posts"}],"about":[{"href":"https:\/\/quehacerpolitico.mx\/index.php?rest_route=\/wp\/v2\/types\/post"}],"author":[{"embeddable":true,"href":"https:\/\/quehacerpolitico.mx\/index.php?rest_route=\/wp\/v2\/users\/2"}],"replies":[{"embeddable":true,"href":"https:\/\/quehacerpolitico.mx\/index.php?rest_route=%2Fwp%2Fv2%2Fcomments&post=91823"}],"version-history":[{"count":1,"href":"https:\/\/quehacerpolitico.mx\/index.php?rest_route=\/wp\/v2\/posts\/91823\/revisions"}],"predecessor-version":[{"id":91825,"href":"https:\/\/quehacerpolitico.mx\/index.php?rest_route=\/wp\/v2\/posts\/91823\/revisions\/91825"}],"wp:featuredmedia":[{"embeddable":true,"href":"https:\/\/quehacerpolitico.mx\/index.php?rest_route=\/wp\/v2\/media\/91824"}],"wp:attachment":[{"href":"https:\/\/quehacerpolitico.mx\/index.php?rest_route=%2Fwp%2Fv2%2Fmedia&parent=91823"}],"wp:term":[{"taxonomy":"category","embeddable":true,"href":"https:\/\/quehacerpolitico.mx\/index.php?rest_route=%2Fwp%2Fv2%2Fcategories&post=91823"},{"taxonomy":"post_tag","embeddable":true,"href":"https:\/\/quehacerpolitico.mx\/index.php?rest_route=%2Fwp%2Fv2%2Ftags&post=91823"}],"curies":[{"name":"wp","href":"https:\/\/api.w.org\/{rel}","templated":true}]}}