{"id":91817,"date":"2022-04-25T14:59:52","date_gmt":"2022-04-25T14:59:52","guid":{"rendered":"https:\/\/quehacerpolitico.mx\/?p=91817"},"modified":"2022-04-25T14:59:54","modified_gmt":"2022-04-25T14:59:54","slug":"lopez-obrador-niega-que-trump-le-haya-faltado-al-respeto-a-mexico","status":"publish","type":"post","link":"https:\/\/quehacerpolitico.mx\/?p=91817","title":{"rendered":"L\u00f3pez Obrador niega que Trump le haya faltado al respeto a M\u00e9xico\u00a0"},"content":{"rendered":"\n<p>Por Redacci\u00f3n QP<\/p>\n\n\n\n<p>&#8220;\u00c9l es as\u00ed&#8221;, puntualiza L\u00f3pez Obrador, y descarta\u00a0que haya faltado el respeto a M\u00e9xico<\/p>\n\n\n\n<p>El Presidente\u00a0Andres Manuel Lopez Obrador se\u00f1alo la ma\u00f1ana de este lunes que\u00a0no va a polemizar sobre las declaraciones del expresidente estadunidense.\u00a0<strong>&#8220;\u00c9l es as\u00ed&#8221;, puntualiz\u00f3, y descart\u00f3 que haya faltado el respeto a M\u00e9xico<\/strong>.<\/p>\n\n\n\n<figure class=\"wp-block-embed is-type-rich is-provider-twitter wp-block-embed-twitter\"><div class=\"wp-block-embed__wrapper\">\n<blockquote class=\"twitter-tweet\" data-width=\"550\" data-dnt=\"true\"><p lang=\"es\" dir=\"ltr\">Pues evadiendo el tema y evitando polemizar, AMLO dice que Trump pues simplemente es as\u00ed \ud83e\udd37\u200d\u2640\ufe0f<br><br>&quot;No, no, no, \u00e9l es as\u00ed&quot; <a href=\"https:\/\/t.co\/c0qTMFqnE3\">pic.twitter.com\/c0qTMFqnE3<\/a><\/p>&mdash; Ruido en la Red (@RuidoEnLaRed) <a href=\"https:\/\/twitter.com\/RuidoEnLaRed\/status\/1518594232063303680?ref_src=twsrc%5Etfw\">April 25, 2022<\/a><\/blockquote><script async src=\"https:\/\/platform.twitter.com\/widgets.js\" charset=\"utf-8\"><\/script>\n<\/div><\/figure>\n\n\n\n<p>En su conferencia de prensa &#8220;ma\u00f1anera&#8221;,\u00a0L\u00f3pez Obrador record\u00f3 que este a\u00f1o habr\u00e1 elecciones en Estados Unidos, por lo que\u00a0<strong>partidos pol\u00edticos y candidatos est\u00e1n queriendo poner a M\u00e9xico en sus temas de debate<\/strong>.<\/p>\n\n\n\n<p>&#8220;Entonces es muy bueno que se sepa que nosotros no vamos a permitir a ning\u00fan partido, de los dos de Estados Unidos, a ning\u00fan candidato, que utilicen a M\u00e9xico como pi\u00f1ata&#8221;, advirti\u00f3.<\/p>\n\n\n\n<p>El Presidente de la Rep\u00fablica dijo que la relaci\u00f3n con Trump durante el tiempo que coincidieron como mandatarios\u00a0<strong>&#8220;fue muy buena&#8221; y asegur\u00f3 que aunque es capitalista, el magnate le cae muy bien<\/strong>.<\/p>\n\n\n\n<figure class=\"wp-block-embed is-type-rich is-provider-twitter wp-block-embed-twitter\"><div class=\"wp-block-embed__wrapper\">\n<blockquote class=\"twitter-tweet\" data-width=\"550\" data-dnt=\"true\"><p lang=\"es\" dir=\"ltr\">\u201dNunca he visto a nadie doblarse as\u00ed&quot; fue como Trump presumi\u00f3 que oblig\u00f3 al gobierno de AMLO para militalizar la frontera <br><br>Al respecto AMLO dijo &quot;Me cae bien Donald Trump, aunque sea capitalista.&quot; e inst\u00f3 a los migrantes a no votar por partidos racistas.<br><br>\u00bfMensaje entre lineas? <a href=\"https:\/\/t.co\/Ffn4m6jGlQ\">pic.twitter.com\/Ffn4m6jGlQ<\/a><\/p>&mdash; Ruido en la Red (@RuidoEnLaRed) <a href=\"https:\/\/twitter.com\/RuidoEnLaRed\/status\/1518574808879017985?ref_src=twsrc%5Etfw\">April 25, 2022<\/a><\/blockquote><script async src=\"https:\/\/platform.twitter.com\/widgets.js\" charset=\"utf-8\"><\/script>\n<\/div><\/figure>\n\n\n\n<p>Con informaci\u00f3n de SUN<\/p>\n","protected":false},"excerpt":{"rendered":"<p>Por Redacci\u00f3n QP &#8220;\u00c9l es as\u00ed&#8221;, puntualiza L\u00f3pez Obrador, y descarta\u00a0que haya faltado el respeto&#8230;<\/p>\n","protected":false},"author":2,"featured_media":91818,"comment_status":"open","ping_status":"open","sticky":false,"template":"","format":"standard","meta":{"_monsterinsights_skip_tracking":false,"_monsterinsights_sitenote_active":false,"_monsterinsights_sitenote_note":"","_monsterinsights_sitenote_category":0,"footnotes":""},"categories":[2],"tags":[],"class_list":["post-91817","post","type-post","status-publish","format-standard","has-post-thumbnail","hentry","category-noticias"],"yoast_head":"<!-- This site is optimized with the Yoast SEO plugin v27.3 - https:\/\/yoast.com\/product\/yoast-seo-wordpress\/ -->\n<title>L\u00f3pez Obrador niega que Trump le haya faltado al respeto a M\u00e9xico\u00a0 -<\/title>\n<meta name=\"robots\" content=\"index, follow, max-snippet:-1, max-image-preview:large, max-video-preview:-1\" \/>\n<link rel=\"canonical\" href=\"https:\/\/quehacerpolitico.mx\/?p=91817\" \/>\n<meta property=\"og:locale\" content=\"es_MX\" \/>\n<meta property=\"og:type\" content=\"article\" \/>\n<meta property=\"og:title\" content=\"L\u00f3pez Obrador niega que Trump le haya faltado al respeto a M\u00e9xico\u00a0 -\" \/>\n<meta property=\"og:description\" content=\"Por Redacci\u00f3n QP &#8220;\u00c9l es as\u00ed&#8221;, puntualiza L\u00f3pez Obrador, y descarta\u00a0que haya faltado el respeto...\" \/>\n<meta property=\"og:url\" content=\"https:\/\/quehacerpolitico.mx\/?p=91817\" \/>\n<meta property=\"article:published_time\" content=\"2022-04-25T14:59:52+00:00\" \/>\n<meta property=\"article:modified_time\" content=\"2022-04-25T14:59:54+00:00\" \/>\n<meta property=\"og:image\" content=\"https:\/\/quehacerpolitico.mx\/wp-content\/uploads\/2022\/04\/ABDB8876-44F4-4191-AD51-1800BD7DE544.jpeg\" \/>\n\t<meta property=\"og:image:width\" content=\"943\" \/>\n\t<meta property=\"og:image:height\" content=\"700\" \/>\n\t<meta property=\"og:image:type\" content=\"image\/jpeg\" \/>\n<meta name=\"author\" content=\"Redacci\u00f3n QP\" \/>\n<meta name=\"twitter:card\" content=\"summary_large_image\" \/>\n<meta name=\"twitter:label1\" content=\"Escrito por\" \/>\n\t<meta name=\"twitter:data1\" content=\"Redacci\u00f3n QP\" \/>\n\t<meta name=\"twitter:label2\" content=\"Tiempo de lectura\" \/>\n\t<meta name=\"twitter:data2\" content=\"1 minuto\" \/>\n<script type=\"application\/ld+json\" class=\"yoast-schema-graph\">{\"@context\":\"https:\\\/\\\/schema.org\",\"@graph\":[{\"@type\":\"Article\",\"@id\":\"https:\\\/\\\/quehacerpolitico.mx\\\/?p=91817#article\",\"isPartOf\":{\"@id\":\"https:\\\/\\\/quehacerpolitico.mx\\\/?p=91817\"},\"author\":{\"name\":\"Redacci\u00f3n QP\",\"@id\":\"https:\\\/\\\/quehacerpolitico.mx\\\/#\\\/schema\\\/person\\\/496d8ad2d1d3f8036101dca7ee39e585\"},\"headline\":\"L\u00f3pez Obrador niega que Trump le haya faltado al respeto a M\u00e9xico\u00a0\",\"datePublished\":\"2022-04-25T14:59:52+00:00\",\"dateModified\":\"2022-04-25T14:59:54+00:00\",\"mainEntityOfPage\":{\"@id\":\"https:\\\/\\\/quehacerpolitico.mx\\\/?p=91817\"},\"wordCount\":212,\"commentCount\":0,\"image\":{\"@id\":\"https:\\\/\\\/quehacerpolitico.mx\\\/?p=91817#primaryimage\"},\"thumbnailUrl\":\"https:\\\/\\\/quehacerpolitico.mx\\\/wp-content\\\/uploads\\\/2022\\\/04\\\/ABDB8876-44F4-4191-AD51-1800BD7DE544.jpeg\",\"articleSection\":[\"Noticias\"],\"inLanguage\":\"es\",\"potentialAction\":[{\"@type\":\"CommentAction\",\"name\":\"Comment\",\"target\":[\"https:\\\/\\\/quehacerpolitico.mx\\\/?p=91817#respond\"]}]},{\"@type\":\"WebPage\",\"@id\":\"https:\\\/\\\/quehacerpolitico.mx\\\/?p=91817\",\"url\":\"https:\\\/\\\/quehacerpolitico.mx\\\/?p=91817\",\"name\":\"L\u00f3pez Obrador niega que Trump le haya faltado al respeto a M\u00e9xico\u00a0 -\",\"isPartOf\":{\"@id\":\"https:\\\/\\\/quehacerpolitico.mx\\\/#website\"},\"primaryImageOfPage\":{\"@id\":\"https:\\\/\\\/quehacerpolitico.mx\\\/?p=91817#primaryimage\"},\"image\":{\"@id\":\"https:\\\/\\\/quehacerpolitico.mx\\\/?p=91817#primaryimage\"},\"thumbnailUrl\":\"https:\\\/\\\/quehacerpolitico.mx\\\/wp-content\\\/uploads\\\/2022\\\/04\\\/ABDB8876-44F4-4191-AD51-1800BD7DE544.jpeg\",\"datePublished\":\"2022-04-25T14:59:52+00:00\",\"dateModified\":\"2022-04-25T14:59:54+00:00\",\"author\":{\"@id\":\"https:\\\/\\\/quehacerpolitico.mx\\\/#\\\/schema\\\/person\\\/496d8ad2d1d3f8036101dca7ee39e585\"},\"breadcrumb\":{\"@id\":\"https:\\\/\\\/quehacerpolitico.mx\\\/?p=91817#breadcrumb\"},\"inLanguage\":\"es\",\"potentialAction\":[{\"@type\":\"ReadAction\",\"target\":[\"https:\\\/\\\/quehacerpolitico.mx\\\/?p=91817\"]}]},{\"@type\":\"ImageObject\",\"inLanguage\":\"es\",\"@id\":\"https:\\\/\\\/quehacerpolitico.mx\\\/?p=91817#primaryimage\",\"url\":\"https:\\\/\\\/quehacerpolitico.mx\\\/wp-content\\\/uploads\\\/2022\\\/04\\\/ABDB8876-44F4-4191-AD51-1800BD7DE544.jpeg\",\"contentUrl\":\"https:\\\/\\\/quehacerpolitico.mx\\\/wp-content\\\/uploads\\\/2022\\\/04\\\/ABDB8876-44F4-4191-AD51-1800BD7DE544.jpeg\",\"width\":943,\"height\":700},{\"@type\":\"BreadcrumbList\",\"@id\":\"https:\\\/\\\/quehacerpolitico.mx\\\/?p=91817#breadcrumb\",\"itemListElement\":[{\"@type\":\"ListItem\",\"position\":1,\"name\":\"Inicio\",\"item\":\"https:\\\/\\\/quehacerpolitico.mx\\\/\"},{\"@type\":\"ListItem\",\"position\":2,\"name\":\"L\u00f3pez Obrador niega que Trump le haya faltado al respeto a M\u00e9xico\u00a0\"}]},{\"@type\":\"WebSite\",\"@id\":\"https:\\\/\\\/quehacerpolitico.mx\\\/#website\",\"url\":\"https:\\\/\\\/quehacerpolitico.mx\\\/\",\"name\":\"\",\"description\":\"\",\"potentialAction\":[{\"@type\":\"SearchAction\",\"target\":{\"@type\":\"EntryPoint\",\"urlTemplate\":\"https:\\\/\\\/quehacerpolitico.mx\\\/?s={search_term_string}\"},\"query-input\":{\"@type\":\"PropertyValueSpecification\",\"valueRequired\":true,\"valueName\":\"search_term_string\"}}],\"inLanguage\":\"es\"},{\"@type\":\"Person\",\"@id\":\"https:\\\/\\\/quehacerpolitico.mx\\\/#\\\/schema\\\/person\\\/496d8ad2d1d3f8036101dca7ee39e585\",\"name\":\"Redacci\u00f3n QP\",\"image\":{\"@type\":\"ImageObject\",\"inLanguage\":\"es\",\"@id\":\"https:\\\/\\\/secure.gravatar.com\\\/avatar\\\/c7164ed6fdec453195284ad24a5ae5b6e1eed2b848477fa2a4787ba9adf39a41?s=96&d=mm&r=g\",\"url\":\"https:\\\/\\\/secure.gravatar.com\\\/avatar\\\/c7164ed6fdec453195284ad24a5ae5b6e1eed2b848477fa2a4787ba9adf39a41?s=96&d=mm&r=g\",\"contentUrl\":\"https:\\\/\\\/secure.gravatar.com\\\/avatar\\\/c7164ed6fdec453195284ad24a5ae5b6e1eed2b848477fa2a4787ba9adf39a41?s=96&d=mm&r=g\",\"caption\":\"Redacci\u00f3n QP\"},\"url\":\"https:\\\/\\\/quehacerpolitico.mx\\\/?author=2\"}]}<\/script>\n<!-- \/ Yoast SEO plugin. -->","yoast_head_json":{"title":"L\u00f3pez Obrador niega que Trump le haya faltado al respeto a M\u00e9xico\u00a0 -","robots":{"index":"index","follow":"follow","max-snippet":"max-snippet:-1","max-image-preview":"max-image-preview:large","max-video-preview":"max-video-preview:-1"},"canonical":"https:\/\/quehacerpolitico.mx\/?p=91817","og_locale":"es_MX","og_type":"article","og_title":"L\u00f3pez Obrador niega que Trump le haya faltado al respeto a M\u00e9xico\u00a0 -","og_description":"Por Redacci\u00f3n QP &#8220;\u00c9l es as\u00ed&#8221;, puntualiza L\u00f3pez Obrador, y descarta\u00a0que haya faltado el respeto...","og_url":"https:\/\/quehacerpolitico.mx\/?p=91817","article_published_time":"2022-04-25T14:59:52+00:00","article_modified_time":"2022-04-25T14:59:54+00:00","og_image":[{"width":943,"height":700,"url":"https:\/\/quehacerpolitico.mx\/wp-content\/uploads\/2022\/04\/ABDB8876-44F4-4191-AD51-1800BD7DE544.jpeg","type":"image\/jpeg"}],"author":"Redacci\u00f3n QP","twitter_card":"summary_large_image","twitter_misc":{"Escrito por":"Redacci\u00f3n QP","Tiempo de lectura":"1 minuto"},"schema":{"@context":"https:\/\/schema.org","@graph":[{"@type":"Article","@id":"https:\/\/quehacerpolitico.mx\/?p=91817#article","isPartOf":{"@id":"https:\/\/quehacerpolitico.mx\/?p=91817"},"author":{"name":"Redacci\u00f3n QP","@id":"https:\/\/quehacerpolitico.mx\/#\/schema\/person\/496d8ad2d1d3f8036101dca7ee39e585"},"headline":"L\u00f3pez Obrador niega que Trump le haya faltado al respeto a M\u00e9xico\u00a0","datePublished":"2022-04-25T14:59:52+00:00","dateModified":"2022-04-25T14:59:54+00:00","mainEntityOfPage":{"@id":"https:\/\/quehacerpolitico.mx\/?p=91817"},"wordCount":212,"commentCount":0,"image":{"@id":"https:\/\/quehacerpolitico.mx\/?p=91817#primaryimage"},"thumbnailUrl":"https:\/\/quehacerpolitico.mx\/wp-content\/uploads\/2022\/04\/ABDB8876-44F4-4191-AD51-1800BD7DE544.jpeg","articleSection":["Noticias"],"inLanguage":"es","potentialAction":[{"@type":"CommentAction","name":"Comment","target":["https:\/\/quehacerpolitico.mx\/?p=91817#respond"]}]},{"@type":"WebPage","@id":"https:\/\/quehacerpolitico.mx\/?p=91817","url":"https:\/\/quehacerpolitico.mx\/?p=91817","name":"L\u00f3pez Obrador niega que Trump le haya faltado al respeto a M\u00e9xico\u00a0 -","isPartOf":{"@id":"https:\/\/quehacerpolitico.mx\/#website"},"primaryImageOfPage":{"@id":"https:\/\/quehacerpolitico.mx\/?p=91817#primaryimage"},"image":{"@id":"https:\/\/quehacerpolitico.mx\/?p=91817#primaryimage"},"thumbnailUrl":"https:\/\/quehacerpolitico.mx\/wp-content\/uploads\/2022\/04\/ABDB8876-44F4-4191-AD51-1800BD7DE544.jpeg","datePublished":"2022-04-25T14:59:52+00:00","dateModified":"2022-04-25T14:59:54+00:00","author":{"@id":"https:\/\/quehacerpolitico.mx\/#\/schema\/person\/496d8ad2d1d3f8036101dca7ee39e585"},"breadcrumb":{"@id":"https:\/\/quehacerpolitico.mx\/?p=91817#breadcrumb"},"inLanguage":"es","potentialAction":[{"@type":"ReadAction","target":["https:\/\/quehacerpolitico.mx\/?p=91817"]}]},{"@type":"ImageObject","inLanguage":"es","@id":"https:\/\/quehacerpolitico.mx\/?p=91817#primaryimage","url":"https:\/\/quehacerpolitico.mx\/wp-content\/uploads\/2022\/04\/ABDB8876-44F4-4191-AD51-1800BD7DE544.jpeg","contentUrl":"https:\/\/quehacerpolitico.mx\/wp-content\/uploads\/2022\/04\/ABDB8876-44F4-4191-AD51-1800BD7DE544.jpeg","width":943,"height":700},{"@type":"BreadcrumbList","@id":"https:\/\/quehacerpolitico.mx\/?p=91817#breadcrumb","itemListElement":[{"@type":"ListItem","position":1,"name":"Inicio","item":"https:\/\/quehacerpolitico.mx\/"},{"@type":"ListItem","position":2,"name":"L\u00f3pez Obrador niega que Trump le haya faltado al respeto a M\u00e9xico\u00a0"}]},{"@type":"WebSite","@id":"https:\/\/quehacerpolitico.mx\/#website","url":"https:\/\/quehacerpolitico.mx\/","name":"","description":"","potentialAction":[{"@type":"SearchAction","target":{"@type":"EntryPoint","urlTemplate":"https:\/\/quehacerpolitico.mx\/?s={search_term_string}"},"query-input":{"@type":"PropertyValueSpecification","valueRequired":true,"valueName":"search_term_string"}}],"inLanguage":"es"},{"@type":"Person","@id":"https:\/\/quehacerpolitico.mx\/#\/schema\/person\/496d8ad2d1d3f8036101dca7ee39e585","name":"Redacci\u00f3n QP","image":{"@type":"ImageObject","inLanguage":"es","@id":"https:\/\/secure.gravatar.com\/avatar\/c7164ed6fdec453195284ad24a5ae5b6e1eed2b848477fa2a4787ba9adf39a41?s=96&d=mm&r=g","url":"https:\/\/secure.gravatar.com\/avatar\/c7164ed6fdec453195284ad24a5ae5b6e1eed2b848477fa2a4787ba9adf39a41?s=96&d=mm&r=g","contentUrl":"https:\/\/secure.gravatar.com\/avatar\/c7164ed6fdec453195284ad24a5ae5b6e1eed2b848477fa2a4787ba9adf39a41?s=96&d=mm&r=g","caption":"Redacci\u00f3n QP"},"url":"https:\/\/quehacerpolitico.mx\/?author=2"}]}},"featured_image_urls":{"full":["https:\/\/quehacerpolitico.mx\/wp-content\/uploads\/2022\/04\/ABDB8876-44F4-4191-AD51-1800BD7DE544.jpeg",943,700,false],"thumbnail":["https:\/\/quehacerpolitico.mx\/wp-content\/uploads\/2022\/04\/ABDB8876-44F4-4191-AD51-1800BD7DE544-150x150.jpeg",150,150,true],"medium":["https:\/\/quehacerpolitico.mx\/wp-content\/uploads\/2022\/04\/ABDB8876-44F4-4191-AD51-1800BD7DE544-300x223.jpeg",300,223,true],"medium_large":["https:\/\/quehacerpolitico.mx\/wp-content\/uploads\/2022\/04\/ABDB8876-44F4-4191-AD51-1800BD7DE544-768x570.jpeg",640,475,true],"large":["https:\/\/quehacerpolitico.mx\/wp-content\/uploads\/2022\/04\/ABDB8876-44F4-4191-AD51-1800BD7DE544.jpeg",640,475,false],"1536x1536":["https:\/\/quehacerpolitico.mx\/wp-content\/uploads\/2022\/04\/ABDB8876-44F4-4191-AD51-1800BD7DE544.jpeg",943,700,false],"2048x2048":["https:\/\/quehacerpolitico.mx\/wp-content\/uploads\/2022\/04\/ABDB8876-44F4-4191-AD51-1800BD7DE544.jpeg",943,700,false],"covernews-featured":["https:\/\/quehacerpolitico.mx\/wp-content\/uploads\/2022\/04\/ABDB8876-44F4-4191-AD51-1800BD7DE544.jpeg",943,700,false],"covernews-medium":["https:\/\/quehacerpolitico.mx\/wp-content\/uploads\/2022\/04\/ABDB8876-44F4-4191-AD51-1800BD7DE544.jpeg",458,340,false]},"author_info":{"display_name":"Redacci\u00f3n QP","author_link":"https:\/\/quehacerpolitico.mx\/?author=2"},"category_info":"<a href=\"https:\/\/quehacerpolitico.mx\/?cat=2\" rel=\"category\">Noticias<\/a>","tag_info":"Noticias","comment_count":"0","_links":{"self":[{"href":"https:\/\/quehacerpolitico.mx\/index.php?rest_route=\/wp\/v2\/posts\/91817","targetHints":{"allow":["GET"]}}],"collection":[{"href":"https:\/\/quehacerpolitico.mx\/index.php?rest_route=\/wp\/v2\/posts"}],"about":[{"href":"https:\/\/quehacerpolitico.mx\/index.php?rest_route=\/wp\/v2\/types\/post"}],"author":[{"embeddable":true,"href":"https:\/\/quehacerpolitico.mx\/index.php?rest_route=\/wp\/v2\/users\/2"}],"replies":[{"embeddable":true,"href":"https:\/\/quehacerpolitico.mx\/index.php?rest_route=%2Fwp%2Fv2%2Fcomments&post=91817"}],"version-history":[{"count":1,"href":"https:\/\/quehacerpolitico.mx\/index.php?rest_route=\/wp\/v2\/posts\/91817\/revisions"}],"predecessor-version":[{"id":91819,"href":"https:\/\/quehacerpolitico.mx\/index.php?rest_route=\/wp\/v2\/posts\/91817\/revisions\/91819"}],"wp:featuredmedia":[{"embeddable":true,"href":"https:\/\/quehacerpolitico.mx\/index.php?rest_route=\/wp\/v2\/media\/91818"}],"wp:attachment":[{"href":"https:\/\/quehacerpolitico.mx\/index.php?rest_route=%2Fwp%2Fv2%2Fmedia&parent=91817"}],"wp:term":[{"taxonomy":"category","embeddable":true,"href":"https:\/\/quehacerpolitico.mx\/index.php?rest_route=%2Fwp%2Fv2%2Fcategories&post=91817"},{"taxonomy":"post_tag","embeddable":true,"href":"https:\/\/quehacerpolitico.mx\/index.php?rest_route=%2Fwp%2Fv2%2Ftags&post=91817"}],"curies":[{"name":"wp","href":"https:\/\/api.w.org\/{rel}","templated":true}]}}