{"id":91781,"date":"2022-04-24T18:12:15","date_gmt":"2022-04-24T18:12:15","guid":{"rendered":"https:\/\/quehacerpolitico.mx\/?p=91781"},"modified":"2022-04-24T18:12:18","modified_gmt":"2022-04-24T18:12:18","slug":"familia-de-debanhi-sospecha-de-violacion-piden-nueva-autopsia","status":"publish","type":"post","link":"https:\/\/quehacerpolitico.mx\/?p=91781","title":{"rendered":"Familia de Debanhi sospecha de violaci\u00f3n; piden nueva autopsia"},"content":{"rendered":"\n<p>Por Redacci\u00f3n QP<\/p>\n\n\n\n<p>Acusan a la Fiscal\u00eda de &#8220;inconsistencias&#8221; en el caso de la joven de 18 a\u00f1os, quien apareci\u00f3 muerta el jueves pasado en la cisterna de un motel tras desaparecer<\/p>\n\n\n\n<p>Luego de que despu\u00e9s de varios d\u00edas de b\u00fasqueda se encontrara el cuerpo de\u00a0<strong>Debanhi Escobar<\/strong>, su familia exigir\u00e1 una nueva autopsia, dijeron este s\u00e1bado,\u00a0<strong>ante sus sospechas de abuso sexual, y en rechazo a las versiones de la Fiscal\u00eda<\/strong>\u00a0del Estado de\u00a0Nuevo Leon, que primero manej\u00f3 el caso como un accidente.<\/p>\n\n\n\n<p>Tras llevarse a cabo el velorio en la ciudad de Monterrey, la familia y asesores legales afirmaron este s\u00e1bado que\u00a0<strong>&#8220;s\u00ed hubo abuso sexual&#8221;<\/strong>, por lo que acusaron a la Fiscal\u00eda de\u00a0<strong>&#8220;inconsistencias&#8221;<\/strong>\u00a0en el caso de la joven de 18 a\u00f1os, quien\u00a0apareci\u00f3 muerta el jueves pasado\u00a0en la cisterna de un motel tras desaparecer el 9 de abril.<\/p>\n\n\n\n<p><strong>&#8220;La familia no est\u00e1 conforme con los resultados, queremos m\u00e1s estudios, tenemos suficiente material para continuar con los estudios, para un segundo peritaje&#8221;,<\/strong>\u00a0declar\u00f3 a los medios\u00a0<strong>Omar Tamez<\/strong>, miembro de la organizaci\u00f3n no gubernamental Comisi\u00f3n Internacional de los Derechos Humanos.<\/p>\n\n\n\n<figure class=\"wp-block-embed is-type-rich is-provider-twitter wp-block-embed-twitter\"><div class=\"wp-block-embed__wrapper\">\n<blockquote class=\"twitter-tweet\" data-width=\"550\" data-dnt=\"true\"><p lang=\"es\" dir=\"ltr\">El padre de Debanhi Escobar indic\u00f3 que la Secretar\u00eda de Marina podr\u00eda integrarse a la investigaci\u00f3n por la muerte de su hija en Nuevo Le\u00f3n. <a href=\"https:\/\/t.co\/AU4tu6bYs1\">pic.twitter.com\/AU4tu6bYs1<\/a><\/p>&mdash; N+ FORO (@nmasforo) <a href=\"https:\/\/twitter.com\/nmasforo\/status\/1517919496803164166?ref_src=twsrc%5Etfw\">April 23, 2022<\/a><\/blockquote><script async src=\"https:\/\/platform.twitter.com\/widgets.js\" charset=\"utf-8\"><\/script>\n<\/div><\/figure>\n\n\n\n<p>El caso de Debanhi ha despertado conmoci\u00f3n nacional e internacional por la imagen que se viraliz\u00f3 de ella abandonada en la carretera el 9 de abril en el norte\u00f1o municipio de Escobedo, despu\u00e9s de dejar una fiesta y tomar un taxi, cuyo conductor presuntamente intent\u00f3 abusar de ella.<\/p>\n\n\n\n<p>Tambi\u00e9n ha causado indignaci\u00f3n por las presuntas fallas en la investigaci\u00f3n de la Fiscal\u00eda de Nuevo Le\u00f3n, que primero manej\u00f3 el caso como un accidente y despu\u00e9s declar\u00f3 a los medios que la causa principal de\u00a0<strong>la desaparici\u00f3n de las mujeres es por &#8220;rebeld\u00eda&#8221; y &#8220;falta de comunicaci\u00f3n de la familia&#8221;.<\/strong><\/p>\n\n\n\n<p>En medio de protestas ciudadanas con miles de mujeres en las calles a nivel nacional, la Fiscal\u00eda del estado indic\u00f3 este viernes que Debanhi&nbsp;<strong>muri\u00f3 por una &#8220;contusi\u00f3n profunda en el cr\u00e1neo&#8221;<\/strong>&nbsp;antes de caer a la cisterna en la que hallaron su cuerpo.<\/p>\n\n\n\n<p><strong>&#8220;Toda la ayuda que yo pueda tener para poder esclarecer el asesinato de mi hija es bienvenido, porque fue un asesinato, la mataron&#8221;,<\/strong>\u00a0coment\u00f3 este s\u00e1bado tras el velorio Mario Escobar, padre de la joven.<\/p>\n\n\n\n<figure class=\"wp-block-embed is-type-rich is-provider-twitter wp-block-embed-twitter\"><div class=\"wp-block-embed__wrapper\">\n<blockquote class=\"twitter-tweet\" data-width=\"550\" data-dnt=\"true\"><p lang=\"es\" dir=\"ltr\">\u201cToda la ayuda que tenga para esclarecer el asesinato de mi hija, es bienvenida\u201d: Mario Escobar, padre de Debanhi. <a href=\"https:\/\/twitter.com\/hashtag\/S%C3%A1badosDeForo?src=hash&amp;ref_src=twsrc%5Etfw\">#S\u00e1badosDeForo<\/a> con <a href=\"https:\/\/twitter.com\/andreamvo?ref_src=twsrc%5Etfw\">@andreamvo<\/a> | <a href=\"https:\/\/twitter.com\/hashtag\/SiempreEnVivo?src=hash&amp;ref_src=twsrc%5Etfw\">#SiempreEnVivo<\/a> | <a href=\"https:\/\/twitter.com\/hashtag\/SiempreContigo?src=hash&amp;ref_src=twsrc%5Etfw\">#SiempreContigo<\/a> <a href=\"https:\/\/t.co\/JbG5rAcHVZ\">pic.twitter.com\/JbG5rAcHVZ<\/a><\/p>&mdash; N+ FORO (@nmasforo) <a href=\"https:\/\/twitter.com\/nmasforo\/status\/1517887206899204102?ref_src=twsrc%5Etfw\">April 23, 2022<\/a><\/blockquote><script async src=\"https:\/\/platform.twitter.com\/widgets.js\" charset=\"utf-8\"><\/script>\n<\/div><\/figure>\n\n\n\n<p>El cuerpo de Debanhi, quien estudiaba Derecho en la Universidad Aut\u00f3noma de Nuevo Le\u00f3n (UANL), se trasladar\u00e1 al municipio de Galeana, para el sepelio.<\/p>\n\n\n\n<p>El caso se ha visto como una muestra la doble crisis de violencia machista y de desapariciones en M\u00e9xico, donde asesinan a m\u00e1s de 10 mujeres al d\u00eda y hay m\u00e1s de 99 mil personas no localizadas desde 1964, seg\u00fan cifras del Gobierno.<\/p>\n\n\n\n<p>En lo que va de a\u00f1o, tan solo el estado de Nuevo Le\u00f3n ha registrado una ola de desapariciones con al menos una treintena de mujeres todav\u00eda sin localizar.<\/p>\n\n\n\n<p>Con informaci\u00f3n de EFE<\/p>\n","protected":false},"excerpt":{"rendered":"<p>Por Redacci\u00f3n QP Acusan a la Fiscal\u00eda de &#8220;inconsistencias&#8221; en el caso de la joven&#8230;<\/p>\n","protected":false},"author":2,"featured_media":91782,"comment_status":"open","ping_status":"open","sticky":false,"template":"","format":"standard","meta":{"_monsterinsights_skip_tracking":false,"_monsterinsights_sitenote_active":false,"_monsterinsights_sitenote_note":"","_monsterinsights_sitenote_category":0,"footnotes":""},"categories":[2],"tags":[],"class_list":["post-91781","post","type-post","status-publish","format-standard","has-post-thumbnail","hentry","category-noticias"],"yoast_head":"<!-- This site is optimized with the Yoast SEO plugin v27.3 - https:\/\/yoast.com\/product\/yoast-seo-wordpress\/ -->\n<title>Familia de Debanhi sospecha de violaci\u00f3n; piden nueva autopsia -<\/title>\n<meta name=\"robots\" content=\"index, follow, max-snippet:-1, max-image-preview:large, max-video-preview:-1\" \/>\n<link rel=\"canonical\" href=\"https:\/\/quehacerpolitico.mx\/?p=91781\" \/>\n<meta property=\"og:locale\" content=\"es_MX\" \/>\n<meta property=\"og:type\" content=\"article\" \/>\n<meta property=\"og:title\" content=\"Familia de Debanhi sospecha de violaci\u00f3n; piden nueva autopsia -\" \/>\n<meta property=\"og:description\" content=\"Por Redacci\u00f3n QP Acusan a la Fiscal\u00eda de &#8220;inconsistencias&#8221; en el caso de la joven...\" \/>\n<meta property=\"og:url\" content=\"https:\/\/quehacerpolitico.mx\/?p=91781\" \/>\n<meta property=\"article:published_time\" content=\"2022-04-24T18:12:15+00:00\" \/>\n<meta property=\"article:modified_time\" content=\"2022-04-24T18:12:18+00:00\" \/>\n<meta property=\"og:image\" content=\"https:\/\/quehacerpolitico.mx\/wp-content\/uploads\/2022\/04\/82E49CF7-5522-4B2C-B65F-994A71C14149.jpeg\" \/>\n\t<meta property=\"og:image:width\" content=\"712\" \/>\n\t<meta property=\"og:image:height\" content=\"431\" \/>\n\t<meta property=\"og:image:type\" content=\"image\/jpeg\" \/>\n<meta name=\"author\" content=\"Redacci\u00f3n QP\" \/>\n<meta name=\"twitter:card\" content=\"summary_large_image\" \/>\n<meta name=\"twitter:label1\" content=\"Escrito por\" \/>\n\t<meta name=\"twitter:data1\" content=\"Redacci\u00f3n QP\" \/>\n\t<meta name=\"twitter:label2\" content=\"Tiempo de lectura\" \/>\n\t<meta name=\"twitter:data2\" content=\"3 minutos\" \/>\n<script type=\"application\/ld+json\" class=\"yoast-schema-graph\">{\"@context\":\"https:\\\/\\\/schema.org\",\"@graph\":[{\"@type\":\"Article\",\"@id\":\"https:\\\/\\\/quehacerpolitico.mx\\\/?p=91781#article\",\"isPartOf\":{\"@id\":\"https:\\\/\\\/quehacerpolitico.mx\\\/?p=91781\"},\"author\":{\"name\":\"Redacci\u00f3n QP\",\"@id\":\"https:\\\/\\\/quehacerpolitico.mx\\\/#\\\/schema\\\/person\\\/496d8ad2d1d3f8036101dca7ee39e585\"},\"headline\":\"Familia de Debanhi sospecha de violaci\u00f3n; piden nueva autopsia\",\"datePublished\":\"2022-04-24T18:12:15+00:00\",\"dateModified\":\"2022-04-24T18:12:18+00:00\",\"mainEntityOfPage\":{\"@id\":\"https:\\\/\\\/quehacerpolitico.mx\\\/?p=91781\"},\"wordCount\":533,\"commentCount\":0,\"image\":{\"@id\":\"https:\\\/\\\/quehacerpolitico.mx\\\/?p=91781#primaryimage\"},\"thumbnailUrl\":\"https:\\\/\\\/quehacerpolitico.mx\\\/wp-content\\\/uploads\\\/2022\\\/04\\\/82E49CF7-5522-4B2C-B65F-994A71C14149.jpeg\",\"articleSection\":[\"Noticias\"],\"inLanguage\":\"es\",\"potentialAction\":[{\"@type\":\"CommentAction\",\"name\":\"Comment\",\"target\":[\"https:\\\/\\\/quehacerpolitico.mx\\\/?p=91781#respond\"]}]},{\"@type\":\"WebPage\",\"@id\":\"https:\\\/\\\/quehacerpolitico.mx\\\/?p=91781\",\"url\":\"https:\\\/\\\/quehacerpolitico.mx\\\/?p=91781\",\"name\":\"Familia de Debanhi sospecha de violaci\u00f3n; piden nueva autopsia -\",\"isPartOf\":{\"@id\":\"https:\\\/\\\/quehacerpolitico.mx\\\/#website\"},\"primaryImageOfPage\":{\"@id\":\"https:\\\/\\\/quehacerpolitico.mx\\\/?p=91781#primaryimage\"},\"image\":{\"@id\":\"https:\\\/\\\/quehacerpolitico.mx\\\/?p=91781#primaryimage\"},\"thumbnailUrl\":\"https:\\\/\\\/quehacerpolitico.mx\\\/wp-content\\\/uploads\\\/2022\\\/04\\\/82E49CF7-5522-4B2C-B65F-994A71C14149.jpeg\",\"datePublished\":\"2022-04-24T18:12:15+00:00\",\"dateModified\":\"2022-04-24T18:12:18+00:00\",\"author\":{\"@id\":\"https:\\\/\\\/quehacerpolitico.mx\\\/#\\\/schema\\\/person\\\/496d8ad2d1d3f8036101dca7ee39e585\"},\"breadcrumb\":{\"@id\":\"https:\\\/\\\/quehacerpolitico.mx\\\/?p=91781#breadcrumb\"},\"inLanguage\":\"es\",\"potentialAction\":[{\"@type\":\"ReadAction\",\"target\":[\"https:\\\/\\\/quehacerpolitico.mx\\\/?p=91781\"]}]},{\"@type\":\"ImageObject\",\"inLanguage\":\"es\",\"@id\":\"https:\\\/\\\/quehacerpolitico.mx\\\/?p=91781#primaryimage\",\"url\":\"https:\\\/\\\/quehacerpolitico.mx\\\/wp-content\\\/uploads\\\/2022\\\/04\\\/82E49CF7-5522-4B2C-B65F-994A71C14149.jpeg\",\"contentUrl\":\"https:\\\/\\\/quehacerpolitico.mx\\\/wp-content\\\/uploads\\\/2022\\\/04\\\/82E49CF7-5522-4B2C-B65F-994A71C14149.jpeg\",\"width\":712,\"height\":431},{\"@type\":\"BreadcrumbList\",\"@id\":\"https:\\\/\\\/quehacerpolitico.mx\\\/?p=91781#breadcrumb\",\"itemListElement\":[{\"@type\":\"ListItem\",\"position\":1,\"name\":\"Inicio\",\"item\":\"https:\\\/\\\/quehacerpolitico.mx\\\/\"},{\"@type\":\"ListItem\",\"position\":2,\"name\":\"Familia de Debanhi sospecha de violaci\u00f3n; piden nueva autopsia\"}]},{\"@type\":\"WebSite\",\"@id\":\"https:\\\/\\\/quehacerpolitico.mx\\\/#website\",\"url\":\"https:\\\/\\\/quehacerpolitico.mx\\\/\",\"name\":\"\",\"description\":\"\",\"potentialAction\":[{\"@type\":\"SearchAction\",\"target\":{\"@type\":\"EntryPoint\",\"urlTemplate\":\"https:\\\/\\\/quehacerpolitico.mx\\\/?s={search_term_string}\"},\"query-input\":{\"@type\":\"PropertyValueSpecification\",\"valueRequired\":true,\"valueName\":\"search_term_string\"}}],\"inLanguage\":\"es\"},{\"@type\":\"Person\",\"@id\":\"https:\\\/\\\/quehacerpolitico.mx\\\/#\\\/schema\\\/person\\\/496d8ad2d1d3f8036101dca7ee39e585\",\"name\":\"Redacci\u00f3n QP\",\"image\":{\"@type\":\"ImageObject\",\"inLanguage\":\"es\",\"@id\":\"https:\\\/\\\/secure.gravatar.com\\\/avatar\\\/c7164ed6fdec453195284ad24a5ae5b6e1eed2b848477fa2a4787ba9adf39a41?s=96&d=mm&r=g\",\"url\":\"https:\\\/\\\/secure.gravatar.com\\\/avatar\\\/c7164ed6fdec453195284ad24a5ae5b6e1eed2b848477fa2a4787ba9adf39a41?s=96&d=mm&r=g\",\"contentUrl\":\"https:\\\/\\\/secure.gravatar.com\\\/avatar\\\/c7164ed6fdec453195284ad24a5ae5b6e1eed2b848477fa2a4787ba9adf39a41?s=96&d=mm&r=g\",\"caption\":\"Redacci\u00f3n QP\"},\"url\":\"https:\\\/\\\/quehacerpolitico.mx\\\/?author=2\"}]}<\/script>\n<!-- \/ Yoast SEO plugin. -->","yoast_head_json":{"title":"Familia de Debanhi sospecha de violaci\u00f3n; piden nueva autopsia -","robots":{"index":"index","follow":"follow","max-snippet":"max-snippet:-1","max-image-preview":"max-image-preview:large","max-video-preview":"max-video-preview:-1"},"canonical":"https:\/\/quehacerpolitico.mx\/?p=91781","og_locale":"es_MX","og_type":"article","og_title":"Familia de Debanhi sospecha de violaci\u00f3n; piden nueva autopsia -","og_description":"Por Redacci\u00f3n QP Acusan a la Fiscal\u00eda de &#8220;inconsistencias&#8221; en el caso de la joven...","og_url":"https:\/\/quehacerpolitico.mx\/?p=91781","article_published_time":"2022-04-24T18:12:15+00:00","article_modified_time":"2022-04-24T18:12:18+00:00","og_image":[{"width":712,"height":431,"url":"https:\/\/quehacerpolitico.mx\/wp-content\/uploads\/2022\/04\/82E49CF7-5522-4B2C-B65F-994A71C14149.jpeg","type":"image\/jpeg"}],"author":"Redacci\u00f3n QP","twitter_card":"summary_large_image","twitter_misc":{"Escrito por":"Redacci\u00f3n QP","Tiempo de lectura":"3 minutos"},"schema":{"@context":"https:\/\/schema.org","@graph":[{"@type":"Article","@id":"https:\/\/quehacerpolitico.mx\/?p=91781#article","isPartOf":{"@id":"https:\/\/quehacerpolitico.mx\/?p=91781"},"author":{"name":"Redacci\u00f3n QP","@id":"https:\/\/quehacerpolitico.mx\/#\/schema\/person\/496d8ad2d1d3f8036101dca7ee39e585"},"headline":"Familia de Debanhi sospecha de violaci\u00f3n; piden nueva autopsia","datePublished":"2022-04-24T18:12:15+00:00","dateModified":"2022-04-24T18:12:18+00:00","mainEntityOfPage":{"@id":"https:\/\/quehacerpolitico.mx\/?p=91781"},"wordCount":533,"commentCount":0,"image":{"@id":"https:\/\/quehacerpolitico.mx\/?p=91781#primaryimage"},"thumbnailUrl":"https:\/\/quehacerpolitico.mx\/wp-content\/uploads\/2022\/04\/82E49CF7-5522-4B2C-B65F-994A71C14149.jpeg","articleSection":["Noticias"],"inLanguage":"es","potentialAction":[{"@type":"CommentAction","name":"Comment","target":["https:\/\/quehacerpolitico.mx\/?p=91781#respond"]}]},{"@type":"WebPage","@id":"https:\/\/quehacerpolitico.mx\/?p=91781","url":"https:\/\/quehacerpolitico.mx\/?p=91781","name":"Familia de Debanhi sospecha de violaci\u00f3n; piden nueva autopsia -","isPartOf":{"@id":"https:\/\/quehacerpolitico.mx\/#website"},"primaryImageOfPage":{"@id":"https:\/\/quehacerpolitico.mx\/?p=91781#primaryimage"},"image":{"@id":"https:\/\/quehacerpolitico.mx\/?p=91781#primaryimage"},"thumbnailUrl":"https:\/\/quehacerpolitico.mx\/wp-content\/uploads\/2022\/04\/82E49CF7-5522-4B2C-B65F-994A71C14149.jpeg","datePublished":"2022-04-24T18:12:15+00:00","dateModified":"2022-04-24T18:12:18+00:00","author":{"@id":"https:\/\/quehacerpolitico.mx\/#\/schema\/person\/496d8ad2d1d3f8036101dca7ee39e585"},"breadcrumb":{"@id":"https:\/\/quehacerpolitico.mx\/?p=91781#breadcrumb"},"inLanguage":"es","potentialAction":[{"@type":"ReadAction","target":["https:\/\/quehacerpolitico.mx\/?p=91781"]}]},{"@type":"ImageObject","inLanguage":"es","@id":"https:\/\/quehacerpolitico.mx\/?p=91781#primaryimage","url":"https:\/\/quehacerpolitico.mx\/wp-content\/uploads\/2022\/04\/82E49CF7-5522-4B2C-B65F-994A71C14149.jpeg","contentUrl":"https:\/\/quehacerpolitico.mx\/wp-content\/uploads\/2022\/04\/82E49CF7-5522-4B2C-B65F-994A71C14149.jpeg","width":712,"height":431},{"@type":"BreadcrumbList","@id":"https:\/\/quehacerpolitico.mx\/?p=91781#breadcrumb","itemListElement":[{"@type":"ListItem","position":1,"name":"Inicio","item":"https:\/\/quehacerpolitico.mx\/"},{"@type":"ListItem","position":2,"name":"Familia de Debanhi sospecha de violaci\u00f3n; piden nueva autopsia"}]},{"@type":"WebSite","@id":"https:\/\/quehacerpolitico.mx\/#website","url":"https:\/\/quehacerpolitico.mx\/","name":"","description":"","potentialAction":[{"@type":"SearchAction","target":{"@type":"EntryPoint","urlTemplate":"https:\/\/quehacerpolitico.mx\/?s={search_term_string}"},"query-input":{"@type":"PropertyValueSpecification","valueRequired":true,"valueName":"search_term_string"}}],"inLanguage":"es"},{"@type":"Person","@id":"https:\/\/quehacerpolitico.mx\/#\/schema\/person\/496d8ad2d1d3f8036101dca7ee39e585","name":"Redacci\u00f3n QP","image":{"@type":"ImageObject","inLanguage":"es","@id":"https:\/\/secure.gravatar.com\/avatar\/c7164ed6fdec453195284ad24a5ae5b6e1eed2b848477fa2a4787ba9adf39a41?s=96&d=mm&r=g","url":"https:\/\/secure.gravatar.com\/avatar\/c7164ed6fdec453195284ad24a5ae5b6e1eed2b848477fa2a4787ba9adf39a41?s=96&d=mm&r=g","contentUrl":"https:\/\/secure.gravatar.com\/avatar\/c7164ed6fdec453195284ad24a5ae5b6e1eed2b848477fa2a4787ba9adf39a41?s=96&d=mm&r=g","caption":"Redacci\u00f3n QP"},"url":"https:\/\/quehacerpolitico.mx\/?author=2"}]}},"featured_image_urls":{"full":["https:\/\/quehacerpolitico.mx\/wp-content\/uploads\/2022\/04\/82E49CF7-5522-4B2C-B65F-994A71C14149.jpeg",712,431,false],"thumbnail":["https:\/\/quehacerpolitico.mx\/wp-content\/uploads\/2022\/04\/82E49CF7-5522-4B2C-B65F-994A71C14149-150x150.jpeg",150,150,true],"medium":["https:\/\/quehacerpolitico.mx\/wp-content\/uploads\/2022\/04\/82E49CF7-5522-4B2C-B65F-994A71C14149-300x182.jpeg",300,182,true],"medium_large":["https:\/\/quehacerpolitico.mx\/wp-content\/uploads\/2022\/04\/82E49CF7-5522-4B2C-B65F-994A71C14149.jpeg",640,387,false],"large":["https:\/\/quehacerpolitico.mx\/wp-content\/uploads\/2022\/04\/82E49CF7-5522-4B2C-B65F-994A71C14149.jpeg",640,387,false],"1536x1536":["https:\/\/quehacerpolitico.mx\/wp-content\/uploads\/2022\/04\/82E49CF7-5522-4B2C-B65F-994A71C14149.jpeg",712,431,false],"2048x2048":["https:\/\/quehacerpolitico.mx\/wp-content\/uploads\/2022\/04\/82E49CF7-5522-4B2C-B65F-994A71C14149.jpeg",712,431,false],"covernews-featured":["https:\/\/quehacerpolitico.mx\/wp-content\/uploads\/2022\/04\/82E49CF7-5522-4B2C-B65F-994A71C14149.jpeg",712,431,false],"covernews-medium":["https:\/\/quehacerpolitico.mx\/wp-content\/uploads\/2022\/04\/82E49CF7-5522-4B2C-B65F-994A71C14149.jpeg",540,327,false]},"author_info":{"display_name":"Redacci\u00f3n QP","author_link":"https:\/\/quehacerpolitico.mx\/?author=2"},"category_info":"<a href=\"https:\/\/quehacerpolitico.mx\/?cat=2\" rel=\"category\">Noticias<\/a>","tag_info":"Noticias","comment_count":"0","_links":{"self":[{"href":"https:\/\/quehacerpolitico.mx\/index.php?rest_route=\/wp\/v2\/posts\/91781","targetHints":{"allow":["GET"]}}],"collection":[{"href":"https:\/\/quehacerpolitico.mx\/index.php?rest_route=\/wp\/v2\/posts"}],"about":[{"href":"https:\/\/quehacerpolitico.mx\/index.php?rest_route=\/wp\/v2\/types\/post"}],"author":[{"embeddable":true,"href":"https:\/\/quehacerpolitico.mx\/index.php?rest_route=\/wp\/v2\/users\/2"}],"replies":[{"embeddable":true,"href":"https:\/\/quehacerpolitico.mx\/index.php?rest_route=%2Fwp%2Fv2%2Fcomments&post=91781"}],"version-history":[{"count":1,"href":"https:\/\/quehacerpolitico.mx\/index.php?rest_route=\/wp\/v2\/posts\/91781\/revisions"}],"predecessor-version":[{"id":91783,"href":"https:\/\/quehacerpolitico.mx\/index.php?rest_route=\/wp\/v2\/posts\/91781\/revisions\/91783"}],"wp:featuredmedia":[{"embeddable":true,"href":"https:\/\/quehacerpolitico.mx\/index.php?rest_route=\/wp\/v2\/media\/91782"}],"wp:attachment":[{"href":"https:\/\/quehacerpolitico.mx\/index.php?rest_route=%2Fwp%2Fv2%2Fmedia&parent=91781"}],"wp:term":[{"taxonomy":"category","embeddable":true,"href":"https:\/\/quehacerpolitico.mx\/index.php?rest_route=%2Fwp%2Fv2%2Fcategories&post=91781"},{"taxonomy":"post_tag","embeddable":true,"href":"https:\/\/quehacerpolitico.mx\/index.php?rest_route=%2Fwp%2Fv2%2Ftags&post=91781"}],"curies":[{"name":"wp","href":"https:\/\/api.w.org\/{rel}","templated":true}]}}