{"id":91775,"date":"2022-04-22T04:18:00","date_gmt":"2022-04-22T04:18:00","guid":{"rendered":"https:\/\/quehacerpolitico.mx\/?p=91775"},"modified":"2022-04-22T04:18:02","modified_gmt":"2022-04-22T04:18:02","slug":"menores-de-14-anos-recibiran-su-primera-vacuna-contra-covid","status":"publish","type":"post","link":"https:\/\/quehacerpolitico.mx\/?p=91775","title":{"rendered":"Menores de 14 a\u00f1os recibir\u00e1n su primera vacuna contra COVID\u00a0"},"content":{"rendered":"\n<p>Por Redacci\u00f3n QP<\/p>\n\n\n\n<p>Madres y padres de familia potosinos est\u00e1n felices de que sus ni\u00f1os ser\u00e1n vacunados contra el Covid-19<\/p>\n\n\n\n<p>Ricardo Gallardo Cardono, gobernador de San Luis Potos\u00ed, anunci\u00f3 que&nbsp;<strong>en mayo los menores de 14 a\u00f1os de edad recibir\u00e1n su primer vacuna contra el Covid-19<\/strong>.&nbsp;<\/p>\n\n\n\n<p>Mencion\u00f3 que su administraci\u00f3n est\u00e1 preparada para apoyar al personal de salud que realizar\u00e1 la vacunaci\u00f3n en ni\u00f1os y ni\u00f1as. Adem\u00e1s, coment\u00f3 que se aplicar\u00e1 una\u00a0<strong>vacuna pedi\u00e1trica a los menores de 5 a 11 a\u00f1os<\/strong>\u00a0en las cuatro regiones potosinas.<\/p>\n\n\n\n<p>A pesar de que no se ha definido fecha para la aplicaci\u00f3n de la vacuna, el mandatario asegur\u00f3 que\u00a0<strong>ser\u00e1 el pr\u00f3ximo mes<\/strong>. Por el momento, se siguen aplicando dosis a rezagados de 18 a\u00f1os en adelante.<\/p>\n\n\n\n<p>Adem\u00e1s,\u00a0<strong>Gallardo Cardono<\/strong>\u00a0inform\u00f3 que, de ser necesario, se instalar\u00e1n m\u00f3dulos de vacunaci\u00f3n en diversos puntos de la ciudad capital y sus municipios. Incluso contempla el funcionamiento de sedes con acceso vehicular para la dosis en menos de edad.<\/p>\n\n\n\n<figure class=\"wp-block-embed is-type-video is-provider-youtube wp-block-embed-youtube wp-embed-aspect-16-9 wp-has-aspect-ratio\"><div class=\"wp-block-embed__wrapper\">\n<iframe loading=\"lazy\" title=\"Menores de 14 a\u00f1os en SLP recibir\u00e1n su primera vacuna anticovid: gobierno estatal\" width=\"640\" height=\"360\" src=\"https:\/\/www.youtube.com\/embed\/EApRzZgpwqg?feature=oembed\" frameborder=\"0\" allow=\"accelerometer; autoplay; clipboard-write; encrypted-media; gyroscope; picture-in-picture; web-share\" referrerpolicy=\"strict-origin-when-cross-origin\" allowfullscreen><\/iframe>\n<\/div><\/figure>\n\n\n\n<p>Asimismo, reiter\u00f3 que el personal de la\u00a0<strong>Secretar\u00eda de Salud<\/strong>\u00a0continuar\u00e1 trabajando con el mismo empe\u00f1o con el que ha ido trabajando en mayores de edad y menores de 12 a 17 a\u00f1os, como lo han venido realizando en el estado por m\u00e1s de un a\u00f1o.<\/p>\n\n\n\n<p>&#8220;Son casi 343 mil ni\u00f1as y ni\u00f1os de 5 a 11 a\u00f1os los que requieren de la aplicaci\u00f3n de vacuna pedi\u00e1trica contra\u00a0<strong>Covid-19<\/strong>\u00a0en San Luis Potos\u00ed, por lo que la decisi\u00f3n del Presidente de la Rep\u00fablica, sin duda, es importante, y alegra a madres y padres de familia que esperaban con ansia este anuncio&#8221;, asever\u00f3.<\/p>\n\n\n\n<p>Tambi\u00e9n mencion\u00f3 que, del rango de 12 a 14 a\u00f1os, son 152 mil 545 menores, de los cuales, una parte ya fue vacunada contra\u00a0<strong>Covid-19<\/strong>, por padecer alguna enfermedad cr\u00f3nico degenerativa, pero est\u00e1 pendiente aplicar el biol\u00f3gico a quienes no tienen comorbilidades.<\/p>\n\n\n\n<p>Con informaci\u00f3n de SUN<\/p>\n","protected":false},"excerpt":{"rendered":"<p>Por Redacci\u00f3n QP Madres y padres de familia potosinos est\u00e1n felices de que sus ni\u00f1os&#8230;<\/p>\n","protected":false},"author":2,"featured_media":91776,"comment_status":"open","ping_status":"open","sticky":false,"template":"","format":"standard","meta":{"_monsterinsights_skip_tracking":false,"_monsterinsights_sitenote_active":false,"_monsterinsights_sitenote_note":"","_monsterinsights_sitenote_category":0,"footnotes":""},"categories":[2],"tags":[],"class_list":["post-91775","post","type-post","status-publish","format-standard","has-post-thumbnail","hentry","category-noticias"],"yoast_head":"<!-- This site is optimized with the Yoast SEO plugin v27.3 - https:\/\/yoast.com\/product\/yoast-seo-wordpress\/ -->\n<title>Menores de 14 a\u00f1os recibir\u00e1n su primera vacuna contra COVID\u00a0 -<\/title>\n<meta name=\"robots\" content=\"index, follow, max-snippet:-1, max-image-preview:large, max-video-preview:-1\" \/>\n<link rel=\"canonical\" href=\"https:\/\/quehacerpolitico.mx\/?p=91775\" \/>\n<meta property=\"og:locale\" content=\"es_MX\" \/>\n<meta property=\"og:type\" content=\"article\" \/>\n<meta property=\"og:title\" content=\"Menores de 14 a\u00f1os recibir\u00e1n su primera vacuna contra COVID\u00a0 -\" \/>\n<meta property=\"og:description\" content=\"Por Redacci\u00f3n QP Madres y padres de familia potosinos est\u00e1n felices de que sus ni\u00f1os...\" \/>\n<meta property=\"og:url\" content=\"https:\/\/quehacerpolitico.mx\/?p=91775\" \/>\n<meta property=\"article:published_time\" content=\"2022-04-22T04:18:00+00:00\" \/>\n<meta property=\"article:modified_time\" content=\"2022-04-22T04:18:02+00:00\" \/>\n<meta property=\"og:image\" content=\"https:\/\/quehacerpolitico.mx\/wp-content\/uploads\/2022\/04\/679A1788-2835-4500-BE77-908488B12C8D.jpeg\" \/>\n\t<meta property=\"og:image:width\" content=\"1068\" \/>\n\t<meta property=\"og:image:height\" content=\"685\" \/>\n\t<meta property=\"og:image:type\" content=\"image\/jpeg\" \/>\n<meta name=\"author\" content=\"Redacci\u00f3n QP\" \/>\n<meta name=\"twitter:card\" content=\"summary_large_image\" \/>\n<meta name=\"twitter:label1\" content=\"Escrito por\" \/>\n\t<meta name=\"twitter:data1\" content=\"Redacci\u00f3n QP\" \/>\n\t<meta name=\"twitter:label2\" content=\"Tiempo de lectura\" \/>\n\t<meta name=\"twitter:data2\" content=\"2 minutos\" \/>\n<script type=\"application\/ld+json\" class=\"yoast-schema-graph\">{\"@context\":\"https:\\\/\\\/schema.org\",\"@graph\":[{\"@type\":\"Article\",\"@id\":\"https:\\\/\\\/quehacerpolitico.mx\\\/?p=91775#article\",\"isPartOf\":{\"@id\":\"https:\\\/\\\/quehacerpolitico.mx\\\/?p=91775\"},\"author\":{\"name\":\"Redacci\u00f3n QP\",\"@id\":\"https:\\\/\\\/quehacerpolitico.mx\\\/#\\\/schema\\\/person\\\/496d8ad2d1d3f8036101dca7ee39e585\"},\"headline\":\"Menores de 14 a\u00f1os recibir\u00e1n su primera vacuna contra COVID\u00a0\",\"datePublished\":\"2022-04-22T04:18:00+00:00\",\"dateModified\":\"2022-04-22T04:18:02+00:00\",\"mainEntityOfPage\":{\"@id\":\"https:\\\/\\\/quehacerpolitico.mx\\\/?p=91775\"},\"wordCount\":352,\"commentCount\":0,\"image\":{\"@id\":\"https:\\\/\\\/quehacerpolitico.mx\\\/?p=91775#primaryimage\"},\"thumbnailUrl\":\"https:\\\/\\\/quehacerpolitico.mx\\\/wp-content\\\/uploads\\\/2022\\\/04\\\/679A1788-2835-4500-BE77-908488B12C8D.jpeg\",\"articleSection\":[\"Noticias\"],\"inLanguage\":\"es\",\"potentialAction\":[{\"@type\":\"CommentAction\",\"name\":\"Comment\",\"target\":[\"https:\\\/\\\/quehacerpolitico.mx\\\/?p=91775#respond\"]}]},{\"@type\":\"WebPage\",\"@id\":\"https:\\\/\\\/quehacerpolitico.mx\\\/?p=91775\",\"url\":\"https:\\\/\\\/quehacerpolitico.mx\\\/?p=91775\",\"name\":\"Menores de 14 a\u00f1os recibir\u00e1n su primera vacuna contra COVID\u00a0 -\",\"isPartOf\":{\"@id\":\"https:\\\/\\\/quehacerpolitico.mx\\\/#website\"},\"primaryImageOfPage\":{\"@id\":\"https:\\\/\\\/quehacerpolitico.mx\\\/?p=91775#primaryimage\"},\"image\":{\"@id\":\"https:\\\/\\\/quehacerpolitico.mx\\\/?p=91775#primaryimage\"},\"thumbnailUrl\":\"https:\\\/\\\/quehacerpolitico.mx\\\/wp-content\\\/uploads\\\/2022\\\/04\\\/679A1788-2835-4500-BE77-908488B12C8D.jpeg\",\"datePublished\":\"2022-04-22T04:18:00+00:00\",\"dateModified\":\"2022-04-22T04:18:02+00:00\",\"author\":{\"@id\":\"https:\\\/\\\/quehacerpolitico.mx\\\/#\\\/schema\\\/person\\\/496d8ad2d1d3f8036101dca7ee39e585\"},\"breadcrumb\":{\"@id\":\"https:\\\/\\\/quehacerpolitico.mx\\\/?p=91775#breadcrumb\"},\"inLanguage\":\"es\",\"potentialAction\":[{\"@type\":\"ReadAction\",\"target\":[\"https:\\\/\\\/quehacerpolitico.mx\\\/?p=91775\"]}]},{\"@type\":\"ImageObject\",\"inLanguage\":\"es\",\"@id\":\"https:\\\/\\\/quehacerpolitico.mx\\\/?p=91775#primaryimage\",\"url\":\"https:\\\/\\\/quehacerpolitico.mx\\\/wp-content\\\/uploads\\\/2022\\\/04\\\/679A1788-2835-4500-BE77-908488B12C8D.jpeg\",\"contentUrl\":\"https:\\\/\\\/quehacerpolitico.mx\\\/wp-content\\\/uploads\\\/2022\\\/04\\\/679A1788-2835-4500-BE77-908488B12C8D.jpeg\",\"width\":1068,\"height\":685},{\"@type\":\"BreadcrumbList\",\"@id\":\"https:\\\/\\\/quehacerpolitico.mx\\\/?p=91775#breadcrumb\",\"itemListElement\":[{\"@type\":\"ListItem\",\"position\":1,\"name\":\"Inicio\",\"item\":\"https:\\\/\\\/quehacerpolitico.mx\\\/\"},{\"@type\":\"ListItem\",\"position\":2,\"name\":\"Menores de 14 a\u00f1os recibir\u00e1n su primera vacuna contra COVID\u00a0\"}]},{\"@type\":\"WebSite\",\"@id\":\"https:\\\/\\\/quehacerpolitico.mx\\\/#website\",\"url\":\"https:\\\/\\\/quehacerpolitico.mx\\\/\",\"name\":\"\",\"description\":\"\",\"potentialAction\":[{\"@type\":\"SearchAction\",\"target\":{\"@type\":\"EntryPoint\",\"urlTemplate\":\"https:\\\/\\\/quehacerpolitico.mx\\\/?s={search_term_string}\"},\"query-input\":{\"@type\":\"PropertyValueSpecification\",\"valueRequired\":true,\"valueName\":\"search_term_string\"}}],\"inLanguage\":\"es\"},{\"@type\":\"Person\",\"@id\":\"https:\\\/\\\/quehacerpolitico.mx\\\/#\\\/schema\\\/person\\\/496d8ad2d1d3f8036101dca7ee39e585\",\"name\":\"Redacci\u00f3n QP\",\"image\":{\"@type\":\"ImageObject\",\"inLanguage\":\"es\",\"@id\":\"https:\\\/\\\/secure.gravatar.com\\\/avatar\\\/c7164ed6fdec453195284ad24a5ae5b6e1eed2b848477fa2a4787ba9adf39a41?s=96&d=mm&r=g\",\"url\":\"https:\\\/\\\/secure.gravatar.com\\\/avatar\\\/c7164ed6fdec453195284ad24a5ae5b6e1eed2b848477fa2a4787ba9adf39a41?s=96&d=mm&r=g\",\"contentUrl\":\"https:\\\/\\\/secure.gravatar.com\\\/avatar\\\/c7164ed6fdec453195284ad24a5ae5b6e1eed2b848477fa2a4787ba9adf39a41?s=96&d=mm&r=g\",\"caption\":\"Redacci\u00f3n QP\"},\"url\":\"https:\\\/\\\/quehacerpolitico.mx\\\/?author=2\"}]}<\/script>\n<!-- \/ Yoast SEO plugin. -->","yoast_head_json":{"title":"Menores de 14 a\u00f1os recibir\u00e1n su primera vacuna contra COVID\u00a0 -","robots":{"index":"index","follow":"follow","max-snippet":"max-snippet:-1","max-image-preview":"max-image-preview:large","max-video-preview":"max-video-preview:-1"},"canonical":"https:\/\/quehacerpolitico.mx\/?p=91775","og_locale":"es_MX","og_type":"article","og_title":"Menores de 14 a\u00f1os recibir\u00e1n su primera vacuna contra COVID\u00a0 -","og_description":"Por Redacci\u00f3n QP Madres y padres de familia potosinos est\u00e1n felices de que sus ni\u00f1os...","og_url":"https:\/\/quehacerpolitico.mx\/?p=91775","article_published_time":"2022-04-22T04:18:00+00:00","article_modified_time":"2022-04-22T04:18:02+00:00","og_image":[{"width":1068,"height":685,"url":"https:\/\/quehacerpolitico.mx\/wp-content\/uploads\/2022\/04\/679A1788-2835-4500-BE77-908488B12C8D.jpeg","type":"image\/jpeg"}],"author":"Redacci\u00f3n QP","twitter_card":"summary_large_image","twitter_misc":{"Escrito por":"Redacci\u00f3n QP","Tiempo de lectura":"2 minutos"},"schema":{"@context":"https:\/\/schema.org","@graph":[{"@type":"Article","@id":"https:\/\/quehacerpolitico.mx\/?p=91775#article","isPartOf":{"@id":"https:\/\/quehacerpolitico.mx\/?p=91775"},"author":{"name":"Redacci\u00f3n QP","@id":"https:\/\/quehacerpolitico.mx\/#\/schema\/person\/496d8ad2d1d3f8036101dca7ee39e585"},"headline":"Menores de 14 a\u00f1os recibir\u00e1n su primera vacuna contra COVID\u00a0","datePublished":"2022-04-22T04:18:00+00:00","dateModified":"2022-04-22T04:18:02+00:00","mainEntityOfPage":{"@id":"https:\/\/quehacerpolitico.mx\/?p=91775"},"wordCount":352,"commentCount":0,"image":{"@id":"https:\/\/quehacerpolitico.mx\/?p=91775#primaryimage"},"thumbnailUrl":"https:\/\/quehacerpolitico.mx\/wp-content\/uploads\/2022\/04\/679A1788-2835-4500-BE77-908488B12C8D.jpeg","articleSection":["Noticias"],"inLanguage":"es","potentialAction":[{"@type":"CommentAction","name":"Comment","target":["https:\/\/quehacerpolitico.mx\/?p=91775#respond"]}]},{"@type":"WebPage","@id":"https:\/\/quehacerpolitico.mx\/?p=91775","url":"https:\/\/quehacerpolitico.mx\/?p=91775","name":"Menores de 14 a\u00f1os recibir\u00e1n su primera vacuna contra COVID\u00a0 -","isPartOf":{"@id":"https:\/\/quehacerpolitico.mx\/#website"},"primaryImageOfPage":{"@id":"https:\/\/quehacerpolitico.mx\/?p=91775#primaryimage"},"image":{"@id":"https:\/\/quehacerpolitico.mx\/?p=91775#primaryimage"},"thumbnailUrl":"https:\/\/quehacerpolitico.mx\/wp-content\/uploads\/2022\/04\/679A1788-2835-4500-BE77-908488B12C8D.jpeg","datePublished":"2022-04-22T04:18:00+00:00","dateModified":"2022-04-22T04:18:02+00:00","author":{"@id":"https:\/\/quehacerpolitico.mx\/#\/schema\/person\/496d8ad2d1d3f8036101dca7ee39e585"},"breadcrumb":{"@id":"https:\/\/quehacerpolitico.mx\/?p=91775#breadcrumb"},"inLanguage":"es","potentialAction":[{"@type":"ReadAction","target":["https:\/\/quehacerpolitico.mx\/?p=91775"]}]},{"@type":"ImageObject","inLanguage":"es","@id":"https:\/\/quehacerpolitico.mx\/?p=91775#primaryimage","url":"https:\/\/quehacerpolitico.mx\/wp-content\/uploads\/2022\/04\/679A1788-2835-4500-BE77-908488B12C8D.jpeg","contentUrl":"https:\/\/quehacerpolitico.mx\/wp-content\/uploads\/2022\/04\/679A1788-2835-4500-BE77-908488B12C8D.jpeg","width":1068,"height":685},{"@type":"BreadcrumbList","@id":"https:\/\/quehacerpolitico.mx\/?p=91775#breadcrumb","itemListElement":[{"@type":"ListItem","position":1,"name":"Inicio","item":"https:\/\/quehacerpolitico.mx\/"},{"@type":"ListItem","position":2,"name":"Menores de 14 a\u00f1os recibir\u00e1n su primera vacuna contra COVID\u00a0"}]},{"@type":"WebSite","@id":"https:\/\/quehacerpolitico.mx\/#website","url":"https:\/\/quehacerpolitico.mx\/","name":"","description":"","potentialAction":[{"@type":"SearchAction","target":{"@type":"EntryPoint","urlTemplate":"https:\/\/quehacerpolitico.mx\/?s={search_term_string}"},"query-input":{"@type":"PropertyValueSpecification","valueRequired":true,"valueName":"search_term_string"}}],"inLanguage":"es"},{"@type":"Person","@id":"https:\/\/quehacerpolitico.mx\/#\/schema\/person\/496d8ad2d1d3f8036101dca7ee39e585","name":"Redacci\u00f3n QP","image":{"@type":"ImageObject","inLanguage":"es","@id":"https:\/\/secure.gravatar.com\/avatar\/c7164ed6fdec453195284ad24a5ae5b6e1eed2b848477fa2a4787ba9adf39a41?s=96&d=mm&r=g","url":"https:\/\/secure.gravatar.com\/avatar\/c7164ed6fdec453195284ad24a5ae5b6e1eed2b848477fa2a4787ba9adf39a41?s=96&d=mm&r=g","contentUrl":"https:\/\/secure.gravatar.com\/avatar\/c7164ed6fdec453195284ad24a5ae5b6e1eed2b848477fa2a4787ba9adf39a41?s=96&d=mm&r=g","caption":"Redacci\u00f3n QP"},"url":"https:\/\/quehacerpolitico.mx\/?author=2"}]}},"featured_image_urls":{"full":["https:\/\/quehacerpolitico.mx\/wp-content\/uploads\/2022\/04\/679A1788-2835-4500-BE77-908488B12C8D.jpeg",1068,685,false],"thumbnail":["https:\/\/quehacerpolitico.mx\/wp-content\/uploads\/2022\/04\/679A1788-2835-4500-BE77-908488B12C8D-150x150.jpeg",150,150,true],"medium":["https:\/\/quehacerpolitico.mx\/wp-content\/uploads\/2022\/04\/679A1788-2835-4500-BE77-908488B12C8D-300x192.jpeg",300,192,true],"medium_large":["https:\/\/quehacerpolitico.mx\/wp-content\/uploads\/2022\/04\/679A1788-2835-4500-BE77-908488B12C8D-768x493.jpeg",640,411,true],"large":["https:\/\/quehacerpolitico.mx\/wp-content\/uploads\/2022\/04\/679A1788-2835-4500-BE77-908488B12C8D-1024x657.jpeg",640,411,true],"1536x1536":["https:\/\/quehacerpolitico.mx\/wp-content\/uploads\/2022\/04\/679A1788-2835-4500-BE77-908488B12C8D.jpeg",1068,685,false],"2048x2048":["https:\/\/quehacerpolitico.mx\/wp-content\/uploads\/2022\/04\/679A1788-2835-4500-BE77-908488B12C8D.jpeg",1068,685,false],"covernews-featured":["https:\/\/quehacerpolitico.mx\/wp-content\/uploads\/2022\/04\/679A1788-2835-4500-BE77-908488B12C8D.jpeg",1024,657,false],"covernews-medium":["https:\/\/quehacerpolitico.mx\/wp-content\/uploads\/2022\/04\/679A1788-2835-4500-BE77-908488B12C8D.jpeg",530,340,false]},"author_info":{"display_name":"Redacci\u00f3n QP","author_link":"https:\/\/quehacerpolitico.mx\/?author=2"},"category_info":"<a href=\"https:\/\/quehacerpolitico.mx\/?cat=2\" rel=\"category\">Noticias<\/a>","tag_info":"Noticias","comment_count":"0","_links":{"self":[{"href":"https:\/\/quehacerpolitico.mx\/index.php?rest_route=\/wp\/v2\/posts\/91775","targetHints":{"allow":["GET"]}}],"collection":[{"href":"https:\/\/quehacerpolitico.mx\/index.php?rest_route=\/wp\/v2\/posts"}],"about":[{"href":"https:\/\/quehacerpolitico.mx\/index.php?rest_route=\/wp\/v2\/types\/post"}],"author":[{"embeddable":true,"href":"https:\/\/quehacerpolitico.mx\/index.php?rest_route=\/wp\/v2\/users\/2"}],"replies":[{"embeddable":true,"href":"https:\/\/quehacerpolitico.mx\/index.php?rest_route=%2Fwp%2Fv2%2Fcomments&post=91775"}],"version-history":[{"count":1,"href":"https:\/\/quehacerpolitico.mx\/index.php?rest_route=\/wp\/v2\/posts\/91775\/revisions"}],"predecessor-version":[{"id":91777,"href":"https:\/\/quehacerpolitico.mx\/index.php?rest_route=\/wp\/v2\/posts\/91775\/revisions\/91777"}],"wp:featuredmedia":[{"embeddable":true,"href":"https:\/\/quehacerpolitico.mx\/index.php?rest_route=\/wp\/v2\/media\/91776"}],"wp:attachment":[{"href":"https:\/\/quehacerpolitico.mx\/index.php?rest_route=%2Fwp%2Fv2%2Fmedia&parent=91775"}],"wp:term":[{"taxonomy":"category","embeddable":true,"href":"https:\/\/quehacerpolitico.mx\/index.php?rest_route=%2Fwp%2Fv2%2Fcategories&post=91775"},{"taxonomy":"post_tag","embeddable":true,"href":"https:\/\/quehacerpolitico.mx\/index.php?rest_route=%2Fwp%2Fv2%2Ftags&post=91775"}],"curies":[{"name":"wp","href":"https:\/\/api.w.org\/{rel}","templated":true}]}}