{"id":91734,"date":"2022-04-19T16:13:30","date_gmt":"2022-04-19T16:13:30","guid":{"rendered":"https:\/\/quehacerpolitico.mx\/?p=91734"},"modified":"2022-04-19T16:13:33","modified_gmt":"2022-04-19T16:13:33","slug":"amlo-acusa-campana-politica-de-organismos-y-empresarios-contra-el-tren-maya","status":"publish","type":"post","link":"https:\/\/quehacerpolitico.mx\/?p=91734","title":{"rendered":"AMLO acusa campa\u00f1a pol\u00edtica de organismos y empresarios contra el Tren Maya\u00a0"},"content":{"rendered":"\n<p>Por Redacci\u00f3n QP<\/p>\n\n\n\n<p>L\u00f3pez Obrador asever\u00f3 que estos organismos utilizan a pseudoambientalistas sin convicciones y sin escr\u00fapulos morales de ninguna \u00edndole<\/p>\n\n\n\n<p>Al acusar que hay una campa\u00f1a contra la obra del Tren Maya, financiada por organismos internacionales y empresarios mexicanos, el Presidente de M\u00e9xico, Andr\u00e9s Manuel L\u00f3pez Obrador (AMLO) asegur\u00f3 que no ha llegado ninguna notificaci\u00f3n sobre la decisi\u00f3n de un juzgado en M\u00e9rida, Yucat\u00e1n, de conceder la suspensi\u00f3n provisional del Tramo 5 Sur del Tren Maya por presuntos da\u00f1os ambientales.<\/p>\n\n\n\n<p>Durante la &#8220;ma\u00f1anera&#8221; de hoy, AMLO adelant\u00f3 que esperar\u00e1 a ser notificado para poder buscar la forma de defenderse legalmente y\u00a0<strong>asever\u00f3 que estos organismos utilizan a pseudoambientalistas sin convicciones y sin escr\u00fapulos morales de ninguna \u00edndole<\/strong>.<\/p>\n\n\n\n<p>\u00a0&#8220;Est\u00e1n utilizando a pseudoambientalistas, puede ser que haya gente preocupada por el medio ambiente, pero por lo general se trata de gente sin convicciones, sin escr\u00fapulos morales de ninguna \u00edndole (\u2026) Vamos a esperar que es lo qu\u00e9 est\u00e1n ahora reclamando y buscar la forma de defendernos legalmente&#8221;, dijo.<\/p>\n\n\n\n<figure class=\"wp-block-embed is-type-video is-provider-youtube wp-block-embed-youtube wp-embed-aspect-16-9 wp-has-aspect-ratio\"><div class=\"wp-block-embed__wrapper\">\n<iframe loading=\"lazy\" title=\"AMLO acusa campa\u00f1a pol\u00edtica contra el Tren Maya encabezada por empresarios mexicanos\" width=\"640\" height=\"360\" src=\"https:\/\/www.youtube.com\/embed\/OQ59eHTNBjk?feature=oembed\" frameborder=\"0\" allow=\"accelerometer; autoplay; clipboard-write; encrypted-media; gyroscope; picture-in-picture; web-share\" referrerpolicy=\"strict-origin-when-cross-origin\" allowfullscreen><\/iframe>\n<\/div><\/figure>\n\n\n\n<p>El lunes, ante el &#8220;peligro inminente&#8221; de que se provoquen da\u00f1os irreversibles a cavernas, cenotes y r\u00edos subterr\u00e1neos, debido a la ausencia de estudios y autorizaciones ambientales, y ponderando el principio precautorio que mandata la ley, un juzgado radicado en M\u00e9rida concedi\u00f3 la suspensi\u00f3n provisional del Tramo 5 Sur del Tren Maya, que va de Playa del Carmen a Tulum.<\/p>\n\n\n\n<p><strong>Con ello, el Juzgado 1 orden\u00f3 se &#8220;suspenda o paralice&#8221; cualquier acto que tenga como finalidad la continuaci\u00f3n de la construcci\u00f3n del Tramo 5 Sur<\/strong>, &#8220;de modo que no se permita la ejecuci\u00f3n de obras relacionadas con su construcci\u00f3n, infraestructura, remoci\u00f3n o destrucci\u00f3n de la biodiversidad del terreno o cualquier otra actividad que implique su ejecuci\u00f3n material&#8221;.<\/p>\n\n\n\n<p>Esta medida cautelar provisional surtir\u00e1 efectos hasta en tanto se dicte la suspensi\u00f3n definitiva, se lee en el incidente dictado por el juez.<\/p>\n\n\n\n<p>En Palacio Nacional, AMLO reclam\u00f3 que estos ambientalistas y jueces no se hayan manifestado por las afectaciones que hubo en la construcci\u00f3n del Parque Xcaret.<\/p>\n\n\n\n<p>&#8220;Este es un asunto de tipo pol\u00edtico, \u00bfPor qu\u00e9 los ambientalistas no se pronunciaron por Xcaret que hicieron r\u00edos o desviaron r\u00edos subterr\u00e1neos? Eso en el Tramo 5, pero en Valladolid excavaron para unir cenotes y c\u00f3mo es que los ambientalistas nunca se dieron cuenta o el juez de M\u00e9rida, \u00bfD\u00f3nde andaban? \u00bfNo lo supo? No es su obligaci\u00f3n, porque \u00e9l ve solo escritos&#8221;, finaliz\u00f3.<\/p>\n\n\n\n<p>Con informaci\u00f3n de SUN<\/p>\n","protected":false},"excerpt":{"rendered":"<p>Por Redacci\u00f3n QP L\u00f3pez Obrador asever\u00f3 que estos organismos utilizan a pseudoambientalistas sin convicciones y&#8230;<\/p>\n","protected":false},"author":2,"featured_media":91735,"comment_status":"open","ping_status":"open","sticky":false,"template":"","format":"standard","meta":{"_monsterinsights_skip_tracking":false,"_monsterinsights_sitenote_active":false,"_monsterinsights_sitenote_note":"","_monsterinsights_sitenote_category":0,"footnotes":""},"categories":[2],"tags":[],"class_list":["post-91734","post","type-post","status-publish","format-standard","has-post-thumbnail","hentry","category-noticias"],"yoast_head":"<!-- This site is optimized with the Yoast SEO plugin v27.3 - https:\/\/yoast.com\/product\/yoast-seo-wordpress\/ -->\n<title>AMLO acusa campa\u00f1a pol\u00edtica de organismos y empresarios contra el Tren Maya\u00a0 -<\/title>\n<meta name=\"robots\" content=\"index, follow, max-snippet:-1, max-image-preview:large, max-video-preview:-1\" \/>\n<link rel=\"canonical\" href=\"https:\/\/quehacerpolitico.mx\/?p=91734\" \/>\n<meta property=\"og:locale\" content=\"es_MX\" \/>\n<meta property=\"og:type\" content=\"article\" \/>\n<meta property=\"og:title\" content=\"AMLO acusa campa\u00f1a pol\u00edtica de organismos y empresarios contra el Tren Maya\u00a0 -\" \/>\n<meta property=\"og:description\" content=\"Por Redacci\u00f3n QP L\u00f3pez Obrador asever\u00f3 que estos organismos utilizan a pseudoambientalistas sin convicciones y...\" \/>\n<meta property=\"og:url\" content=\"https:\/\/quehacerpolitico.mx\/?p=91734\" \/>\n<meta property=\"article:published_time\" content=\"2022-04-19T16:13:30+00:00\" \/>\n<meta property=\"article:modified_time\" content=\"2022-04-19T16:13:33+00:00\" \/>\n<meta property=\"og:image\" content=\"https:\/\/quehacerpolitico.mx\/wp-content\/uploads\/2022\/04\/1E5DEC07-2EDE-4ACF-B929-BC47FB0640F5.jpeg\" \/>\n\t<meta property=\"og:image:width\" content=\"948\" \/>\n\t<meta property=\"og:image:height\" content=\"704\" \/>\n\t<meta property=\"og:image:type\" content=\"image\/jpeg\" \/>\n<meta name=\"author\" content=\"Redacci\u00f3n QP\" \/>\n<meta name=\"twitter:card\" content=\"summary_large_image\" \/>\n<meta name=\"twitter:label1\" content=\"Escrito por\" \/>\n\t<meta name=\"twitter:data1\" content=\"Redacci\u00f3n QP\" \/>\n\t<meta name=\"twitter:label2\" content=\"Tiempo de lectura\" \/>\n\t<meta name=\"twitter:data2\" content=\"2 minutos\" \/>\n<script type=\"application\/ld+json\" class=\"yoast-schema-graph\">{\"@context\":\"https:\\\/\\\/schema.org\",\"@graph\":[{\"@type\":\"Article\",\"@id\":\"https:\\\/\\\/quehacerpolitico.mx\\\/?p=91734#article\",\"isPartOf\":{\"@id\":\"https:\\\/\\\/quehacerpolitico.mx\\\/?p=91734\"},\"author\":{\"name\":\"Redacci\u00f3n QP\",\"@id\":\"https:\\\/\\\/quehacerpolitico.mx\\\/#\\\/schema\\\/person\\\/496d8ad2d1d3f8036101dca7ee39e585\"},\"headline\":\"AMLO acusa campa\u00f1a pol\u00edtica de organismos y empresarios contra el Tren Maya\u00a0\",\"datePublished\":\"2022-04-19T16:13:30+00:00\",\"dateModified\":\"2022-04-19T16:13:33+00:00\",\"mainEntityOfPage\":{\"@id\":\"https:\\\/\\\/quehacerpolitico.mx\\\/?p=91734\"},\"wordCount\":455,\"commentCount\":0,\"image\":{\"@id\":\"https:\\\/\\\/quehacerpolitico.mx\\\/?p=91734#primaryimage\"},\"thumbnailUrl\":\"https:\\\/\\\/quehacerpolitico.mx\\\/wp-content\\\/uploads\\\/2022\\\/04\\\/1E5DEC07-2EDE-4ACF-B929-BC47FB0640F5.jpeg\",\"articleSection\":[\"Noticias\"],\"inLanguage\":\"es\",\"potentialAction\":[{\"@type\":\"CommentAction\",\"name\":\"Comment\",\"target\":[\"https:\\\/\\\/quehacerpolitico.mx\\\/?p=91734#respond\"]}]},{\"@type\":\"WebPage\",\"@id\":\"https:\\\/\\\/quehacerpolitico.mx\\\/?p=91734\",\"url\":\"https:\\\/\\\/quehacerpolitico.mx\\\/?p=91734\",\"name\":\"AMLO acusa campa\u00f1a pol\u00edtica de organismos y empresarios contra el Tren Maya\u00a0 -\",\"isPartOf\":{\"@id\":\"https:\\\/\\\/quehacerpolitico.mx\\\/#website\"},\"primaryImageOfPage\":{\"@id\":\"https:\\\/\\\/quehacerpolitico.mx\\\/?p=91734#primaryimage\"},\"image\":{\"@id\":\"https:\\\/\\\/quehacerpolitico.mx\\\/?p=91734#primaryimage\"},\"thumbnailUrl\":\"https:\\\/\\\/quehacerpolitico.mx\\\/wp-content\\\/uploads\\\/2022\\\/04\\\/1E5DEC07-2EDE-4ACF-B929-BC47FB0640F5.jpeg\",\"datePublished\":\"2022-04-19T16:13:30+00:00\",\"dateModified\":\"2022-04-19T16:13:33+00:00\",\"author\":{\"@id\":\"https:\\\/\\\/quehacerpolitico.mx\\\/#\\\/schema\\\/person\\\/496d8ad2d1d3f8036101dca7ee39e585\"},\"breadcrumb\":{\"@id\":\"https:\\\/\\\/quehacerpolitico.mx\\\/?p=91734#breadcrumb\"},\"inLanguage\":\"es\",\"potentialAction\":[{\"@type\":\"ReadAction\",\"target\":[\"https:\\\/\\\/quehacerpolitico.mx\\\/?p=91734\"]}]},{\"@type\":\"ImageObject\",\"inLanguage\":\"es\",\"@id\":\"https:\\\/\\\/quehacerpolitico.mx\\\/?p=91734#primaryimage\",\"url\":\"https:\\\/\\\/quehacerpolitico.mx\\\/wp-content\\\/uploads\\\/2022\\\/04\\\/1E5DEC07-2EDE-4ACF-B929-BC47FB0640F5.jpeg\",\"contentUrl\":\"https:\\\/\\\/quehacerpolitico.mx\\\/wp-content\\\/uploads\\\/2022\\\/04\\\/1E5DEC07-2EDE-4ACF-B929-BC47FB0640F5.jpeg\",\"width\":948,\"height\":704},{\"@type\":\"BreadcrumbList\",\"@id\":\"https:\\\/\\\/quehacerpolitico.mx\\\/?p=91734#breadcrumb\",\"itemListElement\":[{\"@type\":\"ListItem\",\"position\":1,\"name\":\"Inicio\",\"item\":\"https:\\\/\\\/quehacerpolitico.mx\\\/\"},{\"@type\":\"ListItem\",\"position\":2,\"name\":\"AMLO acusa campa\u00f1a pol\u00edtica de organismos y empresarios contra el Tren Maya\u00a0\"}]},{\"@type\":\"WebSite\",\"@id\":\"https:\\\/\\\/quehacerpolitico.mx\\\/#website\",\"url\":\"https:\\\/\\\/quehacerpolitico.mx\\\/\",\"name\":\"\",\"description\":\"\",\"potentialAction\":[{\"@type\":\"SearchAction\",\"target\":{\"@type\":\"EntryPoint\",\"urlTemplate\":\"https:\\\/\\\/quehacerpolitico.mx\\\/?s={search_term_string}\"},\"query-input\":{\"@type\":\"PropertyValueSpecification\",\"valueRequired\":true,\"valueName\":\"search_term_string\"}}],\"inLanguage\":\"es\"},{\"@type\":\"Person\",\"@id\":\"https:\\\/\\\/quehacerpolitico.mx\\\/#\\\/schema\\\/person\\\/496d8ad2d1d3f8036101dca7ee39e585\",\"name\":\"Redacci\u00f3n QP\",\"image\":{\"@type\":\"ImageObject\",\"inLanguage\":\"es\",\"@id\":\"https:\\\/\\\/secure.gravatar.com\\\/avatar\\\/c7164ed6fdec453195284ad24a5ae5b6e1eed2b848477fa2a4787ba9adf39a41?s=96&d=mm&r=g\",\"url\":\"https:\\\/\\\/secure.gravatar.com\\\/avatar\\\/c7164ed6fdec453195284ad24a5ae5b6e1eed2b848477fa2a4787ba9adf39a41?s=96&d=mm&r=g\",\"contentUrl\":\"https:\\\/\\\/secure.gravatar.com\\\/avatar\\\/c7164ed6fdec453195284ad24a5ae5b6e1eed2b848477fa2a4787ba9adf39a41?s=96&d=mm&r=g\",\"caption\":\"Redacci\u00f3n QP\"},\"url\":\"https:\\\/\\\/quehacerpolitico.mx\\\/?author=2\"}]}<\/script>\n<!-- \/ Yoast SEO plugin. -->","yoast_head_json":{"title":"AMLO acusa campa\u00f1a pol\u00edtica de organismos y empresarios contra el Tren Maya\u00a0 -","robots":{"index":"index","follow":"follow","max-snippet":"max-snippet:-1","max-image-preview":"max-image-preview:large","max-video-preview":"max-video-preview:-1"},"canonical":"https:\/\/quehacerpolitico.mx\/?p=91734","og_locale":"es_MX","og_type":"article","og_title":"AMLO acusa campa\u00f1a pol\u00edtica de organismos y empresarios contra el Tren Maya\u00a0 -","og_description":"Por Redacci\u00f3n QP L\u00f3pez Obrador asever\u00f3 que estos organismos utilizan a pseudoambientalistas sin convicciones y...","og_url":"https:\/\/quehacerpolitico.mx\/?p=91734","article_published_time":"2022-04-19T16:13:30+00:00","article_modified_time":"2022-04-19T16:13:33+00:00","og_image":[{"width":948,"height":704,"url":"https:\/\/quehacerpolitico.mx\/wp-content\/uploads\/2022\/04\/1E5DEC07-2EDE-4ACF-B929-BC47FB0640F5.jpeg","type":"image\/jpeg"}],"author":"Redacci\u00f3n QP","twitter_card":"summary_large_image","twitter_misc":{"Escrito por":"Redacci\u00f3n QP","Tiempo de lectura":"2 minutos"},"schema":{"@context":"https:\/\/schema.org","@graph":[{"@type":"Article","@id":"https:\/\/quehacerpolitico.mx\/?p=91734#article","isPartOf":{"@id":"https:\/\/quehacerpolitico.mx\/?p=91734"},"author":{"name":"Redacci\u00f3n QP","@id":"https:\/\/quehacerpolitico.mx\/#\/schema\/person\/496d8ad2d1d3f8036101dca7ee39e585"},"headline":"AMLO acusa campa\u00f1a pol\u00edtica de organismos y empresarios contra el Tren Maya\u00a0","datePublished":"2022-04-19T16:13:30+00:00","dateModified":"2022-04-19T16:13:33+00:00","mainEntityOfPage":{"@id":"https:\/\/quehacerpolitico.mx\/?p=91734"},"wordCount":455,"commentCount":0,"image":{"@id":"https:\/\/quehacerpolitico.mx\/?p=91734#primaryimage"},"thumbnailUrl":"https:\/\/quehacerpolitico.mx\/wp-content\/uploads\/2022\/04\/1E5DEC07-2EDE-4ACF-B929-BC47FB0640F5.jpeg","articleSection":["Noticias"],"inLanguage":"es","potentialAction":[{"@type":"CommentAction","name":"Comment","target":["https:\/\/quehacerpolitico.mx\/?p=91734#respond"]}]},{"@type":"WebPage","@id":"https:\/\/quehacerpolitico.mx\/?p=91734","url":"https:\/\/quehacerpolitico.mx\/?p=91734","name":"AMLO acusa campa\u00f1a pol\u00edtica de organismos y empresarios contra el Tren Maya\u00a0 -","isPartOf":{"@id":"https:\/\/quehacerpolitico.mx\/#website"},"primaryImageOfPage":{"@id":"https:\/\/quehacerpolitico.mx\/?p=91734#primaryimage"},"image":{"@id":"https:\/\/quehacerpolitico.mx\/?p=91734#primaryimage"},"thumbnailUrl":"https:\/\/quehacerpolitico.mx\/wp-content\/uploads\/2022\/04\/1E5DEC07-2EDE-4ACF-B929-BC47FB0640F5.jpeg","datePublished":"2022-04-19T16:13:30+00:00","dateModified":"2022-04-19T16:13:33+00:00","author":{"@id":"https:\/\/quehacerpolitico.mx\/#\/schema\/person\/496d8ad2d1d3f8036101dca7ee39e585"},"breadcrumb":{"@id":"https:\/\/quehacerpolitico.mx\/?p=91734#breadcrumb"},"inLanguage":"es","potentialAction":[{"@type":"ReadAction","target":["https:\/\/quehacerpolitico.mx\/?p=91734"]}]},{"@type":"ImageObject","inLanguage":"es","@id":"https:\/\/quehacerpolitico.mx\/?p=91734#primaryimage","url":"https:\/\/quehacerpolitico.mx\/wp-content\/uploads\/2022\/04\/1E5DEC07-2EDE-4ACF-B929-BC47FB0640F5.jpeg","contentUrl":"https:\/\/quehacerpolitico.mx\/wp-content\/uploads\/2022\/04\/1E5DEC07-2EDE-4ACF-B929-BC47FB0640F5.jpeg","width":948,"height":704},{"@type":"BreadcrumbList","@id":"https:\/\/quehacerpolitico.mx\/?p=91734#breadcrumb","itemListElement":[{"@type":"ListItem","position":1,"name":"Inicio","item":"https:\/\/quehacerpolitico.mx\/"},{"@type":"ListItem","position":2,"name":"AMLO acusa campa\u00f1a pol\u00edtica de organismos y empresarios contra el Tren Maya\u00a0"}]},{"@type":"WebSite","@id":"https:\/\/quehacerpolitico.mx\/#website","url":"https:\/\/quehacerpolitico.mx\/","name":"","description":"","potentialAction":[{"@type":"SearchAction","target":{"@type":"EntryPoint","urlTemplate":"https:\/\/quehacerpolitico.mx\/?s={search_term_string}"},"query-input":{"@type":"PropertyValueSpecification","valueRequired":true,"valueName":"search_term_string"}}],"inLanguage":"es"},{"@type":"Person","@id":"https:\/\/quehacerpolitico.mx\/#\/schema\/person\/496d8ad2d1d3f8036101dca7ee39e585","name":"Redacci\u00f3n QP","image":{"@type":"ImageObject","inLanguage":"es","@id":"https:\/\/secure.gravatar.com\/avatar\/c7164ed6fdec453195284ad24a5ae5b6e1eed2b848477fa2a4787ba9adf39a41?s=96&d=mm&r=g","url":"https:\/\/secure.gravatar.com\/avatar\/c7164ed6fdec453195284ad24a5ae5b6e1eed2b848477fa2a4787ba9adf39a41?s=96&d=mm&r=g","contentUrl":"https:\/\/secure.gravatar.com\/avatar\/c7164ed6fdec453195284ad24a5ae5b6e1eed2b848477fa2a4787ba9adf39a41?s=96&d=mm&r=g","caption":"Redacci\u00f3n QP"},"url":"https:\/\/quehacerpolitico.mx\/?author=2"}]}},"featured_image_urls":{"full":["https:\/\/quehacerpolitico.mx\/wp-content\/uploads\/2022\/04\/1E5DEC07-2EDE-4ACF-B929-BC47FB0640F5.jpeg",948,704,false],"thumbnail":["https:\/\/quehacerpolitico.mx\/wp-content\/uploads\/2022\/04\/1E5DEC07-2EDE-4ACF-B929-BC47FB0640F5-150x150.jpeg",150,150,true],"medium":["https:\/\/quehacerpolitico.mx\/wp-content\/uploads\/2022\/04\/1E5DEC07-2EDE-4ACF-B929-BC47FB0640F5-300x223.jpeg",300,223,true],"medium_large":["https:\/\/quehacerpolitico.mx\/wp-content\/uploads\/2022\/04\/1E5DEC07-2EDE-4ACF-B929-BC47FB0640F5-768x570.jpeg",640,475,true],"large":["https:\/\/quehacerpolitico.mx\/wp-content\/uploads\/2022\/04\/1E5DEC07-2EDE-4ACF-B929-BC47FB0640F5.jpeg",640,475,false],"1536x1536":["https:\/\/quehacerpolitico.mx\/wp-content\/uploads\/2022\/04\/1E5DEC07-2EDE-4ACF-B929-BC47FB0640F5.jpeg",948,704,false],"2048x2048":["https:\/\/quehacerpolitico.mx\/wp-content\/uploads\/2022\/04\/1E5DEC07-2EDE-4ACF-B929-BC47FB0640F5.jpeg",948,704,false],"covernews-featured":["https:\/\/quehacerpolitico.mx\/wp-content\/uploads\/2022\/04\/1E5DEC07-2EDE-4ACF-B929-BC47FB0640F5.jpeg",948,704,false],"covernews-medium":["https:\/\/quehacerpolitico.mx\/wp-content\/uploads\/2022\/04\/1E5DEC07-2EDE-4ACF-B929-BC47FB0640F5.jpeg",458,340,false]},"author_info":{"display_name":"Redacci\u00f3n QP","author_link":"https:\/\/quehacerpolitico.mx\/?author=2"},"category_info":"<a href=\"https:\/\/quehacerpolitico.mx\/?cat=2\" rel=\"category\">Noticias<\/a>","tag_info":"Noticias","comment_count":"0","_links":{"self":[{"href":"https:\/\/quehacerpolitico.mx\/index.php?rest_route=\/wp\/v2\/posts\/91734","targetHints":{"allow":["GET"]}}],"collection":[{"href":"https:\/\/quehacerpolitico.mx\/index.php?rest_route=\/wp\/v2\/posts"}],"about":[{"href":"https:\/\/quehacerpolitico.mx\/index.php?rest_route=\/wp\/v2\/types\/post"}],"author":[{"embeddable":true,"href":"https:\/\/quehacerpolitico.mx\/index.php?rest_route=\/wp\/v2\/users\/2"}],"replies":[{"embeddable":true,"href":"https:\/\/quehacerpolitico.mx\/index.php?rest_route=%2Fwp%2Fv2%2Fcomments&post=91734"}],"version-history":[{"count":1,"href":"https:\/\/quehacerpolitico.mx\/index.php?rest_route=\/wp\/v2\/posts\/91734\/revisions"}],"predecessor-version":[{"id":91736,"href":"https:\/\/quehacerpolitico.mx\/index.php?rest_route=\/wp\/v2\/posts\/91734\/revisions\/91736"}],"wp:featuredmedia":[{"embeddable":true,"href":"https:\/\/quehacerpolitico.mx\/index.php?rest_route=\/wp\/v2\/media\/91735"}],"wp:attachment":[{"href":"https:\/\/quehacerpolitico.mx\/index.php?rest_route=%2Fwp%2Fv2%2Fmedia&parent=91734"}],"wp:term":[{"taxonomy":"category","embeddable":true,"href":"https:\/\/quehacerpolitico.mx\/index.php?rest_route=%2Fwp%2Fv2%2Fcategories&post=91734"},{"taxonomy":"post_tag","embeddable":true,"href":"https:\/\/quehacerpolitico.mx\/index.php?rest_route=%2Fwp%2Fv2%2Ftags&post=91734"}],"curies":[{"name":"wp","href":"https:\/\/api.w.org\/{rel}","templated":true}]}}