{"id":91728,"date":"2022-04-19T15:06:53","date_gmt":"2022-04-19T15:06:53","guid":{"rendered":"https:\/\/quehacerpolitico.mx\/?p=91728"},"modified":"2022-04-19T15:06:55","modified_gmt":"2022-04-19T15:06:55","slug":"se-registran-4-muertes-diarias-en-promedio-por-covid-lopez-gatell","status":"publish","type":"post","link":"https:\/\/quehacerpolitico.mx\/?p=91728","title":{"rendered":"Se registran 4 muertes diarias en promedio por COVID: L\u00f3pez-Gatell\u00a0"},"content":{"rendered":"\n<p>Por Redacci\u00f3n QP<\/p>\n\n\n\n<p>&#8220;Hoy estamos teniendo un promedio diario de 188 casos (de contagio) en todo el pa\u00eds&#8221;, declara\u00a0Hugo L\u00f3pez-Gatell, subsecretario de Prevenci\u00f3n y Promoci\u00f3n de la Salud<\/p>\n\n\n\n<p><strong>Al manifestar que &#8220;estamos ya en niveles m\u00ednimos&#8221;<\/strong>,\u00a0Hugo Lopez Gatell, subsecretario de Prevenci\u00f3n y Promoci\u00f3n de la Salud, inform\u00f3 que en los \u00faltimos tres meses se ha reducido la incidencia de contagio y de fallecimiento de la pandemia de\u00a0COVID-19, pues destac\u00f3 que en este momento\u00a0<strong>se registran solo cuatro defunciones diarias en promedio en todo el pa\u00eds<\/strong>.<\/p>\n\n\n\n<figure class=\"wp-block-embed is-type-video is-provider-youtube wp-block-embed-youtube wp-embed-aspect-16-9 wp-has-aspect-ratio\"><div class=\"wp-block-embed__wrapper\">\n<iframe loading=\"lazy\" title=\"En promedio, M\u00e9xico registra 4 muertes diarias por Covid-19: L\u00f3pez-Gatell\" width=\"640\" height=\"360\" src=\"https:\/\/www.youtube.com\/embed\/aN0w7R8dsvM?feature=oembed\" frameborder=\"0\" allow=\"accelerometer; autoplay; clipboard-write; encrypted-media; gyroscope; picture-in-picture; web-share\" referrerpolicy=\"strict-origin-when-cross-origin\" allowfullscreen><\/iframe>\n<\/div><\/figure>\n\n\n\n<p>Indic\u00f3 que en dos terceras partes de los estados\u00a0<strong>han tenido d\u00edas subsecuentes sin una sola defunci\u00f3n por SARS-CoV-2<\/strong>.<\/p>\n\n\n\n<p>En el informe del Pulso de la Salud que encabeza el presidente Andres Manuel Lopez Obrador (AMLO), el subsecretario indic\u00f3 que\u00a0<strong>al menos al 1 de mayo todo el pa\u00eds estar\u00e1 en sem\u00e1foro en verde<\/strong>\u00a0y destac\u00f3 que en la cuarta ola en donde se registr\u00f3 la llegada de la nueva variante omicr\u00f3n fue m\u00e1s baja que las tres olas previas.<\/p>\n\n\n\n<p>&#8220;Tres meses han transcurrido del descenso en el n\u00famero de casos, el n\u00famero de hospitalizaciones y en el n\u00famero de defunciones. De esos tres meses, dos meses ya llevamos con sem\u00e1foro en verde y al menos de aqu\u00ed al 1 de mayo estaremos con sem\u00e1foro en verde en las 32 entidades federativas. Esta reducci\u00f3n, como lo hemos comentado, es ya muy marcada,&nbsp;<strong>ya tenemos cifras m\u00ednimas de actividad epid\u00e9mica&#8221;<\/strong>.<\/p>\n\n\n\n<p><strong>&#8220;En este momento tenemos solo cuatro defunciones diarias promedio por COVID-19 en todo el pa\u00eds<\/strong>\u00a0(\u2026) Hay entidades, dos terceras partes, que han tenido d\u00edas subsecuentes sin una sola defunci\u00f3n por COVID, estamos ya en niveles m\u00ednimos, por supuesto, aunque fuera una sola siempre es dolorosa que alguien pierda la vida por esta terrible enfermedad&#8221;, dijo.<\/p>\n\n\n\n<p>En Palacio Nacional, el subsecretario&nbsp;<strong>L\u00f3pez-Gatell detall\u00f3 que en las \u00faltimas cinco semanas se redujo la incidencia de casos en casi 10 veces<\/strong>.<\/p>\n\n\n\n<p><strong>&#8220;Hoy estamos teniendo un promedio diario de 188 casos (de contagio) en todo el pa\u00eds<\/strong>, en promedio en la semana m\u00e1s reciente. Por su parte, en la hospitalizaci\u00f3n las cifras son m\u00ednimas, ya no son casi visibles en la gr\u00e1fica&#8221;, dijo.<\/p>\n\n\n\n<p>En el sal\u00f3n Tesorer\u00eda, Jorge Alcocer, secretario de Salud (Ssa), inform\u00f3 que derivado de la extensi\u00f3n contractual de compras 2022 se garantizar\u00e1 el abasto de medicamentos durante el primer semestre y afirm\u00f3 que la compra conjunta de Insabi y de UNOPS lograr\u00e1 cubrir la demanda en 95 por ciento.<\/p>\n\n\n\n<p>Indic\u00f3 que del 28 de febrero al 18 de abril se distribuyeron 112 millones 562 mil 704 piezas de medicamentos y material de curaci\u00f3n a las 32 entidades federativas.<\/p>\n\n\n\n<p>Con informaci\u00f3n de SUN<\/p>\n","protected":false},"excerpt":{"rendered":"<p>Por Redacci\u00f3n QP &#8220;Hoy estamos teniendo un promedio diario de 188 casos (de contagio) en&#8230;<\/p>\n","protected":false},"author":2,"featured_media":91729,"comment_status":"open","ping_status":"open","sticky":false,"template":"","format":"standard","meta":{"_monsterinsights_skip_tracking":false,"_monsterinsights_sitenote_active":false,"_monsterinsights_sitenote_note":"","_monsterinsights_sitenote_category":0,"footnotes":""},"categories":[2],"tags":[],"class_list":["post-91728","post","type-post","status-publish","format-standard","has-post-thumbnail","hentry","category-noticias"],"yoast_head":"<!-- This site is optimized with the Yoast SEO plugin v27.3 - https:\/\/yoast.com\/product\/yoast-seo-wordpress\/ -->\n<title>Se registran 4 muertes diarias en promedio por COVID: L\u00f3pez-Gatell\u00a0 -<\/title>\n<meta name=\"robots\" content=\"index, follow, max-snippet:-1, max-image-preview:large, max-video-preview:-1\" \/>\n<link rel=\"canonical\" href=\"https:\/\/quehacerpolitico.mx\/?p=91728\" \/>\n<meta property=\"og:locale\" content=\"es_MX\" \/>\n<meta property=\"og:type\" content=\"article\" \/>\n<meta property=\"og:title\" content=\"Se registran 4 muertes diarias en promedio por COVID: L\u00f3pez-Gatell\u00a0 -\" \/>\n<meta property=\"og:description\" content=\"Por Redacci\u00f3n QP &#8220;Hoy estamos teniendo un promedio diario de 188 casos (de contagio) en...\" \/>\n<meta property=\"og:url\" content=\"https:\/\/quehacerpolitico.mx\/?p=91728\" \/>\n<meta property=\"article:published_time\" content=\"2022-04-19T15:06:53+00:00\" \/>\n<meta property=\"article:modified_time\" content=\"2022-04-19T15:06:55+00:00\" \/>\n<meta property=\"og:image\" content=\"https:\/\/quehacerpolitico.mx\/wp-content\/uploads\/2022\/04\/C380A10C-44BB-43DE-A2F2-0AA32150C86D.jpeg\" \/>\n\t<meta property=\"og:image:width\" content=\"978\" \/>\n\t<meta property=\"og:image:height\" content=\"697\" \/>\n\t<meta property=\"og:image:type\" content=\"image\/jpeg\" \/>\n<meta name=\"author\" content=\"Redacci\u00f3n QP\" \/>\n<meta name=\"twitter:card\" content=\"summary_large_image\" \/>\n<meta name=\"twitter:label1\" content=\"Escrito por\" \/>\n\t<meta name=\"twitter:data1\" content=\"Redacci\u00f3n QP\" \/>\n\t<meta name=\"twitter:label2\" content=\"Tiempo de lectura\" \/>\n\t<meta name=\"twitter:data2\" content=\"2 minutos\" \/>\n<script type=\"application\/ld+json\" class=\"yoast-schema-graph\">{\"@context\":\"https:\\\/\\\/schema.org\",\"@graph\":[{\"@type\":\"Article\",\"@id\":\"https:\\\/\\\/quehacerpolitico.mx\\\/?p=91728#article\",\"isPartOf\":{\"@id\":\"https:\\\/\\\/quehacerpolitico.mx\\\/?p=91728\"},\"author\":{\"name\":\"Redacci\u00f3n QP\",\"@id\":\"https:\\\/\\\/quehacerpolitico.mx\\\/#\\\/schema\\\/person\\\/496d8ad2d1d3f8036101dca7ee39e585\"},\"headline\":\"Se registran 4 muertes diarias en promedio por COVID: L\u00f3pez-Gatell\u00a0\",\"datePublished\":\"2022-04-19T15:06:53+00:00\",\"dateModified\":\"2022-04-19T15:06:55+00:00\",\"mainEntityOfPage\":{\"@id\":\"https:\\\/\\\/quehacerpolitico.mx\\\/?p=91728\"},\"wordCount\":481,\"commentCount\":0,\"image\":{\"@id\":\"https:\\\/\\\/quehacerpolitico.mx\\\/?p=91728#primaryimage\"},\"thumbnailUrl\":\"https:\\\/\\\/quehacerpolitico.mx\\\/wp-content\\\/uploads\\\/2022\\\/04\\\/C380A10C-44BB-43DE-A2F2-0AA32150C86D.jpeg\",\"articleSection\":[\"Noticias\"],\"inLanguage\":\"es\",\"potentialAction\":[{\"@type\":\"CommentAction\",\"name\":\"Comment\",\"target\":[\"https:\\\/\\\/quehacerpolitico.mx\\\/?p=91728#respond\"]}]},{\"@type\":\"WebPage\",\"@id\":\"https:\\\/\\\/quehacerpolitico.mx\\\/?p=91728\",\"url\":\"https:\\\/\\\/quehacerpolitico.mx\\\/?p=91728\",\"name\":\"Se registran 4 muertes diarias en promedio por COVID: L\u00f3pez-Gatell\u00a0 -\",\"isPartOf\":{\"@id\":\"https:\\\/\\\/quehacerpolitico.mx\\\/#website\"},\"primaryImageOfPage\":{\"@id\":\"https:\\\/\\\/quehacerpolitico.mx\\\/?p=91728#primaryimage\"},\"image\":{\"@id\":\"https:\\\/\\\/quehacerpolitico.mx\\\/?p=91728#primaryimage\"},\"thumbnailUrl\":\"https:\\\/\\\/quehacerpolitico.mx\\\/wp-content\\\/uploads\\\/2022\\\/04\\\/C380A10C-44BB-43DE-A2F2-0AA32150C86D.jpeg\",\"datePublished\":\"2022-04-19T15:06:53+00:00\",\"dateModified\":\"2022-04-19T15:06:55+00:00\",\"author\":{\"@id\":\"https:\\\/\\\/quehacerpolitico.mx\\\/#\\\/schema\\\/person\\\/496d8ad2d1d3f8036101dca7ee39e585\"},\"breadcrumb\":{\"@id\":\"https:\\\/\\\/quehacerpolitico.mx\\\/?p=91728#breadcrumb\"},\"inLanguage\":\"es\",\"potentialAction\":[{\"@type\":\"ReadAction\",\"target\":[\"https:\\\/\\\/quehacerpolitico.mx\\\/?p=91728\"]}]},{\"@type\":\"ImageObject\",\"inLanguage\":\"es\",\"@id\":\"https:\\\/\\\/quehacerpolitico.mx\\\/?p=91728#primaryimage\",\"url\":\"https:\\\/\\\/quehacerpolitico.mx\\\/wp-content\\\/uploads\\\/2022\\\/04\\\/C380A10C-44BB-43DE-A2F2-0AA32150C86D.jpeg\",\"contentUrl\":\"https:\\\/\\\/quehacerpolitico.mx\\\/wp-content\\\/uploads\\\/2022\\\/04\\\/C380A10C-44BB-43DE-A2F2-0AA32150C86D.jpeg\",\"width\":978,\"height\":697},{\"@type\":\"BreadcrumbList\",\"@id\":\"https:\\\/\\\/quehacerpolitico.mx\\\/?p=91728#breadcrumb\",\"itemListElement\":[{\"@type\":\"ListItem\",\"position\":1,\"name\":\"Inicio\",\"item\":\"https:\\\/\\\/quehacerpolitico.mx\\\/\"},{\"@type\":\"ListItem\",\"position\":2,\"name\":\"Se registran 4 muertes diarias en promedio por COVID: L\u00f3pez-Gatell\u00a0\"}]},{\"@type\":\"WebSite\",\"@id\":\"https:\\\/\\\/quehacerpolitico.mx\\\/#website\",\"url\":\"https:\\\/\\\/quehacerpolitico.mx\\\/\",\"name\":\"\",\"description\":\"\",\"potentialAction\":[{\"@type\":\"SearchAction\",\"target\":{\"@type\":\"EntryPoint\",\"urlTemplate\":\"https:\\\/\\\/quehacerpolitico.mx\\\/?s={search_term_string}\"},\"query-input\":{\"@type\":\"PropertyValueSpecification\",\"valueRequired\":true,\"valueName\":\"search_term_string\"}}],\"inLanguage\":\"es\"},{\"@type\":\"Person\",\"@id\":\"https:\\\/\\\/quehacerpolitico.mx\\\/#\\\/schema\\\/person\\\/496d8ad2d1d3f8036101dca7ee39e585\",\"name\":\"Redacci\u00f3n QP\",\"image\":{\"@type\":\"ImageObject\",\"inLanguage\":\"es\",\"@id\":\"https:\\\/\\\/secure.gravatar.com\\\/avatar\\\/c7164ed6fdec453195284ad24a5ae5b6e1eed2b848477fa2a4787ba9adf39a41?s=96&d=mm&r=g\",\"url\":\"https:\\\/\\\/secure.gravatar.com\\\/avatar\\\/c7164ed6fdec453195284ad24a5ae5b6e1eed2b848477fa2a4787ba9adf39a41?s=96&d=mm&r=g\",\"contentUrl\":\"https:\\\/\\\/secure.gravatar.com\\\/avatar\\\/c7164ed6fdec453195284ad24a5ae5b6e1eed2b848477fa2a4787ba9adf39a41?s=96&d=mm&r=g\",\"caption\":\"Redacci\u00f3n QP\"},\"url\":\"https:\\\/\\\/quehacerpolitico.mx\\\/?author=2\"}]}<\/script>\n<!-- \/ Yoast SEO plugin. -->","yoast_head_json":{"title":"Se registran 4 muertes diarias en promedio por COVID: L\u00f3pez-Gatell\u00a0 -","robots":{"index":"index","follow":"follow","max-snippet":"max-snippet:-1","max-image-preview":"max-image-preview:large","max-video-preview":"max-video-preview:-1"},"canonical":"https:\/\/quehacerpolitico.mx\/?p=91728","og_locale":"es_MX","og_type":"article","og_title":"Se registran 4 muertes diarias en promedio por COVID: L\u00f3pez-Gatell\u00a0 -","og_description":"Por Redacci\u00f3n QP &#8220;Hoy estamos teniendo un promedio diario de 188 casos (de contagio) en...","og_url":"https:\/\/quehacerpolitico.mx\/?p=91728","article_published_time":"2022-04-19T15:06:53+00:00","article_modified_time":"2022-04-19T15:06:55+00:00","og_image":[{"width":978,"height":697,"url":"https:\/\/quehacerpolitico.mx\/wp-content\/uploads\/2022\/04\/C380A10C-44BB-43DE-A2F2-0AA32150C86D.jpeg","type":"image\/jpeg"}],"author":"Redacci\u00f3n QP","twitter_card":"summary_large_image","twitter_misc":{"Escrito por":"Redacci\u00f3n QP","Tiempo de lectura":"2 minutos"},"schema":{"@context":"https:\/\/schema.org","@graph":[{"@type":"Article","@id":"https:\/\/quehacerpolitico.mx\/?p=91728#article","isPartOf":{"@id":"https:\/\/quehacerpolitico.mx\/?p=91728"},"author":{"name":"Redacci\u00f3n QP","@id":"https:\/\/quehacerpolitico.mx\/#\/schema\/person\/496d8ad2d1d3f8036101dca7ee39e585"},"headline":"Se registran 4 muertes diarias en promedio por COVID: L\u00f3pez-Gatell\u00a0","datePublished":"2022-04-19T15:06:53+00:00","dateModified":"2022-04-19T15:06:55+00:00","mainEntityOfPage":{"@id":"https:\/\/quehacerpolitico.mx\/?p=91728"},"wordCount":481,"commentCount":0,"image":{"@id":"https:\/\/quehacerpolitico.mx\/?p=91728#primaryimage"},"thumbnailUrl":"https:\/\/quehacerpolitico.mx\/wp-content\/uploads\/2022\/04\/C380A10C-44BB-43DE-A2F2-0AA32150C86D.jpeg","articleSection":["Noticias"],"inLanguage":"es","potentialAction":[{"@type":"CommentAction","name":"Comment","target":["https:\/\/quehacerpolitico.mx\/?p=91728#respond"]}]},{"@type":"WebPage","@id":"https:\/\/quehacerpolitico.mx\/?p=91728","url":"https:\/\/quehacerpolitico.mx\/?p=91728","name":"Se registran 4 muertes diarias en promedio por COVID: L\u00f3pez-Gatell\u00a0 -","isPartOf":{"@id":"https:\/\/quehacerpolitico.mx\/#website"},"primaryImageOfPage":{"@id":"https:\/\/quehacerpolitico.mx\/?p=91728#primaryimage"},"image":{"@id":"https:\/\/quehacerpolitico.mx\/?p=91728#primaryimage"},"thumbnailUrl":"https:\/\/quehacerpolitico.mx\/wp-content\/uploads\/2022\/04\/C380A10C-44BB-43DE-A2F2-0AA32150C86D.jpeg","datePublished":"2022-04-19T15:06:53+00:00","dateModified":"2022-04-19T15:06:55+00:00","author":{"@id":"https:\/\/quehacerpolitico.mx\/#\/schema\/person\/496d8ad2d1d3f8036101dca7ee39e585"},"breadcrumb":{"@id":"https:\/\/quehacerpolitico.mx\/?p=91728#breadcrumb"},"inLanguage":"es","potentialAction":[{"@type":"ReadAction","target":["https:\/\/quehacerpolitico.mx\/?p=91728"]}]},{"@type":"ImageObject","inLanguage":"es","@id":"https:\/\/quehacerpolitico.mx\/?p=91728#primaryimage","url":"https:\/\/quehacerpolitico.mx\/wp-content\/uploads\/2022\/04\/C380A10C-44BB-43DE-A2F2-0AA32150C86D.jpeg","contentUrl":"https:\/\/quehacerpolitico.mx\/wp-content\/uploads\/2022\/04\/C380A10C-44BB-43DE-A2F2-0AA32150C86D.jpeg","width":978,"height":697},{"@type":"BreadcrumbList","@id":"https:\/\/quehacerpolitico.mx\/?p=91728#breadcrumb","itemListElement":[{"@type":"ListItem","position":1,"name":"Inicio","item":"https:\/\/quehacerpolitico.mx\/"},{"@type":"ListItem","position":2,"name":"Se registran 4 muertes diarias en promedio por COVID: L\u00f3pez-Gatell\u00a0"}]},{"@type":"WebSite","@id":"https:\/\/quehacerpolitico.mx\/#website","url":"https:\/\/quehacerpolitico.mx\/","name":"","description":"","potentialAction":[{"@type":"SearchAction","target":{"@type":"EntryPoint","urlTemplate":"https:\/\/quehacerpolitico.mx\/?s={search_term_string}"},"query-input":{"@type":"PropertyValueSpecification","valueRequired":true,"valueName":"search_term_string"}}],"inLanguage":"es"},{"@type":"Person","@id":"https:\/\/quehacerpolitico.mx\/#\/schema\/person\/496d8ad2d1d3f8036101dca7ee39e585","name":"Redacci\u00f3n QP","image":{"@type":"ImageObject","inLanguage":"es","@id":"https:\/\/secure.gravatar.com\/avatar\/c7164ed6fdec453195284ad24a5ae5b6e1eed2b848477fa2a4787ba9adf39a41?s=96&d=mm&r=g","url":"https:\/\/secure.gravatar.com\/avatar\/c7164ed6fdec453195284ad24a5ae5b6e1eed2b848477fa2a4787ba9adf39a41?s=96&d=mm&r=g","contentUrl":"https:\/\/secure.gravatar.com\/avatar\/c7164ed6fdec453195284ad24a5ae5b6e1eed2b848477fa2a4787ba9adf39a41?s=96&d=mm&r=g","caption":"Redacci\u00f3n QP"},"url":"https:\/\/quehacerpolitico.mx\/?author=2"}]}},"featured_image_urls":{"full":["https:\/\/quehacerpolitico.mx\/wp-content\/uploads\/2022\/04\/C380A10C-44BB-43DE-A2F2-0AA32150C86D.jpeg",978,697,false],"thumbnail":["https:\/\/quehacerpolitico.mx\/wp-content\/uploads\/2022\/04\/C380A10C-44BB-43DE-A2F2-0AA32150C86D-150x150.jpeg",150,150,true],"medium":["https:\/\/quehacerpolitico.mx\/wp-content\/uploads\/2022\/04\/C380A10C-44BB-43DE-A2F2-0AA32150C86D-300x214.jpeg",300,214,true],"medium_large":["https:\/\/quehacerpolitico.mx\/wp-content\/uploads\/2022\/04\/C380A10C-44BB-43DE-A2F2-0AA32150C86D-768x547.jpeg",640,456,true],"large":["https:\/\/quehacerpolitico.mx\/wp-content\/uploads\/2022\/04\/C380A10C-44BB-43DE-A2F2-0AA32150C86D.jpeg",640,456,false],"1536x1536":["https:\/\/quehacerpolitico.mx\/wp-content\/uploads\/2022\/04\/C380A10C-44BB-43DE-A2F2-0AA32150C86D.jpeg",978,697,false],"2048x2048":["https:\/\/quehacerpolitico.mx\/wp-content\/uploads\/2022\/04\/C380A10C-44BB-43DE-A2F2-0AA32150C86D.jpeg",978,697,false],"covernews-featured":["https:\/\/quehacerpolitico.mx\/wp-content\/uploads\/2022\/04\/C380A10C-44BB-43DE-A2F2-0AA32150C86D.jpeg",978,697,false],"covernews-medium":["https:\/\/quehacerpolitico.mx\/wp-content\/uploads\/2022\/04\/C380A10C-44BB-43DE-A2F2-0AA32150C86D.jpeg",477,340,false]},"author_info":{"display_name":"Redacci\u00f3n QP","author_link":"https:\/\/quehacerpolitico.mx\/?author=2"},"category_info":"<a href=\"https:\/\/quehacerpolitico.mx\/?cat=2\" rel=\"category\">Noticias<\/a>","tag_info":"Noticias","comment_count":"0","_links":{"self":[{"href":"https:\/\/quehacerpolitico.mx\/index.php?rest_route=\/wp\/v2\/posts\/91728","targetHints":{"allow":["GET"]}}],"collection":[{"href":"https:\/\/quehacerpolitico.mx\/index.php?rest_route=\/wp\/v2\/posts"}],"about":[{"href":"https:\/\/quehacerpolitico.mx\/index.php?rest_route=\/wp\/v2\/types\/post"}],"author":[{"embeddable":true,"href":"https:\/\/quehacerpolitico.mx\/index.php?rest_route=\/wp\/v2\/users\/2"}],"replies":[{"embeddable":true,"href":"https:\/\/quehacerpolitico.mx\/index.php?rest_route=%2Fwp%2Fv2%2Fcomments&post=91728"}],"version-history":[{"count":1,"href":"https:\/\/quehacerpolitico.mx\/index.php?rest_route=\/wp\/v2\/posts\/91728\/revisions"}],"predecessor-version":[{"id":91730,"href":"https:\/\/quehacerpolitico.mx\/index.php?rest_route=\/wp\/v2\/posts\/91728\/revisions\/91730"}],"wp:featuredmedia":[{"embeddable":true,"href":"https:\/\/quehacerpolitico.mx\/index.php?rest_route=\/wp\/v2\/media\/91729"}],"wp:attachment":[{"href":"https:\/\/quehacerpolitico.mx\/index.php?rest_route=%2Fwp%2Fv2%2Fmedia&parent=91728"}],"wp:term":[{"taxonomy":"category","embeddable":true,"href":"https:\/\/quehacerpolitico.mx\/index.php?rest_route=%2Fwp%2Fv2%2Fcategories&post=91728"},{"taxonomy":"post_tag","embeddable":true,"href":"https:\/\/quehacerpolitico.mx\/index.php?rest_route=%2Fwp%2Fv2%2Ftags&post=91728"}],"curies":[{"name":"wp","href":"https:\/\/api.w.org\/{rel}","templated":true}]}}