{"id":91722,"date":"2022-04-19T14:31:30","date_gmt":"2022-04-19T14:31:30","guid":{"rendered":"https:\/\/quehacerpolitico.mx\/?p=91722"},"modified":"2022-04-19T14:31:34","modified_gmt":"2022-04-19T14:31:34","slug":"internacionales-carolina-alonso-romei-europa-detecta-casos-de-hepatitis-infantil-de-origen-desconocido","status":"publish","type":"post","link":"https:\/\/quehacerpolitico.mx\/?p=91722","title":{"rendered":"Internacionales\/\/\/Carolina Alonso Romei\/\/\/Europa detecta casos de hepatitis infantil de origen desconocido"},"content":{"rendered":"\n<p>Por Carolina Alonso Romei<\/p>\n\n\n\n<p>Internacionalista <\/p>\n\n\n\n<p>No se registraron muertes, pero algunos enfermos en el Reino Unido requirieron trasplante de h\u00edgado<\/p>\n\n\n\n<p>El Centro Europeo para el Control y la Prevenci\u00f3n de Enfermedades (ECDC) anunci\u00f3 el martes que&nbsp;<strong>se detectaron casos de hepatitis infantil de origen desconocido en otros cuatro pa\u00edses europeos<\/strong>.<\/p>\n\n\n\n<p>&#8220;A ra\u00edz de los casos notificados de hepatitis aguda de origen desconocido por la Agencia de Seguridad Sanitaria brit\u00e1nica&#8221; a principios de abril,\u00a0<strong>&#8220;se notificaron casos adicionales en ni\u00f1os en Dinamarca, Irlanda, Pa\u00edses Bajos y Espa\u00f1a&#8221;<\/strong>, indica la agencia europea en un comunicado.<\/p>\n\n\n\n<figure class=\"wp-block-embed is-type-video is-provider-youtube wp-block-embed-youtube wp-embed-aspect-16-9 wp-has-aspect-ratio\"><div class=\"wp-block-embed__wrapper\">\n<iframe loading=\"lazy\" title=\"DOCENAS DE CASOS MISTERIOSOS DE HEPATITIS EN NI\u00d1OS SURGEN EN EE. UU.  Y EUROPA\" width=\"640\" height=\"360\" src=\"https:\/\/www.youtube.com\/embed\/QRqtRpQ-RNA?feature=oembed\" frameborder=\"0\" allow=\"accelerometer; autoplay; clipboard-write; encrypted-media; gyroscope; picture-in-picture; web-share\" referrerpolicy=\"strict-origin-when-cross-origin\" allowfullscreen><\/iframe>\n<\/div><\/figure>\n\n\n\n<p>Tambi\u00e9n se identificaron\u00a0<strong>nueve casos sospechosos en ni\u00f1os de 1 a 6 a\u00f1os en\u00a0Alabama, Estados Unidos<\/strong>, seg\u00fan el ECDC.<\/p>\n\n\n\n<p>&#8220;Las investigaciones contin\u00faan en todos los pa\u00edses que informan de casos. Actualmente, el origen exacto de la hepatitis sigue siendo desconocido&#8221;, escribe el ECDC, pero los investigadores brit\u00e1nicos &#8220;consideran que lo m\u00e1s probable es que sea infeccioso debido a las caracter\u00edsticas cl\u00ednicas y epidemiol\u00f3gicas de los casos&#8221;.<\/p>\n\n\n\n<p>El viernes, la Organizaci\u00f3n Mundial de la Salud (OMS) afirm\u00f3\u00a0<strong>esperar nuevos casos en los pr\u00f3ximos d\u00edas, confirmando &#8220;menos de cinco&#8221; en Irlanda y tres en Espa\u00f1a<\/strong>.<\/p>\n\n\n\n<p>Contactado por la AFP, el ECDC&nbsp;<strong>no estaba en condiciones de brindar el n\u00famero de casos por pa\u00eds<\/strong>.<\/p>\n\n\n\n<p><strong>No se registraron muertes, pero algunos enfermos en el Reino Unido requirieron trasplante de h\u00edgado<\/strong>.<\/p>\n\n\n\n<p>&#8220;Las investigaciones de laboratorio de todos los casos descartaron una hepatitis viral de tipo A, B, C, D o E&#8221;, seg\u00fan el ECDC.<\/p>\n\n\n\n<p>El 5 de abril, el Reino Unido hab\u00eda notificado a\u00a0la OMS sobre 10 casos de hepatitis grave en Escocia, antes de comunicar un total de 74 tres d\u00edas despu\u00e9s, seg\u00fan la organizaci\u00f3n de las Naciones Unidas.<\/p>\n\n\n\n<p>Entre los casos brit\u00e1nicos, &#8220;muchos mostraban signos de ictericia y algunos pacientes reportaron s\u00edntomas gastrointestinales, incluyendo dolor abdominal, diarrea y v\u00f3mitos en semanas anteriores&#8221;, seg\u00fan el ECDC.<\/p>\n\n\n\n<p>Con informaci\u00f3n de AFP<\/p>\n","protected":false},"excerpt":{"rendered":"<p>Por Carolina Alonso Romei Internacionalista No se registraron muertes, pero algunos enfermos en el Reino&#8230;<\/p>\n","protected":false},"author":2,"featured_media":91723,"comment_status":"open","ping_status":"open","sticky":false,"template":"","format":"standard","meta":{"_monsterinsights_skip_tracking":false,"_monsterinsights_sitenote_active":false,"_monsterinsights_sitenote_note":"","_monsterinsights_sitenote_category":0,"footnotes":""},"categories":[1],"tags":[],"class_list":["post-91722","post","type-post","status-publish","format-standard","has-post-thumbnail","hentry","category-sin-categoria"],"yoast_head":"<!-- This site is optimized with the Yoast SEO plugin v27.3 - https:\/\/yoast.com\/product\/yoast-seo-wordpress\/ -->\n<title>Internacionales\/\/\/Carolina Alonso Romei\/\/\/Europa detecta casos de hepatitis infantil de origen desconocido -<\/title>\n<meta name=\"robots\" content=\"index, follow, max-snippet:-1, max-image-preview:large, max-video-preview:-1\" \/>\n<link rel=\"canonical\" href=\"https:\/\/quehacerpolitico.mx\/?p=91722\" \/>\n<meta property=\"og:locale\" content=\"es_MX\" \/>\n<meta property=\"og:type\" content=\"article\" \/>\n<meta property=\"og:title\" content=\"Internacionales\/\/\/Carolina Alonso Romei\/\/\/Europa detecta casos de hepatitis infantil de origen desconocido -\" \/>\n<meta property=\"og:description\" content=\"Por Carolina Alonso Romei Internacionalista No se registraron muertes, pero algunos enfermos en el Reino...\" \/>\n<meta property=\"og:url\" content=\"https:\/\/quehacerpolitico.mx\/?p=91722\" \/>\n<meta property=\"article:published_time\" content=\"2022-04-19T14:31:30+00:00\" \/>\n<meta property=\"article:modified_time\" content=\"2022-04-19T14:31:34+00:00\" \/>\n<meta property=\"og:image\" content=\"https:\/\/quehacerpolitico.mx\/wp-content\/uploads\/2022\/04\/588E48DB-863A-4779-A105-BE123B53EAF6.jpeg\" \/>\n\t<meta property=\"og:image:width\" content=\"1284\" \/>\n\t<meta property=\"og:image:height\" content=\"687\" \/>\n\t<meta property=\"og:image:type\" content=\"image\/jpeg\" \/>\n<meta name=\"author\" content=\"Redacci\u00f3n QP\" \/>\n<meta name=\"twitter:card\" content=\"summary_large_image\" \/>\n<meta name=\"twitter:label1\" content=\"Escrito por\" \/>\n\t<meta name=\"twitter:data1\" content=\"Redacci\u00f3n QP\" \/>\n\t<meta name=\"twitter:label2\" content=\"Tiempo de lectura\" \/>\n\t<meta name=\"twitter:data2\" content=\"2 minutos\" \/>\n<script type=\"application\/ld+json\" class=\"yoast-schema-graph\">{\"@context\":\"https:\\\/\\\/schema.org\",\"@graph\":[{\"@type\":\"Article\",\"@id\":\"https:\\\/\\\/quehacerpolitico.mx\\\/?p=91722#article\",\"isPartOf\":{\"@id\":\"https:\\\/\\\/quehacerpolitico.mx\\\/?p=91722\"},\"author\":{\"name\":\"Redacci\u00f3n QP\",\"@id\":\"https:\\\/\\\/quehacerpolitico.mx\\\/#\\\/schema\\\/person\\\/496d8ad2d1d3f8036101dca7ee39e585\"},\"headline\":\"Internacionales\\\/\\\/\\\/Carolina Alonso Romei\\\/\\\/\\\/Europa detecta casos de hepatitis infantil de origen desconocido\",\"datePublished\":\"2022-04-19T14:31:30+00:00\",\"dateModified\":\"2022-04-19T14:31:34+00:00\",\"mainEntityOfPage\":{\"@id\":\"https:\\\/\\\/quehacerpolitico.mx\\\/?p=91722\"},\"wordCount\":362,\"commentCount\":0,\"image\":{\"@id\":\"https:\\\/\\\/quehacerpolitico.mx\\\/?p=91722#primaryimage\"},\"thumbnailUrl\":\"https:\\\/\\\/quehacerpolitico.mx\\\/wp-content\\\/uploads\\\/2022\\\/04\\\/588E48DB-863A-4779-A105-BE123B53EAF6.jpeg\",\"articleSection\":[\"Internacionales\"],\"inLanguage\":\"es\",\"potentialAction\":[{\"@type\":\"CommentAction\",\"name\":\"Comment\",\"target\":[\"https:\\\/\\\/quehacerpolitico.mx\\\/?p=91722#respond\"]}]},{\"@type\":\"WebPage\",\"@id\":\"https:\\\/\\\/quehacerpolitico.mx\\\/?p=91722\",\"url\":\"https:\\\/\\\/quehacerpolitico.mx\\\/?p=91722\",\"name\":\"Internacionales\\\/\\\/\\\/Carolina Alonso Romei\\\/\\\/\\\/Europa detecta casos de hepatitis infantil de origen desconocido -\",\"isPartOf\":{\"@id\":\"https:\\\/\\\/quehacerpolitico.mx\\\/#website\"},\"primaryImageOfPage\":{\"@id\":\"https:\\\/\\\/quehacerpolitico.mx\\\/?p=91722#primaryimage\"},\"image\":{\"@id\":\"https:\\\/\\\/quehacerpolitico.mx\\\/?p=91722#primaryimage\"},\"thumbnailUrl\":\"https:\\\/\\\/quehacerpolitico.mx\\\/wp-content\\\/uploads\\\/2022\\\/04\\\/588E48DB-863A-4779-A105-BE123B53EAF6.jpeg\",\"datePublished\":\"2022-04-19T14:31:30+00:00\",\"dateModified\":\"2022-04-19T14:31:34+00:00\",\"author\":{\"@id\":\"https:\\\/\\\/quehacerpolitico.mx\\\/#\\\/schema\\\/person\\\/496d8ad2d1d3f8036101dca7ee39e585\"},\"breadcrumb\":{\"@id\":\"https:\\\/\\\/quehacerpolitico.mx\\\/?p=91722#breadcrumb\"},\"inLanguage\":\"es\",\"potentialAction\":[{\"@type\":\"ReadAction\",\"target\":[\"https:\\\/\\\/quehacerpolitico.mx\\\/?p=91722\"]}]},{\"@type\":\"ImageObject\",\"inLanguage\":\"es\",\"@id\":\"https:\\\/\\\/quehacerpolitico.mx\\\/?p=91722#primaryimage\",\"url\":\"https:\\\/\\\/quehacerpolitico.mx\\\/wp-content\\\/uploads\\\/2022\\\/04\\\/588E48DB-863A-4779-A105-BE123B53EAF6.jpeg\",\"contentUrl\":\"https:\\\/\\\/quehacerpolitico.mx\\\/wp-content\\\/uploads\\\/2022\\\/04\\\/588E48DB-863A-4779-A105-BE123B53EAF6.jpeg\",\"width\":1284,\"height\":687},{\"@type\":\"BreadcrumbList\",\"@id\":\"https:\\\/\\\/quehacerpolitico.mx\\\/?p=91722#breadcrumb\",\"itemListElement\":[{\"@type\":\"ListItem\",\"position\":1,\"name\":\"Inicio\",\"item\":\"https:\\\/\\\/quehacerpolitico.mx\\\/\"},{\"@type\":\"ListItem\",\"position\":2,\"name\":\"Internacionales\\\/\\\/\\\/Carolina Alonso Romei\\\/\\\/\\\/Europa detecta casos de hepatitis infantil de origen desconocido\"}]},{\"@type\":\"WebSite\",\"@id\":\"https:\\\/\\\/quehacerpolitico.mx\\\/#website\",\"url\":\"https:\\\/\\\/quehacerpolitico.mx\\\/\",\"name\":\"\",\"description\":\"\",\"potentialAction\":[{\"@type\":\"SearchAction\",\"target\":{\"@type\":\"EntryPoint\",\"urlTemplate\":\"https:\\\/\\\/quehacerpolitico.mx\\\/?s={search_term_string}\"},\"query-input\":{\"@type\":\"PropertyValueSpecification\",\"valueRequired\":true,\"valueName\":\"search_term_string\"}}],\"inLanguage\":\"es\"},{\"@type\":\"Person\",\"@id\":\"https:\\\/\\\/quehacerpolitico.mx\\\/#\\\/schema\\\/person\\\/496d8ad2d1d3f8036101dca7ee39e585\",\"name\":\"Redacci\u00f3n QP\",\"image\":{\"@type\":\"ImageObject\",\"inLanguage\":\"es\",\"@id\":\"https:\\\/\\\/secure.gravatar.com\\\/avatar\\\/c7164ed6fdec453195284ad24a5ae5b6e1eed2b848477fa2a4787ba9adf39a41?s=96&d=mm&r=g\",\"url\":\"https:\\\/\\\/secure.gravatar.com\\\/avatar\\\/c7164ed6fdec453195284ad24a5ae5b6e1eed2b848477fa2a4787ba9adf39a41?s=96&d=mm&r=g\",\"contentUrl\":\"https:\\\/\\\/secure.gravatar.com\\\/avatar\\\/c7164ed6fdec453195284ad24a5ae5b6e1eed2b848477fa2a4787ba9adf39a41?s=96&d=mm&r=g\",\"caption\":\"Redacci\u00f3n QP\"},\"url\":\"https:\\\/\\\/quehacerpolitico.mx\\\/?author=2\"}]}<\/script>\n<!-- \/ Yoast SEO plugin. -->","yoast_head_json":{"title":"Internacionales\/\/\/Carolina Alonso Romei\/\/\/Europa detecta casos de hepatitis infantil de origen desconocido -","robots":{"index":"index","follow":"follow","max-snippet":"max-snippet:-1","max-image-preview":"max-image-preview:large","max-video-preview":"max-video-preview:-1"},"canonical":"https:\/\/quehacerpolitico.mx\/?p=91722","og_locale":"es_MX","og_type":"article","og_title":"Internacionales\/\/\/Carolina Alonso Romei\/\/\/Europa detecta casos de hepatitis infantil de origen desconocido -","og_description":"Por Carolina Alonso Romei Internacionalista No se registraron muertes, pero algunos enfermos en el Reino...","og_url":"https:\/\/quehacerpolitico.mx\/?p=91722","article_published_time":"2022-04-19T14:31:30+00:00","article_modified_time":"2022-04-19T14:31:34+00:00","og_image":[{"width":1284,"height":687,"url":"https:\/\/quehacerpolitico.mx\/wp-content\/uploads\/2022\/04\/588E48DB-863A-4779-A105-BE123B53EAF6.jpeg","type":"image\/jpeg"}],"author":"Redacci\u00f3n QP","twitter_card":"summary_large_image","twitter_misc":{"Escrito por":"Redacci\u00f3n QP","Tiempo de lectura":"2 minutos"},"schema":{"@context":"https:\/\/schema.org","@graph":[{"@type":"Article","@id":"https:\/\/quehacerpolitico.mx\/?p=91722#article","isPartOf":{"@id":"https:\/\/quehacerpolitico.mx\/?p=91722"},"author":{"name":"Redacci\u00f3n QP","@id":"https:\/\/quehacerpolitico.mx\/#\/schema\/person\/496d8ad2d1d3f8036101dca7ee39e585"},"headline":"Internacionales\/\/\/Carolina Alonso Romei\/\/\/Europa detecta casos de hepatitis infantil de origen desconocido","datePublished":"2022-04-19T14:31:30+00:00","dateModified":"2022-04-19T14:31:34+00:00","mainEntityOfPage":{"@id":"https:\/\/quehacerpolitico.mx\/?p=91722"},"wordCount":362,"commentCount":0,"image":{"@id":"https:\/\/quehacerpolitico.mx\/?p=91722#primaryimage"},"thumbnailUrl":"https:\/\/quehacerpolitico.mx\/wp-content\/uploads\/2022\/04\/588E48DB-863A-4779-A105-BE123B53EAF6.jpeg","articleSection":["Internacionales"],"inLanguage":"es","potentialAction":[{"@type":"CommentAction","name":"Comment","target":["https:\/\/quehacerpolitico.mx\/?p=91722#respond"]}]},{"@type":"WebPage","@id":"https:\/\/quehacerpolitico.mx\/?p=91722","url":"https:\/\/quehacerpolitico.mx\/?p=91722","name":"Internacionales\/\/\/Carolina Alonso Romei\/\/\/Europa detecta casos de hepatitis infantil de origen desconocido -","isPartOf":{"@id":"https:\/\/quehacerpolitico.mx\/#website"},"primaryImageOfPage":{"@id":"https:\/\/quehacerpolitico.mx\/?p=91722#primaryimage"},"image":{"@id":"https:\/\/quehacerpolitico.mx\/?p=91722#primaryimage"},"thumbnailUrl":"https:\/\/quehacerpolitico.mx\/wp-content\/uploads\/2022\/04\/588E48DB-863A-4779-A105-BE123B53EAF6.jpeg","datePublished":"2022-04-19T14:31:30+00:00","dateModified":"2022-04-19T14:31:34+00:00","author":{"@id":"https:\/\/quehacerpolitico.mx\/#\/schema\/person\/496d8ad2d1d3f8036101dca7ee39e585"},"breadcrumb":{"@id":"https:\/\/quehacerpolitico.mx\/?p=91722#breadcrumb"},"inLanguage":"es","potentialAction":[{"@type":"ReadAction","target":["https:\/\/quehacerpolitico.mx\/?p=91722"]}]},{"@type":"ImageObject","inLanguage":"es","@id":"https:\/\/quehacerpolitico.mx\/?p=91722#primaryimage","url":"https:\/\/quehacerpolitico.mx\/wp-content\/uploads\/2022\/04\/588E48DB-863A-4779-A105-BE123B53EAF6.jpeg","contentUrl":"https:\/\/quehacerpolitico.mx\/wp-content\/uploads\/2022\/04\/588E48DB-863A-4779-A105-BE123B53EAF6.jpeg","width":1284,"height":687},{"@type":"BreadcrumbList","@id":"https:\/\/quehacerpolitico.mx\/?p=91722#breadcrumb","itemListElement":[{"@type":"ListItem","position":1,"name":"Inicio","item":"https:\/\/quehacerpolitico.mx\/"},{"@type":"ListItem","position":2,"name":"Internacionales\/\/\/Carolina Alonso Romei\/\/\/Europa detecta casos de hepatitis infantil de origen desconocido"}]},{"@type":"WebSite","@id":"https:\/\/quehacerpolitico.mx\/#website","url":"https:\/\/quehacerpolitico.mx\/","name":"","description":"","potentialAction":[{"@type":"SearchAction","target":{"@type":"EntryPoint","urlTemplate":"https:\/\/quehacerpolitico.mx\/?s={search_term_string}"},"query-input":{"@type":"PropertyValueSpecification","valueRequired":true,"valueName":"search_term_string"}}],"inLanguage":"es"},{"@type":"Person","@id":"https:\/\/quehacerpolitico.mx\/#\/schema\/person\/496d8ad2d1d3f8036101dca7ee39e585","name":"Redacci\u00f3n QP","image":{"@type":"ImageObject","inLanguage":"es","@id":"https:\/\/secure.gravatar.com\/avatar\/c7164ed6fdec453195284ad24a5ae5b6e1eed2b848477fa2a4787ba9adf39a41?s=96&d=mm&r=g","url":"https:\/\/secure.gravatar.com\/avatar\/c7164ed6fdec453195284ad24a5ae5b6e1eed2b848477fa2a4787ba9adf39a41?s=96&d=mm&r=g","contentUrl":"https:\/\/secure.gravatar.com\/avatar\/c7164ed6fdec453195284ad24a5ae5b6e1eed2b848477fa2a4787ba9adf39a41?s=96&d=mm&r=g","caption":"Redacci\u00f3n QP"},"url":"https:\/\/quehacerpolitico.mx\/?author=2"}]}},"featured_image_urls":{"full":["https:\/\/quehacerpolitico.mx\/wp-content\/uploads\/2022\/04\/588E48DB-863A-4779-A105-BE123B53EAF6.jpeg",1284,687,false],"thumbnail":["https:\/\/quehacerpolitico.mx\/wp-content\/uploads\/2022\/04\/588E48DB-863A-4779-A105-BE123B53EAF6-150x150.jpeg",150,150,true],"medium":["https:\/\/quehacerpolitico.mx\/wp-content\/uploads\/2022\/04\/588E48DB-863A-4779-A105-BE123B53EAF6-300x161.jpeg",300,161,true],"medium_large":["https:\/\/quehacerpolitico.mx\/wp-content\/uploads\/2022\/04\/588E48DB-863A-4779-A105-BE123B53EAF6-768x411.jpeg",640,343,true],"large":["https:\/\/quehacerpolitico.mx\/wp-content\/uploads\/2022\/04\/588E48DB-863A-4779-A105-BE123B53EAF6-1024x548.jpeg",640,343,true],"1536x1536":["https:\/\/quehacerpolitico.mx\/wp-content\/uploads\/2022\/04\/588E48DB-863A-4779-A105-BE123B53EAF6.jpeg",1284,687,false],"2048x2048":["https:\/\/quehacerpolitico.mx\/wp-content\/uploads\/2022\/04\/588E48DB-863A-4779-A105-BE123B53EAF6.jpeg",1284,687,false],"covernews-featured":["https:\/\/quehacerpolitico.mx\/wp-content\/uploads\/2022\/04\/588E48DB-863A-4779-A105-BE123B53EAF6.jpeg",1024,548,false],"covernews-medium":["https:\/\/quehacerpolitico.mx\/wp-content\/uploads\/2022\/04\/588E48DB-863A-4779-A105-BE123B53EAF6.jpeg",540,289,false]},"author_info":{"display_name":"Redacci\u00f3n QP","author_link":"https:\/\/quehacerpolitico.mx\/?author=2"},"category_info":"<a href=\"https:\/\/quehacerpolitico.mx\/?cat=1\" rel=\"category\">Internacionales<\/a>","tag_info":"Internacionales","comment_count":"0","_links":{"self":[{"href":"https:\/\/quehacerpolitico.mx\/index.php?rest_route=\/wp\/v2\/posts\/91722","targetHints":{"allow":["GET"]}}],"collection":[{"href":"https:\/\/quehacerpolitico.mx\/index.php?rest_route=\/wp\/v2\/posts"}],"about":[{"href":"https:\/\/quehacerpolitico.mx\/index.php?rest_route=\/wp\/v2\/types\/post"}],"author":[{"embeddable":true,"href":"https:\/\/quehacerpolitico.mx\/index.php?rest_route=\/wp\/v2\/users\/2"}],"replies":[{"embeddable":true,"href":"https:\/\/quehacerpolitico.mx\/index.php?rest_route=%2Fwp%2Fv2%2Fcomments&post=91722"}],"version-history":[{"count":1,"href":"https:\/\/quehacerpolitico.mx\/index.php?rest_route=\/wp\/v2\/posts\/91722\/revisions"}],"predecessor-version":[{"id":91724,"href":"https:\/\/quehacerpolitico.mx\/index.php?rest_route=\/wp\/v2\/posts\/91722\/revisions\/91724"}],"wp:featuredmedia":[{"embeddable":true,"href":"https:\/\/quehacerpolitico.mx\/index.php?rest_route=\/wp\/v2\/media\/91723"}],"wp:attachment":[{"href":"https:\/\/quehacerpolitico.mx\/index.php?rest_route=%2Fwp%2Fv2%2Fmedia&parent=91722"}],"wp:term":[{"taxonomy":"category","embeddable":true,"href":"https:\/\/quehacerpolitico.mx\/index.php?rest_route=%2Fwp%2Fv2%2Fcategories&post=91722"},{"taxonomy":"post_tag","embeddable":true,"href":"https:\/\/quehacerpolitico.mx\/index.php?rest_route=%2Fwp%2Fv2%2Ftags&post=91722"}],"curies":[{"name":"wp","href":"https:\/\/api.w.org\/{rel}","templated":true}]}}