{"id":91664,"date":"2022-04-13T17:02:44","date_gmt":"2022-04-13T17:02:44","guid":{"rendered":"https:\/\/quehacerpolitico.mx\/?p=91664"},"modified":"2022-04-13T17:02:46","modified_gmt":"2022-04-13T17:02:46","slug":"amlo-critica-informe-de-la-onu-por-desaparecidos-no-actuan-con-apego-a-la-verdad","status":"publish","type":"post","link":"https:\/\/quehacerpolitico.mx\/?p=91664","title":{"rendered":"AMLO critica informe de la ONU por desaparecidos: No act\u00faan con &#8220;apego a la verdad&#8221;\u00a0"},"content":{"rendered":"\n<p>Por Redacci\u00f3n QP<\/p>\n\n\n\n<p>L\u00f3pez Obrador afirm\u00f3 que el Comit\u00e9 contra las Desapariciones Forzadas de la ONU &#8220;no tienen, con todo respeto, toda la informaci\u00f3n (&#8230;) ya no es el tiempo de antes en que se usaba al Ej\u00e9rcito para reprimir&#8221;<\/p>\n\n\n\n<p>El Presidente de M\u00e9xico, Andr\u00e9s Manuel L\u00f3pez Obrador (AMLO) critic\u00f3 el reciente informe del Comit\u00e9 contra las Desapariciones Forzadas de la ONU y defendi\u00f3 la estrategia de seguridad del pa\u00eds.<\/p>\n\n\n\n<p><strong>&#8220;Ya se est\u00e1 atendiendo lo de la recomendaci\u00f3n (de la ONU). Lo est\u00e1 haciendo la Secretar\u00eda de Gobernaci\u00f3n y ayer incluso dieron a conocer un informe&#8221;<\/strong>, apunt\u00f3 AMLO desde Palacio Nacional.<\/p>\n\n\n\n<figure class=\"wp-block-embed is-type-video is-provider-youtube wp-block-embed-youtube wp-embed-aspect-16-9 wp-has-aspect-ratio\"><div class=\"wp-block-embed__wrapper\">\n<iframe loading=\"lazy\" title=\"AMLO a ONU por desapariciones: Ning\u00fan organismo va a ponernos en el banquillo de los acusados\" width=\"640\" height=\"360\" src=\"https:\/\/www.youtube.com\/embed\/qEHG47Fd9Dw?feature=oembed\" frameborder=\"0\" allow=\"accelerometer; autoplay; clipboard-write; encrypted-media; gyroscope; picture-in-picture; web-share\" referrerpolicy=\"strict-origin-when-cross-origin\" allowfullscreen><\/iframe>\n<\/div><\/figure>\n\n\n\n<p>Tras una visita a M\u00e9xico en noviembre pasado, el grupo de expertos de la ONU inform\u00f3 que el crimen organizado es el principal autor de miles de desapariciones forzadas que se registran cada a\u00f1o en M\u00e9xico, aunque el Estado mexicano tambi\u00e9n es responsable de este crimen cuando es perpetrado por sus funcionarios federales, estatales o municipales y se permite la impunidad.<\/p>\n\n\n\n<p>Adem\u00e1s, el Comit\u00e9 de la ONU pidi\u00f3 al Gobierno mexicano abandonar su estrategia de militarizaci\u00f3n de la seguridad p\u00fablica, por ser inadecuada para proteger los derechos humanos.<\/p>\n\n\n\n<p>Al preguntarle sobre este punto a AMLO, dijo que: &#8220;ellos no tienen, con todo respeto, toda la informaci\u00f3n. No est\u00e1n actuando con apego a la verdad. Ya no es el tiempo de antes en que se usaba al Ej\u00e9rcito para reprimir o para rematar heridos&#8221;.<\/p>\n\n\n\n<p><strong>Dijo que la estrategia actual es la correcta y destac\u00f3 el &#8220;plan de b\u00fasqueda&#8221; de desaparecidos que es &#8220;de lo mejor del mundo<\/strong>&nbsp;en cuanto a profesionalismo, trabajo y algo que es muy importante, en cuanto a honestidad&#8221;.<\/p>\n\n\n\n<p>&#8220;Desde luego no hay impunidad. La diferencia entre los Gobiernos neoliberales y nosotros es que nosotros no permitimos, como ellos, la corrupci\u00f3n&#8221;, subray\u00f3.<\/p>\n\n\n\n<figure class=\"wp-block-embed is-type-rich is-provider-twitter wp-block-embed-twitter\"><div class=\"wp-block-embed__wrapper\">\n<blockquote class=\"twitter-tweet\" data-width=\"550\" data-dnt=\"true\"><p lang=\"es\" dir=\"ltr\">El presidente afirma que el informe de Comit\u00e9 de la ONU sobre la situaci\u00f3n de desaparecidos del pa\u00eds no se apega a la verdad. <br><br>Adem\u00e1s, no se posiciona sobre la recomendaci\u00f3n de desmilitarizar la seguridad publica. <a href=\"https:\/\/t.co\/0pP73hNlMZ\">pic.twitter.com\/0pP73hNlMZ<\/a><\/p>&mdash; Ruido en la Red (@RuidoEnLaRed) <a href=\"https:\/\/twitter.com\/RuidoEnLaRed\/status\/1514255980095287308?ref_src=twsrc%5Etfw\">April 13, 2022<\/a><\/blockquote><script async src=\"https:\/\/platform.twitter.com\/widgets.js\" charset=\"utf-8\"><\/script>\n<\/div><\/figure>\n\n\n\n<h4 class=\"wp-block-heading\">&#8220;Ning\u00fan organismo internacional va a ponernos en el banquillo&#8221;: AMLO<\/h4>\n\n\n\n<p>&#8220;Esto hay que informarlo a la ONU porque ellos no vieron nada de los abusos que se comet\u00edan, cr\u00edmenes de Estado, durante el periodo neoliberal. Hay que ponerles al tanto de que ya es otra realidad&#8221;, dijo AMLO.<\/p>\n\n\n\n<p>Y, con firmeza, concluy\u00f3: &#8220;Ning\u00fan organismo internacional va a ponernos en el banquillo de los acusados si estamos actuando con legalidad, con humanismo. Si no permitimos la corrupci\u00f3n, si no permitimos la impunidad&#8221;, apunt\u00f3.<\/p>\n\n\n\n<p>Seg\u00fan el Registro Nacional de Personas Desaparecidas y No Localizadas (RNPDNO),&nbsp;<strong>M\u00e9xico acumula 98 mil 945 personas desaparecidas y no localizadas desde 1964<\/strong>&nbsp;-cuando comenzaron los registros- hasta la fecha.<\/p>\n\n\n\n<p>De estos, m\u00e1s de 73 mil 800 son hombres y casi 25 mil son mujeres.&nbsp;<\/p>\n\n\n\n<p>La tragedia de los desaparecidos, que se suma a una crisis forense, tom\u00f3 fuerza a partir de 2006, coincidiendo con el comienzo de la llamada guerra contra el narcotr\u00e1fico en M\u00e9xico.<\/p>\n\n\n\n<p>Con informaci\u00f3n de EFE<\/p>\n","protected":false},"excerpt":{"rendered":"<p>Por Redacci\u00f3n QP L\u00f3pez Obrador afirm\u00f3 que el Comit\u00e9 contra las Desapariciones Forzadas de la&#8230;<\/p>\n","protected":false},"author":2,"featured_media":91665,"comment_status":"open","ping_status":"open","sticky":false,"template":"","format":"standard","meta":{"_monsterinsights_skip_tracking":false,"_monsterinsights_sitenote_active":false,"_monsterinsights_sitenote_note":"","_monsterinsights_sitenote_category":0,"footnotes":""},"categories":[2],"tags":[],"class_list":["post-91664","post","type-post","status-publish","format-standard","has-post-thumbnail","hentry","category-noticias"],"yoast_head":"<!-- This site is optimized with the Yoast SEO plugin v27.3 - https:\/\/yoast.com\/product\/yoast-seo-wordpress\/ -->\n<title>AMLO critica informe de la ONU por desaparecidos: No act\u00faan con &quot;apego a la verdad&quot;\u00a0 -<\/title>\n<meta name=\"robots\" content=\"index, follow, max-snippet:-1, max-image-preview:large, max-video-preview:-1\" \/>\n<link rel=\"canonical\" href=\"https:\/\/quehacerpolitico.mx\/?p=91664\" \/>\n<meta property=\"og:locale\" content=\"es_MX\" \/>\n<meta property=\"og:type\" content=\"article\" \/>\n<meta property=\"og:title\" content=\"AMLO critica informe de la ONU por desaparecidos: No act\u00faan con &quot;apego a la verdad&quot;\u00a0 -\" \/>\n<meta property=\"og:description\" content=\"Por Redacci\u00f3n QP L\u00f3pez Obrador afirm\u00f3 que el Comit\u00e9 contra las Desapariciones Forzadas de la...\" \/>\n<meta property=\"og:url\" content=\"https:\/\/quehacerpolitico.mx\/?p=91664\" \/>\n<meta property=\"article:published_time\" content=\"2022-04-13T17:02:44+00:00\" \/>\n<meta property=\"article:modified_time\" content=\"2022-04-13T17:02:46+00:00\" \/>\n<meta property=\"og:image\" content=\"https:\/\/quehacerpolitico.mx\/wp-content\/uploads\/2022\/04\/DCB36748-8C21-4C45-9CA7-F71E8B6B3BBB.jpeg\" \/>\n\t<meta property=\"og:image:width\" content=\"938\" \/>\n\t<meta property=\"og:image:height\" content=\"692\" \/>\n\t<meta property=\"og:image:type\" content=\"image\/jpeg\" \/>\n<meta name=\"author\" content=\"Redacci\u00f3n QP\" \/>\n<meta name=\"twitter:card\" content=\"summary_large_image\" \/>\n<meta name=\"twitter:label1\" content=\"Escrito por\" \/>\n\t<meta name=\"twitter:data1\" content=\"Redacci\u00f3n QP\" \/>\n\t<meta name=\"twitter:label2\" content=\"Tiempo de lectura\" \/>\n\t<meta name=\"twitter:data2\" content=\"3 minutos\" \/>\n<script type=\"application\/ld+json\" class=\"yoast-schema-graph\">{\"@context\":\"https:\\\/\\\/schema.org\",\"@graph\":[{\"@type\":\"Article\",\"@id\":\"https:\\\/\\\/quehacerpolitico.mx\\\/?p=91664#article\",\"isPartOf\":{\"@id\":\"https:\\\/\\\/quehacerpolitico.mx\\\/?p=91664\"},\"author\":{\"name\":\"Redacci\u00f3n QP\",\"@id\":\"https:\\\/\\\/quehacerpolitico.mx\\\/#\\\/schema\\\/person\\\/496d8ad2d1d3f8036101dca7ee39e585\"},\"headline\":\"AMLO critica informe de la ONU por desaparecidos: No act\u00faan con &#8220;apego a la verdad&#8221;\u00a0\",\"datePublished\":\"2022-04-13T17:02:44+00:00\",\"dateModified\":\"2022-04-13T17:02:46+00:00\",\"mainEntityOfPage\":{\"@id\":\"https:\\\/\\\/quehacerpolitico.mx\\\/?p=91664\"},\"wordCount\":520,\"commentCount\":0,\"image\":{\"@id\":\"https:\\\/\\\/quehacerpolitico.mx\\\/?p=91664#primaryimage\"},\"thumbnailUrl\":\"https:\\\/\\\/quehacerpolitico.mx\\\/wp-content\\\/uploads\\\/2022\\\/04\\\/DCB36748-8C21-4C45-9CA7-F71E8B6B3BBB.jpeg\",\"articleSection\":[\"Noticias\"],\"inLanguage\":\"es\",\"potentialAction\":[{\"@type\":\"CommentAction\",\"name\":\"Comment\",\"target\":[\"https:\\\/\\\/quehacerpolitico.mx\\\/?p=91664#respond\"]}]},{\"@type\":\"WebPage\",\"@id\":\"https:\\\/\\\/quehacerpolitico.mx\\\/?p=91664\",\"url\":\"https:\\\/\\\/quehacerpolitico.mx\\\/?p=91664\",\"name\":\"AMLO critica informe de la ONU por desaparecidos: No act\u00faan con \\\"apego a la verdad\\\"\u00a0 -\",\"isPartOf\":{\"@id\":\"https:\\\/\\\/quehacerpolitico.mx\\\/#website\"},\"primaryImageOfPage\":{\"@id\":\"https:\\\/\\\/quehacerpolitico.mx\\\/?p=91664#primaryimage\"},\"image\":{\"@id\":\"https:\\\/\\\/quehacerpolitico.mx\\\/?p=91664#primaryimage\"},\"thumbnailUrl\":\"https:\\\/\\\/quehacerpolitico.mx\\\/wp-content\\\/uploads\\\/2022\\\/04\\\/DCB36748-8C21-4C45-9CA7-F71E8B6B3BBB.jpeg\",\"datePublished\":\"2022-04-13T17:02:44+00:00\",\"dateModified\":\"2022-04-13T17:02:46+00:00\",\"author\":{\"@id\":\"https:\\\/\\\/quehacerpolitico.mx\\\/#\\\/schema\\\/person\\\/496d8ad2d1d3f8036101dca7ee39e585\"},\"breadcrumb\":{\"@id\":\"https:\\\/\\\/quehacerpolitico.mx\\\/?p=91664#breadcrumb\"},\"inLanguage\":\"es\",\"potentialAction\":[{\"@type\":\"ReadAction\",\"target\":[\"https:\\\/\\\/quehacerpolitico.mx\\\/?p=91664\"]}]},{\"@type\":\"ImageObject\",\"inLanguage\":\"es\",\"@id\":\"https:\\\/\\\/quehacerpolitico.mx\\\/?p=91664#primaryimage\",\"url\":\"https:\\\/\\\/quehacerpolitico.mx\\\/wp-content\\\/uploads\\\/2022\\\/04\\\/DCB36748-8C21-4C45-9CA7-F71E8B6B3BBB.jpeg\",\"contentUrl\":\"https:\\\/\\\/quehacerpolitico.mx\\\/wp-content\\\/uploads\\\/2022\\\/04\\\/DCB36748-8C21-4C45-9CA7-F71E8B6B3BBB.jpeg\",\"width\":938,\"height\":692},{\"@type\":\"BreadcrumbList\",\"@id\":\"https:\\\/\\\/quehacerpolitico.mx\\\/?p=91664#breadcrumb\",\"itemListElement\":[{\"@type\":\"ListItem\",\"position\":1,\"name\":\"Inicio\",\"item\":\"https:\\\/\\\/quehacerpolitico.mx\\\/\"},{\"@type\":\"ListItem\",\"position\":2,\"name\":\"AMLO critica informe de la ONU por desaparecidos: No act\u00faan con &#8220;apego a la verdad&#8221;\u00a0\"}]},{\"@type\":\"WebSite\",\"@id\":\"https:\\\/\\\/quehacerpolitico.mx\\\/#website\",\"url\":\"https:\\\/\\\/quehacerpolitico.mx\\\/\",\"name\":\"\",\"description\":\"\",\"potentialAction\":[{\"@type\":\"SearchAction\",\"target\":{\"@type\":\"EntryPoint\",\"urlTemplate\":\"https:\\\/\\\/quehacerpolitico.mx\\\/?s={search_term_string}\"},\"query-input\":{\"@type\":\"PropertyValueSpecification\",\"valueRequired\":true,\"valueName\":\"search_term_string\"}}],\"inLanguage\":\"es\"},{\"@type\":\"Person\",\"@id\":\"https:\\\/\\\/quehacerpolitico.mx\\\/#\\\/schema\\\/person\\\/496d8ad2d1d3f8036101dca7ee39e585\",\"name\":\"Redacci\u00f3n QP\",\"image\":{\"@type\":\"ImageObject\",\"inLanguage\":\"es\",\"@id\":\"https:\\\/\\\/secure.gravatar.com\\\/avatar\\\/c7164ed6fdec453195284ad24a5ae5b6e1eed2b848477fa2a4787ba9adf39a41?s=96&d=mm&r=g\",\"url\":\"https:\\\/\\\/secure.gravatar.com\\\/avatar\\\/c7164ed6fdec453195284ad24a5ae5b6e1eed2b848477fa2a4787ba9adf39a41?s=96&d=mm&r=g\",\"contentUrl\":\"https:\\\/\\\/secure.gravatar.com\\\/avatar\\\/c7164ed6fdec453195284ad24a5ae5b6e1eed2b848477fa2a4787ba9adf39a41?s=96&d=mm&r=g\",\"caption\":\"Redacci\u00f3n QP\"},\"url\":\"https:\\\/\\\/quehacerpolitico.mx\\\/?author=2\"}]}<\/script>\n<!-- \/ Yoast SEO plugin. -->","yoast_head_json":{"title":"AMLO critica informe de la ONU por desaparecidos: No act\u00faan con \"apego a la verdad\"\u00a0 -","robots":{"index":"index","follow":"follow","max-snippet":"max-snippet:-1","max-image-preview":"max-image-preview:large","max-video-preview":"max-video-preview:-1"},"canonical":"https:\/\/quehacerpolitico.mx\/?p=91664","og_locale":"es_MX","og_type":"article","og_title":"AMLO critica informe de la ONU por desaparecidos: No act\u00faan con \"apego a la verdad\"\u00a0 -","og_description":"Por Redacci\u00f3n QP L\u00f3pez Obrador afirm\u00f3 que el Comit\u00e9 contra las Desapariciones Forzadas de la...","og_url":"https:\/\/quehacerpolitico.mx\/?p=91664","article_published_time":"2022-04-13T17:02:44+00:00","article_modified_time":"2022-04-13T17:02:46+00:00","og_image":[{"width":938,"height":692,"url":"https:\/\/quehacerpolitico.mx\/wp-content\/uploads\/2022\/04\/DCB36748-8C21-4C45-9CA7-F71E8B6B3BBB.jpeg","type":"image\/jpeg"}],"author":"Redacci\u00f3n QP","twitter_card":"summary_large_image","twitter_misc":{"Escrito por":"Redacci\u00f3n QP","Tiempo de lectura":"3 minutos"},"schema":{"@context":"https:\/\/schema.org","@graph":[{"@type":"Article","@id":"https:\/\/quehacerpolitico.mx\/?p=91664#article","isPartOf":{"@id":"https:\/\/quehacerpolitico.mx\/?p=91664"},"author":{"name":"Redacci\u00f3n QP","@id":"https:\/\/quehacerpolitico.mx\/#\/schema\/person\/496d8ad2d1d3f8036101dca7ee39e585"},"headline":"AMLO critica informe de la ONU por desaparecidos: No act\u00faan con &#8220;apego a la verdad&#8221;\u00a0","datePublished":"2022-04-13T17:02:44+00:00","dateModified":"2022-04-13T17:02:46+00:00","mainEntityOfPage":{"@id":"https:\/\/quehacerpolitico.mx\/?p=91664"},"wordCount":520,"commentCount":0,"image":{"@id":"https:\/\/quehacerpolitico.mx\/?p=91664#primaryimage"},"thumbnailUrl":"https:\/\/quehacerpolitico.mx\/wp-content\/uploads\/2022\/04\/DCB36748-8C21-4C45-9CA7-F71E8B6B3BBB.jpeg","articleSection":["Noticias"],"inLanguage":"es","potentialAction":[{"@type":"CommentAction","name":"Comment","target":["https:\/\/quehacerpolitico.mx\/?p=91664#respond"]}]},{"@type":"WebPage","@id":"https:\/\/quehacerpolitico.mx\/?p=91664","url":"https:\/\/quehacerpolitico.mx\/?p=91664","name":"AMLO critica informe de la ONU por desaparecidos: No act\u00faan con \"apego a la verdad\"\u00a0 -","isPartOf":{"@id":"https:\/\/quehacerpolitico.mx\/#website"},"primaryImageOfPage":{"@id":"https:\/\/quehacerpolitico.mx\/?p=91664#primaryimage"},"image":{"@id":"https:\/\/quehacerpolitico.mx\/?p=91664#primaryimage"},"thumbnailUrl":"https:\/\/quehacerpolitico.mx\/wp-content\/uploads\/2022\/04\/DCB36748-8C21-4C45-9CA7-F71E8B6B3BBB.jpeg","datePublished":"2022-04-13T17:02:44+00:00","dateModified":"2022-04-13T17:02:46+00:00","author":{"@id":"https:\/\/quehacerpolitico.mx\/#\/schema\/person\/496d8ad2d1d3f8036101dca7ee39e585"},"breadcrumb":{"@id":"https:\/\/quehacerpolitico.mx\/?p=91664#breadcrumb"},"inLanguage":"es","potentialAction":[{"@type":"ReadAction","target":["https:\/\/quehacerpolitico.mx\/?p=91664"]}]},{"@type":"ImageObject","inLanguage":"es","@id":"https:\/\/quehacerpolitico.mx\/?p=91664#primaryimage","url":"https:\/\/quehacerpolitico.mx\/wp-content\/uploads\/2022\/04\/DCB36748-8C21-4C45-9CA7-F71E8B6B3BBB.jpeg","contentUrl":"https:\/\/quehacerpolitico.mx\/wp-content\/uploads\/2022\/04\/DCB36748-8C21-4C45-9CA7-F71E8B6B3BBB.jpeg","width":938,"height":692},{"@type":"BreadcrumbList","@id":"https:\/\/quehacerpolitico.mx\/?p=91664#breadcrumb","itemListElement":[{"@type":"ListItem","position":1,"name":"Inicio","item":"https:\/\/quehacerpolitico.mx\/"},{"@type":"ListItem","position":2,"name":"AMLO critica informe de la ONU por desaparecidos: No act\u00faan con &#8220;apego a la verdad&#8221;\u00a0"}]},{"@type":"WebSite","@id":"https:\/\/quehacerpolitico.mx\/#website","url":"https:\/\/quehacerpolitico.mx\/","name":"","description":"","potentialAction":[{"@type":"SearchAction","target":{"@type":"EntryPoint","urlTemplate":"https:\/\/quehacerpolitico.mx\/?s={search_term_string}"},"query-input":{"@type":"PropertyValueSpecification","valueRequired":true,"valueName":"search_term_string"}}],"inLanguage":"es"},{"@type":"Person","@id":"https:\/\/quehacerpolitico.mx\/#\/schema\/person\/496d8ad2d1d3f8036101dca7ee39e585","name":"Redacci\u00f3n QP","image":{"@type":"ImageObject","inLanguage":"es","@id":"https:\/\/secure.gravatar.com\/avatar\/c7164ed6fdec453195284ad24a5ae5b6e1eed2b848477fa2a4787ba9adf39a41?s=96&d=mm&r=g","url":"https:\/\/secure.gravatar.com\/avatar\/c7164ed6fdec453195284ad24a5ae5b6e1eed2b848477fa2a4787ba9adf39a41?s=96&d=mm&r=g","contentUrl":"https:\/\/secure.gravatar.com\/avatar\/c7164ed6fdec453195284ad24a5ae5b6e1eed2b848477fa2a4787ba9adf39a41?s=96&d=mm&r=g","caption":"Redacci\u00f3n QP"},"url":"https:\/\/quehacerpolitico.mx\/?author=2"}]}},"featured_image_urls":{"full":["https:\/\/quehacerpolitico.mx\/wp-content\/uploads\/2022\/04\/DCB36748-8C21-4C45-9CA7-F71E8B6B3BBB.jpeg",938,692,false],"thumbnail":["https:\/\/quehacerpolitico.mx\/wp-content\/uploads\/2022\/04\/DCB36748-8C21-4C45-9CA7-F71E8B6B3BBB-150x150.jpeg",150,150,true],"medium":["https:\/\/quehacerpolitico.mx\/wp-content\/uploads\/2022\/04\/DCB36748-8C21-4C45-9CA7-F71E8B6B3BBB-300x221.jpeg",300,221,true],"medium_large":["https:\/\/quehacerpolitico.mx\/wp-content\/uploads\/2022\/04\/DCB36748-8C21-4C45-9CA7-F71E8B6B3BBB-768x567.jpeg",640,473,true],"large":["https:\/\/quehacerpolitico.mx\/wp-content\/uploads\/2022\/04\/DCB36748-8C21-4C45-9CA7-F71E8B6B3BBB.jpeg",640,472,false],"1536x1536":["https:\/\/quehacerpolitico.mx\/wp-content\/uploads\/2022\/04\/DCB36748-8C21-4C45-9CA7-F71E8B6B3BBB.jpeg",938,692,false],"2048x2048":["https:\/\/quehacerpolitico.mx\/wp-content\/uploads\/2022\/04\/DCB36748-8C21-4C45-9CA7-F71E8B6B3BBB.jpeg",938,692,false],"covernews-featured":["https:\/\/quehacerpolitico.mx\/wp-content\/uploads\/2022\/04\/DCB36748-8C21-4C45-9CA7-F71E8B6B3BBB.jpeg",938,692,false],"covernews-medium":["https:\/\/quehacerpolitico.mx\/wp-content\/uploads\/2022\/04\/DCB36748-8C21-4C45-9CA7-F71E8B6B3BBB.jpeg",461,340,false]},"author_info":{"display_name":"Redacci\u00f3n QP","author_link":"https:\/\/quehacerpolitico.mx\/?author=2"},"category_info":"<a href=\"https:\/\/quehacerpolitico.mx\/?cat=2\" rel=\"category\">Noticias<\/a>","tag_info":"Noticias","comment_count":"0","_links":{"self":[{"href":"https:\/\/quehacerpolitico.mx\/index.php?rest_route=\/wp\/v2\/posts\/91664","targetHints":{"allow":["GET"]}}],"collection":[{"href":"https:\/\/quehacerpolitico.mx\/index.php?rest_route=\/wp\/v2\/posts"}],"about":[{"href":"https:\/\/quehacerpolitico.mx\/index.php?rest_route=\/wp\/v2\/types\/post"}],"author":[{"embeddable":true,"href":"https:\/\/quehacerpolitico.mx\/index.php?rest_route=\/wp\/v2\/users\/2"}],"replies":[{"embeddable":true,"href":"https:\/\/quehacerpolitico.mx\/index.php?rest_route=%2Fwp%2Fv2%2Fcomments&post=91664"}],"version-history":[{"count":1,"href":"https:\/\/quehacerpolitico.mx\/index.php?rest_route=\/wp\/v2\/posts\/91664\/revisions"}],"predecessor-version":[{"id":91666,"href":"https:\/\/quehacerpolitico.mx\/index.php?rest_route=\/wp\/v2\/posts\/91664\/revisions\/91666"}],"wp:featuredmedia":[{"embeddable":true,"href":"https:\/\/quehacerpolitico.mx\/index.php?rest_route=\/wp\/v2\/media\/91665"}],"wp:attachment":[{"href":"https:\/\/quehacerpolitico.mx\/index.php?rest_route=%2Fwp%2Fv2%2Fmedia&parent=91664"}],"wp:term":[{"taxonomy":"category","embeddable":true,"href":"https:\/\/quehacerpolitico.mx\/index.php?rest_route=%2Fwp%2Fv2%2Fcategories&post=91664"},{"taxonomy":"post_tag","embeddable":true,"href":"https:\/\/quehacerpolitico.mx\/index.php?rest_route=%2Fwp%2Fv2%2Ftags&post=91664"}],"curies":[{"name":"wp","href":"https:\/\/api.w.org\/{rel}","templated":true}]}}