{"id":91649,"date":"2022-04-13T04:08:59","date_gmt":"2022-04-13T04:08:59","guid":{"rendered":"https:\/\/quehacerpolitico.mx\/?p=91649"},"modified":"2022-04-13T04:09:02","modified_gmt":"2022-04-13T04:09:02","slug":"presidente-lopez-obrador-presenta-su-informe-trimestral-insiste-en-obtener-apoyo-para-su-reforma-electrica","status":"publish","type":"post","link":"https:\/\/quehacerpolitico.mx\/?p=91649","title":{"rendered":"Presidente Lopez Obrador presenta su informe trimestral, insiste en obtener apoyo para su reforma el\u00e9ctrica"},"content":{"rendered":"\n<p>Por Redacci\u00f3n QP<\/p>\n\n\n\n<p>En Palacio Nacional y acompa\u00f1ado de altos funcionarios, AMLO asegur\u00f3 que los legisladores deber\u00e1n decidir si apoyar a la patria o traicionarla<\/p>\n\n\n\n<p>El Presidente Andr\u00e9s Manuel L\u00f3pez Obrador (AMLO) aprovech\u00f3 su informe por los primeros cien d\u00edas del cuarto a\u00f1o de Gobierno\u00a0<strong>para esgrimir logros en materia econ\u00f3mica y de seguridad, y lanzar dardos hacia sus adversarios<\/strong>, personificados en esta ocasi\u00f3n por los legisladores de oposici\u00f3n y por las empresas privadas del sector el\u00e9ctrico.<\/p>\n\n\n\n<figure class=\"wp-block-embed is-type-video is-provider-youtube wp-block-embed-youtube wp-embed-aspect-16-9 wp-has-aspect-ratio\"><div class=\"wp-block-embed__wrapper\">\n<iframe loading=\"lazy\" title=\"100 D\u00edas, Cuarto A\u00f1o de Gobierno.\" width=\"640\" height=\"360\" src=\"https:\/\/www.youtube.com\/embed\/TI-SHyVfMvc?feature=oembed\" frameborder=\"0\" allow=\"accelerometer; autoplay; clipboard-write; encrypted-media; gyroscope; picture-in-picture; web-share\" referrerpolicy=\"strict-origin-when-cross-origin\" allowfullscreen><\/iframe>\n<\/div><\/figure>\n\n\n\n<p>Desde el Palacio Nacional, AMLO arranc\u00f3 su discurso rodeado de buena parte de su gabinete<strong>destacando el impacto de la pandemia del coronavirus en M\u00e9xico y de la guerra en Ucrania.<\/strong><\/p>\n\n\n\n<p>&#8220;Con el apoyo del pueblo y con la imaginaci\u00f3n, el trabajo y la honestidad de los servidores p\u00fablicos, estamos saliendo adelante y viviendo tiempos de esperanza y transformaci\u00f3n&#8221;, subray\u00f3.<\/p>\n\n\n\n<p>Adem\u00e1s,\u00a0<strong>destac\u00f3 la cifra &#8220;hist\u00f3rica&#8221; de empleos formales creados y de remesas recibidas, m\u00e1s de 51 mil millones de d\u00f3lares.<\/strong><br>As\u00ed como el buen dato de la inversi\u00f3n extranjera directa, el fortalecimiento del peso mexicano frente el d\u00f3lar o los precios de la mezcla mexicana de hasta 92 d\u00f3lares por barril.<\/p>\n\n\n\n<figure class=\"wp-block-embed is-type-rich is-provider-twitter wp-block-embed-twitter\"><div class=\"wp-block-embed__wrapper\">\n<blockquote class=\"twitter-tweet\" data-width=\"550\" data-dnt=\"true\"><p lang=\"es\" dir=\"ltr\">100 D\u00edas, Cuarto A\u00f1o de Gobierno. <a href=\"https:\/\/t.co\/9Ejyt6ODbK\">pic.twitter.com\/9Ejyt6ODbK<\/a><\/p>&mdash; Gobierno de M\u00e9xico (@GobiernoMX) <a href=\"https:\/\/twitter.com\/GobiernoMX\/status\/1514063387742851074?ref_src=twsrc%5Etfw\">April 13, 2022<\/a><\/blockquote><script async src=\"https:\/\/platform.twitter.com\/widgets.js\" charset=\"utf-8\"><\/script>\n<\/div><\/figure>\n\n\n\n<p>Finalmente, se\u00f1al\u00f3 el &#8220;acierto&#8221; de renovar el Tratado entre M\u00e9xico, Estados Unidos y Canad\u00e1 (T-MEC) para hacer de M\u00e9xico uno de los pa\u00edses &#8220;m\u00e1s atractivos del mundo&#8221; para la inversi\u00f3n.<\/p>\n\n\n\n<h2 class=\"wp-block-heading\">DEFIENDE SU MODELO ENERG\u00c9TICO<\/h2>\n\n\n\n<p>Esta menci\u00f3n de logros econ\u00f3micos sirvi\u00f3 de antesala para uno de sus mayores s\u00edmbolos de Gobierno:\u00a0<strong>el rescate de las estatales Petr\u00f3leos Mexicanos (Pemex) y de la Comisi\u00f3n Federal de Electricidad (CFE).<\/strong><\/p>\n\n\n\n<figure class=\"wp-block-embed is-type-rich is-provider-twitter wp-block-embed-twitter\"><div class=\"wp-block-embed__wrapper\">\n<blockquote class=\"twitter-tweet\" data-width=\"550\" data-dnt=\"true\"><p lang=\"es\" dir=\"ltr\">100 D\u00edas, Cuarto A\u00f1o de Gobierno. <a href=\"https:\/\/t.co\/0UmXwLu6ZK\">pic.twitter.com\/0UmXwLu6ZK<\/a><\/p>&mdash; Gobierno de M\u00e9xico (@GobiernoMX) <a href=\"https:\/\/twitter.com\/GobiernoMX\/status\/1514080167508992003?ref_src=twsrc%5Etfw\">April 13, 2022<\/a><\/blockquote><script async src=\"https:\/\/platform.twitter.com\/widgets.js\" charset=\"utf-8\"><\/script>\n<\/div><\/figure>\n\n\n\n<p>Con dureza, AMLO arremeti\u00f3 una vez m\u00e1s contra los legisladores de la oposici\u00f3n, a quienes pidi\u00f3 q<strong>ue voten este domingo a favor de su pol\u00e9mica propuesta de reforma constitucional del sector el\u00e9ctrico<\/strong>&nbsp;porque se trata de apoyar a la patria o cometer un acto de &#8220;traici\u00f3n&#8221;.<\/p>\n\n\n\n<p>&#8220;Son tiempos de definici\u00f3n y sin medias tintas los legisladores tendr\u00e1n que decidir si se colocan como defensores de los intereses de las empresas particulares nacionales y fundamentalmente extranjeras o si optan en los hechos por ser aut\u00e9nticos representantes del pueblo y de la naci\u00f3n&#8221;, dijo el Mandatario.<\/p>\n\n\n\n<figure class=\"wp-block-embed is-type-rich is-provider-twitter wp-block-embed-twitter\"><div class=\"wp-block-embed__wrapper\">\n<blockquote class=\"twitter-tweet\" data-width=\"550\" data-dnt=\"true\"><p lang=\"es\" dir=\"ltr\">100 D\u00edas, Cuarto A\u00f1o de Gobierno. <a href=\"https:\/\/t.co\/KRI4WN9fzv\">pic.twitter.com\/KRI4WN9fzv<\/a><\/p>&mdash; Gobierno de M\u00e9xico (@GobiernoMX) <a href=\"https:\/\/twitter.com\/GobiernoMX\/status\/1514071107602722816?ref_src=twsrc%5Etfw\">April 13, 2022<\/a><\/blockquote><script async src=\"https:\/\/platform.twitter.com\/widgets.js\" charset=\"utf-8\"><\/script>\n<\/div><\/figure>\n\n\n\n<p>Ante una posible derrota al no lograr los votos de dos tercios de la C\u00e1mara Baja necesarios para modificar la Constituci\u00f3n, el Presidente -que habl\u00f3 de &#8220;privatizaciones salvajes&#8221;- dijo hoy: &#8220;Es importante que se conozca que ya nos protegimos en caso de una traici\u00f3n&#8221;.<\/p>\n\n\n\n<p>De esta manera, AMLO celebr\u00f3 que hace unos d\u00edas la Suprema Corte de Justicia de la Naci\u00f3n declarara constitucional la Ley de la Industria El\u00e9ctrica, lo que consider\u00f3 una &#8220;protecci\u00f3n&#8221;.<\/p>\n\n\n\n<p>En cuanto al sector petrolero, el Mandatario insisti\u00f3 una vez m\u00e1s que se est\u00e1 avanzando hacia la autosuficiencia energ\u00e9tica tras mejorar la producci\u00f3n de crudo, rehabilitar, construir y comprar refiner\u00edas y tener cerca la terminaci\u00f3n de una coquizadora en Tula.<\/p>\n\n\n\n<p>Adem\u00e1s, AMLO adelant\u00f3 que en 24 meses habr\u00e1 otra planta coquizadora en Salina Cruz (Oaxaca), con lo cual pr\u00e1cticamente s\u00f3lo producir\u00e1n &#8220;gasolinas y di\u00e9sel, y no combust\u00f3leo&#8221;, dijo en su \u00fanica referencia a la contaminaci\u00f3n del medioambiente.<\/p>\n\n\n\n<h2 class=\"wp-block-heading\">AVANCES EN SEGURIDAD<\/h2>\n\n\n\n<p>Tras dos a\u00f1os con m\u00e1ximos hist\u00f3ricos de m\u00e1s de 34 mil 500 homicidios dolosos en M\u00e9xico,<strong>&nbsp;el pa\u00eds registr\u00f3 una ca\u00edda hasta 33 mil 315 casos en 2021, lo que AMLO calific\u00f3 de &#8220;contenci\u00f3n&#8221; de este tipo de cr\u00edmenes.<\/strong><\/p>\n\n\n\n<p>De hecho, asegur\u00f3 que<strong>&nbsp;solamente en tres de los doce delitos clasificados como de alto impacto en el pa\u00eds aumentaron las cifras&nbsp;<\/strong>desde que \u00e9l tom\u00f3 posesi\u00f3n del cargo en diciembre de 2018.<\/p>\n\n\n\n<p>Estos delitos son las extorsiones, los robos en transporte p\u00fablico individual y los feminicidios, que suman mil 015 casos en 2021, seg\u00fan cifras oficiales.<\/p>\n\n\n\n<p>Aunque el alza en este \u00faltimo tipo de crimen &#8220;posiblemente&#8221; se d\u00e9 porque &#8220;antes no se clasificaban (los asesinatos por raz\u00f3n de g\u00e9nero) como ahora&#8221;.<\/p>\n\n\n\n<p>&#8220;Poco a poco hemos venido avanzando en el prop\u00f3sito de vivir libres de miedos&#8221;, asever\u00f3 el Mandatario,&nbsp;<strong>que tuvo que interrumpir su discurso en varias ocasiones por los aplausos.<\/strong><\/p>\n\n\n\n<p>Por \u00faltimo, destac\u00f3 el trabajo de la Secretar\u00eda de Defensa y de la Secretar\u00eda de Marina y asegur\u00f3 que sin la &#8220;lealtad y entrega&#8221; de ambas dependencias no habr\u00eda los mismos resultados.<\/p>\n\n\n\n<h2 class=\"wp-block-heading\">CUENTA ATR\u00c1S<\/h2>\n\n\n\n<p>En su \u00faltimo tramo del mensaje, que dur\u00f3 en su conjunto alrededor de una hora,&nbsp;<strong>el Presidente record\u00f3 que le quedan poco menos de dos a\u00f1os y medio en el cargo.<\/strong><\/p>\n\n\n\n<p>En este sentido, celebr\u00f3 el aplastante apoyo -aunque con s\u00f3lo cerca del 18 % de participaci\u00f3n- que obtuvo en la consulta popular sobre la revocaci\u00f3n de su mandato celebrada este domingo.<\/p>\n\n\n\n<figure class=\"wp-block-image size-large\"><img loading=\"lazy\" decoding=\"async\" width=\"828\" height=\"1024\" src=\"https:\/\/quehacerpolitico.mx\/wp-content\/uploads\/2022\/04\/image-50-828x1024.jpeg\" alt=\"\" class=\"wp-image-91651\" srcset=\"https:\/\/quehacerpolitico.mx\/wp-content\/uploads\/2022\/04\/image-50-828x1024.jpeg 828w, https:\/\/quehacerpolitico.mx\/wp-content\/uploads\/2022\/04\/image-50-243x300.jpeg 243w, https:\/\/quehacerpolitico.mx\/wp-content\/uploads\/2022\/04\/image-50-768x949.jpeg 768w, https:\/\/quehacerpolitico.mx\/wp-content\/uploads\/2022\/04\/image-50-1243x1536.jpeg 1243w, https:\/\/quehacerpolitico.mx\/wp-content\/uploads\/2022\/04\/image-50-118x146.jpeg 118w, https:\/\/quehacerpolitico.mx\/wp-content\/uploads\/2022\/04\/image-50-40x50.jpeg 40w, https:\/\/quehacerpolitico.mx\/wp-content\/uploads\/2022\/04\/image-50-61x75.jpeg 61w, https:\/\/quehacerpolitico.mx\/wp-content\/uploads\/2022\/04\/image-50.jpeg 1284w\" sizes=\"auto, (max-width: 828px) 100vw, 828px\" \/><\/figure>\n\n\n\n<p>&#8220;Agradezco de todo coraz\u00f3n la confianza y el respaldo de la gente porque sin ellos, sin el apoyo del pueblo, no podr\u00edamos resistir el embate de los conservadores corruptos&#8221;, remarc\u00f3 el Mandatario.<\/p>\n\n\n\n<p>Y en este sentido, L\u00f3pez Obrador -que coincidiendo con la Semana Santa inst\u00f3 a encontrar un equilibrio entre &#8220;lo material y lo espiritual&#8221;- promovi\u00f3 la &#8220;revoluci\u00f3n de las conciencias&#8221; para que la transformaci\u00f3n que impulsa &#8220;no tenga marcha atr\u00e1s&#8221;.<\/p>\n\n\n\n<p>Con informaci\u00f3n de EFE<\/p>\n","protected":false},"excerpt":{"rendered":"<p>Por Redacci\u00f3n QP En Palacio Nacional y acompa\u00f1ado de altos funcionarios, AMLO asegur\u00f3 que los&#8230;<\/p>\n","protected":false},"author":2,"featured_media":91652,"comment_status":"open","ping_status":"open","sticky":false,"template":"","format":"standard","meta":{"_monsterinsights_skip_tracking":false,"_monsterinsights_sitenote_active":false,"_monsterinsights_sitenote_note":"","_monsterinsights_sitenote_category":0,"footnotes":""},"categories":[2],"tags":[],"class_list":["post-91649","post","type-post","status-publish","format-standard","has-post-thumbnail","hentry","category-noticias"],"yoast_head":"<!-- This site is optimized with the Yoast SEO plugin v27.3 - https:\/\/yoast.com\/product\/yoast-seo-wordpress\/ -->\n<title>Presidente Lopez Obrador presenta su informe trimestral, insiste en obtener apoyo para su reforma el\u00e9ctrica -<\/title>\n<meta name=\"robots\" content=\"index, follow, max-snippet:-1, max-image-preview:large, max-video-preview:-1\" \/>\n<link rel=\"canonical\" href=\"https:\/\/quehacerpolitico.mx\/?p=91649\" \/>\n<meta property=\"og:locale\" content=\"es_MX\" \/>\n<meta property=\"og:type\" content=\"article\" \/>\n<meta property=\"og:title\" content=\"Presidente Lopez Obrador presenta su informe trimestral, insiste en obtener apoyo para su reforma el\u00e9ctrica -\" \/>\n<meta property=\"og:description\" content=\"Por Redacci\u00f3n QP En Palacio Nacional y acompa\u00f1ado de altos funcionarios, AMLO asegur\u00f3 que los...\" \/>\n<meta property=\"og:url\" content=\"https:\/\/quehacerpolitico.mx\/?p=91649\" \/>\n<meta property=\"article:published_time\" content=\"2022-04-13T04:08:59+00:00\" \/>\n<meta property=\"article:modified_time\" content=\"2022-04-13T04:09:02+00:00\" \/>\n<meta property=\"og:image\" content=\"https:\/\/quehacerpolitico.mx\/wp-content\/uploads\/2022\/04\/FF39AC19-1F44-4E9C-85F9-55E23E906298.jpeg\" \/>\n\t<meta property=\"og:image:width\" content=\"768\" \/>\n\t<meta property=\"og:image:height\" content=\"524\" \/>\n\t<meta property=\"og:image:type\" content=\"image\/jpeg\" \/>\n<meta name=\"author\" content=\"Redacci\u00f3n QP\" \/>\n<meta name=\"twitter:card\" content=\"summary_large_image\" \/>\n<meta name=\"twitter:label1\" content=\"Escrito por\" \/>\n\t<meta name=\"twitter:data1\" content=\"Redacci\u00f3n QP\" \/>\n\t<meta name=\"twitter:label2\" content=\"Tiempo de lectura\" \/>\n\t<meta name=\"twitter:data2\" content=\"5 minutos\" \/>\n<script type=\"application\/ld+json\" class=\"yoast-schema-graph\">{\"@context\":\"https:\\\/\\\/schema.org\",\"@graph\":[{\"@type\":\"Article\",\"@id\":\"https:\\\/\\\/quehacerpolitico.mx\\\/?p=91649#article\",\"isPartOf\":{\"@id\":\"https:\\\/\\\/quehacerpolitico.mx\\\/?p=91649\"},\"author\":{\"name\":\"Redacci\u00f3n QP\",\"@id\":\"https:\\\/\\\/quehacerpolitico.mx\\\/#\\\/schema\\\/person\\\/496d8ad2d1d3f8036101dca7ee39e585\"},\"headline\":\"Presidente Lopez Obrador presenta su informe trimestral, insiste en obtener apoyo para su reforma el\u00e9ctrica\",\"datePublished\":\"2022-04-13T04:08:59+00:00\",\"dateModified\":\"2022-04-13T04:09:02+00:00\",\"mainEntityOfPage\":{\"@id\":\"https:\\\/\\\/quehacerpolitico.mx\\\/?p=91649\"},\"wordCount\":969,\"commentCount\":0,\"image\":{\"@id\":\"https:\\\/\\\/quehacerpolitico.mx\\\/?p=91649#primaryimage\"},\"thumbnailUrl\":\"https:\\\/\\\/quehacerpolitico.mx\\\/wp-content\\\/uploads\\\/2022\\\/04\\\/FF39AC19-1F44-4E9C-85F9-55E23E906298.jpeg\",\"articleSection\":[\"Noticias\"],\"inLanguage\":\"es\",\"potentialAction\":[{\"@type\":\"CommentAction\",\"name\":\"Comment\",\"target\":[\"https:\\\/\\\/quehacerpolitico.mx\\\/?p=91649#respond\"]}]},{\"@type\":\"WebPage\",\"@id\":\"https:\\\/\\\/quehacerpolitico.mx\\\/?p=91649\",\"url\":\"https:\\\/\\\/quehacerpolitico.mx\\\/?p=91649\",\"name\":\"Presidente Lopez Obrador presenta su informe trimestral, insiste en obtener apoyo para su reforma el\u00e9ctrica -\",\"isPartOf\":{\"@id\":\"https:\\\/\\\/quehacerpolitico.mx\\\/#website\"},\"primaryImageOfPage\":{\"@id\":\"https:\\\/\\\/quehacerpolitico.mx\\\/?p=91649#primaryimage\"},\"image\":{\"@id\":\"https:\\\/\\\/quehacerpolitico.mx\\\/?p=91649#primaryimage\"},\"thumbnailUrl\":\"https:\\\/\\\/quehacerpolitico.mx\\\/wp-content\\\/uploads\\\/2022\\\/04\\\/FF39AC19-1F44-4E9C-85F9-55E23E906298.jpeg\",\"datePublished\":\"2022-04-13T04:08:59+00:00\",\"dateModified\":\"2022-04-13T04:09:02+00:00\",\"author\":{\"@id\":\"https:\\\/\\\/quehacerpolitico.mx\\\/#\\\/schema\\\/person\\\/496d8ad2d1d3f8036101dca7ee39e585\"},\"breadcrumb\":{\"@id\":\"https:\\\/\\\/quehacerpolitico.mx\\\/?p=91649#breadcrumb\"},\"inLanguage\":\"es\",\"potentialAction\":[{\"@type\":\"ReadAction\",\"target\":[\"https:\\\/\\\/quehacerpolitico.mx\\\/?p=91649\"]}]},{\"@type\":\"ImageObject\",\"inLanguage\":\"es\",\"@id\":\"https:\\\/\\\/quehacerpolitico.mx\\\/?p=91649#primaryimage\",\"url\":\"https:\\\/\\\/quehacerpolitico.mx\\\/wp-content\\\/uploads\\\/2022\\\/04\\\/FF39AC19-1F44-4E9C-85F9-55E23E906298.jpeg\",\"contentUrl\":\"https:\\\/\\\/quehacerpolitico.mx\\\/wp-content\\\/uploads\\\/2022\\\/04\\\/FF39AC19-1F44-4E9C-85F9-55E23E906298.jpeg\",\"width\":768,\"height\":524},{\"@type\":\"BreadcrumbList\",\"@id\":\"https:\\\/\\\/quehacerpolitico.mx\\\/?p=91649#breadcrumb\",\"itemListElement\":[{\"@type\":\"ListItem\",\"position\":1,\"name\":\"Inicio\",\"item\":\"https:\\\/\\\/quehacerpolitico.mx\\\/\"},{\"@type\":\"ListItem\",\"position\":2,\"name\":\"Presidente Lopez Obrador presenta su informe trimestral, insiste en obtener apoyo para su reforma el\u00e9ctrica\"}]},{\"@type\":\"WebSite\",\"@id\":\"https:\\\/\\\/quehacerpolitico.mx\\\/#website\",\"url\":\"https:\\\/\\\/quehacerpolitico.mx\\\/\",\"name\":\"\",\"description\":\"\",\"potentialAction\":[{\"@type\":\"SearchAction\",\"target\":{\"@type\":\"EntryPoint\",\"urlTemplate\":\"https:\\\/\\\/quehacerpolitico.mx\\\/?s={search_term_string}\"},\"query-input\":{\"@type\":\"PropertyValueSpecification\",\"valueRequired\":true,\"valueName\":\"search_term_string\"}}],\"inLanguage\":\"es\"},{\"@type\":\"Person\",\"@id\":\"https:\\\/\\\/quehacerpolitico.mx\\\/#\\\/schema\\\/person\\\/496d8ad2d1d3f8036101dca7ee39e585\",\"name\":\"Redacci\u00f3n QP\",\"image\":{\"@type\":\"ImageObject\",\"inLanguage\":\"es\",\"@id\":\"https:\\\/\\\/secure.gravatar.com\\\/avatar\\\/c7164ed6fdec453195284ad24a5ae5b6e1eed2b848477fa2a4787ba9adf39a41?s=96&d=mm&r=g\",\"url\":\"https:\\\/\\\/secure.gravatar.com\\\/avatar\\\/c7164ed6fdec453195284ad24a5ae5b6e1eed2b848477fa2a4787ba9adf39a41?s=96&d=mm&r=g\",\"contentUrl\":\"https:\\\/\\\/secure.gravatar.com\\\/avatar\\\/c7164ed6fdec453195284ad24a5ae5b6e1eed2b848477fa2a4787ba9adf39a41?s=96&d=mm&r=g\",\"caption\":\"Redacci\u00f3n QP\"},\"url\":\"https:\\\/\\\/quehacerpolitico.mx\\\/?author=2\"}]}<\/script>\n<!-- \/ Yoast SEO plugin. -->","yoast_head_json":{"title":"Presidente Lopez Obrador presenta su informe trimestral, insiste en obtener apoyo para su reforma el\u00e9ctrica -","robots":{"index":"index","follow":"follow","max-snippet":"max-snippet:-1","max-image-preview":"max-image-preview:large","max-video-preview":"max-video-preview:-1"},"canonical":"https:\/\/quehacerpolitico.mx\/?p=91649","og_locale":"es_MX","og_type":"article","og_title":"Presidente Lopez Obrador presenta su informe trimestral, insiste en obtener apoyo para su reforma el\u00e9ctrica -","og_description":"Por Redacci\u00f3n QP En Palacio Nacional y acompa\u00f1ado de altos funcionarios, AMLO asegur\u00f3 que los...","og_url":"https:\/\/quehacerpolitico.mx\/?p=91649","article_published_time":"2022-04-13T04:08:59+00:00","article_modified_time":"2022-04-13T04:09:02+00:00","og_image":[{"width":768,"height":524,"url":"https:\/\/quehacerpolitico.mx\/wp-content\/uploads\/2022\/04\/FF39AC19-1F44-4E9C-85F9-55E23E906298.jpeg","type":"image\/jpeg"}],"author":"Redacci\u00f3n QP","twitter_card":"summary_large_image","twitter_misc":{"Escrito por":"Redacci\u00f3n QP","Tiempo de lectura":"5 minutos"},"schema":{"@context":"https:\/\/schema.org","@graph":[{"@type":"Article","@id":"https:\/\/quehacerpolitico.mx\/?p=91649#article","isPartOf":{"@id":"https:\/\/quehacerpolitico.mx\/?p=91649"},"author":{"name":"Redacci\u00f3n QP","@id":"https:\/\/quehacerpolitico.mx\/#\/schema\/person\/496d8ad2d1d3f8036101dca7ee39e585"},"headline":"Presidente Lopez Obrador presenta su informe trimestral, insiste en obtener apoyo para su reforma el\u00e9ctrica","datePublished":"2022-04-13T04:08:59+00:00","dateModified":"2022-04-13T04:09:02+00:00","mainEntityOfPage":{"@id":"https:\/\/quehacerpolitico.mx\/?p=91649"},"wordCount":969,"commentCount":0,"image":{"@id":"https:\/\/quehacerpolitico.mx\/?p=91649#primaryimage"},"thumbnailUrl":"https:\/\/quehacerpolitico.mx\/wp-content\/uploads\/2022\/04\/FF39AC19-1F44-4E9C-85F9-55E23E906298.jpeg","articleSection":["Noticias"],"inLanguage":"es","potentialAction":[{"@type":"CommentAction","name":"Comment","target":["https:\/\/quehacerpolitico.mx\/?p=91649#respond"]}]},{"@type":"WebPage","@id":"https:\/\/quehacerpolitico.mx\/?p=91649","url":"https:\/\/quehacerpolitico.mx\/?p=91649","name":"Presidente Lopez Obrador presenta su informe trimestral, insiste en obtener apoyo para su reforma el\u00e9ctrica -","isPartOf":{"@id":"https:\/\/quehacerpolitico.mx\/#website"},"primaryImageOfPage":{"@id":"https:\/\/quehacerpolitico.mx\/?p=91649#primaryimage"},"image":{"@id":"https:\/\/quehacerpolitico.mx\/?p=91649#primaryimage"},"thumbnailUrl":"https:\/\/quehacerpolitico.mx\/wp-content\/uploads\/2022\/04\/FF39AC19-1F44-4E9C-85F9-55E23E906298.jpeg","datePublished":"2022-04-13T04:08:59+00:00","dateModified":"2022-04-13T04:09:02+00:00","author":{"@id":"https:\/\/quehacerpolitico.mx\/#\/schema\/person\/496d8ad2d1d3f8036101dca7ee39e585"},"breadcrumb":{"@id":"https:\/\/quehacerpolitico.mx\/?p=91649#breadcrumb"},"inLanguage":"es","potentialAction":[{"@type":"ReadAction","target":["https:\/\/quehacerpolitico.mx\/?p=91649"]}]},{"@type":"ImageObject","inLanguage":"es","@id":"https:\/\/quehacerpolitico.mx\/?p=91649#primaryimage","url":"https:\/\/quehacerpolitico.mx\/wp-content\/uploads\/2022\/04\/FF39AC19-1F44-4E9C-85F9-55E23E906298.jpeg","contentUrl":"https:\/\/quehacerpolitico.mx\/wp-content\/uploads\/2022\/04\/FF39AC19-1F44-4E9C-85F9-55E23E906298.jpeg","width":768,"height":524},{"@type":"BreadcrumbList","@id":"https:\/\/quehacerpolitico.mx\/?p=91649#breadcrumb","itemListElement":[{"@type":"ListItem","position":1,"name":"Inicio","item":"https:\/\/quehacerpolitico.mx\/"},{"@type":"ListItem","position":2,"name":"Presidente Lopez Obrador presenta su informe trimestral, insiste en obtener apoyo para su reforma el\u00e9ctrica"}]},{"@type":"WebSite","@id":"https:\/\/quehacerpolitico.mx\/#website","url":"https:\/\/quehacerpolitico.mx\/","name":"","description":"","potentialAction":[{"@type":"SearchAction","target":{"@type":"EntryPoint","urlTemplate":"https:\/\/quehacerpolitico.mx\/?s={search_term_string}"},"query-input":{"@type":"PropertyValueSpecification","valueRequired":true,"valueName":"search_term_string"}}],"inLanguage":"es"},{"@type":"Person","@id":"https:\/\/quehacerpolitico.mx\/#\/schema\/person\/496d8ad2d1d3f8036101dca7ee39e585","name":"Redacci\u00f3n QP","image":{"@type":"ImageObject","inLanguage":"es","@id":"https:\/\/secure.gravatar.com\/avatar\/c7164ed6fdec453195284ad24a5ae5b6e1eed2b848477fa2a4787ba9adf39a41?s=96&d=mm&r=g","url":"https:\/\/secure.gravatar.com\/avatar\/c7164ed6fdec453195284ad24a5ae5b6e1eed2b848477fa2a4787ba9adf39a41?s=96&d=mm&r=g","contentUrl":"https:\/\/secure.gravatar.com\/avatar\/c7164ed6fdec453195284ad24a5ae5b6e1eed2b848477fa2a4787ba9adf39a41?s=96&d=mm&r=g","caption":"Redacci\u00f3n QP"},"url":"https:\/\/quehacerpolitico.mx\/?author=2"}]}},"featured_image_urls":{"full":["https:\/\/quehacerpolitico.mx\/wp-content\/uploads\/2022\/04\/FF39AC19-1F44-4E9C-85F9-55E23E906298.jpeg",768,524,false],"thumbnail":["https:\/\/quehacerpolitico.mx\/wp-content\/uploads\/2022\/04\/FF39AC19-1F44-4E9C-85F9-55E23E906298-150x150.jpeg",150,150,true],"medium":["https:\/\/quehacerpolitico.mx\/wp-content\/uploads\/2022\/04\/FF39AC19-1F44-4E9C-85F9-55E23E906298-300x205.jpeg",300,205,true],"medium_large":["https:\/\/quehacerpolitico.mx\/wp-content\/uploads\/2022\/04\/FF39AC19-1F44-4E9C-85F9-55E23E906298.jpeg",640,437,false],"large":["https:\/\/quehacerpolitico.mx\/wp-content\/uploads\/2022\/04\/FF39AC19-1F44-4E9C-85F9-55E23E906298.jpeg",640,437,false],"1536x1536":["https:\/\/quehacerpolitico.mx\/wp-content\/uploads\/2022\/04\/FF39AC19-1F44-4E9C-85F9-55E23E906298.jpeg",768,524,false],"2048x2048":["https:\/\/quehacerpolitico.mx\/wp-content\/uploads\/2022\/04\/FF39AC19-1F44-4E9C-85F9-55E23E906298.jpeg",768,524,false],"covernews-featured":["https:\/\/quehacerpolitico.mx\/wp-content\/uploads\/2022\/04\/FF39AC19-1F44-4E9C-85F9-55E23E906298.jpeg",768,524,false],"covernews-medium":["https:\/\/quehacerpolitico.mx\/wp-content\/uploads\/2022\/04\/FF39AC19-1F44-4E9C-85F9-55E23E906298.jpeg",498,340,false]},"author_info":{"display_name":"Redacci\u00f3n QP","author_link":"https:\/\/quehacerpolitico.mx\/?author=2"},"category_info":"<a href=\"https:\/\/quehacerpolitico.mx\/?cat=2\" rel=\"category\">Noticias<\/a>","tag_info":"Noticias","comment_count":"0","_links":{"self":[{"href":"https:\/\/quehacerpolitico.mx\/index.php?rest_route=\/wp\/v2\/posts\/91649","targetHints":{"allow":["GET"]}}],"collection":[{"href":"https:\/\/quehacerpolitico.mx\/index.php?rest_route=\/wp\/v2\/posts"}],"about":[{"href":"https:\/\/quehacerpolitico.mx\/index.php?rest_route=\/wp\/v2\/types\/post"}],"author":[{"embeddable":true,"href":"https:\/\/quehacerpolitico.mx\/index.php?rest_route=\/wp\/v2\/users\/2"}],"replies":[{"embeddable":true,"href":"https:\/\/quehacerpolitico.mx\/index.php?rest_route=%2Fwp%2Fv2%2Fcomments&post=91649"}],"version-history":[{"count":1,"href":"https:\/\/quehacerpolitico.mx\/index.php?rest_route=\/wp\/v2\/posts\/91649\/revisions"}],"predecessor-version":[{"id":91653,"href":"https:\/\/quehacerpolitico.mx\/index.php?rest_route=\/wp\/v2\/posts\/91649\/revisions\/91653"}],"wp:featuredmedia":[{"embeddable":true,"href":"https:\/\/quehacerpolitico.mx\/index.php?rest_route=\/wp\/v2\/media\/91652"}],"wp:attachment":[{"href":"https:\/\/quehacerpolitico.mx\/index.php?rest_route=%2Fwp%2Fv2%2Fmedia&parent=91649"}],"wp:term":[{"taxonomy":"category","embeddable":true,"href":"https:\/\/quehacerpolitico.mx\/index.php?rest_route=%2Fwp%2Fv2%2Fcategories&post=91649"},{"taxonomy":"post_tag","embeddable":true,"href":"https:\/\/quehacerpolitico.mx\/index.php?rest_route=%2Fwp%2Fv2%2Ftags&post=91649"}],"curies":[{"name":"wp","href":"https:\/\/api.w.org\/{rel}","templated":true}]}}